{"id":13676,"date":"2020-01-22T09:46:09","date_gmt":"2020-01-22T14:46:09","guid":{"rendered":"http:\/\/www.manabi.gob.ec\/?p=13676"},"modified":"2020-01-22T09:46:09","modified_gmt":"2020-01-22T14:46:09","slug":"san-isidro-de-sucre-y-atahualpa-de-pedernales-recibieron-obras-de-la-prefectura","status":"publish","type":"post","link":"https:\/\/www.manabi.gob.ec\/index.php\/san-isidro-de-sucre-y-atahualpa-de-pedernales-recibieron-obras-de-la-prefectura\/","title":{"rendered":"San Isidro de Sucre y Atahualpa de Pedernales recibieron obras de la Prefectura"},"content":{"rendered":"<p style=\"text-align: justify;\">M\u00e1s de 2 mil personas de comunidades de San Vicente y Sucre se benefician con las v\u00edas 9 de Octubre &#8211; El Cerro Arriba y 9 de Octubre &#8211; La Puntilla; de 3 y 2 kil\u00f3metros respectivamente, que fueron entregadas en San Isidro.<\/p>\n<p style=\"text-align: justify;\">El prefecto Leonardo Orlando particip\u00f3 el viernes de un evento con los ciudadanos de esta parroquia de Sucre en la comunidad de 9 de Octubre. All\u00ed destac\u00f3 que esta y otras obras fueron posibles gracias a un trabajo coordinado con los gobiernos cantonal y parroquial.<\/p>\n<p style=\"text-align: justify;\">En San Isidro tambi\u00e9n se ha realizado la intervenci\u00f3n conjunta de v\u00edas como: Beldaco &#8211; Pechichal 4 km;\u00a0San Francisco &#8211; Calada 3 km; 5 de junio &#8211; Pechiche Arriba 2 de 5 km; 5 de Junio &#8211; Juan V\u00e1squez 1 km.<\/p>\n<p style=\"text-align: justify;\">El viernes el prefecto Orlando tambi\u00e9n visit\u00f3 la parroquia Atahualpa de Pedernales en sus festividades. All\u00ed particip\u00f3 de la sesi\u00f3n solemne y luego realiz\u00f3 para la entrega de v\u00edas rehabilitadas: El Peralta \u2013 El Retiro de 1.6 kil\u00f3metros y El Palmar \u2013 El Retiro \u2013 \u201cY\u201d de Tropez\u00f3n de 8.6 km.<\/p>\n<p style=\"text-align: justify;\">\u201cEn Atahualpa reaperturamos 156 kil\u00f3metros de caminos veraneros y esta parroquia ser\u00e1 parte del Eje Vial Norte que integra a los cantones Pedernales, Sucre, Chone, Flavio Alfaro y El Carmen. Nuestra visi\u00f3n es conectar a las comunidades m\u00e1s aisladas\u201d, expres\u00f3 el prefecto en su intervenci\u00f3n durante la sesi\u00f3n solemne de Atahualpa.<\/p>\n","protected":false},"excerpt":{"rendered":"<p>M\u00e1s de 2 mil personas de comunidades de San Vicente y Sucre se benefician con las v\u00edas 9 de Octubre &#8211; El Cerro Arriba y 9 de Octubre &#8211; La Puntilla; de 3 y 2 kil\u00f3metros respectivamente, que fueron entregadas en San Isidro. El prefecto Leonardo Orlando particip\u00f3 el viernes de un evento con los [&hellip;]<\/p>\n","protected":false},"author":1,"featured_media":13678,"comment_status":"open","ping_status":"open","sticky":false,"template":"","format":"standard","meta":{"_joinchat":[],"footnotes":""},"categories":[92,91],"tags":[],"class_list":["post-13676","post","type-post","status-publish","format-standard","has-post-thumbnail","hentry","category-noticias-manabi","category-todas"],"yoast_head":"<!-- This site is optimized with the Yoast SEO plugin v27.4 - https:\/\/yoast.com\/product\/yoast-seo-wordpress\/ -->\n<title>San Isidro de Sucre y Atahualpa de Pedernales recibieron obras de la Prefectura - Prefectura de Manab\u00ed<\/title>\n<meta name=\"robots\" content=\"index, follow, max-snippet:-1, max-image-preview:large, max-video-preview:-1\" \/>\n<link rel=\"canonical\" href=\"https:\/\/www.manabi.gob.ec\/index.php\/san-isidro-de-sucre-y-atahualpa-de-pedernales-recibieron-obras-de-la-prefectura\/\" \/>\n<meta property=\"og:locale\" content=\"es_ES\" \/>\n<meta property=\"og:type\" content=\"article\" \/>\n<meta property=\"og:title\" content=\"San Isidro de Sucre y Atahualpa de Pedernales recibieron obras de la Prefectura - Prefectura de Manab\u00ed\" \/>\n<meta property=\"og:description\" content=\"M\u00e1s de 2 mil personas de comunidades de San Vicente y Sucre se benefician con las v\u00edas 9 de Octubre &#8211; El Cerro Arriba y 9 de Octubre &#8211; La Puntilla; de 3 y 2 kil\u00f3metros respectivamente, que fueron entregadas en San Isidro. El prefecto Leonardo Orlando particip\u00f3 el viernes de un evento con los [&hellip;]\" \/>\n<meta property=\"og:url\" content=\"https:\/\/www.manabi.gob.ec\/index.php\/san-isidro-de-sucre-y-atahualpa-de-pedernales-recibieron-obras-de-la-prefectura\/\" \/>\n<meta property=\"og:site_name\" content=\"Prefectura de Manab\u00ed\" \/>\n<meta property=\"article:published_time\" content=\"2020-01-22T14:46:09+00:00\" \/>\n<meta property=\"og:image\" content=\"https:\/\/www.manabi.gob.ec\/wp-content\/uploads\/2020\/01\/Prefecto-en-Atahualpa-2.jpeg\" \/>\n\t<meta property=\"og:image:width\" content=\"1280\" \/>\n\t<meta property=\"og:image:height\" content=\"826\" \/>\n\t<meta property=\"og:image:type\" content=\"image\/jpeg\" \/>\n<meta name=\"author\" content=\"admin\" \/>\n<meta name=\"twitter:card\" content=\"summary_large_image\" \/>\n<meta name=\"twitter:label1\" content=\"Escrito por\" \/>\n\t<meta name=\"twitter:data1\" content=\"admin\" \/>\n\t<meta name=\"twitter:label2\" content=\"Tiempo de lectura\" \/>\n\t<meta name=\"twitter:data2\" content=\"1 minuto\" \/>\n<script type=\"application\/ld+json\" class=\"yoast-schema-graph\">{\"@context\":\"https:\\\/\\\/schema.org\",\"@graph\":[{\"@type\":\"Article\",\"@id\":\"https:\\\/\\\/www.manabi.gob.ec\\\/index.php\\\/san-isidro-de-sucre-y-atahualpa-de-pedernales-recibieron-obras-de-la-prefectura\\\/#article\",\"isPartOf\":{\"@id\":\"https:\\\/\\\/www.manabi.gob.ec\\\/index.php\\\/san-isidro-de-sucre-y-atahualpa-de-pedernales-recibieron-obras-de-la-prefectura\\\/\"},\"author\":{\"name\":\"admin\",\"@id\":\"https:\\\/\\\/www.manabi.gob.ec\\\/#\\\/schema\\\/person\\\/cfc71bd68fe2703b779edcc292a49722\"},\"headline\":\"San Isidro de Sucre y Atahualpa de Pedernales recibieron obras de la Prefectura\",\"datePublished\":\"2020-01-22T14:46:09+00:00\",\"mainEntityOfPage\":{\"@id\":\"https:\\\/\\\/www.manabi.gob.ec\\\/index.php\\\/san-isidro-de-sucre-y-atahualpa-de-pedernales-recibieron-obras-de-la-prefectura\\\/\"},\"wordCount\":243,\"commentCount\":0,\"image\":{\"@id\":\"https:\\\/\\\/www.manabi.gob.ec\\\/index.php\\\/san-isidro-de-sucre-y-atahualpa-de-pedernales-recibieron-obras-de-la-prefectura\\\/#primaryimage\"},\"thumbnailUrl\":\"https:\\\/\\\/www.manabi.gob.ec\\\/wp-content\\\/uploads\\\/2020\\\/01\\\/Prefecto-en-Atahualpa-2.jpeg\",\"articleSection\":[\"Noticias\",\"Todas\"],\"inLanguage\":\"es\",\"potentialAction\":[{\"@type\":\"CommentAction\",\"name\":\"Comment\",\"target\":[\"https:\\\/\\\/www.manabi.gob.ec\\\/index.php\\\/san-isidro-de-sucre-y-atahualpa-de-pedernales-recibieron-obras-de-la-prefectura\\\/#respond\"]}]},{\"@type\":\"WebPage\",\"@id\":\"https:\\\/\\\/www.manabi.gob.ec\\\/index.php\\\/san-isidro-de-sucre-y-atahualpa-de-pedernales-recibieron-obras-de-la-prefectura\\\/\",\"url\":\"https:\\\/\\\/www.manabi.gob.ec\\\/index.php\\\/san-isidro-de-sucre-y-atahualpa-de-pedernales-recibieron-obras-de-la-prefectura\\\/\",\"name\":\"San Isidro de Sucre y Atahualpa de Pedernales recibieron obras de la Prefectura - Prefectura de Manab\u00ed\",\"isPartOf\":{\"@id\":\"https:\\\/\\\/www.manabi.gob.ec\\\/#website\"},\"primaryImageOfPage\":{\"@id\":\"https:\\\/\\\/www.manabi.gob.ec\\\/index.php\\\/san-isidro-de-sucre-y-atahualpa-de-pedernales-recibieron-obras-de-la-prefectura\\\/#primaryimage\"},\"image\":{\"@id\":\"https:\\\/\\\/www.manabi.gob.ec\\\/index.php\\\/san-isidro-de-sucre-y-atahualpa-de-pedernales-recibieron-obras-de-la-prefectura\\\/#primaryimage\"},\"thumbnailUrl\":\"https:\\\/\\\/www.manabi.gob.ec\\\/wp-content\\\/uploads\\\/2020\\\/01\\\/Prefecto-en-Atahualpa-2.jpeg\",\"datePublished\":\"2020-01-22T14:46:09+00:00\",\"author\":{\"@id\":\"https:\\\/\\\/www.manabi.gob.ec\\\/#\\\/schema\\\/person\\\/cfc71bd68fe2703b779edcc292a49722\"},\"breadcrumb\":{\"@id\":\"https:\\\/\\\/www.manabi.gob.ec\\\/index.php\\\/san-isidro-de-sucre-y-atahualpa-de-pedernales-recibieron-obras-de-la-prefectura\\\/#breadcrumb\"},\"inLanguage\":\"es\",\"potentialAction\":[{\"@type\":\"ReadAction\",\"target\":[\"https:\\\/\\\/www.manabi.gob.ec\\\/index.php\\\/san-isidro-de-sucre-y-atahualpa-de-pedernales-recibieron-obras-de-la-prefectura\\\/\"]}]},{\"@type\":\"ImageObject\",\"inLanguage\":\"es\",\"@id\":\"https:\\\/\\\/www.manabi.gob.ec\\\/index.php\\\/san-isidro-de-sucre-y-atahualpa-de-pedernales-recibieron-obras-de-la-prefectura\\\/#primaryimage\",\"url\":\"https:\\\/\\\/www.manabi.gob.ec\\\/wp-content\\\/uploads\\\/2020\\\/01\\\/Prefecto-en-Atahualpa-2.jpeg\",\"contentUrl\":\"https:\\\/\\\/www.manabi.gob.ec\\\/wp-content\\\/uploads\\\/2020\\\/01\\\/Prefecto-en-Atahualpa-2.jpeg\",\"width\":1280,\"height\":826},{\"@type\":\"BreadcrumbList\",\"@id\":\"https:\\\/\\\/www.manabi.gob.ec\\\/index.php\\\/san-isidro-de-sucre-y-atahualpa-de-pedernales-recibieron-obras-de-la-prefectura\\\/#breadcrumb\",\"itemListElement\":[{\"@type\":\"ListItem\",\"position\":1,\"name\":\"Portada\",\"item\":\"https:\\\/\\\/www.manabi.gob.ec\\\/\"},{\"@type\":\"ListItem\",\"position\":2,\"name\":\"San Isidro de Sucre y Atahualpa de Pedernales recibieron obras de la Prefectura\"}]},{\"@type\":\"WebSite\",\"@id\":\"https:\\\/\\\/www.manabi.gob.ec\\\/#website\",\"url\":\"https:\\\/\\\/www.manabi.gob.ec\\\/\",\"name\":\"Prefectura de Manab\u00ed\",\"description\":\"P\u00e1gina web de la prefectura\",\"potentialAction\":[{\"@type\":\"SearchAction\",\"target\":{\"@type\":\"EntryPoint\",\"urlTemplate\":\"https:\\\/\\\/www.manabi.gob.ec\\\/?s={search_term_string}\"},\"query-input\":{\"@type\":\"PropertyValueSpecification\",\"valueRequired\":true,\"valueName\":\"search_term_string\"}}],\"inLanguage\":\"es\"},{\"@type\":\"Person\",\"@id\":\"https:\\\/\\\/www.manabi.gob.ec\\\/#\\\/schema\\\/person\\\/cfc71bd68fe2703b779edcc292a49722\",\"name\":\"admin\",\"image\":{\"@type\":\"ImageObject\",\"inLanguage\":\"es\",\"@id\":\"https:\\\/\\\/secure.gravatar.com\\\/avatar\\\/23e9f919492b0a2f65aa168e0d8c5c867ea853b61deffbadf08c7031e15b8d78?s=96&d=mm&r=g\",\"url\":\"https:\\\/\\\/secure.gravatar.com\\\/avatar\\\/23e9f919492b0a2f65aa168e0d8c5c867ea853b61deffbadf08c7031e15b8d78?s=96&d=mm&r=g\",\"contentUrl\":\"https:\\\/\\\/secure.gravatar.com\\\/avatar\\\/23e9f919492b0a2f65aa168e0d8c5c867ea853b61deffbadf08c7031e15b8d78?s=96&d=mm&r=g\",\"caption\":\"admin\"},\"sameAs\":[\"http:\\\/\\\/www.manabi.gob.ec\"],\"url\":\"https:\\\/\\\/www.manabi.gob.ec\\\/index.php\\\/author\\\/admin\\\/\"}]}<\/script>\n<!-- \/ Yoast SEO plugin. -->","yoast_head_json":{"title":"San Isidro de Sucre y Atahualpa de Pedernales recibieron obras de la Prefectura - Prefectura de Manab\u00ed","robots":{"index":"index","follow":"follow","max-snippet":"max-snippet:-1","max-image-preview":"max-image-preview:large","max-video-preview":"max-video-preview:-1"},"canonical":"https:\/\/www.manabi.gob.ec\/index.php\/san-isidro-de-sucre-y-atahualpa-de-pedernales-recibieron-obras-de-la-prefectura\/","og_locale":"es_ES","og_type":"article","og_title":"San Isidro de Sucre y Atahualpa de Pedernales recibieron obras de la Prefectura - Prefectura de Manab\u00ed","og_description":"M\u00e1s de 2 mil personas de comunidades de San Vicente y Sucre se benefician con las v\u00edas 9 de Octubre &#8211; El Cerro Arriba y 9 de Octubre &#8211; La Puntilla; de 3 y 2 kil\u00f3metros respectivamente, que fueron entregadas en San Isidro. El prefecto Leonardo Orlando particip\u00f3 el viernes de un evento con los [&hellip;]","og_url":"https:\/\/www.manabi.gob.ec\/index.php\/san-isidro-de-sucre-y-atahualpa-de-pedernales-recibieron-obras-de-la-prefectura\/","og_site_name":"Prefectura de Manab\u00ed","article_published_time":"2020-01-22T14:46:09+00:00","og_image":[{"width":1280,"height":826,"url":"https:\/\/www.manabi.gob.ec\/wp-content\/uploads\/2020\/01\/Prefecto-en-Atahualpa-2.jpeg","type":"image\/jpeg"}],"author":"admin","twitter_card":"summary_large_image","twitter_misc":{"Escrito por":"admin","Tiempo de lectura":"1 minuto"},"schema":{"@context":"https:\/\/schema.org","@graph":[{"@type":"Article","@id":"https:\/\/www.manabi.gob.ec\/index.php\/san-isidro-de-sucre-y-atahualpa-de-pedernales-recibieron-obras-de-la-prefectura\/#article","isPartOf":{"@id":"https:\/\/www.manabi.gob.ec\/index.php\/san-isidro-de-sucre-y-atahualpa-de-pedernales-recibieron-obras-de-la-prefectura\/"},"author":{"name":"admin","@id":"https:\/\/www.manabi.gob.ec\/#\/schema\/person\/cfc71bd68fe2703b779edcc292a49722"},"headline":"San Isidro de Sucre y Atahualpa de Pedernales recibieron obras de la Prefectura","datePublished":"2020-01-22T14:46:09+00:00","mainEntityOfPage":{"@id":"https:\/\/www.manabi.gob.ec\/index.php\/san-isidro-de-sucre-y-atahualpa-de-pedernales-recibieron-obras-de-la-prefectura\/"},"wordCount":243,"commentCount":0,"image":{"@id":"https:\/\/www.manabi.gob.ec\/index.php\/san-isidro-de-sucre-y-atahualpa-de-pedernales-recibieron-obras-de-la-prefectura\/#primaryimage"},"thumbnailUrl":"https:\/\/www.manabi.gob.ec\/wp-content\/uploads\/2020\/01\/Prefecto-en-Atahualpa-2.jpeg","articleSection":["Noticias","Todas"],"inLanguage":"es","potentialAction":[{"@type":"CommentAction","name":"Comment","target":["https:\/\/www.manabi.gob.ec\/index.php\/san-isidro-de-sucre-y-atahualpa-de-pedernales-recibieron-obras-de-la-prefectura\/#respond"]}]},{"@type":"WebPage","@id":"https:\/\/www.manabi.gob.ec\/index.php\/san-isidro-de-sucre-y-atahualpa-de-pedernales-recibieron-obras-de-la-prefectura\/","url":"https:\/\/www.manabi.gob.ec\/index.php\/san-isidro-de-sucre-y-atahualpa-de-pedernales-recibieron-obras-de-la-prefectura\/","name":"San Isidro de Sucre y Atahualpa de Pedernales recibieron obras de la Prefectura - Prefectura de Manab\u00ed","isPartOf":{"@id":"https:\/\/www.manabi.gob.ec\/#website"},"primaryImageOfPage":{"@id":"https:\/\/www.manabi.gob.ec\/index.php\/san-isidro-de-sucre-y-atahualpa-de-pedernales-recibieron-obras-de-la-prefectura\/#primaryimage"},"image":{"@id":"https:\/\/www.manabi.gob.ec\/index.php\/san-isidro-de-sucre-y-atahualpa-de-pedernales-recibieron-obras-de-la-prefectura\/#primaryimage"},"thumbnailUrl":"https:\/\/www.manabi.gob.ec\/wp-content\/uploads\/2020\/01\/Prefecto-en-Atahualpa-2.jpeg","datePublished":"2020-01-22T14:46:09+00:00","author":{"@id":"https:\/\/www.manabi.gob.ec\/#\/schema\/person\/cfc71bd68fe2703b779edcc292a49722"},"breadcrumb":{"@id":"https:\/\/www.manabi.gob.ec\/index.php\/san-isidro-de-sucre-y-atahualpa-de-pedernales-recibieron-obras-de-la-prefectura\/#breadcrumb"},"inLanguage":"es","potentialAction":[{"@type":"ReadAction","target":["https:\/\/www.manabi.gob.ec\/index.php\/san-isidro-de-sucre-y-atahualpa-de-pedernales-recibieron-obras-de-la-prefectura\/"]}]},{"@type":"ImageObject","inLanguage":"es","@id":"https:\/\/www.manabi.gob.ec\/index.php\/san-isidro-de-sucre-y-atahualpa-de-pedernales-recibieron-obras-de-la-prefectura\/#primaryimage","url":"https:\/\/www.manabi.gob.ec\/wp-content\/uploads\/2020\/01\/Prefecto-en-Atahualpa-2.jpeg","contentUrl":"https:\/\/www.manabi.gob.ec\/wp-content\/uploads\/2020\/01\/Prefecto-en-Atahualpa-2.jpeg","width":1280,"height":826},{"@type":"BreadcrumbList","@id":"https:\/\/www.manabi.gob.ec\/index.php\/san-isidro-de-sucre-y-atahualpa-de-pedernales-recibieron-obras-de-la-prefectura\/#breadcrumb","itemListElement":[{"@type":"ListItem","position":1,"name":"Portada","item":"https:\/\/www.manabi.gob.ec\/"},{"@type":"ListItem","position":2,"name":"San Isidro de Sucre y Atahualpa de Pedernales recibieron obras de la Prefectura"}]},{"@type":"WebSite","@id":"https:\/\/www.manabi.gob.ec\/#website","url":"https:\/\/www.manabi.gob.ec\/","name":"Prefectura de Manab\u00ed","description":"P\u00e1gina web de la prefectura","potentialAction":[{"@type":"SearchAction","target":{"@type":"EntryPoint","urlTemplate":"https:\/\/www.manabi.gob.ec\/?s={search_term_string}"},"query-input":{"@type":"PropertyValueSpecification","valueRequired":true,"valueName":"search_term_string"}}],"inLanguage":"es"},{"@type":"Person","@id":"https:\/\/www.manabi.gob.ec\/#\/schema\/person\/cfc71bd68fe2703b779edcc292a49722","name":"admin","image":{"@type":"ImageObject","inLanguage":"es","@id":"https:\/\/secure.gravatar.com\/avatar\/23e9f919492b0a2f65aa168e0d8c5c867ea853b61deffbadf08c7031e15b8d78?s=96&d=mm&r=g","url":"https:\/\/secure.gravatar.com\/avatar\/23e9f919492b0a2f65aa168e0d8c5c867ea853b61deffbadf08c7031e15b8d78?s=96&d=mm&r=g","contentUrl":"https:\/\/secure.gravatar.com\/avatar\/23e9f919492b0a2f65aa168e0d8c5c867ea853b61deffbadf08c7031e15b8d78?s=96&d=mm&r=g","caption":"admin"},"sameAs":["http:\/\/www.manabi.gob.ec"],"url":"https:\/\/www.manabi.gob.ec\/index.php\/author\/admin\/"}]}},"jetpack_featured_media_url":"https:\/\/www.manabi.gob.ec\/wp-content\/uploads\/2020\/01\/Prefecto-en-Atahualpa-2.jpeg","_links":{"self":[{"href":"https:\/\/www.manabi.gob.ec\/index.php\/wp-json\/wp\/v2\/posts\/13676","targetHints":{"allow":["GET"]}}],"collection":[{"href":"https:\/\/www.manabi.gob.ec\/index.php\/wp-json\/wp\/v2\/posts"}],"about":[{"href":"https:\/\/www.manabi.gob.ec\/index.php\/wp-json\/wp\/v2\/types\/post"}],"author":[{"embeddable":true,"href":"https:\/\/www.manabi.gob.ec\/index.php\/wp-json\/wp\/v2\/users\/1"}],"replies":[{"embeddable":true,"href":"https:\/\/www.manabi.gob.ec\/index.php\/wp-json\/wp\/v2\/comments?post=13676"}],"version-history":[{"count":0,"href":"https:\/\/www.manabi.gob.ec\/index.php\/wp-json\/wp\/v2\/posts\/13676\/revisions"}],"wp:featuredmedia":[{"embeddable":true,"href":"https:\/\/www.manabi.gob.ec\/index.php\/wp-json\/wp\/v2\/media\/13678"}],"wp:attachment":[{"href":"https:\/\/www.manabi.gob.ec\/index.php\/wp-json\/wp\/v2\/media?parent=13676"}],"wp:term":[{"taxonomy":"category","embeddable":true,"href":"https:\/\/www.manabi.gob.ec\/index.php\/wp-json\/wp\/v2\/categories?post=13676"},{"taxonomy":"post_tag","embeddable":true,"href":"https:\/\/www.manabi.gob.ec\/index.php\/wp-json\/wp\/v2\/tags?post=13676"}],"curies":[{"name":"wp","href":"https:\/\/api.w.org\/{rel}","templated":true}]}}