{"id":13685,"date":"2020-01-22T10:40:00","date_gmt":"2020-01-22T15:40:00","guid":{"rendered":"http:\/\/www.manabi.gob.ec\/?p=13685"},"modified":"2020-01-22T10:40:00","modified_gmt":"2020-01-22T15:40:00","slug":"prefecto-por-un-manabi-libre-de-violencia-de-genero","status":"publish","type":"post","link":"https:\/\/www.manabi.gob.ec\/index.php\/prefecto-por-un-manabi-libre-de-violencia-de-genero\/","title":{"rendered":"PREFECTO: \u201cPOR UN MANAB\u00cd LIBRE DE VIOLENCIA DE G\u00c9NERO\u201d"},"content":{"rendered":"<p style=\"text-align: justify;\">\u00abTrabajamos y creemos en proyectos con sostenibilidad y justicia social. Les dije que trabajar\u00eda por un Manab\u00ed libre de violencia de g\u00e9nero y lo estamos haciendo junto a los gobiernos parroquiales\u00bb, dijo el prefecto Leonardo Orlando en el marco del lanzamiento del proyecto \u201cEmprendimiento, Innovaci\u00f3n y Lucha contra la violencia de g\u00e9nero\u201d, que se realiz\u00f3 en la comuna Las Gilces de la parroquia Crucita, la tarde del jueves 16 de enero.<\/p>\n<p style=\"text-align: justify;\">Gracias a la alianza entre el Gobierno de Manab\u00ed y la Asociaci\u00f3n Cristiana de J\u00f3venes, \u00abYMCA Manab\u00ed\u00bb por sus siglas en ingl\u00e9s, se dar\u00e1 apoyo para que personas v\u00edctimas de violencia se capaciten, emprendan negocios y reciban un capital inicial.<\/p>\n<p style=\"text-align: justify;\">Habr\u00e1 150 beneficiarios directos en Crucita, Calder\u00f3n, y Riochico de Portoviejo y m\u00e1s de 600 indirectos. \u201cTengo optimismo que este proyecto de innovaci\u00f3n va a trascender: Vamos ampliarlo a otros cantones donde las estad\u00edsticas determinan una mayor incidencia de violencia\u201d, dijo el Prefecto.<\/p>\n<p style=\"text-align: justify;\">El proyecto \u00abEmprendimiento, innovaci\u00f3n y lucha contra la violencia de g\u00e9nero\u00bb tiene una inversi\u00f3n de 126.040,00 d\u00f3lares. $88.800,00 aporta el Gobierno de Manab\u00ed y $37.240,00 aporta YMCA Manab\u00ed.<\/p>\n<p style=\"text-align: justify;\">Edgar Pe\u00f1afiel, director ejecutivo de YMCA Manab\u00ed, resalt\u00f3 la sensibilidad del prefecto Orlando y el respaldo de su administraci\u00f3n al tema de violencia de g\u00e9nero.<\/p>\n<p style=\"text-align: justify;\">La presidenta de la parroquia Crucita, Andrea Delgado, agradeci\u00f3 por este proyecto innovador y destac\u00f3 la gesti\u00f3n del prefecto Leonardo Orlando a favor de la unidad. \u00abLa equidad que usted promulga nos hace bien. Usted es el Prefecto que nos da unidad y equidad \u00ab, se\u00f1al\u00f3.<\/p>\n<p style=\"text-align: justify;\">En el evento se present\u00f3 una obra teatral sobre la violencia de g\u00e9nero interpretada por estudiantes de la Unidad Educativa Mar\u00eda de la Merced de Portoviejo. Ellos presentaron un mensaje contundente y de profunda reflexi\u00f3n sobre la violencia de g\u00e9nero.<\/p>\n<p style=\"text-align: justify;\">\n<p style=\"text-align: justify;\">En el acto por la firma del convenio, el joven no vidente Kevin Mero realiz\u00f3 una presentaci\u00f3n art\u00edstica que se rob\u00f3 el aplauso del p\u00fablico y puso a bailar a las autoridades presentes al ritmo de m\u00fasica.<\/p>\n","protected":false},"excerpt":{"rendered":"<p>\u00abTrabajamos y creemos en proyectos con sostenibilidad y justicia social. Les dije que trabajar\u00eda por un Manab\u00ed libre de violencia de g\u00e9nero y lo estamos haciendo junto a los gobiernos parroquiales\u00bb, dijo el prefecto Leonardo Orlando en el marco del lanzamiento del proyecto \u201cEmprendimiento, Innovaci\u00f3n y Lucha contra la violencia de g\u00e9nero\u201d, que se realiz\u00f3 [&hellip;]<\/p>\n","protected":false},"author":1,"featured_media":13686,"comment_status":"open","ping_status":"open","sticky":false,"template":"","format":"standard","meta":{"_joinchat":[],"footnotes":""},"categories":[92,91],"tags":[],"class_list":["post-13685","post","type-post","status-publish","format-standard","has-post-thumbnail","hentry","category-noticias-manabi","category-todas"],"yoast_head":"<!-- This site is optimized with the Yoast SEO plugin v27.4 - https:\/\/yoast.com\/product\/yoast-seo-wordpress\/ -->\n<title>PREFECTO: \u201cPOR UN MANAB\u00cd LIBRE DE VIOLENCIA DE G\u00c9NERO\u201d - Prefectura de Manab\u00ed<\/title>\n<meta name=\"robots\" content=\"index, follow, max-snippet:-1, max-image-preview:large, max-video-preview:-1\" \/>\n<link rel=\"canonical\" href=\"https:\/\/www.manabi.gob.ec\/index.php\/prefecto-por-un-manabi-libre-de-violencia-de-genero\/\" \/>\n<meta property=\"og:locale\" content=\"es_ES\" \/>\n<meta property=\"og:type\" content=\"article\" \/>\n<meta property=\"og:title\" content=\"PREFECTO: \u201cPOR UN MANAB\u00cd LIBRE DE VIOLENCIA DE G\u00c9NERO\u201d - Prefectura de Manab\u00ed\" \/>\n<meta property=\"og:description\" content=\"\u00abTrabajamos y creemos en proyectos con sostenibilidad y justicia social. Les dije que trabajar\u00eda por un Manab\u00ed libre de violencia de g\u00e9nero y lo estamos haciendo junto a los gobiernos parroquiales\u00bb, dijo el prefecto Leonardo Orlando en el marco del lanzamiento del proyecto \u201cEmprendimiento, Innovaci\u00f3n y Lucha contra la violencia de g\u00e9nero\u201d, que se realiz\u00f3 [&hellip;]\" \/>\n<meta property=\"og:url\" content=\"https:\/\/www.manabi.gob.ec\/index.php\/prefecto-por-un-manabi-libre-de-violencia-de-genero\/\" \/>\n<meta property=\"og:site_name\" content=\"Prefectura de Manab\u00ed\" \/>\n<meta property=\"article:published_time\" content=\"2020-01-22T15:40:00+00:00\" \/>\n<meta property=\"og:image\" content=\"https:\/\/www.manabi.gob.ec\/wp-content\/uploads\/2020\/01\/fotos-de-proyecto-2.jpeg\" \/>\n\t<meta property=\"og:image:width\" content=\"1280\" \/>\n\t<meta property=\"og:image:height\" content=\"853\" \/>\n\t<meta property=\"og:image:type\" content=\"image\/jpeg\" \/>\n<meta name=\"author\" content=\"admin\" \/>\n<meta name=\"twitter:card\" content=\"summary_large_image\" \/>\n<meta name=\"twitter:label1\" content=\"Escrito por\" \/>\n\t<meta name=\"twitter:data1\" content=\"admin\" \/>\n\t<meta name=\"twitter:label2\" content=\"Tiempo de lectura\" \/>\n\t<meta name=\"twitter:data2\" content=\"2 minutos\" \/>\n<script type=\"application\/ld+json\" class=\"yoast-schema-graph\">{\"@context\":\"https:\\\/\\\/schema.org\",\"@graph\":[{\"@type\":\"Article\",\"@id\":\"https:\\\/\\\/www.manabi.gob.ec\\\/index.php\\\/prefecto-por-un-manabi-libre-de-violencia-de-genero\\\/#article\",\"isPartOf\":{\"@id\":\"https:\\\/\\\/www.manabi.gob.ec\\\/index.php\\\/prefecto-por-un-manabi-libre-de-violencia-de-genero\\\/\"},\"author\":{\"name\":\"admin\",\"@id\":\"https:\\\/\\\/www.manabi.gob.ec\\\/#\\\/schema\\\/person\\\/cfc71bd68fe2703b779edcc292a49722\"},\"headline\":\"PREFECTO: \u201cPOR UN MANAB\u00cd LIBRE DE VIOLENCIA DE G\u00c9NERO\u201d\",\"datePublished\":\"2020-01-22T15:40:00+00:00\",\"mainEntityOfPage\":{\"@id\":\"https:\\\/\\\/www.manabi.gob.ec\\\/index.php\\\/prefecto-por-un-manabi-libre-de-violencia-de-genero\\\/\"},\"wordCount\":362,\"commentCount\":0,\"image\":{\"@id\":\"https:\\\/\\\/www.manabi.gob.ec\\\/index.php\\\/prefecto-por-un-manabi-libre-de-violencia-de-genero\\\/#primaryimage\"},\"thumbnailUrl\":\"https:\\\/\\\/www.manabi.gob.ec\\\/wp-content\\\/uploads\\\/2020\\\/01\\\/fotos-de-proyecto-2.jpeg\",\"articleSection\":[\"Noticias\",\"Todas\"],\"inLanguage\":\"es\",\"potentialAction\":[{\"@type\":\"CommentAction\",\"name\":\"Comment\",\"target\":[\"https:\\\/\\\/www.manabi.gob.ec\\\/index.php\\\/prefecto-por-un-manabi-libre-de-violencia-de-genero\\\/#respond\"]}]},{\"@type\":\"WebPage\",\"@id\":\"https:\\\/\\\/www.manabi.gob.ec\\\/index.php\\\/prefecto-por-un-manabi-libre-de-violencia-de-genero\\\/\",\"url\":\"https:\\\/\\\/www.manabi.gob.ec\\\/index.php\\\/prefecto-por-un-manabi-libre-de-violencia-de-genero\\\/\",\"name\":\"PREFECTO: \u201cPOR UN MANAB\u00cd LIBRE DE VIOLENCIA DE G\u00c9NERO\u201d - Prefectura de Manab\u00ed\",\"isPartOf\":{\"@id\":\"https:\\\/\\\/www.manabi.gob.ec\\\/#website\"},\"primaryImageOfPage\":{\"@id\":\"https:\\\/\\\/www.manabi.gob.ec\\\/index.php\\\/prefecto-por-un-manabi-libre-de-violencia-de-genero\\\/#primaryimage\"},\"image\":{\"@id\":\"https:\\\/\\\/www.manabi.gob.ec\\\/index.php\\\/prefecto-por-un-manabi-libre-de-violencia-de-genero\\\/#primaryimage\"},\"thumbnailUrl\":\"https:\\\/\\\/www.manabi.gob.ec\\\/wp-content\\\/uploads\\\/2020\\\/01\\\/fotos-de-proyecto-2.jpeg\",\"datePublished\":\"2020-01-22T15:40:00+00:00\",\"author\":{\"@id\":\"https:\\\/\\\/www.manabi.gob.ec\\\/#\\\/schema\\\/person\\\/cfc71bd68fe2703b779edcc292a49722\"},\"breadcrumb\":{\"@id\":\"https:\\\/\\\/www.manabi.gob.ec\\\/index.php\\\/prefecto-por-un-manabi-libre-de-violencia-de-genero\\\/#breadcrumb\"},\"inLanguage\":\"es\",\"potentialAction\":[{\"@type\":\"ReadAction\",\"target\":[\"https:\\\/\\\/www.manabi.gob.ec\\\/index.php\\\/prefecto-por-un-manabi-libre-de-violencia-de-genero\\\/\"]}]},{\"@type\":\"ImageObject\",\"inLanguage\":\"es\",\"@id\":\"https:\\\/\\\/www.manabi.gob.ec\\\/index.php\\\/prefecto-por-un-manabi-libre-de-violencia-de-genero\\\/#primaryimage\",\"url\":\"https:\\\/\\\/www.manabi.gob.ec\\\/wp-content\\\/uploads\\\/2020\\\/01\\\/fotos-de-proyecto-2.jpeg\",\"contentUrl\":\"https:\\\/\\\/www.manabi.gob.ec\\\/wp-content\\\/uploads\\\/2020\\\/01\\\/fotos-de-proyecto-2.jpeg\",\"width\":1280,\"height\":853},{\"@type\":\"BreadcrumbList\",\"@id\":\"https:\\\/\\\/www.manabi.gob.ec\\\/index.php\\\/prefecto-por-un-manabi-libre-de-violencia-de-genero\\\/#breadcrumb\",\"itemListElement\":[{\"@type\":\"ListItem\",\"position\":1,\"name\":\"Portada\",\"item\":\"https:\\\/\\\/www.manabi.gob.ec\\\/\"},{\"@type\":\"ListItem\",\"position\":2,\"name\":\"PREFECTO: \u201cPOR UN MANAB\u00cd LIBRE DE VIOLENCIA DE G\u00c9NERO\u201d\"}]},{\"@type\":\"WebSite\",\"@id\":\"https:\\\/\\\/www.manabi.gob.ec\\\/#website\",\"url\":\"https:\\\/\\\/www.manabi.gob.ec\\\/\",\"name\":\"Prefectura de Manab\u00ed\",\"description\":\"P\u00e1gina web de la prefectura\",\"potentialAction\":[{\"@type\":\"SearchAction\",\"target\":{\"@type\":\"EntryPoint\",\"urlTemplate\":\"https:\\\/\\\/www.manabi.gob.ec\\\/?s={search_term_string}\"},\"query-input\":{\"@type\":\"PropertyValueSpecification\",\"valueRequired\":true,\"valueName\":\"search_term_string\"}}],\"inLanguage\":\"es\"},{\"@type\":\"Person\",\"@id\":\"https:\\\/\\\/www.manabi.gob.ec\\\/#\\\/schema\\\/person\\\/cfc71bd68fe2703b779edcc292a49722\",\"name\":\"admin\",\"image\":{\"@type\":\"ImageObject\",\"inLanguage\":\"es\",\"@id\":\"https:\\\/\\\/secure.gravatar.com\\\/avatar\\\/23e9f919492b0a2f65aa168e0d8c5c867ea853b61deffbadf08c7031e15b8d78?s=96&d=mm&r=g\",\"url\":\"https:\\\/\\\/secure.gravatar.com\\\/avatar\\\/23e9f919492b0a2f65aa168e0d8c5c867ea853b61deffbadf08c7031e15b8d78?s=96&d=mm&r=g\",\"contentUrl\":\"https:\\\/\\\/secure.gravatar.com\\\/avatar\\\/23e9f919492b0a2f65aa168e0d8c5c867ea853b61deffbadf08c7031e15b8d78?s=96&d=mm&r=g\",\"caption\":\"admin\"},\"sameAs\":[\"http:\\\/\\\/www.manabi.gob.ec\"],\"url\":\"https:\\\/\\\/www.manabi.gob.ec\\\/index.php\\\/author\\\/admin\\\/\"}]}<\/script>\n<!-- \/ Yoast SEO plugin. -->","yoast_head_json":{"title":"PREFECTO: \u201cPOR UN MANAB\u00cd LIBRE DE VIOLENCIA DE G\u00c9NERO\u201d - Prefectura de Manab\u00ed","robots":{"index":"index","follow":"follow","max-snippet":"max-snippet:-1","max-image-preview":"max-image-preview:large","max-video-preview":"max-video-preview:-1"},"canonical":"https:\/\/www.manabi.gob.ec\/index.php\/prefecto-por-un-manabi-libre-de-violencia-de-genero\/","og_locale":"es_ES","og_type":"article","og_title":"PREFECTO: \u201cPOR UN MANAB\u00cd LIBRE DE VIOLENCIA DE G\u00c9NERO\u201d - Prefectura de Manab\u00ed","og_description":"\u00abTrabajamos y creemos en proyectos con sostenibilidad y justicia social. Les dije que trabajar\u00eda por un Manab\u00ed libre de violencia de g\u00e9nero y lo estamos haciendo junto a los gobiernos parroquiales\u00bb, dijo el prefecto Leonardo Orlando en el marco del lanzamiento del proyecto \u201cEmprendimiento, Innovaci\u00f3n y Lucha contra la violencia de g\u00e9nero\u201d, que se realiz\u00f3 [&hellip;]","og_url":"https:\/\/www.manabi.gob.ec\/index.php\/prefecto-por-un-manabi-libre-de-violencia-de-genero\/","og_site_name":"Prefectura de Manab\u00ed","article_published_time":"2020-01-22T15:40:00+00:00","og_image":[{"width":1280,"height":853,"url":"https:\/\/www.manabi.gob.ec\/wp-content\/uploads\/2020\/01\/fotos-de-proyecto-2.jpeg","type":"image\/jpeg"}],"author":"admin","twitter_card":"summary_large_image","twitter_misc":{"Escrito por":"admin","Tiempo de lectura":"2 minutos"},"schema":{"@context":"https:\/\/schema.org","@graph":[{"@type":"Article","@id":"https:\/\/www.manabi.gob.ec\/index.php\/prefecto-por-un-manabi-libre-de-violencia-de-genero\/#article","isPartOf":{"@id":"https:\/\/www.manabi.gob.ec\/index.php\/prefecto-por-un-manabi-libre-de-violencia-de-genero\/"},"author":{"name":"admin","@id":"https:\/\/www.manabi.gob.ec\/#\/schema\/person\/cfc71bd68fe2703b779edcc292a49722"},"headline":"PREFECTO: \u201cPOR UN MANAB\u00cd LIBRE DE VIOLENCIA DE G\u00c9NERO\u201d","datePublished":"2020-01-22T15:40:00+00:00","mainEntityOfPage":{"@id":"https:\/\/www.manabi.gob.ec\/index.php\/prefecto-por-un-manabi-libre-de-violencia-de-genero\/"},"wordCount":362,"commentCount":0,"image":{"@id":"https:\/\/www.manabi.gob.ec\/index.php\/prefecto-por-un-manabi-libre-de-violencia-de-genero\/#primaryimage"},"thumbnailUrl":"https:\/\/www.manabi.gob.ec\/wp-content\/uploads\/2020\/01\/fotos-de-proyecto-2.jpeg","articleSection":["Noticias","Todas"],"inLanguage":"es","potentialAction":[{"@type":"CommentAction","name":"Comment","target":["https:\/\/www.manabi.gob.ec\/index.php\/prefecto-por-un-manabi-libre-de-violencia-de-genero\/#respond"]}]},{"@type":"WebPage","@id":"https:\/\/www.manabi.gob.ec\/index.php\/prefecto-por-un-manabi-libre-de-violencia-de-genero\/","url":"https:\/\/www.manabi.gob.ec\/index.php\/prefecto-por-un-manabi-libre-de-violencia-de-genero\/","name":"PREFECTO: \u201cPOR UN MANAB\u00cd LIBRE DE VIOLENCIA DE G\u00c9NERO\u201d - Prefectura de Manab\u00ed","isPartOf":{"@id":"https:\/\/www.manabi.gob.ec\/#website"},"primaryImageOfPage":{"@id":"https:\/\/www.manabi.gob.ec\/index.php\/prefecto-por-un-manabi-libre-de-violencia-de-genero\/#primaryimage"},"image":{"@id":"https:\/\/www.manabi.gob.ec\/index.php\/prefecto-por-un-manabi-libre-de-violencia-de-genero\/#primaryimage"},"thumbnailUrl":"https:\/\/www.manabi.gob.ec\/wp-content\/uploads\/2020\/01\/fotos-de-proyecto-2.jpeg","datePublished":"2020-01-22T15:40:00+00:00","author":{"@id":"https:\/\/www.manabi.gob.ec\/#\/schema\/person\/cfc71bd68fe2703b779edcc292a49722"},"breadcrumb":{"@id":"https:\/\/www.manabi.gob.ec\/index.php\/prefecto-por-un-manabi-libre-de-violencia-de-genero\/#breadcrumb"},"inLanguage":"es","potentialAction":[{"@type":"ReadAction","target":["https:\/\/www.manabi.gob.ec\/index.php\/prefecto-por-un-manabi-libre-de-violencia-de-genero\/"]}]},{"@type":"ImageObject","inLanguage":"es","@id":"https:\/\/www.manabi.gob.ec\/index.php\/prefecto-por-un-manabi-libre-de-violencia-de-genero\/#primaryimage","url":"https:\/\/www.manabi.gob.ec\/wp-content\/uploads\/2020\/01\/fotos-de-proyecto-2.jpeg","contentUrl":"https:\/\/www.manabi.gob.ec\/wp-content\/uploads\/2020\/01\/fotos-de-proyecto-2.jpeg","width":1280,"height":853},{"@type":"BreadcrumbList","@id":"https:\/\/www.manabi.gob.ec\/index.php\/prefecto-por-un-manabi-libre-de-violencia-de-genero\/#breadcrumb","itemListElement":[{"@type":"ListItem","position":1,"name":"Portada","item":"https:\/\/www.manabi.gob.ec\/"},{"@type":"ListItem","position":2,"name":"PREFECTO: \u201cPOR UN MANAB\u00cd LIBRE DE VIOLENCIA DE G\u00c9NERO\u201d"}]},{"@type":"WebSite","@id":"https:\/\/www.manabi.gob.ec\/#website","url":"https:\/\/www.manabi.gob.ec\/","name":"Prefectura de Manab\u00ed","description":"P\u00e1gina web de la prefectura","potentialAction":[{"@type":"SearchAction","target":{"@type":"EntryPoint","urlTemplate":"https:\/\/www.manabi.gob.ec\/?s={search_term_string}"},"query-input":{"@type":"PropertyValueSpecification","valueRequired":true,"valueName":"search_term_string"}}],"inLanguage":"es"},{"@type":"Person","@id":"https:\/\/www.manabi.gob.ec\/#\/schema\/person\/cfc71bd68fe2703b779edcc292a49722","name":"admin","image":{"@type":"ImageObject","inLanguage":"es","@id":"https:\/\/secure.gravatar.com\/avatar\/23e9f919492b0a2f65aa168e0d8c5c867ea853b61deffbadf08c7031e15b8d78?s=96&d=mm&r=g","url":"https:\/\/secure.gravatar.com\/avatar\/23e9f919492b0a2f65aa168e0d8c5c867ea853b61deffbadf08c7031e15b8d78?s=96&d=mm&r=g","contentUrl":"https:\/\/secure.gravatar.com\/avatar\/23e9f919492b0a2f65aa168e0d8c5c867ea853b61deffbadf08c7031e15b8d78?s=96&d=mm&r=g","caption":"admin"},"sameAs":["http:\/\/www.manabi.gob.ec"],"url":"https:\/\/www.manabi.gob.ec\/index.php\/author\/admin\/"}]}},"jetpack_featured_media_url":"https:\/\/www.manabi.gob.ec\/wp-content\/uploads\/2020\/01\/fotos-de-proyecto-2.jpeg","_links":{"self":[{"href":"https:\/\/www.manabi.gob.ec\/index.php\/wp-json\/wp\/v2\/posts\/13685","targetHints":{"allow":["GET"]}}],"collection":[{"href":"https:\/\/www.manabi.gob.ec\/index.php\/wp-json\/wp\/v2\/posts"}],"about":[{"href":"https:\/\/www.manabi.gob.ec\/index.php\/wp-json\/wp\/v2\/types\/post"}],"author":[{"embeddable":true,"href":"https:\/\/www.manabi.gob.ec\/index.php\/wp-json\/wp\/v2\/users\/1"}],"replies":[{"embeddable":true,"href":"https:\/\/www.manabi.gob.ec\/index.php\/wp-json\/wp\/v2\/comments?post=13685"}],"version-history":[{"count":0,"href":"https:\/\/www.manabi.gob.ec\/index.php\/wp-json\/wp\/v2\/posts\/13685\/revisions"}],"wp:featuredmedia":[{"embeddable":true,"href":"https:\/\/www.manabi.gob.ec\/index.php\/wp-json\/wp\/v2\/media\/13686"}],"wp:attachment":[{"href":"https:\/\/www.manabi.gob.ec\/index.php\/wp-json\/wp\/v2\/media?parent=13685"}],"wp:term":[{"taxonomy":"category","embeddable":true,"href":"https:\/\/www.manabi.gob.ec\/index.php\/wp-json\/wp\/v2\/categories?post=13685"},{"taxonomy":"post_tag","embeddable":true,"href":"https:\/\/www.manabi.gob.ec\/index.php\/wp-json\/wp\/v2\/tags?post=13685"}],"curies":[{"name":"wp","href":"https:\/\/api.w.org\/{rel}","templated":true}]}}