{"id":13689,"date":"2020-01-24T12:55:33","date_gmt":"2020-01-24T17:55:33","guid":{"rendered":"http:\/\/www.manabi.gob.ec\/?p=13689"},"modified":"2020-01-24T12:55:33","modified_gmt":"2020-01-24T17:55:33","slug":"prefectura-homenajea-a-liga-de-portoviejo-y-delfin","status":"publish","type":"post","link":"https:\/\/www.manabi.gob.ec\/index.php\/prefectura-homenajea-a-liga-de-portoviejo-y-delfin\/","title":{"rendered":"Prefectura homenajea a  Liga de Portoviejo y Delf\u00edn"},"content":{"rendered":"<p style=\"text-align: justify;\">El Gobierno de Manab\u00ed realiz\u00f3 un homenaje a los equipos manabitas Liga Deportiva Universitaria de Portoviejo y Delf\u00edn Sporting Club en reconocimiento a sus logros deportivos.<\/p>\n<p style=\"text-align: justify;\">\u201cLa Capira\u201d cumpli\u00f3 50 a\u00f1os de trayectoria y logr\u00f3 el ascenso a la serie A; mientras que el club mantense fue el primer cuadro manabita en consagrarse como campe\u00f3n del f\u00fatbol ecuatoriano.<\/p>\n<p style=\"text-align: justify;\">\u201cEl Delf\u00edn y la Liga de Portoviejo no solo que nos han dado alegr\u00eda, sino que ustedes se constituyen en la pasi\u00f3n de un pueblo. Liga por d\u00e9cadas ha sido el \u00eddolo de Manab\u00ed; y Delf\u00edn, que es un club que tiene aproximadamente tres d\u00e9cadas, se ha convertido en el \u00eddolo de Manta con mucha afici\u00f3n en toda la provincia\u201d, destac\u00f3 el prefecto Leonardo Orlando en un emotivo acto realizado en Portoviejo.<\/p>\n<p style=\"text-align: justify;\">Del evento participaron el alcalde de Portoviejo, Agust\u00edn Casanova, y los presidentes de Liga de Portoviejo y Delf\u00edn; Roberto Rodr\u00edguez y Jos\u00e9 Delgado, respectivamente con sus equipo t\u00e9cnico y jugadores.<\/p>\n<p style=\"text-align: justify;\">Ellos compartieron con decenas de beneficiarios del programa \u201cEntrenando Valores\u201d. M\u00e1s de 12 mil ni\u00f1os, ni\u00f1as y adolescentes participan de esta iniciativa que llega a todos los cantones gracias al Gobierno de Manab\u00ed.<\/p>\n<p style=\"text-align: justify;\">En su intervenci\u00f3n, Roberto Rodr\u00edguez, presidente de Liga de Portoviejo, agradeci\u00f3 al prefecto Orlando por el reconocimiento e invit\u00f3 a todos los manabitas a apoyar a sus equipos.<\/p>\n<p style=\"text-align: justify;\">Jos\u00e9 Delgado, principal del Delf\u00edn SC, destac\u00f3 el apoyo de la Prefectura y se\u00f1al\u00f3 que la alegr\u00eda que ha dado el f\u00fatbol a la provincia llega luego de los duros momentos vividos tras el terremoto del 16 de abril del 2016.<\/p>\n","protected":false},"excerpt":{"rendered":"<p>El Gobierno de Manab\u00ed realiz\u00f3 un homenaje a los equipos manabitas Liga Deportiva Universitaria de Portoviejo y Delf\u00edn Sporting Club en reconocimiento a sus logros deportivos. \u201cLa Capira\u201d cumpli\u00f3 50 a\u00f1os de trayectoria y logr\u00f3 el ascenso a la serie A; mientras que el club mantense fue el primer cuadro manabita en consagrarse como campe\u00f3n [&hellip;]<\/p>\n","protected":false},"author":1,"featured_media":13690,"comment_status":"open","ping_status":"open","sticky":false,"template":"","format":"standard","meta":{"_joinchat":[],"footnotes":""},"categories":[92,91],"tags":[],"class_list":["post-13689","post","type-post","status-publish","format-standard","has-post-thumbnail","hentry","category-noticias-manabi","category-todas"],"yoast_head":"<!-- This site is optimized with the Yoast SEO plugin v27.4 - https:\/\/yoast.com\/product\/yoast-seo-wordpress\/ -->\n<title>Prefectura homenajea a Liga de Portoviejo y Delf\u00edn - Prefectura de Manab\u00ed<\/title>\n<meta name=\"robots\" content=\"index, follow, max-snippet:-1, max-image-preview:large, max-video-preview:-1\" \/>\n<link rel=\"canonical\" href=\"https:\/\/www.manabi.gob.ec\/index.php\/prefectura-homenajea-a-liga-de-portoviejo-y-delfin\/\" \/>\n<meta property=\"og:locale\" content=\"es_ES\" \/>\n<meta property=\"og:type\" content=\"article\" \/>\n<meta property=\"og:title\" content=\"Prefectura homenajea a Liga de Portoviejo y Delf\u00edn - Prefectura de Manab\u00ed\" \/>\n<meta property=\"og:description\" content=\"El Gobierno de Manab\u00ed realiz\u00f3 un homenaje a los equipos manabitas Liga Deportiva Universitaria de Portoviejo y Delf\u00edn Sporting Club en reconocimiento a sus logros deportivos. \u201cLa Capira\u201d cumpli\u00f3 50 a\u00f1os de trayectoria y logr\u00f3 el ascenso a la serie A; mientras que el club mantense fue el primer cuadro manabita en consagrarse como campe\u00f3n [&hellip;]\" \/>\n<meta property=\"og:url\" content=\"https:\/\/www.manabi.gob.ec\/index.php\/prefectura-homenajea-a-liga-de-portoviejo-y-delfin\/\" \/>\n<meta property=\"og:site_name\" content=\"Prefectura de Manab\u00ed\" \/>\n<meta property=\"article:published_time\" content=\"2020-01-24T17:55:33+00:00\" \/>\n<meta name=\"author\" content=\"admin\" \/>\n<meta name=\"twitter:card\" content=\"summary_large_image\" \/>\n<meta name=\"twitter:label1\" content=\"Escrito por\" \/>\n\t<meta name=\"twitter:data1\" content=\"admin\" \/>\n\t<meta name=\"twitter:label2\" content=\"Tiempo de lectura\" \/>\n\t<meta name=\"twitter:data2\" content=\"1 minuto\" \/>\n<script type=\"application\/ld+json\" class=\"yoast-schema-graph\">{\"@context\":\"https:\\\/\\\/schema.org\",\"@graph\":[{\"@type\":\"Article\",\"@id\":\"https:\\\/\\\/www.manabi.gob.ec\\\/index.php\\\/prefectura-homenajea-a-liga-de-portoviejo-y-delfin\\\/#article\",\"isPartOf\":{\"@id\":\"https:\\\/\\\/www.manabi.gob.ec\\\/index.php\\\/prefectura-homenajea-a-liga-de-portoviejo-y-delfin\\\/\"},\"author\":{\"name\":\"admin\",\"@id\":\"https:\\\/\\\/www.manabi.gob.ec\\\/#\\\/schema\\\/person\\\/cfc71bd68fe2703b779edcc292a49722\"},\"headline\":\"Prefectura homenajea a Liga de Portoviejo y Delf\u00edn\",\"datePublished\":\"2020-01-24T17:55:33+00:00\",\"mainEntityOfPage\":{\"@id\":\"https:\\\/\\\/www.manabi.gob.ec\\\/index.php\\\/prefectura-homenajea-a-liga-de-portoviejo-y-delfin\\\/\"},\"wordCount\":291,\"commentCount\":0,\"image\":{\"@id\":\"https:\\\/\\\/www.manabi.gob.ec\\\/index.php\\\/prefectura-homenajea-a-liga-de-portoviejo-y-delfin\\\/#primaryimage\"},\"thumbnailUrl\":\"\",\"articleSection\":[\"Noticias\",\"Todas\"],\"inLanguage\":\"es\",\"potentialAction\":[{\"@type\":\"CommentAction\",\"name\":\"Comment\",\"target\":[\"https:\\\/\\\/www.manabi.gob.ec\\\/index.php\\\/prefectura-homenajea-a-liga-de-portoviejo-y-delfin\\\/#respond\"]}]},{\"@type\":\"WebPage\",\"@id\":\"https:\\\/\\\/www.manabi.gob.ec\\\/index.php\\\/prefectura-homenajea-a-liga-de-portoviejo-y-delfin\\\/\",\"url\":\"https:\\\/\\\/www.manabi.gob.ec\\\/index.php\\\/prefectura-homenajea-a-liga-de-portoviejo-y-delfin\\\/\",\"name\":\"Prefectura homenajea a Liga de Portoviejo y Delf\u00edn - Prefectura de Manab\u00ed\",\"isPartOf\":{\"@id\":\"https:\\\/\\\/www.manabi.gob.ec\\\/#website\"},\"primaryImageOfPage\":{\"@id\":\"https:\\\/\\\/www.manabi.gob.ec\\\/index.php\\\/prefectura-homenajea-a-liga-de-portoviejo-y-delfin\\\/#primaryimage\"},\"image\":{\"@id\":\"https:\\\/\\\/www.manabi.gob.ec\\\/index.php\\\/prefectura-homenajea-a-liga-de-portoviejo-y-delfin\\\/#primaryimage\"},\"thumbnailUrl\":\"\",\"datePublished\":\"2020-01-24T17:55:33+00:00\",\"author\":{\"@id\":\"https:\\\/\\\/www.manabi.gob.ec\\\/#\\\/schema\\\/person\\\/cfc71bd68fe2703b779edcc292a49722\"},\"breadcrumb\":{\"@id\":\"https:\\\/\\\/www.manabi.gob.ec\\\/index.php\\\/prefectura-homenajea-a-liga-de-portoviejo-y-delfin\\\/#breadcrumb\"},\"inLanguage\":\"es\",\"potentialAction\":[{\"@type\":\"ReadAction\",\"target\":[\"https:\\\/\\\/www.manabi.gob.ec\\\/index.php\\\/prefectura-homenajea-a-liga-de-portoviejo-y-delfin\\\/\"]}]},{\"@type\":\"ImageObject\",\"inLanguage\":\"es\",\"@id\":\"https:\\\/\\\/www.manabi.gob.ec\\\/index.php\\\/prefectura-homenajea-a-liga-de-portoviejo-y-delfin\\\/#primaryimage\",\"url\":\"\",\"contentUrl\":\"\"},{\"@type\":\"BreadcrumbList\",\"@id\":\"https:\\\/\\\/www.manabi.gob.ec\\\/index.php\\\/prefectura-homenajea-a-liga-de-portoviejo-y-delfin\\\/#breadcrumb\",\"itemListElement\":[{\"@type\":\"ListItem\",\"position\":1,\"name\":\"Portada\",\"item\":\"https:\\\/\\\/www.manabi.gob.ec\\\/\"},{\"@type\":\"ListItem\",\"position\":2,\"name\":\"Prefectura homenajea a Liga de Portoviejo y Delf\u00edn\"}]},{\"@type\":\"WebSite\",\"@id\":\"https:\\\/\\\/www.manabi.gob.ec\\\/#website\",\"url\":\"https:\\\/\\\/www.manabi.gob.ec\\\/\",\"name\":\"Prefectura de Manab\u00ed\",\"description\":\"P\u00e1gina web de la prefectura\",\"potentialAction\":[{\"@type\":\"SearchAction\",\"target\":{\"@type\":\"EntryPoint\",\"urlTemplate\":\"https:\\\/\\\/www.manabi.gob.ec\\\/?s={search_term_string}\"},\"query-input\":{\"@type\":\"PropertyValueSpecification\",\"valueRequired\":true,\"valueName\":\"search_term_string\"}}],\"inLanguage\":\"es\"},{\"@type\":\"Person\",\"@id\":\"https:\\\/\\\/www.manabi.gob.ec\\\/#\\\/schema\\\/person\\\/cfc71bd68fe2703b779edcc292a49722\",\"name\":\"admin\",\"image\":{\"@type\":\"ImageObject\",\"inLanguage\":\"es\",\"@id\":\"https:\\\/\\\/secure.gravatar.com\\\/avatar\\\/23e9f919492b0a2f65aa168e0d8c5c867ea853b61deffbadf08c7031e15b8d78?s=96&d=mm&r=g\",\"url\":\"https:\\\/\\\/secure.gravatar.com\\\/avatar\\\/23e9f919492b0a2f65aa168e0d8c5c867ea853b61deffbadf08c7031e15b8d78?s=96&d=mm&r=g\",\"contentUrl\":\"https:\\\/\\\/secure.gravatar.com\\\/avatar\\\/23e9f919492b0a2f65aa168e0d8c5c867ea853b61deffbadf08c7031e15b8d78?s=96&d=mm&r=g\",\"caption\":\"admin\"},\"sameAs\":[\"http:\\\/\\\/www.manabi.gob.ec\"],\"url\":\"https:\\\/\\\/www.manabi.gob.ec\\\/index.php\\\/author\\\/admin\\\/\"}]}<\/script>\n<!-- \/ Yoast SEO plugin. -->","yoast_head_json":{"title":"Prefectura homenajea a Liga de Portoviejo y Delf\u00edn - Prefectura de Manab\u00ed","robots":{"index":"index","follow":"follow","max-snippet":"max-snippet:-1","max-image-preview":"max-image-preview:large","max-video-preview":"max-video-preview:-1"},"canonical":"https:\/\/www.manabi.gob.ec\/index.php\/prefectura-homenajea-a-liga-de-portoviejo-y-delfin\/","og_locale":"es_ES","og_type":"article","og_title":"Prefectura homenajea a Liga de Portoviejo y Delf\u00edn - Prefectura de Manab\u00ed","og_description":"El Gobierno de Manab\u00ed realiz\u00f3 un homenaje a los equipos manabitas Liga Deportiva Universitaria de Portoviejo y Delf\u00edn Sporting Club en reconocimiento a sus logros deportivos. \u201cLa Capira\u201d cumpli\u00f3 50 a\u00f1os de trayectoria y logr\u00f3 el ascenso a la serie A; mientras que el club mantense fue el primer cuadro manabita en consagrarse como campe\u00f3n [&hellip;]","og_url":"https:\/\/www.manabi.gob.ec\/index.php\/prefectura-homenajea-a-liga-de-portoviejo-y-delfin\/","og_site_name":"Prefectura de Manab\u00ed","article_published_time":"2020-01-24T17:55:33+00:00","author":"admin","twitter_card":"summary_large_image","twitter_misc":{"Escrito por":"admin","Tiempo de lectura":"1 minuto"},"schema":{"@context":"https:\/\/schema.org","@graph":[{"@type":"Article","@id":"https:\/\/www.manabi.gob.ec\/index.php\/prefectura-homenajea-a-liga-de-portoviejo-y-delfin\/#article","isPartOf":{"@id":"https:\/\/www.manabi.gob.ec\/index.php\/prefectura-homenajea-a-liga-de-portoviejo-y-delfin\/"},"author":{"name":"admin","@id":"https:\/\/www.manabi.gob.ec\/#\/schema\/person\/cfc71bd68fe2703b779edcc292a49722"},"headline":"Prefectura homenajea a Liga de Portoviejo y Delf\u00edn","datePublished":"2020-01-24T17:55:33+00:00","mainEntityOfPage":{"@id":"https:\/\/www.manabi.gob.ec\/index.php\/prefectura-homenajea-a-liga-de-portoviejo-y-delfin\/"},"wordCount":291,"commentCount":0,"image":{"@id":"https:\/\/www.manabi.gob.ec\/index.php\/prefectura-homenajea-a-liga-de-portoviejo-y-delfin\/#primaryimage"},"thumbnailUrl":"","articleSection":["Noticias","Todas"],"inLanguage":"es","potentialAction":[{"@type":"CommentAction","name":"Comment","target":["https:\/\/www.manabi.gob.ec\/index.php\/prefectura-homenajea-a-liga-de-portoviejo-y-delfin\/#respond"]}]},{"@type":"WebPage","@id":"https:\/\/www.manabi.gob.ec\/index.php\/prefectura-homenajea-a-liga-de-portoviejo-y-delfin\/","url":"https:\/\/www.manabi.gob.ec\/index.php\/prefectura-homenajea-a-liga-de-portoviejo-y-delfin\/","name":"Prefectura homenajea a Liga de Portoviejo y Delf\u00edn - Prefectura de Manab\u00ed","isPartOf":{"@id":"https:\/\/www.manabi.gob.ec\/#website"},"primaryImageOfPage":{"@id":"https:\/\/www.manabi.gob.ec\/index.php\/prefectura-homenajea-a-liga-de-portoviejo-y-delfin\/#primaryimage"},"image":{"@id":"https:\/\/www.manabi.gob.ec\/index.php\/prefectura-homenajea-a-liga-de-portoviejo-y-delfin\/#primaryimage"},"thumbnailUrl":"","datePublished":"2020-01-24T17:55:33+00:00","author":{"@id":"https:\/\/www.manabi.gob.ec\/#\/schema\/person\/cfc71bd68fe2703b779edcc292a49722"},"breadcrumb":{"@id":"https:\/\/www.manabi.gob.ec\/index.php\/prefectura-homenajea-a-liga-de-portoviejo-y-delfin\/#breadcrumb"},"inLanguage":"es","potentialAction":[{"@type":"ReadAction","target":["https:\/\/www.manabi.gob.ec\/index.php\/prefectura-homenajea-a-liga-de-portoviejo-y-delfin\/"]}]},{"@type":"ImageObject","inLanguage":"es","@id":"https:\/\/www.manabi.gob.ec\/index.php\/prefectura-homenajea-a-liga-de-portoviejo-y-delfin\/#primaryimage","url":"","contentUrl":""},{"@type":"BreadcrumbList","@id":"https:\/\/www.manabi.gob.ec\/index.php\/prefectura-homenajea-a-liga-de-portoviejo-y-delfin\/#breadcrumb","itemListElement":[{"@type":"ListItem","position":1,"name":"Portada","item":"https:\/\/www.manabi.gob.ec\/"},{"@type":"ListItem","position":2,"name":"Prefectura homenajea a Liga de Portoviejo y Delf\u00edn"}]},{"@type":"WebSite","@id":"https:\/\/www.manabi.gob.ec\/#website","url":"https:\/\/www.manabi.gob.ec\/","name":"Prefectura de Manab\u00ed","description":"P\u00e1gina web de la prefectura","potentialAction":[{"@type":"SearchAction","target":{"@type":"EntryPoint","urlTemplate":"https:\/\/www.manabi.gob.ec\/?s={search_term_string}"},"query-input":{"@type":"PropertyValueSpecification","valueRequired":true,"valueName":"search_term_string"}}],"inLanguage":"es"},{"@type":"Person","@id":"https:\/\/www.manabi.gob.ec\/#\/schema\/person\/cfc71bd68fe2703b779edcc292a49722","name":"admin","image":{"@type":"ImageObject","inLanguage":"es","@id":"https:\/\/secure.gravatar.com\/avatar\/23e9f919492b0a2f65aa168e0d8c5c867ea853b61deffbadf08c7031e15b8d78?s=96&d=mm&r=g","url":"https:\/\/secure.gravatar.com\/avatar\/23e9f919492b0a2f65aa168e0d8c5c867ea853b61deffbadf08c7031e15b8d78?s=96&d=mm&r=g","contentUrl":"https:\/\/secure.gravatar.com\/avatar\/23e9f919492b0a2f65aa168e0d8c5c867ea853b61deffbadf08c7031e15b8d78?s=96&d=mm&r=g","caption":"admin"},"sameAs":["http:\/\/www.manabi.gob.ec"],"url":"https:\/\/www.manabi.gob.ec\/index.php\/author\/admin\/"}]}},"jetpack_featured_media_url":"","_links":{"self":[{"href":"https:\/\/www.manabi.gob.ec\/index.php\/wp-json\/wp\/v2\/posts\/13689","targetHints":{"allow":["GET"]}}],"collection":[{"href":"https:\/\/www.manabi.gob.ec\/index.php\/wp-json\/wp\/v2\/posts"}],"about":[{"href":"https:\/\/www.manabi.gob.ec\/index.php\/wp-json\/wp\/v2\/types\/post"}],"author":[{"embeddable":true,"href":"https:\/\/www.manabi.gob.ec\/index.php\/wp-json\/wp\/v2\/users\/1"}],"replies":[{"embeddable":true,"href":"https:\/\/www.manabi.gob.ec\/index.php\/wp-json\/wp\/v2\/comments?post=13689"}],"version-history":[{"count":0,"href":"https:\/\/www.manabi.gob.ec\/index.php\/wp-json\/wp\/v2\/posts\/13689\/revisions"}],"wp:featuredmedia":[{"embeddable":true,"href":"https:\/\/www.manabi.gob.ec\/index.php\/wp-json\/"}],"wp:attachment":[{"href":"https:\/\/www.manabi.gob.ec\/index.php\/wp-json\/wp\/v2\/media?parent=13689"}],"wp:term":[{"taxonomy":"category","embeddable":true,"href":"https:\/\/www.manabi.gob.ec\/index.php\/wp-json\/wp\/v2\/categories?post=13689"},{"taxonomy":"post_tag","embeddable":true,"href":"https:\/\/www.manabi.gob.ec\/index.php\/wp-json\/wp\/v2\/tags?post=13689"}],"curies":[{"name":"wp","href":"https:\/\/api.w.org\/{rel}","templated":true}]}}