{"id":14113,"date":"2020-03-19T17:14:52","date_gmt":"2020-03-19T22:14:52","guid":{"rendered":"http:\/\/www.manabi.gob.ec\/?p=14113"},"modified":"2022-02-07T17:09:15","modified_gmt":"2022-02-07T17:09:15","slug":"prefectura-brinda-asistencia-medica-en-linea-para-grupos-prioritarios","status":"publish","type":"post","link":"https:\/\/www.manabi.gob.ec\/index.php\/prefectura-brinda-asistencia-medica-en-linea-para-grupos-prioritarios\/","title":{"rendered":"Prefectura brinda asistencia m\u00e9dica en l\u00ednea para grupos prioritarios"},"content":{"rendered":"<p style=\"text-align: justify;\">El Gobierno de Manab\u00ed ha implementado un sistema de asistencia m\u00e9dica para grupos prioritarios con la finalidad de ofrecer informaci\u00f3n a la poblaci\u00f3n frente a la emergencia por la propagaci\u00f3n del Coronavirus (Covid-19).<\/p>\n<p style=\"text-align: justify;\">En su p\u00e1gina web <a href=\"http:\/\/www.manabi.gob.ec\">www.manabi.gob.ec<\/a>, la Prefectura ha habilitado una secci\u00f3n especial para la asistencia prioritaria en medicina general, odontolog\u00eda y nutrici\u00f3n. All\u00ed los ciudadanos pueden contactarse con especialistas y absolver sus consultas mediante el servicio de mensajer\u00eda WhatsApp.<\/p>\n<p style=\"text-align: justify;\">La iniciativa est\u00e1 dirigida especialmente para la atenci\u00f3n de ni\u00f1as, ni\u00f1os, adolescentes, personas con discapacidad, adultos mayores y embarazadas. En menos de 24 horas desde su lanzamiento la p\u00e1gina registraba m\u00e1s de dos mil visitas.<\/p>\n<p style=\"text-align: justify;\">Rita Zambrano, adulta mayor y ciudadana de Portoviejo, utiliz\u00f3 el servicio planteando interrogantes a los m\u00e9dicos. \u201cEn momentos como los que estamos viviendo esto es de gran ayuda para guiar adecuadamente a la poblaci\u00f3n. Es una excelente idea de la Prefectura\u201d, resalt\u00f3.<\/p>\n","protected":false},"excerpt":{"rendered":"<p>El Gobierno de Manab\u00ed ha implementado un sistema de asistencia m\u00e9dica para grupos prioritarios con la finalidad de ofrecer informaci\u00f3n a la poblaci\u00f3n frente a la emergencia por la propagaci\u00f3n del Coronavirus (Covid-19). En su p\u00e1gina web www.manabi.gob.ec, la Prefectura ha habilitado una secci\u00f3n especial para la asistencia prioritaria en medicina general, odontolog\u00eda y nutrici\u00f3n. [&hellip;]<\/p>\n","protected":false},"author":1,"featured_media":14114,"comment_status":"closed","ping_status":"open","sticky":false,"template":"","format":"standard","meta":{"_joinchat":[],"footnotes":""},"categories":[71,92,91],"tags":[],"class_list":["post-14113","post","type-post","status-publish","format-standard","has-post-thumbnail","hentry","category-coronavirus","category-noticias-manabi","category-todas"],"yoast_head":"<!-- This site is optimized with the Yoast SEO plugin v27.4 - https:\/\/yoast.com\/product\/yoast-seo-wordpress\/ -->\n<title>Prefectura brinda asistencia m\u00e9dica en l\u00ednea para grupos prioritarios - Prefectura de Manab\u00ed<\/title>\n<meta name=\"robots\" content=\"index, follow, max-snippet:-1, max-image-preview:large, max-video-preview:-1\" \/>\n<link rel=\"canonical\" href=\"https:\/\/www.manabi.gob.ec\/index.php\/prefectura-brinda-asistencia-medica-en-linea-para-grupos-prioritarios\/\" \/>\n<meta property=\"og:locale\" content=\"es_ES\" \/>\n<meta property=\"og:type\" content=\"article\" \/>\n<meta property=\"og:title\" content=\"Prefectura brinda asistencia m\u00e9dica en l\u00ednea para grupos prioritarios - Prefectura de Manab\u00ed\" \/>\n<meta property=\"og:description\" content=\"El Gobierno de Manab\u00ed ha implementado un sistema de asistencia m\u00e9dica para grupos prioritarios con la finalidad de ofrecer informaci\u00f3n a la poblaci\u00f3n frente a la emergencia por la propagaci\u00f3n del Coronavirus (Covid-19). En su p\u00e1gina web www.manabi.gob.ec, la Prefectura ha habilitado una secci\u00f3n especial para la asistencia prioritaria en medicina general, odontolog\u00eda y nutrici\u00f3n. [&hellip;]\" \/>\n<meta property=\"og:url\" content=\"https:\/\/www.manabi.gob.ec\/index.php\/prefectura-brinda-asistencia-medica-en-linea-para-grupos-prioritarios\/\" \/>\n<meta property=\"og:site_name\" content=\"Prefectura de Manab\u00ed\" \/>\n<meta property=\"article:published_time\" content=\"2020-03-19T22:14:52+00:00\" \/>\n<meta property=\"article:modified_time\" content=\"2022-02-07T17:09:15+00:00\" \/>\n<meta property=\"og:image\" content=\"https:\/\/www.manabi.gob.ec\/wp-content\/uploads\/2020\/03\/GPM-Asistencia-m\u00e9dica-en-l\u00ednea-1.jpg\" \/>\n\t<meta property=\"og:image:width\" content=\"1800\" \/>\n\t<meta property=\"og:image:height\" content=\"1200\" \/>\n\t<meta property=\"og:image:type\" content=\"image\/jpeg\" \/>\n<meta name=\"author\" content=\"admin\" \/>\n<meta name=\"twitter:card\" content=\"summary_large_image\" \/>\n<meta name=\"twitter:label1\" content=\"Escrito por\" \/>\n\t<meta name=\"twitter:data1\" content=\"admin\" \/>\n\t<meta name=\"twitter:label2\" content=\"Tiempo de lectura\" \/>\n\t<meta name=\"twitter:data2\" content=\"1 minuto\" \/>\n<script type=\"application\/ld+json\" class=\"yoast-schema-graph\">{\"@context\":\"https:\\\/\\\/schema.org\",\"@graph\":[{\"@type\":\"Article\",\"@id\":\"https:\\\/\\\/www.manabi.gob.ec\\\/index.php\\\/prefectura-brinda-asistencia-medica-en-linea-para-grupos-prioritarios\\\/#article\",\"isPartOf\":{\"@id\":\"https:\\\/\\\/www.manabi.gob.ec\\\/index.php\\\/prefectura-brinda-asistencia-medica-en-linea-para-grupos-prioritarios\\\/\"},\"author\":{\"name\":\"admin\",\"@id\":\"https:\\\/\\\/www.manabi.gob.ec\\\/#\\\/schema\\\/person\\\/cfc71bd68fe2703b779edcc292a49722\"},\"headline\":\"Prefectura brinda asistencia m\u00e9dica en l\u00ednea para grupos prioritarios\",\"datePublished\":\"2020-03-19T22:14:52+00:00\",\"dateModified\":\"2022-02-07T17:09:15+00:00\",\"mainEntityOfPage\":{\"@id\":\"https:\\\/\\\/www.manabi.gob.ec\\\/index.php\\\/prefectura-brinda-asistencia-medica-en-linea-para-grupos-prioritarios\\\/\"},\"wordCount\":178,\"image\":{\"@id\":\"https:\\\/\\\/www.manabi.gob.ec\\\/index.php\\\/prefectura-brinda-asistencia-medica-en-linea-para-grupos-prioritarios\\\/#primaryimage\"},\"thumbnailUrl\":\"https:\\\/\\\/www.manabi.gob.ec\\\/wp-content\\\/uploads\\\/2020\\\/03\\\/GPM-Asistencia-m\u00e9dica-en-l\u00ednea-1.jpg\",\"articleSection\":[\"Coronavirus\",\"Noticias\",\"Todas\"],\"inLanguage\":\"es\"},{\"@type\":\"WebPage\",\"@id\":\"https:\\\/\\\/www.manabi.gob.ec\\\/index.php\\\/prefectura-brinda-asistencia-medica-en-linea-para-grupos-prioritarios\\\/\",\"url\":\"https:\\\/\\\/www.manabi.gob.ec\\\/index.php\\\/prefectura-brinda-asistencia-medica-en-linea-para-grupos-prioritarios\\\/\",\"name\":\"Prefectura brinda asistencia m\u00e9dica en l\u00ednea para grupos prioritarios - Prefectura de Manab\u00ed\",\"isPartOf\":{\"@id\":\"https:\\\/\\\/www.manabi.gob.ec\\\/#website\"},\"primaryImageOfPage\":{\"@id\":\"https:\\\/\\\/www.manabi.gob.ec\\\/index.php\\\/prefectura-brinda-asistencia-medica-en-linea-para-grupos-prioritarios\\\/#primaryimage\"},\"image\":{\"@id\":\"https:\\\/\\\/www.manabi.gob.ec\\\/index.php\\\/prefectura-brinda-asistencia-medica-en-linea-para-grupos-prioritarios\\\/#primaryimage\"},\"thumbnailUrl\":\"https:\\\/\\\/www.manabi.gob.ec\\\/wp-content\\\/uploads\\\/2020\\\/03\\\/GPM-Asistencia-m\u00e9dica-en-l\u00ednea-1.jpg\",\"datePublished\":\"2020-03-19T22:14:52+00:00\",\"dateModified\":\"2022-02-07T17:09:15+00:00\",\"author\":{\"@id\":\"https:\\\/\\\/www.manabi.gob.ec\\\/#\\\/schema\\\/person\\\/cfc71bd68fe2703b779edcc292a49722\"},\"breadcrumb\":{\"@id\":\"https:\\\/\\\/www.manabi.gob.ec\\\/index.php\\\/prefectura-brinda-asistencia-medica-en-linea-para-grupos-prioritarios\\\/#breadcrumb\"},\"inLanguage\":\"es\",\"potentialAction\":[{\"@type\":\"ReadAction\",\"target\":[\"https:\\\/\\\/www.manabi.gob.ec\\\/index.php\\\/prefectura-brinda-asistencia-medica-en-linea-para-grupos-prioritarios\\\/\"]}]},{\"@type\":\"ImageObject\",\"inLanguage\":\"es\",\"@id\":\"https:\\\/\\\/www.manabi.gob.ec\\\/index.php\\\/prefectura-brinda-asistencia-medica-en-linea-para-grupos-prioritarios\\\/#primaryimage\",\"url\":\"https:\\\/\\\/www.manabi.gob.ec\\\/wp-content\\\/uploads\\\/2020\\\/03\\\/GPM-Asistencia-m\u00e9dica-en-l\u00ednea-1.jpg\",\"contentUrl\":\"https:\\\/\\\/www.manabi.gob.ec\\\/wp-content\\\/uploads\\\/2020\\\/03\\\/GPM-Asistencia-m\u00e9dica-en-l\u00ednea-1.jpg\",\"width\":1800,\"height\":1200},{\"@type\":\"BreadcrumbList\",\"@id\":\"https:\\\/\\\/www.manabi.gob.ec\\\/index.php\\\/prefectura-brinda-asistencia-medica-en-linea-para-grupos-prioritarios\\\/#breadcrumb\",\"itemListElement\":[{\"@type\":\"ListItem\",\"position\":1,\"name\":\"Portada\",\"item\":\"https:\\\/\\\/www.manabi.gob.ec\\\/\"},{\"@type\":\"ListItem\",\"position\":2,\"name\":\"Prefectura brinda asistencia m\u00e9dica en l\u00ednea para grupos prioritarios\"}]},{\"@type\":\"WebSite\",\"@id\":\"https:\\\/\\\/www.manabi.gob.ec\\\/#website\",\"url\":\"https:\\\/\\\/www.manabi.gob.ec\\\/\",\"name\":\"Prefectura de Manab\u00ed\",\"description\":\"P\u00e1gina web de la prefectura\",\"potentialAction\":[{\"@type\":\"SearchAction\",\"target\":{\"@type\":\"EntryPoint\",\"urlTemplate\":\"https:\\\/\\\/www.manabi.gob.ec\\\/?s={search_term_string}\"},\"query-input\":{\"@type\":\"PropertyValueSpecification\",\"valueRequired\":true,\"valueName\":\"search_term_string\"}}],\"inLanguage\":\"es\"},{\"@type\":\"Person\",\"@id\":\"https:\\\/\\\/www.manabi.gob.ec\\\/#\\\/schema\\\/person\\\/cfc71bd68fe2703b779edcc292a49722\",\"name\":\"admin\",\"image\":{\"@type\":\"ImageObject\",\"inLanguage\":\"es\",\"@id\":\"https:\\\/\\\/secure.gravatar.com\\\/avatar\\\/23e9f919492b0a2f65aa168e0d8c5c867ea853b61deffbadf08c7031e15b8d78?s=96&d=mm&r=g\",\"url\":\"https:\\\/\\\/secure.gravatar.com\\\/avatar\\\/23e9f919492b0a2f65aa168e0d8c5c867ea853b61deffbadf08c7031e15b8d78?s=96&d=mm&r=g\",\"contentUrl\":\"https:\\\/\\\/secure.gravatar.com\\\/avatar\\\/23e9f919492b0a2f65aa168e0d8c5c867ea853b61deffbadf08c7031e15b8d78?s=96&d=mm&r=g\",\"caption\":\"admin\"},\"sameAs\":[\"http:\\\/\\\/www.manabi.gob.ec\"],\"url\":\"https:\\\/\\\/www.manabi.gob.ec\\\/index.php\\\/author\\\/admin\\\/\"}]}<\/script>\n<!-- \/ Yoast SEO plugin. -->","yoast_head_json":{"title":"Prefectura brinda asistencia m\u00e9dica en l\u00ednea para grupos prioritarios - Prefectura de Manab\u00ed","robots":{"index":"index","follow":"follow","max-snippet":"max-snippet:-1","max-image-preview":"max-image-preview:large","max-video-preview":"max-video-preview:-1"},"canonical":"https:\/\/www.manabi.gob.ec\/index.php\/prefectura-brinda-asistencia-medica-en-linea-para-grupos-prioritarios\/","og_locale":"es_ES","og_type":"article","og_title":"Prefectura brinda asistencia m\u00e9dica en l\u00ednea para grupos prioritarios - Prefectura de Manab\u00ed","og_description":"El Gobierno de Manab\u00ed ha implementado un sistema de asistencia m\u00e9dica para grupos prioritarios con la finalidad de ofrecer informaci\u00f3n a la poblaci\u00f3n frente a la emergencia por la propagaci\u00f3n del Coronavirus (Covid-19). En su p\u00e1gina web www.manabi.gob.ec, la Prefectura ha habilitado una secci\u00f3n especial para la asistencia prioritaria en medicina general, odontolog\u00eda y nutrici\u00f3n. [&hellip;]","og_url":"https:\/\/www.manabi.gob.ec\/index.php\/prefectura-brinda-asistencia-medica-en-linea-para-grupos-prioritarios\/","og_site_name":"Prefectura de Manab\u00ed","article_published_time":"2020-03-19T22:14:52+00:00","article_modified_time":"2022-02-07T17:09:15+00:00","og_image":[{"width":1800,"height":1200,"url":"https:\/\/www.manabi.gob.ec\/wp-content\/uploads\/2020\/03\/GPM-Asistencia-m\u00e9dica-en-l\u00ednea-1.jpg","type":"image\/jpeg"}],"author":"admin","twitter_card":"summary_large_image","twitter_misc":{"Escrito por":"admin","Tiempo de lectura":"1 minuto"},"schema":{"@context":"https:\/\/schema.org","@graph":[{"@type":"Article","@id":"https:\/\/www.manabi.gob.ec\/index.php\/prefectura-brinda-asistencia-medica-en-linea-para-grupos-prioritarios\/#article","isPartOf":{"@id":"https:\/\/www.manabi.gob.ec\/index.php\/prefectura-brinda-asistencia-medica-en-linea-para-grupos-prioritarios\/"},"author":{"name":"admin","@id":"https:\/\/www.manabi.gob.ec\/#\/schema\/person\/cfc71bd68fe2703b779edcc292a49722"},"headline":"Prefectura brinda asistencia m\u00e9dica en l\u00ednea para grupos prioritarios","datePublished":"2020-03-19T22:14:52+00:00","dateModified":"2022-02-07T17:09:15+00:00","mainEntityOfPage":{"@id":"https:\/\/www.manabi.gob.ec\/index.php\/prefectura-brinda-asistencia-medica-en-linea-para-grupos-prioritarios\/"},"wordCount":178,"image":{"@id":"https:\/\/www.manabi.gob.ec\/index.php\/prefectura-brinda-asistencia-medica-en-linea-para-grupos-prioritarios\/#primaryimage"},"thumbnailUrl":"https:\/\/www.manabi.gob.ec\/wp-content\/uploads\/2020\/03\/GPM-Asistencia-m\u00e9dica-en-l\u00ednea-1.jpg","articleSection":["Coronavirus","Noticias","Todas"],"inLanguage":"es"},{"@type":"WebPage","@id":"https:\/\/www.manabi.gob.ec\/index.php\/prefectura-brinda-asistencia-medica-en-linea-para-grupos-prioritarios\/","url":"https:\/\/www.manabi.gob.ec\/index.php\/prefectura-brinda-asistencia-medica-en-linea-para-grupos-prioritarios\/","name":"Prefectura brinda asistencia m\u00e9dica en l\u00ednea para grupos prioritarios - Prefectura de Manab\u00ed","isPartOf":{"@id":"https:\/\/www.manabi.gob.ec\/#website"},"primaryImageOfPage":{"@id":"https:\/\/www.manabi.gob.ec\/index.php\/prefectura-brinda-asistencia-medica-en-linea-para-grupos-prioritarios\/#primaryimage"},"image":{"@id":"https:\/\/www.manabi.gob.ec\/index.php\/prefectura-brinda-asistencia-medica-en-linea-para-grupos-prioritarios\/#primaryimage"},"thumbnailUrl":"https:\/\/www.manabi.gob.ec\/wp-content\/uploads\/2020\/03\/GPM-Asistencia-m\u00e9dica-en-l\u00ednea-1.jpg","datePublished":"2020-03-19T22:14:52+00:00","dateModified":"2022-02-07T17:09:15+00:00","author":{"@id":"https:\/\/www.manabi.gob.ec\/#\/schema\/person\/cfc71bd68fe2703b779edcc292a49722"},"breadcrumb":{"@id":"https:\/\/www.manabi.gob.ec\/index.php\/prefectura-brinda-asistencia-medica-en-linea-para-grupos-prioritarios\/#breadcrumb"},"inLanguage":"es","potentialAction":[{"@type":"ReadAction","target":["https:\/\/www.manabi.gob.ec\/index.php\/prefectura-brinda-asistencia-medica-en-linea-para-grupos-prioritarios\/"]}]},{"@type":"ImageObject","inLanguage":"es","@id":"https:\/\/www.manabi.gob.ec\/index.php\/prefectura-brinda-asistencia-medica-en-linea-para-grupos-prioritarios\/#primaryimage","url":"https:\/\/www.manabi.gob.ec\/wp-content\/uploads\/2020\/03\/GPM-Asistencia-m\u00e9dica-en-l\u00ednea-1.jpg","contentUrl":"https:\/\/www.manabi.gob.ec\/wp-content\/uploads\/2020\/03\/GPM-Asistencia-m\u00e9dica-en-l\u00ednea-1.jpg","width":1800,"height":1200},{"@type":"BreadcrumbList","@id":"https:\/\/www.manabi.gob.ec\/index.php\/prefectura-brinda-asistencia-medica-en-linea-para-grupos-prioritarios\/#breadcrumb","itemListElement":[{"@type":"ListItem","position":1,"name":"Portada","item":"https:\/\/www.manabi.gob.ec\/"},{"@type":"ListItem","position":2,"name":"Prefectura brinda asistencia m\u00e9dica en l\u00ednea para grupos prioritarios"}]},{"@type":"WebSite","@id":"https:\/\/www.manabi.gob.ec\/#website","url":"https:\/\/www.manabi.gob.ec\/","name":"Prefectura de Manab\u00ed","description":"P\u00e1gina web de la prefectura","potentialAction":[{"@type":"SearchAction","target":{"@type":"EntryPoint","urlTemplate":"https:\/\/www.manabi.gob.ec\/?s={search_term_string}"},"query-input":{"@type":"PropertyValueSpecification","valueRequired":true,"valueName":"search_term_string"}}],"inLanguage":"es"},{"@type":"Person","@id":"https:\/\/www.manabi.gob.ec\/#\/schema\/person\/cfc71bd68fe2703b779edcc292a49722","name":"admin","image":{"@type":"ImageObject","inLanguage":"es","@id":"https:\/\/secure.gravatar.com\/avatar\/23e9f919492b0a2f65aa168e0d8c5c867ea853b61deffbadf08c7031e15b8d78?s=96&d=mm&r=g","url":"https:\/\/secure.gravatar.com\/avatar\/23e9f919492b0a2f65aa168e0d8c5c867ea853b61deffbadf08c7031e15b8d78?s=96&d=mm&r=g","contentUrl":"https:\/\/secure.gravatar.com\/avatar\/23e9f919492b0a2f65aa168e0d8c5c867ea853b61deffbadf08c7031e15b8d78?s=96&d=mm&r=g","caption":"admin"},"sameAs":["http:\/\/www.manabi.gob.ec"],"url":"https:\/\/www.manabi.gob.ec\/index.php\/author\/admin\/"}]}},"jetpack_featured_media_url":"https:\/\/www.manabi.gob.ec\/wp-content\/uploads\/2020\/03\/GPM-Asistencia-m\u00e9dica-en-l\u00ednea-1.jpg","_links":{"self":[{"href":"https:\/\/www.manabi.gob.ec\/index.php\/wp-json\/wp\/v2\/posts\/14113","targetHints":{"allow":["GET"]}}],"collection":[{"href":"https:\/\/www.manabi.gob.ec\/index.php\/wp-json\/wp\/v2\/posts"}],"about":[{"href":"https:\/\/www.manabi.gob.ec\/index.php\/wp-json\/wp\/v2\/types\/post"}],"author":[{"embeddable":true,"href":"https:\/\/www.manabi.gob.ec\/index.php\/wp-json\/wp\/v2\/users\/1"}],"replies":[{"embeddable":true,"href":"https:\/\/www.manabi.gob.ec\/index.php\/wp-json\/wp\/v2\/comments?post=14113"}],"version-history":[{"count":0,"href":"https:\/\/www.manabi.gob.ec\/index.php\/wp-json\/wp\/v2\/posts\/14113\/revisions"}],"wp:featuredmedia":[{"embeddable":true,"href":"https:\/\/www.manabi.gob.ec\/index.php\/wp-json\/wp\/v2\/media\/14114"}],"wp:attachment":[{"href":"https:\/\/www.manabi.gob.ec\/index.php\/wp-json\/wp\/v2\/media?parent=14113"}],"wp:term":[{"taxonomy":"category","embeddable":true,"href":"https:\/\/www.manabi.gob.ec\/index.php\/wp-json\/wp\/v2\/categories?post=14113"},{"taxonomy":"post_tag","embeddable":true,"href":"https:\/\/www.manabi.gob.ec\/index.php\/wp-json\/wp\/v2\/tags?post=14113"}],"curies":[{"name":"wp","href":"https:\/\/api.w.org\/{rel}","templated":true}]}}