{"id":14251,"date":"2020-05-01T15:32:11","date_gmt":"2020-05-01T20:32:11","guid":{"rendered":"https:\/\/www.manabi.gob.ec\/?p=14251"},"modified":"2020-05-01T15:32:11","modified_gmt":"2020-05-01T20:32:11","slug":"donaciones-de-empresas-suman-ayuda-para-manabitas","status":"publish","type":"post","link":"https:\/\/www.manabi.gob.ec\/index.php\/donaciones-de-empresas-suman-ayuda-para-manabitas\/","title":{"rendered":"Donaciones de empresas suman ayuda para los manabitas"},"content":{"rendered":"<p style=\"text-align: justify;\">Familias manabitas en condici\u00f3n de vulnerabilidad se benefician con las donaciones de empresas y personas de buen coraz\u00f3n. Su ayuda permite enfrentar la emergencia por el COVID-19.<\/p>\n<p style=\"text-align: justify;\">\n<p style=\"text-align: justify;\">Por segunda ocasi\u00f3n Corporaci\u00f3n La Favorita realiz\u00f3 la donaci\u00f3n de casi dos mil raciones al Gobierno de Manab\u00ed: 1.599 raciones de alimentos y 400 de elementos de limpieza para su distribuci\u00f3n en la provincia. En una ocasi\u00f3n previa se dot\u00f3 de igual n\u00famero de insumos.<\/p>\n<p style=\"text-align: justify;\">\n<p style=\"text-align: justify;\">La articulaci\u00f3n de acciones solidarias entre empresa privada e instituciones p\u00fablicas, en el marco de la campa\u00f1a \u201cManab\u00ed Responde\u201d, permite ampliar la ayuda que realiza la Prefectura. La entidad compr\u00f3 y distribuye 50 mil kit de alimentos y bioseguridad en todos los cantones y parroquias.<\/p>\n","protected":false},"excerpt":{"rendered":"<p>Familias manabitas en condici\u00f3n de vulnerabilidad se benefician con las donaciones de empresas y personas de buen coraz\u00f3n. Su ayuda permite enfrentar la emergencia por el COVID-19. Por segunda ocasi\u00f3n Corporaci\u00f3n La Favorita realiz\u00f3 la donaci\u00f3n de casi dos mil raciones al Gobierno de Manab\u00ed: 1.599 raciones de alimentos y 400 de elementos de limpieza [&hellip;]<\/p>\n","protected":false},"author":1,"featured_media":14253,"comment_status":"open","ping_status":"open","sticky":false,"template":"","format":"standard","meta":{"_joinchat":[],"footnotes":""},"categories":[71,92,91],"tags":[],"class_list":["post-14251","post","type-post","status-publish","format-standard","has-post-thumbnail","hentry","category-coronavirus","category-noticias-manabi","category-todas"],"yoast_head":"<!-- This site is optimized with the Yoast SEO plugin v27.4 - https:\/\/yoast.com\/product\/yoast-seo-wordpress\/ -->\n<title>Donaciones de empresas suman ayuda para los manabitas - Prefectura de Manab\u00ed<\/title>\n<meta name=\"description\" content=\"Familias manabitas en condici\u00f3n de vulnerabilidad se benefician con las donaciones de empresas y personas de buen coraz\u00f3n. Su ayuda permite enfrentar la emergencia por el COVID-19.Por segunda ocasi\u00f3n Corporaci\u00f3n La Favorita realiz\u00f3 la donaci\u00f3n de casi dos mil raciones al Gobierno de Manab\u00ed: 1.599 raciones de alimentos y 400 de elementos de limpieza para su distribuci\u00f3n en la provincia. En una ocasi\u00f3n previa se dot\u00f3 de igual n\u00famero de insumos.La articulaci\u00f3n de acciones solidarias entre empresa privada e instituciones p\u00fablicas, en el marco de la campa\u00f1a \u201cManab\u00ed Responde\u201d, permite ampliar la ayuda que realiza la Prefectura. La entidad compr\u00f3 y distribuye 50 mil kit de alimentos y bioseguridad en todos los cantones y parroquias.\" \/>\n<meta name=\"robots\" content=\"index, follow, max-snippet:-1, max-image-preview:large, max-video-preview:-1\" \/>\n<link rel=\"canonical\" href=\"https:\/\/www.manabi.gob.ec\/index.php\/donaciones-de-empresas-suman-ayuda-para-manabitas\/\" \/>\n<meta property=\"og:locale\" content=\"es_ES\" \/>\n<meta property=\"og:type\" content=\"article\" \/>\n<meta property=\"og:title\" content=\"Donaciones de empresas suman ayuda para los manabitas - Prefectura de Manab\u00ed\" \/>\n<meta property=\"og:description\" content=\"Familias manabitas en condici\u00f3n de vulnerabilidad se benefician con las donaciones de empresas y personas de buen coraz\u00f3n. Su ayuda permite enfrentar la emergencia por el COVID-19.Por segunda ocasi\u00f3n Corporaci\u00f3n La Favorita realiz\u00f3 la donaci\u00f3n de casi dos mil raciones al Gobierno de Manab\u00ed: 1.599 raciones de alimentos y 400 de elementos de limpieza para su distribuci\u00f3n en la provincia. En una ocasi\u00f3n previa se dot\u00f3 de igual n\u00famero de insumos.La articulaci\u00f3n de acciones solidarias entre empresa privada e instituciones p\u00fablicas, en el marco de la campa\u00f1a \u201cManab\u00ed Responde\u201d, permite ampliar la ayuda que realiza la Prefectura. La entidad compr\u00f3 y distribuye 50 mil kit de alimentos y bioseguridad en todos los cantones y parroquias.\" \/>\n<meta property=\"og:url\" content=\"https:\/\/www.manabi.gob.ec\/index.php\/donaciones-de-empresas-suman-ayuda-para-manabitas\/\" \/>\n<meta property=\"og:site_name\" content=\"Prefectura de Manab\u00ed\" \/>\n<meta property=\"article:published_time\" content=\"2020-05-01T20:32:11+00:00\" \/>\n<meta property=\"og:image\" content=\"https:\/\/www.manabi.gob.ec\/wp-content\/uploads\/2020\/05\/IMG-20200501-WA0007.jpg\" \/>\n\t<meta property=\"og:image:width\" content=\"1280\" \/>\n\t<meta property=\"og:image:height\" content=\"622\" \/>\n\t<meta property=\"og:image:type\" content=\"image\/jpeg\" \/>\n<meta name=\"author\" content=\"admin\" \/>\n<meta name=\"twitter:card\" content=\"summary_large_image\" \/>\n<meta name=\"twitter:label1\" content=\"Escrito por\" \/>\n\t<meta name=\"twitter:data1\" content=\"admin\" \/>\n\t<meta name=\"twitter:label2\" content=\"Tiempo de lectura\" \/>\n\t<meta name=\"twitter:data2\" content=\"1 minuto\" \/>\n<script type=\"application\/ld+json\" class=\"yoast-schema-graph\">{\"@context\":\"https:\\\/\\\/schema.org\",\"@graph\":[{\"@type\":\"Article\",\"@id\":\"https:\\\/\\\/www.manabi.gob.ec\\\/index.php\\\/donaciones-de-empresas-suman-ayuda-para-manabitas\\\/#article\",\"isPartOf\":{\"@id\":\"https:\\\/\\\/www.manabi.gob.ec\\\/index.php\\\/donaciones-de-empresas-suman-ayuda-para-manabitas\\\/\"},\"author\":{\"name\":\"admin\",\"@id\":\"https:\\\/\\\/www.manabi.gob.ec\\\/#\\\/schema\\\/person\\\/cfc71bd68fe2703b779edcc292a49722\"},\"headline\":\"Donaciones de empresas suman ayuda para los manabitas\",\"datePublished\":\"2020-05-01T20:32:11+00:00\",\"mainEntityOfPage\":{\"@id\":\"https:\\\/\\\/www.manabi.gob.ec\\\/index.php\\\/donaciones-de-empresas-suman-ayuda-para-manabitas\\\/\"},\"wordCount\":133,\"commentCount\":0,\"image\":{\"@id\":\"https:\\\/\\\/www.manabi.gob.ec\\\/index.php\\\/donaciones-de-empresas-suman-ayuda-para-manabitas\\\/#primaryimage\"},\"thumbnailUrl\":\"https:\\\/\\\/www.manabi.gob.ec\\\/wp-content\\\/uploads\\\/2020\\\/05\\\/IMG-20200501-WA0007.jpg\",\"articleSection\":[\"Coronavirus\",\"Noticias\",\"Todas\"],\"inLanguage\":\"es\",\"potentialAction\":[{\"@type\":\"CommentAction\",\"name\":\"Comment\",\"target\":[\"https:\\\/\\\/www.manabi.gob.ec\\\/index.php\\\/donaciones-de-empresas-suman-ayuda-para-manabitas\\\/#respond\"]}]},{\"@type\":\"WebPage\",\"@id\":\"https:\\\/\\\/www.manabi.gob.ec\\\/index.php\\\/donaciones-de-empresas-suman-ayuda-para-manabitas\\\/\",\"url\":\"https:\\\/\\\/www.manabi.gob.ec\\\/index.php\\\/donaciones-de-empresas-suman-ayuda-para-manabitas\\\/\",\"name\":\"Donaciones de empresas suman ayuda para los manabitas - Prefectura de Manab\u00ed\",\"isPartOf\":{\"@id\":\"https:\\\/\\\/www.manabi.gob.ec\\\/#website\"},\"primaryImageOfPage\":{\"@id\":\"https:\\\/\\\/www.manabi.gob.ec\\\/index.php\\\/donaciones-de-empresas-suman-ayuda-para-manabitas\\\/#primaryimage\"},\"image\":{\"@id\":\"https:\\\/\\\/www.manabi.gob.ec\\\/index.php\\\/donaciones-de-empresas-suman-ayuda-para-manabitas\\\/#primaryimage\"},\"thumbnailUrl\":\"https:\\\/\\\/www.manabi.gob.ec\\\/wp-content\\\/uploads\\\/2020\\\/05\\\/IMG-20200501-WA0007.jpg\",\"datePublished\":\"2020-05-01T20:32:11+00:00\",\"author\":{\"@id\":\"https:\\\/\\\/www.manabi.gob.ec\\\/#\\\/schema\\\/person\\\/cfc71bd68fe2703b779edcc292a49722\"},\"description\":\"Familias manabitas en condici\u00f3n de vulnerabilidad se benefician con las donaciones de empresas y personas de buen coraz\u00f3n. Su ayuda permite enfrentar la emergencia por el COVID-19.Por segunda ocasi\u00f3n Corporaci\u00f3n La Favorita realiz\u00f3 la donaci\u00f3n de casi dos mil raciones al Gobierno de Manab\u00ed: 1.599 raciones de alimentos y 400 de elementos de limpieza para su distribuci\u00f3n en la provincia. En una ocasi\u00f3n previa se dot\u00f3 de igual n\u00famero de insumos.La articulaci\u00f3n de acciones solidarias entre empresa privada e instituciones p\u00fablicas, en el marco de la campa\u00f1a \u201cManab\u00ed Responde\u201d, permite ampliar la ayuda que realiza la Prefectura. La entidad compr\u00f3 y distribuye 50 mil kit de alimentos y bioseguridad en todos los cantones y parroquias.\",\"breadcrumb\":{\"@id\":\"https:\\\/\\\/www.manabi.gob.ec\\\/index.php\\\/donaciones-de-empresas-suman-ayuda-para-manabitas\\\/#breadcrumb\"},\"inLanguage\":\"es\",\"potentialAction\":[{\"@type\":\"ReadAction\",\"target\":[\"https:\\\/\\\/www.manabi.gob.ec\\\/index.php\\\/donaciones-de-empresas-suman-ayuda-para-manabitas\\\/\"]}]},{\"@type\":\"ImageObject\",\"inLanguage\":\"es\",\"@id\":\"https:\\\/\\\/www.manabi.gob.ec\\\/index.php\\\/donaciones-de-empresas-suman-ayuda-para-manabitas\\\/#primaryimage\",\"url\":\"https:\\\/\\\/www.manabi.gob.ec\\\/wp-content\\\/uploads\\\/2020\\\/05\\\/IMG-20200501-WA0007.jpg\",\"contentUrl\":\"https:\\\/\\\/www.manabi.gob.ec\\\/wp-content\\\/uploads\\\/2020\\\/05\\\/IMG-20200501-WA0007.jpg\",\"width\":1280,\"height\":622},{\"@type\":\"BreadcrumbList\",\"@id\":\"https:\\\/\\\/www.manabi.gob.ec\\\/index.php\\\/donaciones-de-empresas-suman-ayuda-para-manabitas\\\/#breadcrumb\",\"itemListElement\":[{\"@type\":\"ListItem\",\"position\":1,\"name\":\"Portada\",\"item\":\"https:\\\/\\\/www.manabi.gob.ec\\\/\"},{\"@type\":\"ListItem\",\"position\":2,\"name\":\"Donaciones de empresas suman ayuda para los manabitas\"}]},{\"@type\":\"WebSite\",\"@id\":\"https:\\\/\\\/www.manabi.gob.ec\\\/#website\",\"url\":\"https:\\\/\\\/www.manabi.gob.ec\\\/\",\"name\":\"Prefectura de Manab\u00ed\",\"description\":\"P\u00e1gina web de la prefectura\",\"potentialAction\":[{\"@type\":\"SearchAction\",\"target\":{\"@type\":\"EntryPoint\",\"urlTemplate\":\"https:\\\/\\\/www.manabi.gob.ec\\\/?s={search_term_string}\"},\"query-input\":{\"@type\":\"PropertyValueSpecification\",\"valueRequired\":true,\"valueName\":\"search_term_string\"}}],\"inLanguage\":\"es\"},{\"@type\":\"Person\",\"@id\":\"https:\\\/\\\/www.manabi.gob.ec\\\/#\\\/schema\\\/person\\\/cfc71bd68fe2703b779edcc292a49722\",\"name\":\"admin\",\"image\":{\"@type\":\"ImageObject\",\"inLanguage\":\"es\",\"@id\":\"https:\\\/\\\/secure.gravatar.com\\\/avatar\\\/23e9f919492b0a2f65aa168e0d8c5c867ea853b61deffbadf08c7031e15b8d78?s=96&d=mm&r=g\",\"url\":\"https:\\\/\\\/secure.gravatar.com\\\/avatar\\\/23e9f919492b0a2f65aa168e0d8c5c867ea853b61deffbadf08c7031e15b8d78?s=96&d=mm&r=g\",\"contentUrl\":\"https:\\\/\\\/secure.gravatar.com\\\/avatar\\\/23e9f919492b0a2f65aa168e0d8c5c867ea853b61deffbadf08c7031e15b8d78?s=96&d=mm&r=g\",\"caption\":\"admin\"},\"sameAs\":[\"http:\\\/\\\/www.manabi.gob.ec\"],\"url\":\"https:\\\/\\\/www.manabi.gob.ec\\\/index.php\\\/author\\\/admin\\\/\"}]}<\/script>\n<!-- \/ Yoast SEO plugin. -->","yoast_head_json":{"title":"Donaciones de empresas suman ayuda para los manabitas - Prefectura de Manab\u00ed","description":"Familias manabitas en condici\u00f3n de vulnerabilidad se benefician con las donaciones de empresas y personas de buen coraz\u00f3n. Su ayuda permite enfrentar la emergencia por el COVID-19.Por segunda ocasi\u00f3n Corporaci\u00f3n La Favorita realiz\u00f3 la donaci\u00f3n de casi dos mil raciones al Gobierno de Manab\u00ed: 1.599 raciones de alimentos y 400 de elementos de limpieza para su distribuci\u00f3n en la provincia. En una ocasi\u00f3n previa se dot\u00f3 de igual n\u00famero de insumos.La articulaci\u00f3n de acciones solidarias entre empresa privada e instituciones p\u00fablicas, en el marco de la campa\u00f1a \u201cManab\u00ed Responde\u201d, permite ampliar la ayuda que realiza la Prefectura. La entidad compr\u00f3 y distribuye 50 mil kit de alimentos y bioseguridad en todos los cantones y parroquias.","robots":{"index":"index","follow":"follow","max-snippet":"max-snippet:-1","max-image-preview":"max-image-preview:large","max-video-preview":"max-video-preview:-1"},"canonical":"https:\/\/www.manabi.gob.ec\/index.php\/donaciones-de-empresas-suman-ayuda-para-manabitas\/","og_locale":"es_ES","og_type":"article","og_title":"Donaciones de empresas suman ayuda para los manabitas - Prefectura de Manab\u00ed","og_description":"Familias manabitas en condici\u00f3n de vulnerabilidad se benefician con las donaciones de empresas y personas de buen coraz\u00f3n. Su ayuda permite enfrentar la emergencia por el COVID-19.Por segunda ocasi\u00f3n Corporaci\u00f3n La Favorita realiz\u00f3 la donaci\u00f3n de casi dos mil raciones al Gobierno de Manab\u00ed: 1.599 raciones de alimentos y 400 de elementos de limpieza para su distribuci\u00f3n en la provincia. En una ocasi\u00f3n previa se dot\u00f3 de igual n\u00famero de insumos.La articulaci\u00f3n de acciones solidarias entre empresa privada e instituciones p\u00fablicas, en el marco de la campa\u00f1a \u201cManab\u00ed Responde\u201d, permite ampliar la ayuda que realiza la Prefectura. La entidad compr\u00f3 y distribuye 50 mil kit de alimentos y bioseguridad en todos los cantones y parroquias.","og_url":"https:\/\/www.manabi.gob.ec\/index.php\/donaciones-de-empresas-suman-ayuda-para-manabitas\/","og_site_name":"Prefectura de Manab\u00ed","article_published_time":"2020-05-01T20:32:11+00:00","og_image":[{"width":1280,"height":622,"url":"https:\/\/www.manabi.gob.ec\/wp-content\/uploads\/2020\/05\/IMG-20200501-WA0007.jpg","type":"image\/jpeg"}],"author":"admin","twitter_card":"summary_large_image","twitter_misc":{"Escrito por":"admin","Tiempo de lectura":"1 minuto"},"schema":{"@context":"https:\/\/schema.org","@graph":[{"@type":"Article","@id":"https:\/\/www.manabi.gob.ec\/index.php\/donaciones-de-empresas-suman-ayuda-para-manabitas\/#article","isPartOf":{"@id":"https:\/\/www.manabi.gob.ec\/index.php\/donaciones-de-empresas-suman-ayuda-para-manabitas\/"},"author":{"name":"admin","@id":"https:\/\/www.manabi.gob.ec\/#\/schema\/person\/cfc71bd68fe2703b779edcc292a49722"},"headline":"Donaciones de empresas suman ayuda para los manabitas","datePublished":"2020-05-01T20:32:11+00:00","mainEntityOfPage":{"@id":"https:\/\/www.manabi.gob.ec\/index.php\/donaciones-de-empresas-suman-ayuda-para-manabitas\/"},"wordCount":133,"commentCount":0,"image":{"@id":"https:\/\/www.manabi.gob.ec\/index.php\/donaciones-de-empresas-suman-ayuda-para-manabitas\/#primaryimage"},"thumbnailUrl":"https:\/\/www.manabi.gob.ec\/wp-content\/uploads\/2020\/05\/IMG-20200501-WA0007.jpg","articleSection":["Coronavirus","Noticias","Todas"],"inLanguage":"es","potentialAction":[{"@type":"CommentAction","name":"Comment","target":["https:\/\/www.manabi.gob.ec\/index.php\/donaciones-de-empresas-suman-ayuda-para-manabitas\/#respond"]}]},{"@type":"WebPage","@id":"https:\/\/www.manabi.gob.ec\/index.php\/donaciones-de-empresas-suman-ayuda-para-manabitas\/","url":"https:\/\/www.manabi.gob.ec\/index.php\/donaciones-de-empresas-suman-ayuda-para-manabitas\/","name":"Donaciones de empresas suman ayuda para los manabitas - Prefectura de Manab\u00ed","isPartOf":{"@id":"https:\/\/www.manabi.gob.ec\/#website"},"primaryImageOfPage":{"@id":"https:\/\/www.manabi.gob.ec\/index.php\/donaciones-de-empresas-suman-ayuda-para-manabitas\/#primaryimage"},"image":{"@id":"https:\/\/www.manabi.gob.ec\/index.php\/donaciones-de-empresas-suman-ayuda-para-manabitas\/#primaryimage"},"thumbnailUrl":"https:\/\/www.manabi.gob.ec\/wp-content\/uploads\/2020\/05\/IMG-20200501-WA0007.jpg","datePublished":"2020-05-01T20:32:11+00:00","author":{"@id":"https:\/\/www.manabi.gob.ec\/#\/schema\/person\/cfc71bd68fe2703b779edcc292a49722"},"description":"Familias manabitas en condici\u00f3n de vulnerabilidad se benefician con las donaciones de empresas y personas de buen coraz\u00f3n. Su ayuda permite enfrentar la emergencia por el COVID-19.Por segunda ocasi\u00f3n Corporaci\u00f3n La Favorita realiz\u00f3 la donaci\u00f3n de casi dos mil raciones al Gobierno de Manab\u00ed: 1.599 raciones de alimentos y 400 de elementos de limpieza para su distribuci\u00f3n en la provincia. En una ocasi\u00f3n previa se dot\u00f3 de igual n\u00famero de insumos.La articulaci\u00f3n de acciones solidarias entre empresa privada e instituciones p\u00fablicas, en el marco de la campa\u00f1a \u201cManab\u00ed Responde\u201d, permite ampliar la ayuda que realiza la Prefectura. La entidad compr\u00f3 y distribuye 50 mil kit de alimentos y bioseguridad en todos los cantones y parroquias.","breadcrumb":{"@id":"https:\/\/www.manabi.gob.ec\/index.php\/donaciones-de-empresas-suman-ayuda-para-manabitas\/#breadcrumb"},"inLanguage":"es","potentialAction":[{"@type":"ReadAction","target":["https:\/\/www.manabi.gob.ec\/index.php\/donaciones-de-empresas-suman-ayuda-para-manabitas\/"]}]},{"@type":"ImageObject","inLanguage":"es","@id":"https:\/\/www.manabi.gob.ec\/index.php\/donaciones-de-empresas-suman-ayuda-para-manabitas\/#primaryimage","url":"https:\/\/www.manabi.gob.ec\/wp-content\/uploads\/2020\/05\/IMG-20200501-WA0007.jpg","contentUrl":"https:\/\/www.manabi.gob.ec\/wp-content\/uploads\/2020\/05\/IMG-20200501-WA0007.jpg","width":1280,"height":622},{"@type":"BreadcrumbList","@id":"https:\/\/www.manabi.gob.ec\/index.php\/donaciones-de-empresas-suman-ayuda-para-manabitas\/#breadcrumb","itemListElement":[{"@type":"ListItem","position":1,"name":"Portada","item":"https:\/\/www.manabi.gob.ec\/"},{"@type":"ListItem","position":2,"name":"Donaciones de empresas suman ayuda para los manabitas"}]},{"@type":"WebSite","@id":"https:\/\/www.manabi.gob.ec\/#website","url":"https:\/\/www.manabi.gob.ec\/","name":"Prefectura de Manab\u00ed","description":"P\u00e1gina web de la prefectura","potentialAction":[{"@type":"SearchAction","target":{"@type":"EntryPoint","urlTemplate":"https:\/\/www.manabi.gob.ec\/?s={search_term_string}"},"query-input":{"@type":"PropertyValueSpecification","valueRequired":true,"valueName":"search_term_string"}}],"inLanguage":"es"},{"@type":"Person","@id":"https:\/\/www.manabi.gob.ec\/#\/schema\/person\/cfc71bd68fe2703b779edcc292a49722","name":"admin","image":{"@type":"ImageObject","inLanguage":"es","@id":"https:\/\/secure.gravatar.com\/avatar\/23e9f919492b0a2f65aa168e0d8c5c867ea853b61deffbadf08c7031e15b8d78?s=96&d=mm&r=g","url":"https:\/\/secure.gravatar.com\/avatar\/23e9f919492b0a2f65aa168e0d8c5c867ea853b61deffbadf08c7031e15b8d78?s=96&d=mm&r=g","contentUrl":"https:\/\/secure.gravatar.com\/avatar\/23e9f919492b0a2f65aa168e0d8c5c867ea853b61deffbadf08c7031e15b8d78?s=96&d=mm&r=g","caption":"admin"},"sameAs":["http:\/\/www.manabi.gob.ec"],"url":"https:\/\/www.manabi.gob.ec\/index.php\/author\/admin\/"}]}},"jetpack_featured_media_url":"https:\/\/www.manabi.gob.ec\/wp-content\/uploads\/2020\/05\/IMG-20200501-WA0007.jpg","_links":{"self":[{"href":"https:\/\/www.manabi.gob.ec\/index.php\/wp-json\/wp\/v2\/posts\/14251","targetHints":{"allow":["GET"]}}],"collection":[{"href":"https:\/\/www.manabi.gob.ec\/index.php\/wp-json\/wp\/v2\/posts"}],"about":[{"href":"https:\/\/www.manabi.gob.ec\/index.php\/wp-json\/wp\/v2\/types\/post"}],"author":[{"embeddable":true,"href":"https:\/\/www.manabi.gob.ec\/index.php\/wp-json\/wp\/v2\/users\/1"}],"replies":[{"embeddable":true,"href":"https:\/\/www.manabi.gob.ec\/index.php\/wp-json\/wp\/v2\/comments?post=14251"}],"version-history":[{"count":0,"href":"https:\/\/www.manabi.gob.ec\/index.php\/wp-json\/wp\/v2\/posts\/14251\/revisions"}],"wp:featuredmedia":[{"embeddable":true,"href":"https:\/\/www.manabi.gob.ec\/index.php\/wp-json\/wp\/v2\/media\/14253"}],"wp:attachment":[{"href":"https:\/\/www.manabi.gob.ec\/index.php\/wp-json\/wp\/v2\/media?parent=14251"}],"wp:term":[{"taxonomy":"category","embeddable":true,"href":"https:\/\/www.manabi.gob.ec\/index.php\/wp-json\/wp\/v2\/categories?post=14251"},{"taxonomy":"post_tag","embeddable":true,"href":"https:\/\/www.manabi.gob.ec\/index.php\/wp-json\/wp\/v2\/tags?post=14251"}],"curies":[{"name":"wp","href":"https:\/\/api.w.org\/{rel}","templated":true}]}}