{"id":14268,"date":"2020-05-14T14:46:03","date_gmt":"2020-05-14T14:46:03","guid":{"rendered":"https:\/\/www.manabi.gob.ec\/?p=14268"},"modified":"2020-06-14T07:12:24","modified_gmt":"2020-06-14T07:12:24","slug":"en-portoviejo-se-realizan-pruebas-pcr-para-covid-19","status":"publish","type":"post","link":"https:\/\/www.manabi.gob.ec\/index.php\/en-portoviejo-se-realizan-pruebas-pcr-para-covid-19\/","title":{"rendered":"En Portoviejo se realizan pruebas PCR para COVID-19"},"content":{"rendered":"<p style=\"text-align: justify;\">Tres brigadas de salud del Gobierno de Manab\u00ed, realizan b\u00fasqueda activa de casos y toma de muestras con hisopado nasofar\u00edngeo para diagn\u00f3stico por pruebas PCR de COVID-19.<\/p>\n<p style=\"text-align: justify;\">\n<p style=\"text-align: justify;\">Diferentes sectores de la parroquia Andr\u00e9s de Vera del cant\u00f3n Portoviejo se han beneficiado. La acci\u00f3n es posible gracias al convenio interinstitucional vigente entre la Prefectura y la Coordinaci\u00f3n de Salud zona 4.<\/p>\n<p style=\"text-align: justify;\">\n<p style=\"text-align: justify;\">El martes 12 de mayo, se visitaron 99 familias y se asistieron 381 ciudadanos de la parroquia Andr\u00e9s de Vera, de los sectores California, San Eduardo y Medardo Cevallos, inform\u00f3 la doctora Mariela Mac\u00edas, Directora de Desarrollo Humano del Gobierno de Manab\u00ed.<\/p>\n<p style=\"text-align: justify;\">\n<p style=\"text-align: justify;\">Este mi\u00e9rcoles, fueron atendidos los sectores como Ciudadela San Gregorio (La Pi\u00f1onada) y San Alejo. Las brigadas de salud visitaron 41 familias y asistieron 155 personas sospechosas de COVID-19.<\/p>\n<p style=\"text-align: justify;\">\n<p style=\"text-align: justify;\">Mac\u00edas, explic\u00f3 que las brigadas m\u00f3viles comunitarias tienen la finalidad de captar casos nuevos, e identificar los contactos, incluyendo toma de muestra a pacientes que cumplan con la definici\u00f3n de caso para luego ser enviadas al laboratorio del Hospital de Especialidades de Portoviejo para el respectivo an\u00e1lisis y diagn\u00f3stico a trav\u00e9s de la prueba PCR.<\/p>\n<p style=\"text-align: justify;\">\n<p style=\"text-align: justify;\">Adem\u00e1s dijo que el Prefecto Leonardo Orlando se ha comprometido en apoyar con m\u00e1s de 50 brigadas comunitarias en toda la provincia para realizar toma de muestras en domicilio y en triaje. Estos equipos se desplazar\u00e1n a las comunidades con mayor riesgo de transmisi\u00f3n para COVID-19 y entregaran informaci\u00f3n captada a la unidad de salud del territorio<\/p>\n","protected":false},"excerpt":{"rendered":"<p>Tres brigadas de salud del Gobierno de Manab\u00ed, realizan b\u00fasqueda activa de casos y toma de muestras con hisopado nasofar\u00edngeo para diagn\u00f3stico por pruebas PCR de COVID-19. Diferentes sectores de la parroquia Andr\u00e9s de Vera del cant\u00f3n Portoviejo se han beneficiado. La acci\u00f3n es posible gracias al convenio interinstitucional vigente entre la Prefectura y la [&hellip;]<\/p>\n","protected":false},"author":1,"featured_media":14269,"comment_status":"open","ping_status":"open","sticky":false,"template":"","format":"standard","meta":{"_joinchat":[],"footnotes":""},"categories":[71,72],"tags":[],"class_list":["post-14268","post","type-post","status-publish","format-standard","has-post-thumbnail","hentry","category-coronavirus","category-salud"],"yoast_head":"<!-- This site is optimized with the Yoast SEO plugin v27.4 - https:\/\/yoast.com\/product\/yoast-seo-wordpress\/ -->\n<title>En Portoviejo se realizan pruebas PCR para COVID-19 - Prefectura de Manab\u00ed<\/title>\n<meta name=\"robots\" content=\"index, follow, max-snippet:-1, max-image-preview:large, max-video-preview:-1\" \/>\n<link rel=\"canonical\" href=\"https:\/\/www.manabi.gob.ec\/index.php\/en-portoviejo-se-realizan-pruebas-pcr-para-covid-19\/\" \/>\n<meta property=\"og:locale\" content=\"es_ES\" \/>\n<meta property=\"og:type\" content=\"article\" \/>\n<meta property=\"og:title\" content=\"En Portoviejo se realizan pruebas PCR para COVID-19 - Prefectura de Manab\u00ed\" \/>\n<meta property=\"og:description\" content=\"Tres brigadas de salud del Gobierno de Manab\u00ed, realizan b\u00fasqueda activa de casos y toma de muestras con hisopado nasofar\u00edngeo para diagn\u00f3stico por pruebas PCR de COVID-19. Diferentes sectores de la parroquia Andr\u00e9s de Vera del cant\u00f3n Portoviejo se han beneficiado. La acci\u00f3n es posible gracias al convenio interinstitucional vigente entre la Prefectura y la [&hellip;]\" \/>\n<meta property=\"og:url\" content=\"https:\/\/www.manabi.gob.ec\/index.php\/en-portoviejo-se-realizan-pruebas-pcr-para-covid-19\/\" \/>\n<meta property=\"og:site_name\" content=\"Prefectura de Manab\u00ed\" \/>\n<meta property=\"article:published_time\" content=\"2020-05-14T14:46:03+00:00\" \/>\n<meta property=\"article:modified_time\" content=\"2020-06-14T07:12:24+00:00\" \/>\n<meta property=\"og:image\" content=\"https:\/\/www.manabi.gob.ec\/wp-content\/uploads\/2020\/05\/foto-1.-toma-de-muestras-con-hisopado-nasofar\u00edngeo.jpg\" \/>\n\t<meta property=\"og:image:width\" content=\"960\" \/>\n\t<meta property=\"og:image:height\" content=\"1280\" \/>\n\t<meta property=\"og:image:type\" content=\"image\/jpeg\" \/>\n<meta name=\"author\" content=\"admin\" \/>\n<meta name=\"twitter:card\" content=\"summary_large_image\" \/>\n<meta name=\"twitter:label1\" content=\"Escrito por\" \/>\n\t<meta name=\"twitter:data1\" content=\"admin\" \/>\n\t<meta name=\"twitter:label2\" content=\"Tiempo de lectura\" \/>\n\t<meta name=\"twitter:data2\" content=\"1 minuto\" \/>\n<script type=\"application\/ld+json\" class=\"yoast-schema-graph\">{\"@context\":\"https:\\\/\\\/schema.org\",\"@graph\":[{\"@type\":\"Article\",\"@id\":\"https:\\\/\\\/www.manabi.gob.ec\\\/index.php\\\/en-portoviejo-se-realizan-pruebas-pcr-para-covid-19\\\/#article\",\"isPartOf\":{\"@id\":\"https:\\\/\\\/www.manabi.gob.ec\\\/index.php\\\/en-portoviejo-se-realizan-pruebas-pcr-para-covid-19\\\/\"},\"author\":{\"name\":\"admin\",\"@id\":\"https:\\\/\\\/www.manabi.gob.ec\\\/#\\\/schema\\\/person\\\/cfc71bd68fe2703b779edcc292a49722\"},\"headline\":\"En Portoviejo se realizan pruebas PCR para COVID-19\",\"datePublished\":\"2020-05-14T14:46:03+00:00\",\"dateModified\":\"2020-06-14T07:12:24+00:00\",\"mainEntityOfPage\":{\"@id\":\"https:\\\/\\\/www.manabi.gob.ec\\\/index.php\\\/en-portoviejo-se-realizan-pruebas-pcr-para-covid-19\\\/\"},\"wordCount\":266,\"commentCount\":0,\"image\":{\"@id\":\"https:\\\/\\\/www.manabi.gob.ec\\\/index.php\\\/en-portoviejo-se-realizan-pruebas-pcr-para-covid-19\\\/#primaryimage\"},\"thumbnailUrl\":\"https:\\\/\\\/www.manabi.gob.ec\\\/wp-content\\\/uploads\\\/2020\\\/05\\\/foto-1.-toma-de-muestras-con-hisopado-nasofar\u00edngeo.jpg\",\"articleSection\":[\"Coronavirus\",\"salud\"],\"inLanguage\":\"es\",\"potentialAction\":[{\"@type\":\"CommentAction\",\"name\":\"Comment\",\"target\":[\"https:\\\/\\\/www.manabi.gob.ec\\\/index.php\\\/en-portoviejo-se-realizan-pruebas-pcr-para-covid-19\\\/#respond\"]}]},{\"@type\":\"WebPage\",\"@id\":\"https:\\\/\\\/www.manabi.gob.ec\\\/index.php\\\/en-portoviejo-se-realizan-pruebas-pcr-para-covid-19\\\/\",\"url\":\"https:\\\/\\\/www.manabi.gob.ec\\\/index.php\\\/en-portoviejo-se-realizan-pruebas-pcr-para-covid-19\\\/\",\"name\":\"En Portoviejo se realizan pruebas PCR para COVID-19 - Prefectura de Manab\u00ed\",\"isPartOf\":{\"@id\":\"https:\\\/\\\/www.manabi.gob.ec\\\/#website\"},\"primaryImageOfPage\":{\"@id\":\"https:\\\/\\\/www.manabi.gob.ec\\\/index.php\\\/en-portoviejo-se-realizan-pruebas-pcr-para-covid-19\\\/#primaryimage\"},\"image\":{\"@id\":\"https:\\\/\\\/www.manabi.gob.ec\\\/index.php\\\/en-portoviejo-se-realizan-pruebas-pcr-para-covid-19\\\/#primaryimage\"},\"thumbnailUrl\":\"https:\\\/\\\/www.manabi.gob.ec\\\/wp-content\\\/uploads\\\/2020\\\/05\\\/foto-1.-toma-de-muestras-con-hisopado-nasofar\u00edngeo.jpg\",\"datePublished\":\"2020-05-14T14:46:03+00:00\",\"dateModified\":\"2020-06-14T07:12:24+00:00\",\"author\":{\"@id\":\"https:\\\/\\\/www.manabi.gob.ec\\\/#\\\/schema\\\/person\\\/cfc71bd68fe2703b779edcc292a49722\"},\"breadcrumb\":{\"@id\":\"https:\\\/\\\/www.manabi.gob.ec\\\/index.php\\\/en-portoviejo-se-realizan-pruebas-pcr-para-covid-19\\\/#breadcrumb\"},\"inLanguage\":\"es\",\"potentialAction\":[{\"@type\":\"ReadAction\",\"target\":[\"https:\\\/\\\/www.manabi.gob.ec\\\/index.php\\\/en-portoviejo-se-realizan-pruebas-pcr-para-covid-19\\\/\"]}]},{\"@type\":\"ImageObject\",\"inLanguage\":\"es\",\"@id\":\"https:\\\/\\\/www.manabi.gob.ec\\\/index.php\\\/en-portoviejo-se-realizan-pruebas-pcr-para-covid-19\\\/#primaryimage\",\"url\":\"https:\\\/\\\/www.manabi.gob.ec\\\/wp-content\\\/uploads\\\/2020\\\/05\\\/foto-1.-toma-de-muestras-con-hisopado-nasofar\u00edngeo.jpg\",\"contentUrl\":\"https:\\\/\\\/www.manabi.gob.ec\\\/wp-content\\\/uploads\\\/2020\\\/05\\\/foto-1.-toma-de-muestras-con-hisopado-nasofar\u00edngeo.jpg\",\"width\":960,\"height\":1280},{\"@type\":\"BreadcrumbList\",\"@id\":\"https:\\\/\\\/www.manabi.gob.ec\\\/index.php\\\/en-portoviejo-se-realizan-pruebas-pcr-para-covid-19\\\/#breadcrumb\",\"itemListElement\":[{\"@type\":\"ListItem\",\"position\":1,\"name\":\"Portada\",\"item\":\"https:\\\/\\\/www.manabi.gob.ec\\\/\"},{\"@type\":\"ListItem\",\"position\":2,\"name\":\"En Portoviejo se realizan pruebas PCR para COVID-19\"}]},{\"@type\":\"WebSite\",\"@id\":\"https:\\\/\\\/www.manabi.gob.ec\\\/#website\",\"url\":\"https:\\\/\\\/www.manabi.gob.ec\\\/\",\"name\":\"Prefectura de Manab\u00ed\",\"description\":\"P\u00e1gina web de la prefectura\",\"potentialAction\":[{\"@type\":\"SearchAction\",\"target\":{\"@type\":\"EntryPoint\",\"urlTemplate\":\"https:\\\/\\\/www.manabi.gob.ec\\\/?s={search_term_string}\"},\"query-input\":{\"@type\":\"PropertyValueSpecification\",\"valueRequired\":true,\"valueName\":\"search_term_string\"}}],\"inLanguage\":\"es\"},{\"@type\":\"Person\",\"@id\":\"https:\\\/\\\/www.manabi.gob.ec\\\/#\\\/schema\\\/person\\\/cfc71bd68fe2703b779edcc292a49722\",\"name\":\"admin\",\"image\":{\"@type\":\"ImageObject\",\"inLanguage\":\"es\",\"@id\":\"https:\\\/\\\/secure.gravatar.com\\\/avatar\\\/23e9f919492b0a2f65aa168e0d8c5c867ea853b61deffbadf08c7031e15b8d78?s=96&d=mm&r=g\",\"url\":\"https:\\\/\\\/secure.gravatar.com\\\/avatar\\\/23e9f919492b0a2f65aa168e0d8c5c867ea853b61deffbadf08c7031e15b8d78?s=96&d=mm&r=g\",\"contentUrl\":\"https:\\\/\\\/secure.gravatar.com\\\/avatar\\\/23e9f919492b0a2f65aa168e0d8c5c867ea853b61deffbadf08c7031e15b8d78?s=96&d=mm&r=g\",\"caption\":\"admin\"},\"sameAs\":[\"http:\\\/\\\/www.manabi.gob.ec\"],\"url\":\"https:\\\/\\\/www.manabi.gob.ec\\\/index.php\\\/author\\\/admin\\\/\"}]}<\/script>\n<!-- \/ Yoast SEO plugin. -->","yoast_head_json":{"title":"En Portoviejo se realizan pruebas PCR para COVID-19 - Prefectura de Manab\u00ed","robots":{"index":"index","follow":"follow","max-snippet":"max-snippet:-1","max-image-preview":"max-image-preview:large","max-video-preview":"max-video-preview:-1"},"canonical":"https:\/\/www.manabi.gob.ec\/index.php\/en-portoviejo-se-realizan-pruebas-pcr-para-covid-19\/","og_locale":"es_ES","og_type":"article","og_title":"En Portoviejo se realizan pruebas PCR para COVID-19 - Prefectura de Manab\u00ed","og_description":"Tres brigadas de salud del Gobierno de Manab\u00ed, realizan b\u00fasqueda activa de casos y toma de muestras con hisopado nasofar\u00edngeo para diagn\u00f3stico por pruebas PCR de COVID-19. Diferentes sectores de la parroquia Andr\u00e9s de Vera del cant\u00f3n Portoviejo se han beneficiado. La acci\u00f3n es posible gracias al convenio interinstitucional vigente entre la Prefectura y la [&hellip;]","og_url":"https:\/\/www.manabi.gob.ec\/index.php\/en-portoviejo-se-realizan-pruebas-pcr-para-covid-19\/","og_site_name":"Prefectura de Manab\u00ed","article_published_time":"2020-05-14T14:46:03+00:00","article_modified_time":"2020-06-14T07:12:24+00:00","og_image":[{"width":960,"height":1280,"url":"https:\/\/www.manabi.gob.ec\/wp-content\/uploads\/2020\/05\/foto-1.-toma-de-muestras-con-hisopado-nasofar\u00edngeo.jpg","type":"image\/jpeg"}],"author":"admin","twitter_card":"summary_large_image","twitter_misc":{"Escrito por":"admin","Tiempo de lectura":"1 minuto"},"schema":{"@context":"https:\/\/schema.org","@graph":[{"@type":"Article","@id":"https:\/\/www.manabi.gob.ec\/index.php\/en-portoviejo-se-realizan-pruebas-pcr-para-covid-19\/#article","isPartOf":{"@id":"https:\/\/www.manabi.gob.ec\/index.php\/en-portoviejo-se-realizan-pruebas-pcr-para-covid-19\/"},"author":{"name":"admin","@id":"https:\/\/www.manabi.gob.ec\/#\/schema\/person\/cfc71bd68fe2703b779edcc292a49722"},"headline":"En Portoviejo se realizan pruebas PCR para COVID-19","datePublished":"2020-05-14T14:46:03+00:00","dateModified":"2020-06-14T07:12:24+00:00","mainEntityOfPage":{"@id":"https:\/\/www.manabi.gob.ec\/index.php\/en-portoviejo-se-realizan-pruebas-pcr-para-covid-19\/"},"wordCount":266,"commentCount":0,"image":{"@id":"https:\/\/www.manabi.gob.ec\/index.php\/en-portoviejo-se-realizan-pruebas-pcr-para-covid-19\/#primaryimage"},"thumbnailUrl":"https:\/\/www.manabi.gob.ec\/wp-content\/uploads\/2020\/05\/foto-1.-toma-de-muestras-con-hisopado-nasofar\u00edngeo.jpg","articleSection":["Coronavirus","salud"],"inLanguage":"es","potentialAction":[{"@type":"CommentAction","name":"Comment","target":["https:\/\/www.manabi.gob.ec\/index.php\/en-portoviejo-se-realizan-pruebas-pcr-para-covid-19\/#respond"]}]},{"@type":"WebPage","@id":"https:\/\/www.manabi.gob.ec\/index.php\/en-portoviejo-se-realizan-pruebas-pcr-para-covid-19\/","url":"https:\/\/www.manabi.gob.ec\/index.php\/en-portoviejo-se-realizan-pruebas-pcr-para-covid-19\/","name":"En Portoviejo se realizan pruebas PCR para COVID-19 - Prefectura de Manab\u00ed","isPartOf":{"@id":"https:\/\/www.manabi.gob.ec\/#website"},"primaryImageOfPage":{"@id":"https:\/\/www.manabi.gob.ec\/index.php\/en-portoviejo-se-realizan-pruebas-pcr-para-covid-19\/#primaryimage"},"image":{"@id":"https:\/\/www.manabi.gob.ec\/index.php\/en-portoviejo-se-realizan-pruebas-pcr-para-covid-19\/#primaryimage"},"thumbnailUrl":"https:\/\/www.manabi.gob.ec\/wp-content\/uploads\/2020\/05\/foto-1.-toma-de-muestras-con-hisopado-nasofar\u00edngeo.jpg","datePublished":"2020-05-14T14:46:03+00:00","dateModified":"2020-06-14T07:12:24+00:00","author":{"@id":"https:\/\/www.manabi.gob.ec\/#\/schema\/person\/cfc71bd68fe2703b779edcc292a49722"},"breadcrumb":{"@id":"https:\/\/www.manabi.gob.ec\/index.php\/en-portoviejo-se-realizan-pruebas-pcr-para-covid-19\/#breadcrumb"},"inLanguage":"es","potentialAction":[{"@type":"ReadAction","target":["https:\/\/www.manabi.gob.ec\/index.php\/en-portoviejo-se-realizan-pruebas-pcr-para-covid-19\/"]}]},{"@type":"ImageObject","inLanguage":"es","@id":"https:\/\/www.manabi.gob.ec\/index.php\/en-portoviejo-se-realizan-pruebas-pcr-para-covid-19\/#primaryimage","url":"https:\/\/www.manabi.gob.ec\/wp-content\/uploads\/2020\/05\/foto-1.-toma-de-muestras-con-hisopado-nasofar\u00edngeo.jpg","contentUrl":"https:\/\/www.manabi.gob.ec\/wp-content\/uploads\/2020\/05\/foto-1.-toma-de-muestras-con-hisopado-nasofar\u00edngeo.jpg","width":960,"height":1280},{"@type":"BreadcrumbList","@id":"https:\/\/www.manabi.gob.ec\/index.php\/en-portoviejo-se-realizan-pruebas-pcr-para-covid-19\/#breadcrumb","itemListElement":[{"@type":"ListItem","position":1,"name":"Portada","item":"https:\/\/www.manabi.gob.ec\/"},{"@type":"ListItem","position":2,"name":"En Portoviejo se realizan pruebas PCR para COVID-19"}]},{"@type":"WebSite","@id":"https:\/\/www.manabi.gob.ec\/#website","url":"https:\/\/www.manabi.gob.ec\/","name":"Prefectura de Manab\u00ed","description":"P\u00e1gina web de la prefectura","potentialAction":[{"@type":"SearchAction","target":{"@type":"EntryPoint","urlTemplate":"https:\/\/www.manabi.gob.ec\/?s={search_term_string}"},"query-input":{"@type":"PropertyValueSpecification","valueRequired":true,"valueName":"search_term_string"}}],"inLanguage":"es"},{"@type":"Person","@id":"https:\/\/www.manabi.gob.ec\/#\/schema\/person\/cfc71bd68fe2703b779edcc292a49722","name":"admin","image":{"@type":"ImageObject","inLanguage":"es","@id":"https:\/\/secure.gravatar.com\/avatar\/23e9f919492b0a2f65aa168e0d8c5c867ea853b61deffbadf08c7031e15b8d78?s=96&d=mm&r=g","url":"https:\/\/secure.gravatar.com\/avatar\/23e9f919492b0a2f65aa168e0d8c5c867ea853b61deffbadf08c7031e15b8d78?s=96&d=mm&r=g","contentUrl":"https:\/\/secure.gravatar.com\/avatar\/23e9f919492b0a2f65aa168e0d8c5c867ea853b61deffbadf08c7031e15b8d78?s=96&d=mm&r=g","caption":"admin"},"sameAs":["http:\/\/www.manabi.gob.ec"],"url":"https:\/\/www.manabi.gob.ec\/index.php\/author\/admin\/"}]}},"jetpack_featured_media_url":"https:\/\/www.manabi.gob.ec\/wp-content\/uploads\/2020\/05\/foto-1.-toma-de-muestras-con-hisopado-nasofar\u00edngeo.jpg","_links":{"self":[{"href":"https:\/\/www.manabi.gob.ec\/index.php\/wp-json\/wp\/v2\/posts\/14268","targetHints":{"allow":["GET"]}}],"collection":[{"href":"https:\/\/www.manabi.gob.ec\/index.php\/wp-json\/wp\/v2\/posts"}],"about":[{"href":"https:\/\/www.manabi.gob.ec\/index.php\/wp-json\/wp\/v2\/types\/post"}],"author":[{"embeddable":true,"href":"https:\/\/www.manabi.gob.ec\/index.php\/wp-json\/wp\/v2\/users\/1"}],"replies":[{"embeddable":true,"href":"https:\/\/www.manabi.gob.ec\/index.php\/wp-json\/wp\/v2\/comments?post=14268"}],"version-history":[{"count":0,"href":"https:\/\/www.manabi.gob.ec\/index.php\/wp-json\/wp\/v2\/posts\/14268\/revisions"}],"wp:featuredmedia":[{"embeddable":true,"href":"https:\/\/www.manabi.gob.ec\/index.php\/wp-json\/wp\/v2\/media\/14269"}],"wp:attachment":[{"href":"https:\/\/www.manabi.gob.ec\/index.php\/wp-json\/wp\/v2\/media?parent=14268"}],"wp:term":[{"taxonomy":"category","embeddable":true,"href":"https:\/\/www.manabi.gob.ec\/index.php\/wp-json\/wp\/v2\/categories?post=14268"},{"taxonomy":"post_tag","embeddable":true,"href":"https:\/\/www.manabi.gob.ec\/index.php\/wp-json\/wp\/v2\/tags?post=14268"}],"curies":[{"name":"wp","href":"https:\/\/api.w.org\/{rel}","templated":true}]}}