{"id":14525,"date":"2020-05-30T20:37:42","date_gmt":"2020-05-30T20:37:42","guid":{"rendered":"https:\/\/www.manabi.gob.ec\/?p=14324"},"modified":"2020-06-14T07:09:25","modified_gmt":"2020-06-14T07:09:25","slug":"inician-celebraciones-por-el-mes-del-manabitismo","status":"publish","type":"post","link":"https:\/\/www.manabi.gob.ec\/index.php\/inician-celebraciones-por-el-mes-del-manabitismo\/","title":{"rendered":"Inician celebraciones por el Mes del Manabitismo"},"content":{"rendered":"<p style=\"text-align: justify;\">Manab\u00ed llega a junio, su mes hist\u00f3rico, donde una serie de eventos relevantes se recuerdan incluyendo el 25 de junio de 1824 cuando fue la creaci\u00f3n de la provincia junto a los cantones Portoviejo, Montecristi y Jipijapa; recordando 196 a\u00f1os de vida actualmente.<\/p>\n<p style=\"text-align: justify;\">Los actos iniciar\u00e1n el lunes 1 de junio con la izada de las banderas de los cantones, Manab\u00ed y Ecuador, a las 08h00 al frente del parque Eloy Alfaro en Portoviejo.<\/p>\n<p style=\"text-align: justify;\">El evento c\u00edvico contar\u00e1 con la presencia del prefecto Leonardo Orlando y viceprefecta Kelly Buenaventura, mientras que alcaldes, presidentes de Gobiernos Parroquiales y otras autoridades participar\u00e1n de forma virtual mediante videoconferencia.<\/p>\n<p style=\"text-align: justify;\">A lo largo del mes se realizar\u00e1n una serie de actos c\u00edvicos, culturales, productivos, gastron\u00f3micos y art\u00edsticos para rendir homenaje a Manab\u00ed. En medio de la presente emergencia sanitaria las actividades se realizar\u00e1n mediante plataformas digitales y ser\u00e1n difundidas en las redes sociales del Gobierno de Manab\u00ed.<\/p>\n<p style=\"text-align: justify;\">Junio fue declarado como \u201cMes del Manabitismo\u201d en marzo del 2004 por la Corporaci\u00f3n Provincial de ese entonces. La celebraci\u00f3n de la provincializaci\u00f3n se estableci\u00f3 mediante ordenanza provincial el 2 de junio de 1987.<\/p>\n<p style=\"text-align: justify;\">\n<p style=\"text-align: justify;\"><strong>Fechas hist\u00f3ricas para Manab\u00ed en junio<\/strong><\/p>\n<p style=\"text-align: justify;\">\n<ul style=\"text-align: justify;\">\n<li>5 de junio de 1864 &#8211; La Alfarada, primera montonera alfarista que marc\u00f3 el inicio de las luchas del General Eloy Alfaro Delgado.<\/li>\n<li>5 de junio de 1895 &#8211; Triunfo de la Revoluci\u00f3n Liberal.<\/li>\n<li>17 de junio de 1745 &#8211; Nacimiento en Jipijapa del cacique Manuel Inocencio Parrales y Guale, precursor de los derechos ind\u00edgenas.<\/li>\n<li>25 de junio de 1824 &#8211; Creaci\u00f3n de la provincia de Manab\u00ed y de los cantones Portoviejo, Montecristi y Jipijapa.<\/li>\n<li>25 de junio de 1842 &#8211; Nacimiento del expresidente y l\u00edder de la Revoluci\u00f3n Liberal, General Eloy Alfaro Delgado.<\/li>\n<li>25 de junio de 1908 &#8211; Culminaci\u00f3n del Tren de la Unidad Nacional que conect\u00f3 sierra y costa.<\/li>\n<li>25 de junio de 1954 &#8211; Inicio de labores de la Universidad T\u00e9cnica de Manab\u00ed.<\/li>\n<\/ul>\n<p style=\"text-align: justify;\">\n","protected":false},"excerpt":{"rendered":"<p>Manab\u00ed llega a junio, su mes hist\u00f3rico, donde una serie de eventos relevantes se recuerdan incluyendo el 25 de junio de 1824 cuando fue la creaci\u00f3n de la provincia junto a los cantones Portoviejo, Montecristi y Jipijapa; recordando 196 a\u00f1os de vida actualmente. Los actos iniciar\u00e1n el lunes 1 de junio con la izada de [&hellip;]<\/p>\n","protected":false},"author":1,"featured_media":14325,"comment_status":"open","ping_status":"open","sticky":false,"template":"","format":"standard","meta":{"_joinchat":[],"footnotes":""},"categories":[],"tags":[],"class_list":["post-14525","post","type-post","status-publish","format-standard","has-post-thumbnail","hentry"],"yoast_head":"<!-- This site is optimized with the Yoast SEO plugin v27.4 - https:\/\/yoast.com\/product\/yoast-seo-wordpress\/ -->\n<title>Inician celebraciones por el Mes del Manabitismo - Prefectura de Manab\u00ed<\/title>\n<meta name=\"robots\" content=\"index, follow, max-snippet:-1, max-image-preview:large, max-video-preview:-1\" \/>\n<link rel=\"canonical\" href=\"https:\/\/www.manabi.gob.ec\/index.php\/inician-celebraciones-por-el-mes-del-manabitismo\/\" \/>\n<meta property=\"og:locale\" content=\"es_ES\" \/>\n<meta property=\"og:type\" content=\"article\" \/>\n<meta property=\"og:title\" content=\"Inician celebraciones por el Mes del Manabitismo - Prefectura de Manab\u00ed\" \/>\n<meta property=\"og:description\" content=\"Manab\u00ed llega a junio, su mes hist\u00f3rico, donde una serie de eventos relevantes se recuerdan incluyendo el 25 de junio de 1824 cuando fue la creaci\u00f3n de la provincia junto a los cantones Portoviejo, Montecristi y Jipijapa; recordando 196 a\u00f1os de vida actualmente. Los actos iniciar\u00e1n el lunes 1 de junio con la izada de [&hellip;]\" \/>\n<meta property=\"og:url\" content=\"https:\/\/www.manabi.gob.ec\/index.php\/inician-celebraciones-por-el-mes-del-manabitismo\/\" \/>\n<meta property=\"og:site_name\" content=\"Prefectura de Manab\u00ed\" \/>\n<meta property=\"article:published_time\" content=\"2020-05-30T20:37:42+00:00\" \/>\n<meta property=\"article:modified_time\" content=\"2020-06-14T07:09:25+00:00\" \/>\n<meta name=\"author\" content=\"admin\" \/>\n<meta name=\"twitter:card\" content=\"summary_large_image\" \/>\n<meta name=\"twitter:label1\" content=\"Escrito por\" \/>\n\t<meta name=\"twitter:data1\" content=\"admin\" \/>\n\t<meta name=\"twitter:label2\" content=\"Tiempo de lectura\" \/>\n\t<meta name=\"twitter:data2\" content=\"2 minutos\" \/>\n<script type=\"application\/ld+json\" class=\"yoast-schema-graph\">{\"@context\":\"https:\\\/\\\/schema.org\",\"@graph\":[{\"@type\":\"Article\",\"@id\":\"https:\\\/\\\/www.manabi.gob.ec\\\/index.php\\\/inician-celebraciones-por-el-mes-del-manabitismo\\\/#article\",\"isPartOf\":{\"@id\":\"https:\\\/\\\/www.manabi.gob.ec\\\/index.php\\\/inician-celebraciones-por-el-mes-del-manabitismo\\\/\"},\"author\":{\"name\":\"admin\",\"@id\":\"https:\\\/\\\/www.manabi.gob.ec\\\/#\\\/schema\\\/person\\\/cfc71bd68fe2703b779edcc292a49722\"},\"headline\":\"Inician celebraciones por el Mes del Manabitismo\",\"datePublished\":\"2020-05-30T20:37:42+00:00\",\"dateModified\":\"2020-06-14T07:09:25+00:00\",\"mainEntityOfPage\":{\"@id\":\"https:\\\/\\\/www.manabi.gob.ec\\\/index.php\\\/inician-celebraciones-por-el-mes-del-manabitismo\\\/\"},\"wordCount\":328,\"commentCount\":0,\"image\":{\"@id\":\"https:\\\/\\\/www.manabi.gob.ec\\\/index.php\\\/inician-celebraciones-por-el-mes-del-manabitismo\\\/#primaryimage\"},\"thumbnailUrl\":\"\",\"inLanguage\":\"es\",\"potentialAction\":[{\"@type\":\"CommentAction\",\"name\":\"Comment\",\"target\":[\"https:\\\/\\\/www.manabi.gob.ec\\\/index.php\\\/inician-celebraciones-por-el-mes-del-manabitismo\\\/#respond\"]}]},{\"@type\":\"WebPage\",\"@id\":\"https:\\\/\\\/www.manabi.gob.ec\\\/index.php\\\/inician-celebraciones-por-el-mes-del-manabitismo\\\/\",\"url\":\"https:\\\/\\\/www.manabi.gob.ec\\\/index.php\\\/inician-celebraciones-por-el-mes-del-manabitismo\\\/\",\"name\":\"Inician celebraciones por el Mes del Manabitismo - Prefectura de Manab\u00ed\",\"isPartOf\":{\"@id\":\"https:\\\/\\\/www.manabi.gob.ec\\\/#website\"},\"primaryImageOfPage\":{\"@id\":\"https:\\\/\\\/www.manabi.gob.ec\\\/index.php\\\/inician-celebraciones-por-el-mes-del-manabitismo\\\/#primaryimage\"},\"image\":{\"@id\":\"https:\\\/\\\/www.manabi.gob.ec\\\/index.php\\\/inician-celebraciones-por-el-mes-del-manabitismo\\\/#primaryimage\"},\"thumbnailUrl\":\"\",\"datePublished\":\"2020-05-30T20:37:42+00:00\",\"dateModified\":\"2020-06-14T07:09:25+00:00\",\"author\":{\"@id\":\"https:\\\/\\\/www.manabi.gob.ec\\\/#\\\/schema\\\/person\\\/cfc71bd68fe2703b779edcc292a49722\"},\"breadcrumb\":{\"@id\":\"https:\\\/\\\/www.manabi.gob.ec\\\/index.php\\\/inician-celebraciones-por-el-mes-del-manabitismo\\\/#breadcrumb\"},\"inLanguage\":\"es\",\"potentialAction\":[{\"@type\":\"ReadAction\",\"target\":[\"https:\\\/\\\/www.manabi.gob.ec\\\/index.php\\\/inician-celebraciones-por-el-mes-del-manabitismo\\\/\"]}]},{\"@type\":\"ImageObject\",\"inLanguage\":\"es\",\"@id\":\"https:\\\/\\\/www.manabi.gob.ec\\\/index.php\\\/inician-celebraciones-por-el-mes-del-manabitismo\\\/#primaryimage\",\"url\":\"\",\"contentUrl\":\"\"},{\"@type\":\"BreadcrumbList\",\"@id\":\"https:\\\/\\\/www.manabi.gob.ec\\\/index.php\\\/inician-celebraciones-por-el-mes-del-manabitismo\\\/#breadcrumb\",\"itemListElement\":[{\"@type\":\"ListItem\",\"position\":1,\"name\":\"Portada\",\"item\":\"https:\\\/\\\/www.manabi.gob.ec\\\/\"},{\"@type\":\"ListItem\",\"position\":2,\"name\":\"Inician celebraciones por el Mes del Manabitismo\"}]},{\"@type\":\"WebSite\",\"@id\":\"https:\\\/\\\/www.manabi.gob.ec\\\/#website\",\"url\":\"https:\\\/\\\/www.manabi.gob.ec\\\/\",\"name\":\"Prefectura de Manab\u00ed\",\"description\":\"P\u00e1gina web de la prefectura\",\"potentialAction\":[{\"@type\":\"SearchAction\",\"target\":{\"@type\":\"EntryPoint\",\"urlTemplate\":\"https:\\\/\\\/www.manabi.gob.ec\\\/?s={search_term_string}\"},\"query-input\":{\"@type\":\"PropertyValueSpecification\",\"valueRequired\":true,\"valueName\":\"search_term_string\"}}],\"inLanguage\":\"es\"},{\"@type\":\"Person\",\"@id\":\"https:\\\/\\\/www.manabi.gob.ec\\\/#\\\/schema\\\/person\\\/cfc71bd68fe2703b779edcc292a49722\",\"name\":\"admin\",\"image\":{\"@type\":\"ImageObject\",\"inLanguage\":\"es\",\"@id\":\"https:\\\/\\\/secure.gravatar.com\\\/avatar\\\/23e9f919492b0a2f65aa168e0d8c5c867ea853b61deffbadf08c7031e15b8d78?s=96&d=mm&r=g\",\"url\":\"https:\\\/\\\/secure.gravatar.com\\\/avatar\\\/23e9f919492b0a2f65aa168e0d8c5c867ea853b61deffbadf08c7031e15b8d78?s=96&d=mm&r=g\",\"contentUrl\":\"https:\\\/\\\/secure.gravatar.com\\\/avatar\\\/23e9f919492b0a2f65aa168e0d8c5c867ea853b61deffbadf08c7031e15b8d78?s=96&d=mm&r=g\",\"caption\":\"admin\"},\"sameAs\":[\"http:\\\/\\\/www.manabi.gob.ec\"],\"url\":\"https:\\\/\\\/www.manabi.gob.ec\\\/index.php\\\/author\\\/admin\\\/\"}]}<\/script>\n<!-- \/ Yoast SEO plugin. -->","yoast_head_json":{"title":"Inician celebraciones por el Mes del Manabitismo - Prefectura de Manab\u00ed","robots":{"index":"index","follow":"follow","max-snippet":"max-snippet:-1","max-image-preview":"max-image-preview:large","max-video-preview":"max-video-preview:-1"},"canonical":"https:\/\/www.manabi.gob.ec\/index.php\/inician-celebraciones-por-el-mes-del-manabitismo\/","og_locale":"es_ES","og_type":"article","og_title":"Inician celebraciones por el Mes del Manabitismo - Prefectura de Manab\u00ed","og_description":"Manab\u00ed llega a junio, su mes hist\u00f3rico, donde una serie de eventos relevantes se recuerdan incluyendo el 25 de junio de 1824 cuando fue la creaci\u00f3n de la provincia junto a los cantones Portoviejo, Montecristi y Jipijapa; recordando 196 a\u00f1os de vida actualmente. Los actos iniciar\u00e1n el lunes 1 de junio con la izada de [&hellip;]","og_url":"https:\/\/www.manabi.gob.ec\/index.php\/inician-celebraciones-por-el-mes-del-manabitismo\/","og_site_name":"Prefectura de Manab\u00ed","article_published_time":"2020-05-30T20:37:42+00:00","article_modified_time":"2020-06-14T07:09:25+00:00","author":"admin","twitter_card":"summary_large_image","twitter_misc":{"Escrito por":"admin","Tiempo de lectura":"2 minutos"},"schema":{"@context":"https:\/\/schema.org","@graph":[{"@type":"Article","@id":"https:\/\/www.manabi.gob.ec\/index.php\/inician-celebraciones-por-el-mes-del-manabitismo\/#article","isPartOf":{"@id":"https:\/\/www.manabi.gob.ec\/index.php\/inician-celebraciones-por-el-mes-del-manabitismo\/"},"author":{"name":"admin","@id":"https:\/\/www.manabi.gob.ec\/#\/schema\/person\/cfc71bd68fe2703b779edcc292a49722"},"headline":"Inician celebraciones por el Mes del Manabitismo","datePublished":"2020-05-30T20:37:42+00:00","dateModified":"2020-06-14T07:09:25+00:00","mainEntityOfPage":{"@id":"https:\/\/www.manabi.gob.ec\/index.php\/inician-celebraciones-por-el-mes-del-manabitismo\/"},"wordCount":328,"commentCount":0,"image":{"@id":"https:\/\/www.manabi.gob.ec\/index.php\/inician-celebraciones-por-el-mes-del-manabitismo\/#primaryimage"},"thumbnailUrl":"","inLanguage":"es","potentialAction":[{"@type":"CommentAction","name":"Comment","target":["https:\/\/www.manabi.gob.ec\/index.php\/inician-celebraciones-por-el-mes-del-manabitismo\/#respond"]}]},{"@type":"WebPage","@id":"https:\/\/www.manabi.gob.ec\/index.php\/inician-celebraciones-por-el-mes-del-manabitismo\/","url":"https:\/\/www.manabi.gob.ec\/index.php\/inician-celebraciones-por-el-mes-del-manabitismo\/","name":"Inician celebraciones por el Mes del Manabitismo - Prefectura de Manab\u00ed","isPartOf":{"@id":"https:\/\/www.manabi.gob.ec\/#website"},"primaryImageOfPage":{"@id":"https:\/\/www.manabi.gob.ec\/index.php\/inician-celebraciones-por-el-mes-del-manabitismo\/#primaryimage"},"image":{"@id":"https:\/\/www.manabi.gob.ec\/index.php\/inician-celebraciones-por-el-mes-del-manabitismo\/#primaryimage"},"thumbnailUrl":"","datePublished":"2020-05-30T20:37:42+00:00","dateModified":"2020-06-14T07:09:25+00:00","author":{"@id":"https:\/\/www.manabi.gob.ec\/#\/schema\/person\/cfc71bd68fe2703b779edcc292a49722"},"breadcrumb":{"@id":"https:\/\/www.manabi.gob.ec\/index.php\/inician-celebraciones-por-el-mes-del-manabitismo\/#breadcrumb"},"inLanguage":"es","potentialAction":[{"@type":"ReadAction","target":["https:\/\/www.manabi.gob.ec\/index.php\/inician-celebraciones-por-el-mes-del-manabitismo\/"]}]},{"@type":"ImageObject","inLanguage":"es","@id":"https:\/\/www.manabi.gob.ec\/index.php\/inician-celebraciones-por-el-mes-del-manabitismo\/#primaryimage","url":"","contentUrl":""},{"@type":"BreadcrumbList","@id":"https:\/\/www.manabi.gob.ec\/index.php\/inician-celebraciones-por-el-mes-del-manabitismo\/#breadcrumb","itemListElement":[{"@type":"ListItem","position":1,"name":"Portada","item":"https:\/\/www.manabi.gob.ec\/"},{"@type":"ListItem","position":2,"name":"Inician celebraciones por el Mes del Manabitismo"}]},{"@type":"WebSite","@id":"https:\/\/www.manabi.gob.ec\/#website","url":"https:\/\/www.manabi.gob.ec\/","name":"Prefectura de Manab\u00ed","description":"P\u00e1gina web de la prefectura","potentialAction":[{"@type":"SearchAction","target":{"@type":"EntryPoint","urlTemplate":"https:\/\/www.manabi.gob.ec\/?s={search_term_string}"},"query-input":{"@type":"PropertyValueSpecification","valueRequired":true,"valueName":"search_term_string"}}],"inLanguage":"es"},{"@type":"Person","@id":"https:\/\/www.manabi.gob.ec\/#\/schema\/person\/cfc71bd68fe2703b779edcc292a49722","name":"admin","image":{"@type":"ImageObject","inLanguage":"es","@id":"https:\/\/secure.gravatar.com\/avatar\/23e9f919492b0a2f65aa168e0d8c5c867ea853b61deffbadf08c7031e15b8d78?s=96&d=mm&r=g","url":"https:\/\/secure.gravatar.com\/avatar\/23e9f919492b0a2f65aa168e0d8c5c867ea853b61deffbadf08c7031e15b8d78?s=96&d=mm&r=g","contentUrl":"https:\/\/secure.gravatar.com\/avatar\/23e9f919492b0a2f65aa168e0d8c5c867ea853b61deffbadf08c7031e15b8d78?s=96&d=mm&r=g","caption":"admin"},"sameAs":["http:\/\/www.manabi.gob.ec"],"url":"https:\/\/www.manabi.gob.ec\/index.php\/author\/admin\/"}]}},"jetpack_featured_media_url":"","_links":{"self":[{"href":"https:\/\/www.manabi.gob.ec\/index.php\/wp-json\/wp\/v2\/posts\/14525","targetHints":{"allow":["GET"]}}],"collection":[{"href":"https:\/\/www.manabi.gob.ec\/index.php\/wp-json\/wp\/v2\/posts"}],"about":[{"href":"https:\/\/www.manabi.gob.ec\/index.php\/wp-json\/wp\/v2\/types\/post"}],"author":[{"embeddable":true,"href":"https:\/\/www.manabi.gob.ec\/index.php\/wp-json\/wp\/v2\/users\/1"}],"replies":[{"embeddable":true,"href":"https:\/\/www.manabi.gob.ec\/index.php\/wp-json\/wp\/v2\/comments?post=14525"}],"version-history":[{"count":0,"href":"https:\/\/www.manabi.gob.ec\/index.php\/wp-json\/wp\/v2\/posts\/14525\/revisions"}],"wp:featuredmedia":[{"embeddable":true,"href":"https:\/\/www.manabi.gob.ec\/index.php\/wp-json\/"}],"wp:attachment":[{"href":"https:\/\/www.manabi.gob.ec\/index.php\/wp-json\/wp\/v2\/media?parent=14525"}],"wp:term":[{"taxonomy":"category","embeddable":true,"href":"https:\/\/www.manabi.gob.ec\/index.php\/wp-json\/wp\/v2\/categories?post=14525"},{"taxonomy":"post_tag","embeddable":true,"href":"https:\/\/www.manabi.gob.ec\/index.php\/wp-json\/wp\/v2\/tags?post=14525"}],"curies":[{"name":"wp","href":"https:\/\/api.w.org\/{rel}","templated":true}]}}