{"id":14531,"date":"2020-06-09T18:36:45","date_gmt":"2020-06-09T18:36:45","guid":{"rendered":"https:\/\/www.manabi.gob.ec\/?p=14347"},"modified":"2020-06-14T07:21:17","modified_gmt":"2020-06-14T07:21:17","slug":"gpm-atiende-vialidad-en-el-carmen","status":"publish","type":"post","link":"https:\/\/www.manabi.gob.ec\/index.php\/gpm-atiende-vialidad-en-el-carmen\/","title":{"rendered":"GPM atiende vialidad en El Carmen"},"content":{"rendered":"<p style=\"text-align: justify;\">Maquinaria y personal del Gobierno de Manab\u00ed realiza m\u00faltiples acciones de intervenci\u00f3n vial en El Carmen, en el norte de la provincia.<\/p>\n<p style=\"text-align: justify;\">\n<p style=\"text-align: justify;\">Se realiza la limpieza de derrumbes, desalojo y estabilizaci\u00f3n de talud en la v\u00eda a Piojito, luego que se suscitaron siete deslaves producto de las fuertes lluvias presentadas en los \u00faltimos d\u00edas. Esta v\u00eda tiene una distancia de 6,3 kil\u00f3metros y beneficia a comunidades productivas de la parroquia Wilfrido Loor Moreira (Maicito). M\u00e1s de 1.200 m3 de material se han desalojado.<\/p>\n<p style=\"text-align: justify;\">\n<p style=\"text-align: justify;\">Otros trabajos que se ejecutan en El Carmen son la intervenci\u00f3n en la parroquia Santa Mar\u00eda donde tres volquetas de la Prefectura transportan material para compensar los tramos m\u00e1s cr\u00edticos de la calzada.<\/p>\n<p style=\"text-align: justify;\">\n<p style=\"text-align: justify;\">Se trabaja en rutas como la v\u00eda hac\u00eda la comunidad La Paz &#8211; Puerto El \u00c1guila, que tiene una longitud aproximada de 7,5 Km. Un equipo de afirmado realiza el tendido, hidratado y compactado de material existente, y se ha intervenido 1,5 kil\u00f3metros.<\/p>\n<p style=\"text-align: justify;\">\n<p style=\"text-align: justify;\">En la misma parroquia se trabaja en la entrada a la comunidad Betania en una distancia de 600 metros lineales. All\u00ed se realiza la reconformaci\u00f3n del camino y la compensaci\u00f3n de material existente.<\/p>\n<p style=\"text-align: justify;\">\n<p style=\"text-align: justify;\">En San Pedro de Suma se inici\u00f3 la reapertura de los caminos veraneros Suma &#8211; Sanchez- Playones en una longitud aproximada de 7 km, y; Cajones &#8211; Guabalito Abajo &#8211; La Chorrera de 5 Km.<\/p>\n<p style=\"text-align: justify;\">\n<p style=\"text-align: justify;\">Tambi\u00e9n se est\u00e1n reaperturando las v\u00edas veraneras en el sector de Pambilar hasta la Flor de Manab\u00ed, en el tramo de la v\u00eda que va hacia Guabillo, en 3,5 Km aproximadamente.<\/p>\n","protected":false},"excerpt":{"rendered":"<p>Maquinaria y personal del Gobierno de Manab\u00ed realiza m\u00faltiples acciones de intervenci\u00f3n vial en El Carmen, en el norte de la provincia. Se realiza la limpieza de derrumbes, desalojo y estabilizaci\u00f3n de talud en la v\u00eda a Piojito, luego que se suscitaron siete deslaves producto de las fuertes lluvias presentadas en los \u00faltimos d\u00edas. Esta [&hellip;]<\/p>\n","protected":false},"author":1,"featured_media":14546,"comment_status":"open","ping_status":"open","sticky":false,"template":"","format":"standard","meta":{"_joinchat":[],"footnotes":""},"categories":[92,91],"tags":[100],"class_list":["post-14531","post","type-post","status-publish","format-standard","has-post-thumbnail","hentry","category-noticias-manabi","category-todas","tag-el-carmen"],"yoast_head":"<!-- This site is optimized with the Yoast SEO plugin v27.4 - https:\/\/yoast.com\/product\/yoast-seo-wordpress\/ -->\n<title>GPM atiende vialidad en El Carmen - Prefectura de Manab\u00ed<\/title>\n<meta name=\"robots\" content=\"index, follow, max-snippet:-1, max-image-preview:large, max-video-preview:-1\" \/>\n<link rel=\"canonical\" href=\"https:\/\/www.manabi.gob.ec\/index.php\/gpm-atiende-vialidad-en-el-carmen\/\" \/>\n<meta property=\"og:locale\" content=\"es_ES\" \/>\n<meta property=\"og:type\" content=\"article\" \/>\n<meta property=\"og:title\" content=\"GPM atiende vialidad en El Carmen - Prefectura de Manab\u00ed\" \/>\n<meta property=\"og:description\" content=\"Maquinaria y personal del Gobierno de Manab\u00ed realiza m\u00faltiples acciones de intervenci\u00f3n vial en El Carmen, en el norte de la provincia. Se realiza la limpieza de derrumbes, desalojo y estabilizaci\u00f3n de talud en la v\u00eda a Piojito, luego que se suscitaron siete deslaves producto de las fuertes lluvias presentadas en los \u00faltimos d\u00edas. Esta [&hellip;]\" \/>\n<meta property=\"og:url\" content=\"https:\/\/www.manabi.gob.ec\/index.php\/gpm-atiende-vialidad-en-el-carmen\/\" \/>\n<meta property=\"og:site_name\" content=\"Prefectura de Manab\u00ed\" \/>\n<meta property=\"article:published_time\" content=\"2020-06-09T18:36:45+00:00\" \/>\n<meta property=\"article:modified_time\" content=\"2020-06-14T07:21:17+00:00\" \/>\n<meta property=\"og:image\" content=\"https:\/\/www.manabi.gob.ec\/wp-content\/uploads\/2020\/06\/foto-3-sitio-Piojito-1.jpg\" \/>\n\t<meta property=\"og:image:width\" content=\"1280\" \/>\n\t<meta property=\"og:image:height\" content=\"960\" \/>\n\t<meta property=\"og:image:type\" content=\"image\/jpeg\" \/>\n<meta name=\"author\" content=\"admin\" \/>\n<meta name=\"twitter:card\" content=\"summary_large_image\" \/>\n<meta name=\"twitter:label1\" content=\"Escrito por\" \/>\n\t<meta name=\"twitter:data1\" content=\"admin\" \/>\n\t<meta name=\"twitter:label2\" content=\"Tiempo de lectura\" \/>\n\t<meta name=\"twitter:data2\" content=\"1 minuto\" \/>\n<script type=\"application\/ld+json\" class=\"yoast-schema-graph\">{\"@context\":\"https:\\\/\\\/schema.org\",\"@graph\":[{\"@type\":\"Article\",\"@id\":\"https:\\\/\\\/www.manabi.gob.ec\\\/index.php\\\/gpm-atiende-vialidad-en-el-carmen\\\/#article\",\"isPartOf\":{\"@id\":\"https:\\\/\\\/www.manabi.gob.ec\\\/index.php\\\/gpm-atiende-vialidad-en-el-carmen\\\/\"},\"author\":{\"name\":\"admin\",\"@id\":\"https:\\\/\\\/www.manabi.gob.ec\\\/#\\\/schema\\\/person\\\/cfc71bd68fe2703b779edcc292a49722\"},\"headline\":\"GPM atiende vialidad en El Carmen\",\"datePublished\":\"2020-06-09T18:36:45+00:00\",\"dateModified\":\"2020-06-14T07:21:17+00:00\",\"mainEntityOfPage\":{\"@id\":\"https:\\\/\\\/www.manabi.gob.ec\\\/index.php\\\/gpm-atiende-vialidad-en-el-carmen\\\/\"},\"wordCount\":277,\"commentCount\":0,\"image\":{\"@id\":\"https:\\\/\\\/www.manabi.gob.ec\\\/index.php\\\/gpm-atiende-vialidad-en-el-carmen\\\/#primaryimage\"},\"thumbnailUrl\":\"https:\\\/\\\/www.manabi.gob.ec\\\/wp-content\\\/uploads\\\/2020\\\/06\\\/foto-3-sitio-Piojito-1.jpg\",\"keywords\":[\"El Carmen\"],\"articleSection\":[\"Noticias\",\"Todas\"],\"inLanguage\":\"es\",\"potentialAction\":[{\"@type\":\"CommentAction\",\"name\":\"Comment\",\"target\":[\"https:\\\/\\\/www.manabi.gob.ec\\\/index.php\\\/gpm-atiende-vialidad-en-el-carmen\\\/#respond\"]}]},{\"@type\":\"WebPage\",\"@id\":\"https:\\\/\\\/www.manabi.gob.ec\\\/index.php\\\/gpm-atiende-vialidad-en-el-carmen\\\/\",\"url\":\"https:\\\/\\\/www.manabi.gob.ec\\\/index.php\\\/gpm-atiende-vialidad-en-el-carmen\\\/\",\"name\":\"GPM atiende vialidad en El Carmen - Prefectura de Manab\u00ed\",\"isPartOf\":{\"@id\":\"https:\\\/\\\/www.manabi.gob.ec\\\/#website\"},\"primaryImageOfPage\":{\"@id\":\"https:\\\/\\\/www.manabi.gob.ec\\\/index.php\\\/gpm-atiende-vialidad-en-el-carmen\\\/#primaryimage\"},\"image\":{\"@id\":\"https:\\\/\\\/www.manabi.gob.ec\\\/index.php\\\/gpm-atiende-vialidad-en-el-carmen\\\/#primaryimage\"},\"thumbnailUrl\":\"https:\\\/\\\/www.manabi.gob.ec\\\/wp-content\\\/uploads\\\/2020\\\/06\\\/foto-3-sitio-Piojito-1.jpg\",\"datePublished\":\"2020-06-09T18:36:45+00:00\",\"dateModified\":\"2020-06-14T07:21:17+00:00\",\"author\":{\"@id\":\"https:\\\/\\\/www.manabi.gob.ec\\\/#\\\/schema\\\/person\\\/cfc71bd68fe2703b779edcc292a49722\"},\"breadcrumb\":{\"@id\":\"https:\\\/\\\/www.manabi.gob.ec\\\/index.php\\\/gpm-atiende-vialidad-en-el-carmen\\\/#breadcrumb\"},\"inLanguage\":\"es\",\"potentialAction\":[{\"@type\":\"ReadAction\",\"target\":[\"https:\\\/\\\/www.manabi.gob.ec\\\/index.php\\\/gpm-atiende-vialidad-en-el-carmen\\\/\"]}]},{\"@type\":\"ImageObject\",\"inLanguage\":\"es\",\"@id\":\"https:\\\/\\\/www.manabi.gob.ec\\\/index.php\\\/gpm-atiende-vialidad-en-el-carmen\\\/#primaryimage\",\"url\":\"https:\\\/\\\/www.manabi.gob.ec\\\/wp-content\\\/uploads\\\/2020\\\/06\\\/foto-3-sitio-Piojito-1.jpg\",\"contentUrl\":\"https:\\\/\\\/www.manabi.gob.ec\\\/wp-content\\\/uploads\\\/2020\\\/06\\\/foto-3-sitio-Piojito-1.jpg\",\"width\":1280,\"height\":960},{\"@type\":\"BreadcrumbList\",\"@id\":\"https:\\\/\\\/www.manabi.gob.ec\\\/index.php\\\/gpm-atiende-vialidad-en-el-carmen\\\/#breadcrumb\",\"itemListElement\":[{\"@type\":\"ListItem\",\"position\":1,\"name\":\"Portada\",\"item\":\"https:\\\/\\\/www.manabi.gob.ec\\\/\"},{\"@type\":\"ListItem\",\"position\":2,\"name\":\"GPM atiende vialidad en El Carmen\"}]},{\"@type\":\"WebSite\",\"@id\":\"https:\\\/\\\/www.manabi.gob.ec\\\/#website\",\"url\":\"https:\\\/\\\/www.manabi.gob.ec\\\/\",\"name\":\"Prefectura de Manab\u00ed\",\"description\":\"P\u00e1gina web de la prefectura\",\"potentialAction\":[{\"@type\":\"SearchAction\",\"target\":{\"@type\":\"EntryPoint\",\"urlTemplate\":\"https:\\\/\\\/www.manabi.gob.ec\\\/?s={search_term_string}\"},\"query-input\":{\"@type\":\"PropertyValueSpecification\",\"valueRequired\":true,\"valueName\":\"search_term_string\"}}],\"inLanguage\":\"es\"},{\"@type\":\"Person\",\"@id\":\"https:\\\/\\\/www.manabi.gob.ec\\\/#\\\/schema\\\/person\\\/cfc71bd68fe2703b779edcc292a49722\",\"name\":\"admin\",\"image\":{\"@type\":\"ImageObject\",\"inLanguage\":\"es\",\"@id\":\"https:\\\/\\\/secure.gravatar.com\\\/avatar\\\/23e9f919492b0a2f65aa168e0d8c5c867ea853b61deffbadf08c7031e15b8d78?s=96&d=mm&r=g\",\"url\":\"https:\\\/\\\/secure.gravatar.com\\\/avatar\\\/23e9f919492b0a2f65aa168e0d8c5c867ea853b61deffbadf08c7031e15b8d78?s=96&d=mm&r=g\",\"contentUrl\":\"https:\\\/\\\/secure.gravatar.com\\\/avatar\\\/23e9f919492b0a2f65aa168e0d8c5c867ea853b61deffbadf08c7031e15b8d78?s=96&d=mm&r=g\",\"caption\":\"admin\"},\"sameAs\":[\"http:\\\/\\\/www.manabi.gob.ec\"],\"url\":\"https:\\\/\\\/www.manabi.gob.ec\\\/index.php\\\/author\\\/admin\\\/\"}]}<\/script>\n<!-- \/ Yoast SEO plugin. -->","yoast_head_json":{"title":"GPM atiende vialidad en El Carmen - Prefectura de Manab\u00ed","robots":{"index":"index","follow":"follow","max-snippet":"max-snippet:-1","max-image-preview":"max-image-preview:large","max-video-preview":"max-video-preview:-1"},"canonical":"https:\/\/www.manabi.gob.ec\/index.php\/gpm-atiende-vialidad-en-el-carmen\/","og_locale":"es_ES","og_type":"article","og_title":"GPM atiende vialidad en El Carmen - Prefectura de Manab\u00ed","og_description":"Maquinaria y personal del Gobierno de Manab\u00ed realiza m\u00faltiples acciones de intervenci\u00f3n vial en El Carmen, en el norte de la provincia. Se realiza la limpieza de derrumbes, desalojo y estabilizaci\u00f3n de talud en la v\u00eda a Piojito, luego que se suscitaron siete deslaves producto de las fuertes lluvias presentadas en los \u00faltimos d\u00edas. Esta [&hellip;]","og_url":"https:\/\/www.manabi.gob.ec\/index.php\/gpm-atiende-vialidad-en-el-carmen\/","og_site_name":"Prefectura de Manab\u00ed","article_published_time":"2020-06-09T18:36:45+00:00","article_modified_time":"2020-06-14T07:21:17+00:00","og_image":[{"width":1280,"height":960,"url":"https:\/\/www.manabi.gob.ec\/wp-content\/uploads\/2020\/06\/foto-3-sitio-Piojito-1.jpg","type":"image\/jpeg"}],"author":"admin","twitter_card":"summary_large_image","twitter_misc":{"Escrito por":"admin","Tiempo de lectura":"1 minuto"},"schema":{"@context":"https:\/\/schema.org","@graph":[{"@type":"Article","@id":"https:\/\/www.manabi.gob.ec\/index.php\/gpm-atiende-vialidad-en-el-carmen\/#article","isPartOf":{"@id":"https:\/\/www.manabi.gob.ec\/index.php\/gpm-atiende-vialidad-en-el-carmen\/"},"author":{"name":"admin","@id":"https:\/\/www.manabi.gob.ec\/#\/schema\/person\/cfc71bd68fe2703b779edcc292a49722"},"headline":"GPM atiende vialidad en El Carmen","datePublished":"2020-06-09T18:36:45+00:00","dateModified":"2020-06-14T07:21:17+00:00","mainEntityOfPage":{"@id":"https:\/\/www.manabi.gob.ec\/index.php\/gpm-atiende-vialidad-en-el-carmen\/"},"wordCount":277,"commentCount":0,"image":{"@id":"https:\/\/www.manabi.gob.ec\/index.php\/gpm-atiende-vialidad-en-el-carmen\/#primaryimage"},"thumbnailUrl":"https:\/\/www.manabi.gob.ec\/wp-content\/uploads\/2020\/06\/foto-3-sitio-Piojito-1.jpg","keywords":["El Carmen"],"articleSection":["Noticias","Todas"],"inLanguage":"es","potentialAction":[{"@type":"CommentAction","name":"Comment","target":["https:\/\/www.manabi.gob.ec\/index.php\/gpm-atiende-vialidad-en-el-carmen\/#respond"]}]},{"@type":"WebPage","@id":"https:\/\/www.manabi.gob.ec\/index.php\/gpm-atiende-vialidad-en-el-carmen\/","url":"https:\/\/www.manabi.gob.ec\/index.php\/gpm-atiende-vialidad-en-el-carmen\/","name":"GPM atiende vialidad en El Carmen - Prefectura de Manab\u00ed","isPartOf":{"@id":"https:\/\/www.manabi.gob.ec\/#website"},"primaryImageOfPage":{"@id":"https:\/\/www.manabi.gob.ec\/index.php\/gpm-atiende-vialidad-en-el-carmen\/#primaryimage"},"image":{"@id":"https:\/\/www.manabi.gob.ec\/index.php\/gpm-atiende-vialidad-en-el-carmen\/#primaryimage"},"thumbnailUrl":"https:\/\/www.manabi.gob.ec\/wp-content\/uploads\/2020\/06\/foto-3-sitio-Piojito-1.jpg","datePublished":"2020-06-09T18:36:45+00:00","dateModified":"2020-06-14T07:21:17+00:00","author":{"@id":"https:\/\/www.manabi.gob.ec\/#\/schema\/person\/cfc71bd68fe2703b779edcc292a49722"},"breadcrumb":{"@id":"https:\/\/www.manabi.gob.ec\/index.php\/gpm-atiende-vialidad-en-el-carmen\/#breadcrumb"},"inLanguage":"es","potentialAction":[{"@type":"ReadAction","target":["https:\/\/www.manabi.gob.ec\/index.php\/gpm-atiende-vialidad-en-el-carmen\/"]}]},{"@type":"ImageObject","inLanguage":"es","@id":"https:\/\/www.manabi.gob.ec\/index.php\/gpm-atiende-vialidad-en-el-carmen\/#primaryimage","url":"https:\/\/www.manabi.gob.ec\/wp-content\/uploads\/2020\/06\/foto-3-sitio-Piojito-1.jpg","contentUrl":"https:\/\/www.manabi.gob.ec\/wp-content\/uploads\/2020\/06\/foto-3-sitio-Piojito-1.jpg","width":1280,"height":960},{"@type":"BreadcrumbList","@id":"https:\/\/www.manabi.gob.ec\/index.php\/gpm-atiende-vialidad-en-el-carmen\/#breadcrumb","itemListElement":[{"@type":"ListItem","position":1,"name":"Portada","item":"https:\/\/www.manabi.gob.ec\/"},{"@type":"ListItem","position":2,"name":"GPM atiende vialidad en El Carmen"}]},{"@type":"WebSite","@id":"https:\/\/www.manabi.gob.ec\/#website","url":"https:\/\/www.manabi.gob.ec\/","name":"Prefectura de Manab\u00ed","description":"P\u00e1gina web de la prefectura","potentialAction":[{"@type":"SearchAction","target":{"@type":"EntryPoint","urlTemplate":"https:\/\/www.manabi.gob.ec\/?s={search_term_string}"},"query-input":{"@type":"PropertyValueSpecification","valueRequired":true,"valueName":"search_term_string"}}],"inLanguage":"es"},{"@type":"Person","@id":"https:\/\/www.manabi.gob.ec\/#\/schema\/person\/cfc71bd68fe2703b779edcc292a49722","name":"admin","image":{"@type":"ImageObject","inLanguage":"es","@id":"https:\/\/secure.gravatar.com\/avatar\/23e9f919492b0a2f65aa168e0d8c5c867ea853b61deffbadf08c7031e15b8d78?s=96&d=mm&r=g","url":"https:\/\/secure.gravatar.com\/avatar\/23e9f919492b0a2f65aa168e0d8c5c867ea853b61deffbadf08c7031e15b8d78?s=96&d=mm&r=g","contentUrl":"https:\/\/secure.gravatar.com\/avatar\/23e9f919492b0a2f65aa168e0d8c5c867ea853b61deffbadf08c7031e15b8d78?s=96&d=mm&r=g","caption":"admin"},"sameAs":["http:\/\/www.manabi.gob.ec"],"url":"https:\/\/www.manabi.gob.ec\/index.php\/author\/admin\/"}]}},"jetpack_featured_media_url":"https:\/\/www.manabi.gob.ec\/wp-content\/uploads\/2020\/06\/foto-3-sitio-Piojito-1.jpg","_links":{"self":[{"href":"https:\/\/www.manabi.gob.ec\/index.php\/wp-json\/wp\/v2\/posts\/14531","targetHints":{"allow":["GET"]}}],"collection":[{"href":"https:\/\/www.manabi.gob.ec\/index.php\/wp-json\/wp\/v2\/posts"}],"about":[{"href":"https:\/\/www.manabi.gob.ec\/index.php\/wp-json\/wp\/v2\/types\/post"}],"author":[{"embeddable":true,"href":"https:\/\/www.manabi.gob.ec\/index.php\/wp-json\/wp\/v2\/users\/1"}],"replies":[{"embeddable":true,"href":"https:\/\/www.manabi.gob.ec\/index.php\/wp-json\/wp\/v2\/comments?post=14531"}],"version-history":[{"count":0,"href":"https:\/\/www.manabi.gob.ec\/index.php\/wp-json\/wp\/v2\/posts\/14531\/revisions"}],"wp:featuredmedia":[{"embeddable":true,"href":"https:\/\/www.manabi.gob.ec\/index.php\/wp-json\/wp\/v2\/media\/14546"}],"wp:attachment":[{"href":"https:\/\/www.manabi.gob.ec\/index.php\/wp-json\/wp\/v2\/media?parent=14531"}],"wp:term":[{"taxonomy":"category","embeddable":true,"href":"https:\/\/www.manabi.gob.ec\/index.php\/wp-json\/wp\/v2\/categories?post=14531"},{"taxonomy":"post_tag","embeddable":true,"href":"https:\/\/www.manabi.gob.ec\/index.php\/wp-json\/wp\/v2\/tags?post=14531"}],"curies":[{"name":"wp","href":"https:\/\/api.w.org\/{rel}","templated":true}]}}