{"id":14532,"date":"2020-06-09T18:59:41","date_gmt":"2020-06-09T18:59:41","guid":{"rendered":"https:\/\/www.manabi.gob.ec\/?p=14349"},"modified":"2020-06-14T07:20:02","modified_gmt":"2020-06-14T07:20:02","slug":"mas-de-201-mil-personas-asistidas-en-la-emergencia","status":"publish","type":"post","link":"https:\/\/www.manabi.gob.ec\/index.php\/mas-de-201-mil-personas-asistidas-en-la-emergencia\/","title":{"rendered":"M\u00e1s de 201 mil personas asistidas en la emergencia"},"content":{"rendered":"<p style=\"text-align: justify;\">Durante la emergencia sanitaria un equipo de 100 profesionales m\u00e9dicos del Gobierno de Manab\u00ed han ofrecido atenci\u00f3n en salud a 201.218 personas.<\/p>\n<p style=\"text-align: justify;\">\n<p style=\"text-align: justify;\">A trav\u00e9s de brigadas m\u00f3viles comunitarias se han visitado 50.234 familias. Se han efectuado 1.000 pruebas r\u00e1pidas y tomado 208 muestras con hisopados nasofar\u00edngeos para detectar COVID-19.<\/p>\n<p style=\"text-align: justify;\">\n<p style=\"text-align: justify;\">Del centenar de profesionales, 60 son personal nuevo contratado espec\u00edficamente para fortalecer la respuesta del sistema sanitario en Manab\u00ed, por lo que han sido capacitados por el Ministerio de Salud P\u00fablica.<\/p>\n<p style=\"text-align: justify;\">\n<p style=\"text-align: justify;\">La intervenci\u00f3n en salud de la Prefectura llega a los 22 cantones, tanto en zonas urbanas como rurales, priorizando los sectores donde hay mayor incidencia del coronavirus. El trabajo se articula con gobiernos parroquiales, cantonales, y el Ministerio de Salud con quien se mantiene un convenio de cooperaci\u00f3n con su Coordinaci\u00f3n Zonal 4.<\/p>\n<p style=\"text-align: justify;\">\n<p style=\"text-align: justify;\"><strong>Atenci\u00f3n en l\u00ednea <\/strong><\/p>\n<p style=\"text-align: justify;\"><strong>&nbsp;<\/strong><\/p>\n<p style=\"text-align: justify;\">Adem\u00e1s, la Prefectura abri\u00f3 el sistema de asistencia m\u00e9dica en l\u00ednea en nuestra web www.manabi.gob.ec. 1.222 personas han recibido apoyo en temas como medicina general, nutrici\u00f3n, odontolog\u00eda y psicolog\u00eda.<\/p>\n","protected":false},"excerpt":{"rendered":"<p>Durante la emergencia sanitaria un equipo de 100 profesionales m\u00e9dicos del Gobierno de Manab\u00ed han ofrecido atenci\u00f3n en salud a 201.218 personas. A trav\u00e9s de brigadas m\u00f3viles comunitarias se han visitado 50.234 familias. Se han efectuado 1.000 pruebas r\u00e1pidas y tomado 208 muestras con hisopados nasofar\u00edngeos para detectar COVID-19. Del centenar de profesionales, 60 son [&hellip;]<\/p>\n","protected":false},"author":1,"featured_media":14547,"comment_status":"open","ping_status":"open","sticky":false,"template":"","format":"standard","meta":{"_joinchat":[],"footnotes":""},"categories":[92,91],"tags":[],"class_list":["post-14532","post","type-post","status-publish","format-standard","has-post-thumbnail","hentry","category-noticias-manabi","category-todas"],"yoast_head":"<!-- This site is optimized with the Yoast SEO plugin v27.4 - https:\/\/yoast.com\/product\/yoast-seo-wordpress\/ -->\n<title>M\u00e1s de 201 mil personas asistidas en la emergencia - Prefectura de Manab\u00ed<\/title>\n<meta name=\"robots\" content=\"index, follow, max-snippet:-1, max-image-preview:large, max-video-preview:-1\" \/>\n<link rel=\"canonical\" href=\"https:\/\/www.manabi.gob.ec\/index.php\/mas-de-201-mil-personas-asistidas-en-la-emergencia\/\" \/>\n<meta property=\"og:locale\" content=\"es_ES\" \/>\n<meta property=\"og:type\" content=\"article\" \/>\n<meta property=\"og:title\" content=\"M\u00e1s de 201 mil personas asistidas en la emergencia - Prefectura de Manab\u00ed\" \/>\n<meta property=\"og:description\" content=\"Durante la emergencia sanitaria un equipo de 100 profesionales m\u00e9dicos del Gobierno de Manab\u00ed han ofrecido atenci\u00f3n en salud a 201.218 personas. A trav\u00e9s de brigadas m\u00f3viles comunitarias se han visitado 50.234 familias. Se han efectuado 1.000 pruebas r\u00e1pidas y tomado 208 muestras con hisopados nasofar\u00edngeos para detectar COVID-19. Del centenar de profesionales, 60 son [&hellip;]\" \/>\n<meta property=\"og:url\" content=\"https:\/\/www.manabi.gob.ec\/index.php\/mas-de-201-mil-personas-asistidas-en-la-emergencia\/\" \/>\n<meta property=\"og:site_name\" content=\"Prefectura de Manab\u00ed\" \/>\n<meta property=\"article:published_time\" content=\"2020-06-09T18:59:41+00:00\" \/>\n<meta property=\"article:modified_time\" content=\"2020-06-14T07:20:02+00:00\" \/>\n<meta property=\"og:image\" content=\"https:\/\/www.manabi.gob.ec\/wp-content\/uploads\/2020\/06\/foto-3-atenci\u00f3n-m\u00e9dica.jpg\" \/>\n\t<meta property=\"og:image:width\" content=\"1280\" \/>\n\t<meta property=\"og:image:height\" content=\"960\" \/>\n\t<meta property=\"og:image:type\" content=\"image\/jpeg\" \/>\n<meta name=\"author\" content=\"admin\" \/>\n<meta name=\"twitter:card\" content=\"summary_large_image\" \/>\n<meta name=\"twitter:label1\" content=\"Escrito por\" \/>\n\t<meta name=\"twitter:data1\" content=\"admin\" \/>\n\t<meta name=\"twitter:label2\" content=\"Tiempo de lectura\" \/>\n\t<meta name=\"twitter:data2\" content=\"1 minuto\" \/>\n<script type=\"application\/ld+json\" class=\"yoast-schema-graph\">{\"@context\":\"https:\\\/\\\/schema.org\",\"@graph\":[{\"@type\":\"Article\",\"@id\":\"https:\\\/\\\/www.manabi.gob.ec\\\/index.php\\\/mas-de-201-mil-personas-asistidas-en-la-emergencia\\\/#article\",\"isPartOf\":{\"@id\":\"https:\\\/\\\/www.manabi.gob.ec\\\/index.php\\\/mas-de-201-mil-personas-asistidas-en-la-emergencia\\\/\"},\"author\":{\"name\":\"admin\",\"@id\":\"https:\\\/\\\/www.manabi.gob.ec\\\/#\\\/schema\\\/person\\\/cfc71bd68fe2703b779edcc292a49722\"},\"headline\":\"M\u00e1s de 201 mil personas asistidas en la emergencia\",\"datePublished\":\"2020-06-09T18:59:41+00:00\",\"dateModified\":\"2020-06-14T07:20:02+00:00\",\"mainEntityOfPage\":{\"@id\":\"https:\\\/\\\/www.manabi.gob.ec\\\/index.php\\\/mas-de-201-mil-personas-asistidas-en-la-emergencia\\\/\"},\"wordCount\":188,\"commentCount\":0,\"image\":{\"@id\":\"https:\\\/\\\/www.manabi.gob.ec\\\/index.php\\\/mas-de-201-mil-personas-asistidas-en-la-emergencia\\\/#primaryimage\"},\"thumbnailUrl\":\"https:\\\/\\\/www.manabi.gob.ec\\\/wp-content\\\/uploads\\\/2020\\\/06\\\/foto-3-atenci\u00f3n-m\u00e9dica.jpg\",\"articleSection\":[\"Noticias\",\"Todas\"],\"inLanguage\":\"es\",\"potentialAction\":[{\"@type\":\"CommentAction\",\"name\":\"Comment\",\"target\":[\"https:\\\/\\\/www.manabi.gob.ec\\\/index.php\\\/mas-de-201-mil-personas-asistidas-en-la-emergencia\\\/#respond\"]}]},{\"@type\":\"WebPage\",\"@id\":\"https:\\\/\\\/www.manabi.gob.ec\\\/index.php\\\/mas-de-201-mil-personas-asistidas-en-la-emergencia\\\/\",\"url\":\"https:\\\/\\\/www.manabi.gob.ec\\\/index.php\\\/mas-de-201-mil-personas-asistidas-en-la-emergencia\\\/\",\"name\":\"M\u00e1s de 201 mil personas asistidas en la emergencia - Prefectura de Manab\u00ed\",\"isPartOf\":{\"@id\":\"https:\\\/\\\/www.manabi.gob.ec\\\/#website\"},\"primaryImageOfPage\":{\"@id\":\"https:\\\/\\\/www.manabi.gob.ec\\\/index.php\\\/mas-de-201-mil-personas-asistidas-en-la-emergencia\\\/#primaryimage\"},\"image\":{\"@id\":\"https:\\\/\\\/www.manabi.gob.ec\\\/index.php\\\/mas-de-201-mil-personas-asistidas-en-la-emergencia\\\/#primaryimage\"},\"thumbnailUrl\":\"https:\\\/\\\/www.manabi.gob.ec\\\/wp-content\\\/uploads\\\/2020\\\/06\\\/foto-3-atenci\u00f3n-m\u00e9dica.jpg\",\"datePublished\":\"2020-06-09T18:59:41+00:00\",\"dateModified\":\"2020-06-14T07:20:02+00:00\",\"author\":{\"@id\":\"https:\\\/\\\/www.manabi.gob.ec\\\/#\\\/schema\\\/person\\\/cfc71bd68fe2703b779edcc292a49722\"},\"breadcrumb\":{\"@id\":\"https:\\\/\\\/www.manabi.gob.ec\\\/index.php\\\/mas-de-201-mil-personas-asistidas-en-la-emergencia\\\/#breadcrumb\"},\"inLanguage\":\"es\",\"potentialAction\":[{\"@type\":\"ReadAction\",\"target\":[\"https:\\\/\\\/www.manabi.gob.ec\\\/index.php\\\/mas-de-201-mil-personas-asistidas-en-la-emergencia\\\/\"]}]},{\"@type\":\"ImageObject\",\"inLanguage\":\"es\",\"@id\":\"https:\\\/\\\/www.manabi.gob.ec\\\/index.php\\\/mas-de-201-mil-personas-asistidas-en-la-emergencia\\\/#primaryimage\",\"url\":\"https:\\\/\\\/www.manabi.gob.ec\\\/wp-content\\\/uploads\\\/2020\\\/06\\\/foto-3-atenci\u00f3n-m\u00e9dica.jpg\",\"contentUrl\":\"https:\\\/\\\/www.manabi.gob.ec\\\/wp-content\\\/uploads\\\/2020\\\/06\\\/foto-3-atenci\u00f3n-m\u00e9dica.jpg\",\"width\":1280,\"height\":960},{\"@type\":\"BreadcrumbList\",\"@id\":\"https:\\\/\\\/www.manabi.gob.ec\\\/index.php\\\/mas-de-201-mil-personas-asistidas-en-la-emergencia\\\/#breadcrumb\",\"itemListElement\":[{\"@type\":\"ListItem\",\"position\":1,\"name\":\"Portada\",\"item\":\"https:\\\/\\\/www.manabi.gob.ec\\\/\"},{\"@type\":\"ListItem\",\"position\":2,\"name\":\"M\u00e1s de 201 mil personas asistidas en la emergencia\"}]},{\"@type\":\"WebSite\",\"@id\":\"https:\\\/\\\/www.manabi.gob.ec\\\/#website\",\"url\":\"https:\\\/\\\/www.manabi.gob.ec\\\/\",\"name\":\"Prefectura de Manab\u00ed\",\"description\":\"P\u00e1gina web de la prefectura\",\"potentialAction\":[{\"@type\":\"SearchAction\",\"target\":{\"@type\":\"EntryPoint\",\"urlTemplate\":\"https:\\\/\\\/www.manabi.gob.ec\\\/?s={search_term_string}\"},\"query-input\":{\"@type\":\"PropertyValueSpecification\",\"valueRequired\":true,\"valueName\":\"search_term_string\"}}],\"inLanguage\":\"es\"},{\"@type\":\"Person\",\"@id\":\"https:\\\/\\\/www.manabi.gob.ec\\\/#\\\/schema\\\/person\\\/cfc71bd68fe2703b779edcc292a49722\",\"name\":\"admin\",\"image\":{\"@type\":\"ImageObject\",\"inLanguage\":\"es\",\"@id\":\"https:\\\/\\\/secure.gravatar.com\\\/avatar\\\/23e9f919492b0a2f65aa168e0d8c5c867ea853b61deffbadf08c7031e15b8d78?s=96&d=mm&r=g\",\"url\":\"https:\\\/\\\/secure.gravatar.com\\\/avatar\\\/23e9f919492b0a2f65aa168e0d8c5c867ea853b61deffbadf08c7031e15b8d78?s=96&d=mm&r=g\",\"contentUrl\":\"https:\\\/\\\/secure.gravatar.com\\\/avatar\\\/23e9f919492b0a2f65aa168e0d8c5c867ea853b61deffbadf08c7031e15b8d78?s=96&d=mm&r=g\",\"caption\":\"admin\"},\"sameAs\":[\"http:\\\/\\\/www.manabi.gob.ec\"],\"url\":\"https:\\\/\\\/www.manabi.gob.ec\\\/index.php\\\/author\\\/admin\\\/\"}]}<\/script>\n<!-- \/ Yoast SEO plugin. -->","yoast_head_json":{"title":"M\u00e1s de 201 mil personas asistidas en la emergencia - Prefectura de Manab\u00ed","robots":{"index":"index","follow":"follow","max-snippet":"max-snippet:-1","max-image-preview":"max-image-preview:large","max-video-preview":"max-video-preview:-1"},"canonical":"https:\/\/www.manabi.gob.ec\/index.php\/mas-de-201-mil-personas-asistidas-en-la-emergencia\/","og_locale":"es_ES","og_type":"article","og_title":"M\u00e1s de 201 mil personas asistidas en la emergencia - Prefectura de Manab\u00ed","og_description":"Durante la emergencia sanitaria un equipo de 100 profesionales m\u00e9dicos del Gobierno de Manab\u00ed han ofrecido atenci\u00f3n en salud a 201.218 personas. A trav\u00e9s de brigadas m\u00f3viles comunitarias se han visitado 50.234 familias. Se han efectuado 1.000 pruebas r\u00e1pidas y tomado 208 muestras con hisopados nasofar\u00edngeos para detectar COVID-19. Del centenar de profesionales, 60 son [&hellip;]","og_url":"https:\/\/www.manabi.gob.ec\/index.php\/mas-de-201-mil-personas-asistidas-en-la-emergencia\/","og_site_name":"Prefectura de Manab\u00ed","article_published_time":"2020-06-09T18:59:41+00:00","article_modified_time":"2020-06-14T07:20:02+00:00","og_image":[{"width":1280,"height":960,"url":"https:\/\/www.manabi.gob.ec\/wp-content\/uploads\/2020\/06\/foto-3-atenci\u00f3n-m\u00e9dica.jpg","type":"image\/jpeg"}],"author":"admin","twitter_card":"summary_large_image","twitter_misc":{"Escrito por":"admin","Tiempo de lectura":"1 minuto"},"schema":{"@context":"https:\/\/schema.org","@graph":[{"@type":"Article","@id":"https:\/\/www.manabi.gob.ec\/index.php\/mas-de-201-mil-personas-asistidas-en-la-emergencia\/#article","isPartOf":{"@id":"https:\/\/www.manabi.gob.ec\/index.php\/mas-de-201-mil-personas-asistidas-en-la-emergencia\/"},"author":{"name":"admin","@id":"https:\/\/www.manabi.gob.ec\/#\/schema\/person\/cfc71bd68fe2703b779edcc292a49722"},"headline":"M\u00e1s de 201 mil personas asistidas en la emergencia","datePublished":"2020-06-09T18:59:41+00:00","dateModified":"2020-06-14T07:20:02+00:00","mainEntityOfPage":{"@id":"https:\/\/www.manabi.gob.ec\/index.php\/mas-de-201-mil-personas-asistidas-en-la-emergencia\/"},"wordCount":188,"commentCount":0,"image":{"@id":"https:\/\/www.manabi.gob.ec\/index.php\/mas-de-201-mil-personas-asistidas-en-la-emergencia\/#primaryimage"},"thumbnailUrl":"https:\/\/www.manabi.gob.ec\/wp-content\/uploads\/2020\/06\/foto-3-atenci\u00f3n-m\u00e9dica.jpg","articleSection":["Noticias","Todas"],"inLanguage":"es","potentialAction":[{"@type":"CommentAction","name":"Comment","target":["https:\/\/www.manabi.gob.ec\/index.php\/mas-de-201-mil-personas-asistidas-en-la-emergencia\/#respond"]}]},{"@type":"WebPage","@id":"https:\/\/www.manabi.gob.ec\/index.php\/mas-de-201-mil-personas-asistidas-en-la-emergencia\/","url":"https:\/\/www.manabi.gob.ec\/index.php\/mas-de-201-mil-personas-asistidas-en-la-emergencia\/","name":"M\u00e1s de 201 mil personas asistidas en la emergencia - Prefectura de Manab\u00ed","isPartOf":{"@id":"https:\/\/www.manabi.gob.ec\/#website"},"primaryImageOfPage":{"@id":"https:\/\/www.manabi.gob.ec\/index.php\/mas-de-201-mil-personas-asistidas-en-la-emergencia\/#primaryimage"},"image":{"@id":"https:\/\/www.manabi.gob.ec\/index.php\/mas-de-201-mil-personas-asistidas-en-la-emergencia\/#primaryimage"},"thumbnailUrl":"https:\/\/www.manabi.gob.ec\/wp-content\/uploads\/2020\/06\/foto-3-atenci\u00f3n-m\u00e9dica.jpg","datePublished":"2020-06-09T18:59:41+00:00","dateModified":"2020-06-14T07:20:02+00:00","author":{"@id":"https:\/\/www.manabi.gob.ec\/#\/schema\/person\/cfc71bd68fe2703b779edcc292a49722"},"breadcrumb":{"@id":"https:\/\/www.manabi.gob.ec\/index.php\/mas-de-201-mil-personas-asistidas-en-la-emergencia\/#breadcrumb"},"inLanguage":"es","potentialAction":[{"@type":"ReadAction","target":["https:\/\/www.manabi.gob.ec\/index.php\/mas-de-201-mil-personas-asistidas-en-la-emergencia\/"]}]},{"@type":"ImageObject","inLanguage":"es","@id":"https:\/\/www.manabi.gob.ec\/index.php\/mas-de-201-mil-personas-asistidas-en-la-emergencia\/#primaryimage","url":"https:\/\/www.manabi.gob.ec\/wp-content\/uploads\/2020\/06\/foto-3-atenci\u00f3n-m\u00e9dica.jpg","contentUrl":"https:\/\/www.manabi.gob.ec\/wp-content\/uploads\/2020\/06\/foto-3-atenci\u00f3n-m\u00e9dica.jpg","width":1280,"height":960},{"@type":"BreadcrumbList","@id":"https:\/\/www.manabi.gob.ec\/index.php\/mas-de-201-mil-personas-asistidas-en-la-emergencia\/#breadcrumb","itemListElement":[{"@type":"ListItem","position":1,"name":"Portada","item":"https:\/\/www.manabi.gob.ec\/"},{"@type":"ListItem","position":2,"name":"M\u00e1s de 201 mil personas asistidas en la emergencia"}]},{"@type":"WebSite","@id":"https:\/\/www.manabi.gob.ec\/#website","url":"https:\/\/www.manabi.gob.ec\/","name":"Prefectura de Manab\u00ed","description":"P\u00e1gina web de la prefectura","potentialAction":[{"@type":"SearchAction","target":{"@type":"EntryPoint","urlTemplate":"https:\/\/www.manabi.gob.ec\/?s={search_term_string}"},"query-input":{"@type":"PropertyValueSpecification","valueRequired":true,"valueName":"search_term_string"}}],"inLanguage":"es"},{"@type":"Person","@id":"https:\/\/www.manabi.gob.ec\/#\/schema\/person\/cfc71bd68fe2703b779edcc292a49722","name":"admin","image":{"@type":"ImageObject","inLanguage":"es","@id":"https:\/\/secure.gravatar.com\/avatar\/23e9f919492b0a2f65aa168e0d8c5c867ea853b61deffbadf08c7031e15b8d78?s=96&d=mm&r=g","url":"https:\/\/secure.gravatar.com\/avatar\/23e9f919492b0a2f65aa168e0d8c5c867ea853b61deffbadf08c7031e15b8d78?s=96&d=mm&r=g","contentUrl":"https:\/\/secure.gravatar.com\/avatar\/23e9f919492b0a2f65aa168e0d8c5c867ea853b61deffbadf08c7031e15b8d78?s=96&d=mm&r=g","caption":"admin"},"sameAs":["http:\/\/www.manabi.gob.ec"],"url":"https:\/\/www.manabi.gob.ec\/index.php\/author\/admin\/"}]}},"jetpack_featured_media_url":"https:\/\/www.manabi.gob.ec\/wp-content\/uploads\/2020\/06\/foto-3-atenci\u00f3n-m\u00e9dica.jpg","_links":{"self":[{"href":"https:\/\/www.manabi.gob.ec\/index.php\/wp-json\/wp\/v2\/posts\/14532","targetHints":{"allow":["GET"]}}],"collection":[{"href":"https:\/\/www.manabi.gob.ec\/index.php\/wp-json\/wp\/v2\/posts"}],"about":[{"href":"https:\/\/www.manabi.gob.ec\/index.php\/wp-json\/wp\/v2\/types\/post"}],"author":[{"embeddable":true,"href":"https:\/\/www.manabi.gob.ec\/index.php\/wp-json\/wp\/v2\/users\/1"}],"replies":[{"embeddable":true,"href":"https:\/\/www.manabi.gob.ec\/index.php\/wp-json\/wp\/v2\/comments?post=14532"}],"version-history":[{"count":0,"href":"https:\/\/www.manabi.gob.ec\/index.php\/wp-json\/wp\/v2\/posts\/14532\/revisions"}],"wp:featuredmedia":[{"embeddable":true,"href":"https:\/\/www.manabi.gob.ec\/index.php\/wp-json\/wp\/v2\/media\/14547"}],"wp:attachment":[{"href":"https:\/\/www.manabi.gob.ec\/index.php\/wp-json\/wp\/v2\/media?parent=14532"}],"wp:term":[{"taxonomy":"category","embeddable":true,"href":"https:\/\/www.manabi.gob.ec\/index.php\/wp-json\/wp\/v2\/categories?post=14532"},{"taxonomy":"post_tag","embeddable":true,"href":"https:\/\/www.manabi.gob.ec\/index.php\/wp-json\/wp\/v2\/tags?post=14532"}],"curies":[{"name":"wp","href":"https:\/\/api.w.org\/{rel}","templated":true}]}}