{"id":14758,"date":"2020-06-30T12:44:37","date_gmt":"2020-06-30T17:44:37","guid":{"rendered":"https:\/\/www.manabi.gob.ec\/?p=14375"},"modified":"2020-06-30T12:44:37","modified_gmt":"2020-06-30T17:44:37","slug":"adultos-mayores-se-benefician-con-atencion-medica","status":"publish","type":"post","link":"https:\/\/www.manabi.gob.ec\/index.php\/adultos-mayores-se-benefician-con-atencion-medica\/","title":{"rendered":"Adultos mayores se benefician con atenci\u00f3n m\u00e9dica"},"content":{"rendered":"<p style=\"text-align: justify;\">El Gobierno de Manab\u00ed en coordinaci\u00f3n con el MIES, inici\u00f3 chequeos m\u00e9dicos, de nutrici\u00f3n, evaluaci\u00f3n de discapacidad y procedimientos diagn\u00f3sticos en fundaciones y centros gerontol\u00f3gicos de la provincia.<\/p>\n<p style=\"text-align: justify;\">\n<p style=\"text-align: justify;\">Se busca reforzar el cuidado de personas mayores de 65 a\u00f1os de edad, y que tienen mayor riesgo frente al COVID-19 y complicaciones por enfermedades cr\u00f3nicas.<\/p>\n<p style=\"text-align: justify;\">\n<p style=\"text-align: justify;\">Este lunes 29 de junio, seis brigadas de salud del Gobierno de Manab\u00ed conformadas por siete m\u00e9dicos, dos odont\u00f3logos, dos licenciados en enfermer\u00eda, y un nutricionista, asistieron a los adultos mayores del Centro Gerontol\u00f3gico Guillermina Loor.<\/p>\n<p style=\"text-align: justify;\">\n<p style=\"text-align: justify;\">Se brind\u00f3 atenci\u00f3n multidisciplinaria integral, con valoraci\u00f3n de signos vitales, control de peso y talla, realizaci\u00f3n de estudios diagn\u00f3sticos complementarios, evaluaci\u00f3n para entrega de ayudas t\u00e9cnicas.<\/p>\n<p style=\"text-align: justify;\">\n<p style=\"text-align: justify;\">Se entreg\u00f3 de manera gratuita analg\u00e9sicos, antiinflamatorios, antibi\u00f3ticos, antihipertensivos, hipoglicemiantes, suplemento nutricional, multivitaminas y minerales, entre otros medicamentos.<\/p>\n<p style=\"text-align: justify;\">\n<p style=\"text-align: justify;\">Adem\u00e1s los adultos mayores recibieron kits de limpieza que incluyen papel higi\u00e9nico, pasta dental, alcohol l\u00edquido, gel antibacterial, enjuague bucal, jab\u00f3n de tocador, desinfectantes y detergente.<\/p>\n<p style=\"text-align: justify;\">\n<p>Las brigadas m\u00e9dicas del Gobierno de Manab\u00ed llegan a toda la provincia con asistencia m\u00e9dica, especialmente para proteger a los m\u00e1s vulnerables.<br \/>\n&nbsp;<\/p>\n","protected":false},"excerpt":{"rendered":"<p>El Gobierno de Manab\u00ed en coordinaci\u00f3n con el MIES, inici\u00f3 chequeos m\u00e9dicos, de nutrici\u00f3n, evaluaci\u00f3n de discapacidad y procedimientos diagn\u00f3sticos en fundaciones y centros gerontol\u00f3gicos de la provincia. Se busca reforzar el cuidado de personas mayores de 65 a\u00f1os de edad, y que tienen mayor riesgo frente al COVID-19 y complicaciones por enfermedades cr\u00f3nicas. Este [&hellip;]<\/p>\n","protected":false},"author":1,"featured_media":14376,"comment_status":"open","ping_status":"open","sticky":false,"template":"","format":"standard","meta":{"_joinchat":[],"footnotes":""},"categories":[92,91],"tags":[],"class_list":["post-14758","post","type-post","status-publish","format-standard","has-post-thumbnail","hentry","category-noticias-manabi","category-todas"],"yoast_head":"<!-- This site is optimized with the Yoast SEO plugin v27.4 - https:\/\/yoast.com\/product\/yoast-seo-wordpress\/ -->\n<title>Adultos mayores se benefician con atenci\u00f3n m\u00e9dica - Prefectura de Manab\u00ed<\/title>\n<meta name=\"robots\" content=\"index, follow, max-snippet:-1, max-image-preview:large, max-video-preview:-1\" \/>\n<link rel=\"canonical\" href=\"https:\/\/www.manabi.gob.ec\/index.php\/adultos-mayores-se-benefician-con-atencion-medica\/\" \/>\n<meta property=\"og:locale\" content=\"es_ES\" \/>\n<meta property=\"og:type\" content=\"article\" \/>\n<meta property=\"og:title\" content=\"Adultos mayores se benefician con atenci\u00f3n m\u00e9dica - Prefectura de Manab\u00ed\" \/>\n<meta property=\"og:description\" content=\"El Gobierno de Manab\u00ed en coordinaci\u00f3n con el MIES, inici\u00f3 chequeos m\u00e9dicos, de nutrici\u00f3n, evaluaci\u00f3n de discapacidad y procedimientos diagn\u00f3sticos en fundaciones y centros gerontol\u00f3gicos de la provincia. Se busca reforzar el cuidado de personas mayores de 65 a\u00f1os de edad, y que tienen mayor riesgo frente al COVID-19 y complicaciones por enfermedades cr\u00f3nicas. Este [&hellip;]\" \/>\n<meta property=\"og:url\" content=\"https:\/\/www.manabi.gob.ec\/index.php\/adultos-mayores-se-benefician-con-atencion-medica\/\" \/>\n<meta property=\"og:site_name\" content=\"Prefectura de Manab\u00ed\" \/>\n<meta property=\"article:published_time\" content=\"2020-06-30T17:44:37+00:00\" \/>\n<meta name=\"author\" content=\"admin\" \/>\n<meta name=\"twitter:card\" content=\"summary_large_image\" \/>\n<meta name=\"twitter:label1\" content=\"Escrito por\" \/>\n\t<meta name=\"twitter:data1\" content=\"admin\" \/>\n\t<meta name=\"twitter:label2\" content=\"Tiempo de lectura\" \/>\n\t<meta name=\"twitter:data2\" content=\"1 minuto\" \/>\n<script type=\"application\/ld+json\" class=\"yoast-schema-graph\">{\"@context\":\"https:\\\/\\\/schema.org\",\"@graph\":[{\"@type\":\"Article\",\"@id\":\"https:\\\/\\\/www.manabi.gob.ec\\\/index.php\\\/adultos-mayores-se-benefician-con-atencion-medica\\\/#article\",\"isPartOf\":{\"@id\":\"https:\\\/\\\/www.manabi.gob.ec\\\/index.php\\\/adultos-mayores-se-benefician-con-atencion-medica\\\/\"},\"author\":{\"name\":\"admin\",\"@id\":\"https:\\\/\\\/www.manabi.gob.ec\\\/#\\\/schema\\\/person\\\/cfc71bd68fe2703b779edcc292a49722\"},\"headline\":\"Adultos mayores se benefician con atenci\u00f3n m\u00e9dica\",\"datePublished\":\"2020-06-30T17:44:37+00:00\",\"mainEntityOfPage\":{\"@id\":\"https:\\\/\\\/www.manabi.gob.ec\\\/index.php\\\/adultos-mayores-se-benefician-con-atencion-medica\\\/\"},\"wordCount\":217,\"commentCount\":0,\"image\":{\"@id\":\"https:\\\/\\\/www.manabi.gob.ec\\\/index.php\\\/adultos-mayores-se-benefician-con-atencion-medica\\\/#primaryimage\"},\"thumbnailUrl\":\"\",\"articleSection\":[\"Noticias\",\"Todas\"],\"inLanguage\":\"es\",\"potentialAction\":[{\"@type\":\"CommentAction\",\"name\":\"Comment\",\"target\":[\"https:\\\/\\\/www.manabi.gob.ec\\\/index.php\\\/adultos-mayores-se-benefician-con-atencion-medica\\\/#respond\"]}]},{\"@type\":\"WebPage\",\"@id\":\"https:\\\/\\\/www.manabi.gob.ec\\\/index.php\\\/adultos-mayores-se-benefician-con-atencion-medica\\\/\",\"url\":\"https:\\\/\\\/www.manabi.gob.ec\\\/index.php\\\/adultos-mayores-se-benefician-con-atencion-medica\\\/\",\"name\":\"Adultos mayores se benefician con atenci\u00f3n m\u00e9dica - Prefectura de Manab\u00ed\",\"isPartOf\":{\"@id\":\"https:\\\/\\\/www.manabi.gob.ec\\\/#website\"},\"primaryImageOfPage\":{\"@id\":\"https:\\\/\\\/www.manabi.gob.ec\\\/index.php\\\/adultos-mayores-se-benefician-con-atencion-medica\\\/#primaryimage\"},\"image\":{\"@id\":\"https:\\\/\\\/www.manabi.gob.ec\\\/index.php\\\/adultos-mayores-se-benefician-con-atencion-medica\\\/#primaryimage\"},\"thumbnailUrl\":\"\",\"datePublished\":\"2020-06-30T17:44:37+00:00\",\"author\":{\"@id\":\"https:\\\/\\\/www.manabi.gob.ec\\\/#\\\/schema\\\/person\\\/cfc71bd68fe2703b779edcc292a49722\"},\"breadcrumb\":{\"@id\":\"https:\\\/\\\/www.manabi.gob.ec\\\/index.php\\\/adultos-mayores-se-benefician-con-atencion-medica\\\/#breadcrumb\"},\"inLanguage\":\"es\",\"potentialAction\":[{\"@type\":\"ReadAction\",\"target\":[\"https:\\\/\\\/www.manabi.gob.ec\\\/index.php\\\/adultos-mayores-se-benefician-con-atencion-medica\\\/\"]}]},{\"@type\":\"ImageObject\",\"inLanguage\":\"es\",\"@id\":\"https:\\\/\\\/www.manabi.gob.ec\\\/index.php\\\/adultos-mayores-se-benefician-con-atencion-medica\\\/#primaryimage\",\"url\":\"\",\"contentUrl\":\"\"},{\"@type\":\"BreadcrumbList\",\"@id\":\"https:\\\/\\\/www.manabi.gob.ec\\\/index.php\\\/adultos-mayores-se-benefician-con-atencion-medica\\\/#breadcrumb\",\"itemListElement\":[{\"@type\":\"ListItem\",\"position\":1,\"name\":\"Portada\",\"item\":\"https:\\\/\\\/www.manabi.gob.ec\\\/\"},{\"@type\":\"ListItem\",\"position\":2,\"name\":\"Adultos mayores se benefician con atenci\u00f3n m\u00e9dica\"}]},{\"@type\":\"WebSite\",\"@id\":\"https:\\\/\\\/www.manabi.gob.ec\\\/#website\",\"url\":\"https:\\\/\\\/www.manabi.gob.ec\\\/\",\"name\":\"Prefectura de Manab\u00ed\",\"description\":\"P\u00e1gina web de la prefectura\",\"potentialAction\":[{\"@type\":\"SearchAction\",\"target\":{\"@type\":\"EntryPoint\",\"urlTemplate\":\"https:\\\/\\\/www.manabi.gob.ec\\\/?s={search_term_string}\"},\"query-input\":{\"@type\":\"PropertyValueSpecification\",\"valueRequired\":true,\"valueName\":\"search_term_string\"}}],\"inLanguage\":\"es\"},{\"@type\":\"Person\",\"@id\":\"https:\\\/\\\/www.manabi.gob.ec\\\/#\\\/schema\\\/person\\\/cfc71bd68fe2703b779edcc292a49722\",\"name\":\"admin\",\"image\":{\"@type\":\"ImageObject\",\"inLanguage\":\"es\",\"@id\":\"https:\\\/\\\/secure.gravatar.com\\\/avatar\\\/23e9f919492b0a2f65aa168e0d8c5c867ea853b61deffbadf08c7031e15b8d78?s=96&d=mm&r=g\",\"url\":\"https:\\\/\\\/secure.gravatar.com\\\/avatar\\\/23e9f919492b0a2f65aa168e0d8c5c867ea853b61deffbadf08c7031e15b8d78?s=96&d=mm&r=g\",\"contentUrl\":\"https:\\\/\\\/secure.gravatar.com\\\/avatar\\\/23e9f919492b0a2f65aa168e0d8c5c867ea853b61deffbadf08c7031e15b8d78?s=96&d=mm&r=g\",\"caption\":\"admin\"},\"sameAs\":[\"http:\\\/\\\/www.manabi.gob.ec\"],\"url\":\"https:\\\/\\\/www.manabi.gob.ec\\\/index.php\\\/author\\\/admin\\\/\"}]}<\/script>\n<!-- \/ Yoast SEO plugin. -->","yoast_head_json":{"title":"Adultos mayores se benefician con atenci\u00f3n m\u00e9dica - Prefectura de Manab\u00ed","robots":{"index":"index","follow":"follow","max-snippet":"max-snippet:-1","max-image-preview":"max-image-preview:large","max-video-preview":"max-video-preview:-1"},"canonical":"https:\/\/www.manabi.gob.ec\/index.php\/adultos-mayores-se-benefician-con-atencion-medica\/","og_locale":"es_ES","og_type":"article","og_title":"Adultos mayores se benefician con atenci\u00f3n m\u00e9dica - Prefectura de Manab\u00ed","og_description":"El Gobierno de Manab\u00ed en coordinaci\u00f3n con el MIES, inici\u00f3 chequeos m\u00e9dicos, de nutrici\u00f3n, evaluaci\u00f3n de discapacidad y procedimientos diagn\u00f3sticos en fundaciones y centros gerontol\u00f3gicos de la provincia. Se busca reforzar el cuidado de personas mayores de 65 a\u00f1os de edad, y que tienen mayor riesgo frente al COVID-19 y complicaciones por enfermedades cr\u00f3nicas. Este [&hellip;]","og_url":"https:\/\/www.manabi.gob.ec\/index.php\/adultos-mayores-se-benefician-con-atencion-medica\/","og_site_name":"Prefectura de Manab\u00ed","article_published_time":"2020-06-30T17:44:37+00:00","author":"admin","twitter_card":"summary_large_image","twitter_misc":{"Escrito por":"admin","Tiempo de lectura":"1 minuto"},"schema":{"@context":"https:\/\/schema.org","@graph":[{"@type":"Article","@id":"https:\/\/www.manabi.gob.ec\/index.php\/adultos-mayores-se-benefician-con-atencion-medica\/#article","isPartOf":{"@id":"https:\/\/www.manabi.gob.ec\/index.php\/adultos-mayores-se-benefician-con-atencion-medica\/"},"author":{"name":"admin","@id":"https:\/\/www.manabi.gob.ec\/#\/schema\/person\/cfc71bd68fe2703b779edcc292a49722"},"headline":"Adultos mayores se benefician con atenci\u00f3n m\u00e9dica","datePublished":"2020-06-30T17:44:37+00:00","mainEntityOfPage":{"@id":"https:\/\/www.manabi.gob.ec\/index.php\/adultos-mayores-se-benefician-con-atencion-medica\/"},"wordCount":217,"commentCount":0,"image":{"@id":"https:\/\/www.manabi.gob.ec\/index.php\/adultos-mayores-se-benefician-con-atencion-medica\/#primaryimage"},"thumbnailUrl":"","articleSection":["Noticias","Todas"],"inLanguage":"es","potentialAction":[{"@type":"CommentAction","name":"Comment","target":["https:\/\/www.manabi.gob.ec\/index.php\/adultos-mayores-se-benefician-con-atencion-medica\/#respond"]}]},{"@type":"WebPage","@id":"https:\/\/www.manabi.gob.ec\/index.php\/adultos-mayores-se-benefician-con-atencion-medica\/","url":"https:\/\/www.manabi.gob.ec\/index.php\/adultos-mayores-se-benefician-con-atencion-medica\/","name":"Adultos mayores se benefician con atenci\u00f3n m\u00e9dica - Prefectura de Manab\u00ed","isPartOf":{"@id":"https:\/\/www.manabi.gob.ec\/#website"},"primaryImageOfPage":{"@id":"https:\/\/www.manabi.gob.ec\/index.php\/adultos-mayores-se-benefician-con-atencion-medica\/#primaryimage"},"image":{"@id":"https:\/\/www.manabi.gob.ec\/index.php\/adultos-mayores-se-benefician-con-atencion-medica\/#primaryimage"},"thumbnailUrl":"","datePublished":"2020-06-30T17:44:37+00:00","author":{"@id":"https:\/\/www.manabi.gob.ec\/#\/schema\/person\/cfc71bd68fe2703b779edcc292a49722"},"breadcrumb":{"@id":"https:\/\/www.manabi.gob.ec\/index.php\/adultos-mayores-se-benefician-con-atencion-medica\/#breadcrumb"},"inLanguage":"es","potentialAction":[{"@type":"ReadAction","target":["https:\/\/www.manabi.gob.ec\/index.php\/adultos-mayores-se-benefician-con-atencion-medica\/"]}]},{"@type":"ImageObject","inLanguage":"es","@id":"https:\/\/www.manabi.gob.ec\/index.php\/adultos-mayores-se-benefician-con-atencion-medica\/#primaryimage","url":"","contentUrl":""},{"@type":"BreadcrumbList","@id":"https:\/\/www.manabi.gob.ec\/index.php\/adultos-mayores-se-benefician-con-atencion-medica\/#breadcrumb","itemListElement":[{"@type":"ListItem","position":1,"name":"Portada","item":"https:\/\/www.manabi.gob.ec\/"},{"@type":"ListItem","position":2,"name":"Adultos mayores se benefician con atenci\u00f3n m\u00e9dica"}]},{"@type":"WebSite","@id":"https:\/\/www.manabi.gob.ec\/#website","url":"https:\/\/www.manabi.gob.ec\/","name":"Prefectura de Manab\u00ed","description":"P\u00e1gina web de la prefectura","potentialAction":[{"@type":"SearchAction","target":{"@type":"EntryPoint","urlTemplate":"https:\/\/www.manabi.gob.ec\/?s={search_term_string}"},"query-input":{"@type":"PropertyValueSpecification","valueRequired":true,"valueName":"search_term_string"}}],"inLanguage":"es"},{"@type":"Person","@id":"https:\/\/www.manabi.gob.ec\/#\/schema\/person\/cfc71bd68fe2703b779edcc292a49722","name":"admin","image":{"@type":"ImageObject","inLanguage":"es","@id":"https:\/\/secure.gravatar.com\/avatar\/23e9f919492b0a2f65aa168e0d8c5c867ea853b61deffbadf08c7031e15b8d78?s=96&d=mm&r=g","url":"https:\/\/secure.gravatar.com\/avatar\/23e9f919492b0a2f65aa168e0d8c5c867ea853b61deffbadf08c7031e15b8d78?s=96&d=mm&r=g","contentUrl":"https:\/\/secure.gravatar.com\/avatar\/23e9f919492b0a2f65aa168e0d8c5c867ea853b61deffbadf08c7031e15b8d78?s=96&d=mm&r=g","caption":"admin"},"sameAs":["http:\/\/www.manabi.gob.ec"],"url":"https:\/\/www.manabi.gob.ec\/index.php\/author\/admin\/"}]}},"jetpack_featured_media_url":"","_links":{"self":[{"href":"https:\/\/www.manabi.gob.ec\/index.php\/wp-json\/wp\/v2\/posts\/14758","targetHints":{"allow":["GET"]}}],"collection":[{"href":"https:\/\/www.manabi.gob.ec\/index.php\/wp-json\/wp\/v2\/posts"}],"about":[{"href":"https:\/\/www.manabi.gob.ec\/index.php\/wp-json\/wp\/v2\/types\/post"}],"author":[{"embeddable":true,"href":"https:\/\/www.manabi.gob.ec\/index.php\/wp-json\/wp\/v2\/users\/1"}],"replies":[{"embeddable":true,"href":"https:\/\/www.manabi.gob.ec\/index.php\/wp-json\/wp\/v2\/comments?post=14758"}],"version-history":[{"count":0,"href":"https:\/\/www.manabi.gob.ec\/index.php\/wp-json\/wp\/v2\/posts\/14758\/revisions"}],"wp:featuredmedia":[{"embeddable":true,"href":"https:\/\/www.manabi.gob.ec\/index.php\/wp-json\/"}],"wp:attachment":[{"href":"https:\/\/www.manabi.gob.ec\/index.php\/wp-json\/wp\/v2\/media?parent=14758"}],"wp:term":[{"taxonomy":"category","embeddable":true,"href":"https:\/\/www.manabi.gob.ec\/index.php\/wp-json\/wp\/v2\/categories?post=14758"},{"taxonomy":"post_tag","embeddable":true,"href":"https:\/\/www.manabi.gob.ec\/index.php\/wp-json\/wp\/v2\/tags?post=14758"}],"curies":[{"name":"wp","href":"https:\/\/api.w.org\/{rel}","templated":true}]}}