{"id":15095,"date":"2020-08-05T15:46:32","date_gmt":"2020-08-05T20:46:32","guid":{"rendered":"https:\/\/www.manabi.gob.ec\/?p=14449"},"modified":"2020-08-05T15:46:32","modified_gmt":"2020-08-05T20:46:32","slug":"puerto-lopez-progresa-mas-con-nuevas-obras-de-vialidad","status":"publish","type":"post","link":"https:\/\/www.manabi.gob.ec\/index.php\/puerto-lopez-progresa-mas-con-nuevas-obras-de-vialidad\/","title":{"rendered":"Puerto L\u00f3pez progresa m\u00e1s con nuevas obras de vialidad"},"content":{"rendered":"<p style=\"text-align: justify;\">El Gobierno de Manab\u00ed se encuentra aperturando caminos veraneros en el cant\u00f3n Puerto L\u00f3pez. Se tiene un avance del 15 km de un total de 29km.<\/p>\n<p style=\"text-align: justify;\">\n<p style=\"text-align: justify;\">Se trabaja en los sitios Guale, Vuelta larga, Mata Palo de la parroquia Salango. Se tiene planificado \u00a0llegar hasta el sector de La Colombia y R\u00edo Pl\u00e1tano. Caminos rurales que limitan con la provincia de Santa Elena.<\/p>\n<p style=\"text-align: justify;\">\n<p style=\"text-align: justify;\">A estas comunidades, desde hace 5 a\u00f1os, no se les brindaba atenci\u00f3n vial. Trabajamos cumpliendo el compromiso del Prefecto de ser solidarios y equitativos\u00bb, explic\u00f3 Javier Cruzatty, t\u00e9cnico de La Prefectura.<\/p>\n<p style=\"text-align: justify;\">\n<p style=\"text-align: justify;\">En la parroquia Machalilla se rehabilitan 14 calles con un aproximado de 6.5 km de labores, adem\u00e1s de la v\u00eda Agua Blanca &#8211; \u00a0El Carmen &#8211; Vueltas Largas.<\/p>\n<p style=\"text-align: justify;\">\n<p style=\"text-align: justify;\">En la parroquia urbana Daniel L\u00f3pez de Machalilla, tambi\u00e9n se interviene con material de cantera la v\u00eda El Tamarindo &#8211; La Gloria de 3km.<\/p>\n<p style=\"text-align: justify;\">\n<p style=\"text-align: justify;\">La mayor\u00eda de quienes trabajan es este proyecto en Puerto L\u00f3pez fueron seleccionados bajo la modalidad de feria inclusiva; mecanismo de contrataci\u00f3n transparente que la actual administraci\u00f3n est\u00e1 aplicando.<\/p>\n","protected":false},"excerpt":{"rendered":"<p>El Gobierno de Manab\u00ed se encuentra aperturando caminos veraneros en el cant\u00f3n Puerto L\u00f3pez. Se tiene un avance del 15 km de un total de 29km. Se trabaja en los sitios Guale, Vuelta larga, Mata Palo de la parroquia Salango. Se tiene planificado \u00a0llegar hasta el sector de La Colombia y R\u00edo Pl\u00e1tano. Caminos rurales [&hellip;]<\/p>\n","protected":false},"author":1,"featured_media":14450,"comment_status":"open","ping_status":"open","sticky":false,"template":"","format":"standard","meta":{"_joinchat":[],"footnotes":""},"categories":[92,91],"tags":[],"class_list":["post-15095","post","type-post","status-publish","format-standard","has-post-thumbnail","hentry","category-noticias-manabi","category-todas"],"yoast_head":"<!-- This site is optimized with the Yoast SEO plugin v27.4 - https:\/\/yoast.com\/product\/yoast-seo-wordpress\/ -->\n<title>Puerto L\u00f3pez progresa m\u00e1s con nuevas obras de vialidad - Prefectura de Manab\u00ed<\/title>\n<meta name=\"robots\" content=\"index, follow, max-snippet:-1, max-image-preview:large, max-video-preview:-1\" \/>\n<link rel=\"canonical\" href=\"https:\/\/www.manabi.gob.ec\/index.php\/puerto-lopez-progresa-mas-con-nuevas-obras-de-vialidad\/\" \/>\n<meta property=\"og:locale\" content=\"es_ES\" \/>\n<meta property=\"og:type\" content=\"article\" \/>\n<meta property=\"og:title\" content=\"Puerto L\u00f3pez progresa m\u00e1s con nuevas obras de vialidad - Prefectura de Manab\u00ed\" \/>\n<meta property=\"og:description\" content=\"El Gobierno de Manab\u00ed se encuentra aperturando caminos veraneros en el cant\u00f3n Puerto L\u00f3pez. Se tiene un avance del 15 km de un total de 29km. Se trabaja en los sitios Guale, Vuelta larga, Mata Palo de la parroquia Salango. Se tiene planificado \u00a0llegar hasta el sector de La Colombia y R\u00edo Pl\u00e1tano. Caminos rurales [&hellip;]\" \/>\n<meta property=\"og:url\" content=\"https:\/\/www.manabi.gob.ec\/index.php\/puerto-lopez-progresa-mas-con-nuevas-obras-de-vialidad\/\" \/>\n<meta property=\"og:site_name\" content=\"Prefectura de Manab\u00ed\" \/>\n<meta property=\"article:published_time\" content=\"2020-08-05T20:46:32+00:00\" \/>\n<meta name=\"author\" content=\"admin\" \/>\n<meta name=\"twitter:card\" content=\"summary_large_image\" \/>\n<meta name=\"twitter:label1\" content=\"Escrito por\" \/>\n\t<meta name=\"twitter:data1\" content=\"admin\" \/>\n\t<meta name=\"twitter:label2\" content=\"Tiempo de lectura\" \/>\n\t<meta name=\"twitter:data2\" content=\"1 minuto\" \/>\n<script type=\"application\/ld+json\" class=\"yoast-schema-graph\">{\"@context\":\"https:\\\/\\\/schema.org\",\"@graph\":[{\"@type\":\"Article\",\"@id\":\"https:\\\/\\\/www.manabi.gob.ec\\\/index.php\\\/puerto-lopez-progresa-mas-con-nuevas-obras-de-vialidad\\\/#article\",\"isPartOf\":{\"@id\":\"https:\\\/\\\/www.manabi.gob.ec\\\/index.php\\\/puerto-lopez-progresa-mas-con-nuevas-obras-de-vialidad\\\/\"},\"author\":{\"name\":\"admin\",\"@id\":\"https:\\\/\\\/www.manabi.gob.ec\\\/#\\\/schema\\\/person\\\/cfc71bd68fe2703b779edcc292a49722\"},\"headline\":\"Puerto L\u00f3pez progresa m\u00e1s con nuevas obras de vialidad\",\"datePublished\":\"2020-08-05T20:46:32+00:00\",\"mainEntityOfPage\":{\"@id\":\"https:\\\/\\\/www.manabi.gob.ec\\\/index.php\\\/puerto-lopez-progresa-mas-con-nuevas-obras-de-vialidad\\\/\"},\"wordCount\":198,\"commentCount\":0,\"image\":{\"@id\":\"https:\\\/\\\/www.manabi.gob.ec\\\/index.php\\\/puerto-lopez-progresa-mas-con-nuevas-obras-de-vialidad\\\/#primaryimage\"},\"thumbnailUrl\":\"\",\"articleSection\":[\"Noticias\",\"Todas\"],\"inLanguage\":\"es\",\"potentialAction\":[{\"@type\":\"CommentAction\",\"name\":\"Comment\",\"target\":[\"https:\\\/\\\/www.manabi.gob.ec\\\/index.php\\\/puerto-lopez-progresa-mas-con-nuevas-obras-de-vialidad\\\/#respond\"]}]},{\"@type\":\"WebPage\",\"@id\":\"https:\\\/\\\/www.manabi.gob.ec\\\/index.php\\\/puerto-lopez-progresa-mas-con-nuevas-obras-de-vialidad\\\/\",\"url\":\"https:\\\/\\\/www.manabi.gob.ec\\\/index.php\\\/puerto-lopez-progresa-mas-con-nuevas-obras-de-vialidad\\\/\",\"name\":\"Puerto L\u00f3pez progresa m\u00e1s con nuevas obras de vialidad - Prefectura de Manab\u00ed\",\"isPartOf\":{\"@id\":\"https:\\\/\\\/www.manabi.gob.ec\\\/#website\"},\"primaryImageOfPage\":{\"@id\":\"https:\\\/\\\/www.manabi.gob.ec\\\/index.php\\\/puerto-lopez-progresa-mas-con-nuevas-obras-de-vialidad\\\/#primaryimage\"},\"image\":{\"@id\":\"https:\\\/\\\/www.manabi.gob.ec\\\/index.php\\\/puerto-lopez-progresa-mas-con-nuevas-obras-de-vialidad\\\/#primaryimage\"},\"thumbnailUrl\":\"\",\"datePublished\":\"2020-08-05T20:46:32+00:00\",\"author\":{\"@id\":\"https:\\\/\\\/www.manabi.gob.ec\\\/#\\\/schema\\\/person\\\/cfc71bd68fe2703b779edcc292a49722\"},\"breadcrumb\":{\"@id\":\"https:\\\/\\\/www.manabi.gob.ec\\\/index.php\\\/puerto-lopez-progresa-mas-con-nuevas-obras-de-vialidad\\\/#breadcrumb\"},\"inLanguage\":\"es\",\"potentialAction\":[{\"@type\":\"ReadAction\",\"target\":[\"https:\\\/\\\/www.manabi.gob.ec\\\/index.php\\\/puerto-lopez-progresa-mas-con-nuevas-obras-de-vialidad\\\/\"]}]},{\"@type\":\"ImageObject\",\"inLanguage\":\"es\",\"@id\":\"https:\\\/\\\/www.manabi.gob.ec\\\/index.php\\\/puerto-lopez-progresa-mas-con-nuevas-obras-de-vialidad\\\/#primaryimage\",\"url\":\"\",\"contentUrl\":\"\"},{\"@type\":\"BreadcrumbList\",\"@id\":\"https:\\\/\\\/www.manabi.gob.ec\\\/index.php\\\/puerto-lopez-progresa-mas-con-nuevas-obras-de-vialidad\\\/#breadcrumb\",\"itemListElement\":[{\"@type\":\"ListItem\",\"position\":1,\"name\":\"Portada\",\"item\":\"https:\\\/\\\/www.manabi.gob.ec\\\/\"},{\"@type\":\"ListItem\",\"position\":2,\"name\":\"Puerto L\u00f3pez progresa m\u00e1s con nuevas obras de vialidad\"}]},{\"@type\":\"WebSite\",\"@id\":\"https:\\\/\\\/www.manabi.gob.ec\\\/#website\",\"url\":\"https:\\\/\\\/www.manabi.gob.ec\\\/\",\"name\":\"Prefectura de Manab\u00ed\",\"description\":\"P\u00e1gina web de la prefectura\",\"potentialAction\":[{\"@type\":\"SearchAction\",\"target\":{\"@type\":\"EntryPoint\",\"urlTemplate\":\"https:\\\/\\\/www.manabi.gob.ec\\\/?s={search_term_string}\"},\"query-input\":{\"@type\":\"PropertyValueSpecification\",\"valueRequired\":true,\"valueName\":\"search_term_string\"}}],\"inLanguage\":\"es\"},{\"@type\":\"Person\",\"@id\":\"https:\\\/\\\/www.manabi.gob.ec\\\/#\\\/schema\\\/person\\\/cfc71bd68fe2703b779edcc292a49722\",\"name\":\"admin\",\"image\":{\"@type\":\"ImageObject\",\"inLanguage\":\"es\",\"@id\":\"https:\\\/\\\/secure.gravatar.com\\\/avatar\\\/23e9f919492b0a2f65aa168e0d8c5c867ea853b61deffbadf08c7031e15b8d78?s=96&d=mm&r=g\",\"url\":\"https:\\\/\\\/secure.gravatar.com\\\/avatar\\\/23e9f919492b0a2f65aa168e0d8c5c867ea853b61deffbadf08c7031e15b8d78?s=96&d=mm&r=g\",\"contentUrl\":\"https:\\\/\\\/secure.gravatar.com\\\/avatar\\\/23e9f919492b0a2f65aa168e0d8c5c867ea853b61deffbadf08c7031e15b8d78?s=96&d=mm&r=g\",\"caption\":\"admin\"},\"sameAs\":[\"http:\\\/\\\/www.manabi.gob.ec\"],\"url\":\"https:\\\/\\\/www.manabi.gob.ec\\\/index.php\\\/author\\\/admin\\\/\"}]}<\/script>\n<!-- \/ Yoast SEO plugin. -->","yoast_head_json":{"title":"Puerto L\u00f3pez progresa m\u00e1s con nuevas obras de vialidad - Prefectura de Manab\u00ed","robots":{"index":"index","follow":"follow","max-snippet":"max-snippet:-1","max-image-preview":"max-image-preview:large","max-video-preview":"max-video-preview:-1"},"canonical":"https:\/\/www.manabi.gob.ec\/index.php\/puerto-lopez-progresa-mas-con-nuevas-obras-de-vialidad\/","og_locale":"es_ES","og_type":"article","og_title":"Puerto L\u00f3pez progresa m\u00e1s con nuevas obras de vialidad - Prefectura de Manab\u00ed","og_description":"El Gobierno de Manab\u00ed se encuentra aperturando caminos veraneros en el cant\u00f3n Puerto L\u00f3pez. Se tiene un avance del 15 km de un total de 29km. Se trabaja en los sitios Guale, Vuelta larga, Mata Palo de la parroquia Salango. Se tiene planificado \u00a0llegar hasta el sector de La Colombia y R\u00edo Pl\u00e1tano. Caminos rurales [&hellip;]","og_url":"https:\/\/www.manabi.gob.ec\/index.php\/puerto-lopez-progresa-mas-con-nuevas-obras-de-vialidad\/","og_site_name":"Prefectura de Manab\u00ed","article_published_time":"2020-08-05T20:46:32+00:00","author":"admin","twitter_card":"summary_large_image","twitter_misc":{"Escrito por":"admin","Tiempo de lectura":"1 minuto"},"schema":{"@context":"https:\/\/schema.org","@graph":[{"@type":"Article","@id":"https:\/\/www.manabi.gob.ec\/index.php\/puerto-lopez-progresa-mas-con-nuevas-obras-de-vialidad\/#article","isPartOf":{"@id":"https:\/\/www.manabi.gob.ec\/index.php\/puerto-lopez-progresa-mas-con-nuevas-obras-de-vialidad\/"},"author":{"name":"admin","@id":"https:\/\/www.manabi.gob.ec\/#\/schema\/person\/cfc71bd68fe2703b779edcc292a49722"},"headline":"Puerto L\u00f3pez progresa m\u00e1s con nuevas obras de vialidad","datePublished":"2020-08-05T20:46:32+00:00","mainEntityOfPage":{"@id":"https:\/\/www.manabi.gob.ec\/index.php\/puerto-lopez-progresa-mas-con-nuevas-obras-de-vialidad\/"},"wordCount":198,"commentCount":0,"image":{"@id":"https:\/\/www.manabi.gob.ec\/index.php\/puerto-lopez-progresa-mas-con-nuevas-obras-de-vialidad\/#primaryimage"},"thumbnailUrl":"","articleSection":["Noticias","Todas"],"inLanguage":"es","potentialAction":[{"@type":"CommentAction","name":"Comment","target":["https:\/\/www.manabi.gob.ec\/index.php\/puerto-lopez-progresa-mas-con-nuevas-obras-de-vialidad\/#respond"]}]},{"@type":"WebPage","@id":"https:\/\/www.manabi.gob.ec\/index.php\/puerto-lopez-progresa-mas-con-nuevas-obras-de-vialidad\/","url":"https:\/\/www.manabi.gob.ec\/index.php\/puerto-lopez-progresa-mas-con-nuevas-obras-de-vialidad\/","name":"Puerto L\u00f3pez progresa m\u00e1s con nuevas obras de vialidad - Prefectura de Manab\u00ed","isPartOf":{"@id":"https:\/\/www.manabi.gob.ec\/#website"},"primaryImageOfPage":{"@id":"https:\/\/www.manabi.gob.ec\/index.php\/puerto-lopez-progresa-mas-con-nuevas-obras-de-vialidad\/#primaryimage"},"image":{"@id":"https:\/\/www.manabi.gob.ec\/index.php\/puerto-lopez-progresa-mas-con-nuevas-obras-de-vialidad\/#primaryimage"},"thumbnailUrl":"","datePublished":"2020-08-05T20:46:32+00:00","author":{"@id":"https:\/\/www.manabi.gob.ec\/#\/schema\/person\/cfc71bd68fe2703b779edcc292a49722"},"breadcrumb":{"@id":"https:\/\/www.manabi.gob.ec\/index.php\/puerto-lopez-progresa-mas-con-nuevas-obras-de-vialidad\/#breadcrumb"},"inLanguage":"es","potentialAction":[{"@type":"ReadAction","target":["https:\/\/www.manabi.gob.ec\/index.php\/puerto-lopez-progresa-mas-con-nuevas-obras-de-vialidad\/"]}]},{"@type":"ImageObject","inLanguage":"es","@id":"https:\/\/www.manabi.gob.ec\/index.php\/puerto-lopez-progresa-mas-con-nuevas-obras-de-vialidad\/#primaryimage","url":"","contentUrl":""},{"@type":"BreadcrumbList","@id":"https:\/\/www.manabi.gob.ec\/index.php\/puerto-lopez-progresa-mas-con-nuevas-obras-de-vialidad\/#breadcrumb","itemListElement":[{"@type":"ListItem","position":1,"name":"Portada","item":"https:\/\/www.manabi.gob.ec\/"},{"@type":"ListItem","position":2,"name":"Puerto L\u00f3pez progresa m\u00e1s con nuevas obras de vialidad"}]},{"@type":"WebSite","@id":"https:\/\/www.manabi.gob.ec\/#website","url":"https:\/\/www.manabi.gob.ec\/","name":"Prefectura de Manab\u00ed","description":"P\u00e1gina web de la prefectura","potentialAction":[{"@type":"SearchAction","target":{"@type":"EntryPoint","urlTemplate":"https:\/\/www.manabi.gob.ec\/?s={search_term_string}"},"query-input":{"@type":"PropertyValueSpecification","valueRequired":true,"valueName":"search_term_string"}}],"inLanguage":"es"},{"@type":"Person","@id":"https:\/\/www.manabi.gob.ec\/#\/schema\/person\/cfc71bd68fe2703b779edcc292a49722","name":"admin","image":{"@type":"ImageObject","inLanguage":"es","@id":"https:\/\/secure.gravatar.com\/avatar\/23e9f919492b0a2f65aa168e0d8c5c867ea853b61deffbadf08c7031e15b8d78?s=96&d=mm&r=g","url":"https:\/\/secure.gravatar.com\/avatar\/23e9f919492b0a2f65aa168e0d8c5c867ea853b61deffbadf08c7031e15b8d78?s=96&d=mm&r=g","contentUrl":"https:\/\/secure.gravatar.com\/avatar\/23e9f919492b0a2f65aa168e0d8c5c867ea853b61deffbadf08c7031e15b8d78?s=96&d=mm&r=g","caption":"admin"},"sameAs":["http:\/\/www.manabi.gob.ec"],"url":"https:\/\/www.manabi.gob.ec\/index.php\/author\/admin\/"}]}},"jetpack_featured_media_url":"","_links":{"self":[{"href":"https:\/\/www.manabi.gob.ec\/index.php\/wp-json\/wp\/v2\/posts\/15095","targetHints":{"allow":["GET"]}}],"collection":[{"href":"https:\/\/www.manabi.gob.ec\/index.php\/wp-json\/wp\/v2\/posts"}],"about":[{"href":"https:\/\/www.manabi.gob.ec\/index.php\/wp-json\/wp\/v2\/types\/post"}],"author":[{"embeddable":true,"href":"https:\/\/www.manabi.gob.ec\/index.php\/wp-json\/wp\/v2\/users\/1"}],"replies":[{"embeddable":true,"href":"https:\/\/www.manabi.gob.ec\/index.php\/wp-json\/wp\/v2\/comments?post=15095"}],"version-history":[{"count":0,"href":"https:\/\/www.manabi.gob.ec\/index.php\/wp-json\/wp\/v2\/posts\/15095\/revisions"}],"wp:featuredmedia":[{"embeddable":true,"href":"https:\/\/www.manabi.gob.ec\/index.php\/wp-json\/"}],"wp:attachment":[{"href":"https:\/\/www.manabi.gob.ec\/index.php\/wp-json\/wp\/v2\/media?parent=15095"}],"wp:term":[{"taxonomy":"category","embeddable":true,"href":"https:\/\/www.manabi.gob.ec\/index.php\/wp-json\/wp\/v2\/categories?post=15095"},{"taxonomy":"post_tag","embeddable":true,"href":"https:\/\/www.manabi.gob.ec\/index.php\/wp-json\/wp\/v2\/tags?post=15095"}],"curies":[{"name":"wp","href":"https:\/\/api.w.org\/{rel}","templated":true}]}}