{"id":15100,"date":"2020-08-10T14:10:49","date_gmt":"2020-08-10T19:10:49","guid":{"rendered":"https:\/\/www.manabi.gob.ec\/?p=14467"},"modified":"2020-08-10T14:10:49","modified_gmt":"2020-08-10T19:10:49","slug":"se-estrena-edificio-moderno-y-funcional-en-campamento-la-estancilla","status":"publish","type":"post","link":"https:\/\/www.manabi.gob.ec\/index.php\/se-estrena-edificio-moderno-y-funcional-en-campamento-la-estancilla\/","title":{"rendered":"Se estrena edificio moderno y funcional en campamento La Estancilla"},"content":{"rendered":"<p style=\"text-align: justify;\">Alberto Villacreses Garc\u00e9s se denomin\u00f3 al edificio del campamento La Estancilla, al norte de la provincia, en homenaje a este reconocido personaje pionero en la construcci\u00f3n de obras hidr\u00e1ulicas en Manab\u00ed.<\/p>\n<p style=\"text-align: justify;\">Su inauguraci\u00f3n se realiz\u00f3 el domingo 9 de agosto, con la presencia del prefecto Leonardo Orlando. Autoridades de los cantones Bol\u00edvar, Tosagua y Jun\u00edn; entre otras personalidades de la provincia tambi\u00e9n participaron del acto.<\/p>\n<p style=\"text-align: justify;\">\u201cEs un d\u00eda muy especial porque se hace justicia con el gran legado que nos dej\u00f3 el ingeniero Alberto Villacreses Garc\u00e9s, que no fue nacido en estas tierras, pero am\u00f3 tanto a Manab\u00ed que sirvi\u00f3 a esta provincia como uno m\u00e1s de sus hijos\u00bb, expres\u00f3 el prefecto Orlando, durante el acto de inauguraci\u00f3n.<\/p>\n<p style=\"text-align: justify;\">La autoridad provincial agreg\u00f3: \u201c\u00c9l nos dej\u00f3 el legado de la ense\u00f1anza, el ingenio, la creatividad, el estudio y la innovaci\u00f3n puestas al servicio del desarrollo transforman para bien la vida de la gente\u201d, dijo Orlando.<\/p>\n<p style=\"text-align: justify;\">En el marco del encuentro, Holger Loor, en representaci\u00f3n de los beneficiarios del proyecto Carrizal &#8211; Chone, entreg\u00f3 al Prefecto Leonardo Orlando una placa de reconocimiento a su gesti\u00f3n y acci\u00f3n en la construcci\u00f3n de esta emblem\u00e1tica obra del norte de Manab\u00ed.<\/p>\n<p style=\"text-align: justify;\">\u201cM\u00e1s que agradecer, quiero resaltar la voluntad del prefecto Leonardo Orlando. Por m\u00e1s de tres a\u00f1os no se dio prioridad a la rehabilitaci\u00f3n del sistema de riego Carrizal \u2013 Chone, pero a los pocos meses de gesti\u00f3n, el Prefecto impuls\u00f3 la ejecuci\u00f3n de esta obra y otras complementarias, como este edificio\u201d, dijo Loor, en representaci\u00f3n de la ciudadan\u00eda.<\/p>\n<p style=\"text-align: justify;\">Luego del evento, las autoridades realizaron un recorrido por las instalaciones del campamento La Estancilla y del edificio central, donde funcionar\u00e1n varias \u00e1reas, como el centro de monitoreo para controlar el correcto funcionamiento del sistema de riego, a trav\u00e9s de la implementaci\u00f3n del sistema tecnol\u00f3gico Scada.<\/p>\n<p style=\"text-align: justify;\">As\u00ed mismo habr\u00e1 sala de reuniones, oficinas administrativas y ser\u00e1 sede del Gobierno de Manab\u00ed, donde el Prefecto desempe\u00f1ar\u00e1 actividades.<\/p>\n<p style=\"text-align: justify;\"><strong>Firma de convenio<\/strong><\/p>\n<p style=\"text-align: justify;\">Se firm\u00f3 un convenio interinstitucional entre el Gobierno de Manab\u00ed y el Gobierno Parroquial de \u00c1ngel Pedro Giler, para ejecutar acciones conjuntas para el progreso de la parroquia.<\/p>\n<p style=\"text-align: justify;\"><strong>Datos<\/strong><\/p>\n<p style=\"text-align: justify;\">La construcci\u00f3n de la edificaci\u00f3n se inici\u00f3 el 7 de mayo del 2019, con una inversi\u00f3n de $1\u2019256.181,34 que representa el 8,3% del monto total de la primera fase del sistema Carrizal Chone, a cargo de la empresa contratista RR&amp;O.<\/p>\n<p style=\"text-align: justify;\">Una vez rehabilitada toda la fase 1 del sistema Carrizal \u2013 Chone, se dotar\u00e1 de agua para riego a cerca de 6 mil familias que se encuentran en la zona de influencia del proyecto que se levanta para el desarrollo agr\u00edcola de 14 mil hect\u00e1reas de los cantones Tosagua, Bol\u00edvar, Jun\u00edn y Chone. Es financiada con recursos de la Ley de Solidaridad, fue licitada por el Gobierno de Manab\u00ed el 26 de noviembre del 2018 y adjudicada el 21 de diciembre del mismo a\u00f1o. La inversi\u00f3n asciende a los 15\u2019181.249,85 de d\u00f3lares.<\/p>\n<p style=\"text-align: justify;\">\n","protected":false},"excerpt":{"rendered":"<p>Alberto Villacreses Garc\u00e9s se denomin\u00f3 al edificio del campamento La Estancilla, al norte de la provincia, en homenaje a este reconocido personaje pionero en la construcci\u00f3n de obras hidr\u00e1ulicas en Manab\u00ed. Su inauguraci\u00f3n se realiz\u00f3 el domingo 9 de agosto, con la presencia del prefecto Leonardo Orlando. Autoridades de los cantones Bol\u00edvar, Tosagua y Jun\u00edn; [&hellip;]<\/p>\n","protected":false},"author":1,"featured_media":14469,"comment_status":"open","ping_status":"open","sticky":false,"template":"","format":"standard","meta":{"_joinchat":[],"footnotes":""},"categories":[92,91],"tags":[],"class_list":["post-15100","post","type-post","status-publish","format-standard","has-post-thumbnail","hentry","category-noticias-manabi","category-todas"],"yoast_head":"<!-- This site is optimized with the Yoast SEO plugin v27.4 - https:\/\/yoast.com\/product\/yoast-seo-wordpress\/ -->\n<title>Se estrena edificio moderno y funcional en campamento La Estancilla - Prefectura de Manab\u00ed<\/title>\n<meta name=\"robots\" content=\"index, follow, max-snippet:-1, max-image-preview:large, max-video-preview:-1\" \/>\n<link rel=\"canonical\" href=\"https:\/\/www.manabi.gob.ec\/index.php\/se-estrena-edificio-moderno-y-funcional-en-campamento-la-estancilla\/\" \/>\n<meta property=\"og:locale\" content=\"es_ES\" \/>\n<meta property=\"og:type\" content=\"article\" \/>\n<meta property=\"og:title\" content=\"Se estrena edificio moderno y funcional en campamento La Estancilla - Prefectura de Manab\u00ed\" \/>\n<meta property=\"og:description\" content=\"Alberto Villacreses Garc\u00e9s se denomin\u00f3 al edificio del campamento La Estancilla, al norte de la provincia, en homenaje a este reconocido personaje pionero en la construcci\u00f3n de obras hidr\u00e1ulicas en Manab\u00ed. Su inauguraci\u00f3n se realiz\u00f3 el domingo 9 de agosto, con la presencia del prefecto Leonardo Orlando. Autoridades de los cantones Bol\u00edvar, Tosagua y Jun\u00edn; [&hellip;]\" \/>\n<meta property=\"og:url\" content=\"https:\/\/www.manabi.gob.ec\/index.php\/se-estrena-edificio-moderno-y-funcional-en-campamento-la-estancilla\/\" \/>\n<meta property=\"og:site_name\" content=\"Prefectura de Manab\u00ed\" \/>\n<meta property=\"article:published_time\" content=\"2020-08-10T19:10:49+00:00\" \/>\n<meta name=\"author\" content=\"admin\" \/>\n<meta name=\"twitter:card\" content=\"summary_large_image\" \/>\n<meta name=\"twitter:label1\" content=\"Escrito por\" \/>\n\t<meta name=\"twitter:data1\" content=\"admin\" \/>\n\t<meta name=\"twitter:label2\" content=\"Tiempo de lectura\" \/>\n\t<meta name=\"twitter:data2\" content=\"3 minutos\" \/>\n<script type=\"application\/ld+json\" class=\"yoast-schema-graph\">{\"@context\":\"https:\\\/\\\/schema.org\",\"@graph\":[{\"@type\":\"Article\",\"@id\":\"https:\\\/\\\/www.manabi.gob.ec\\\/index.php\\\/se-estrena-edificio-moderno-y-funcional-en-campamento-la-estancilla\\\/#article\",\"isPartOf\":{\"@id\":\"https:\\\/\\\/www.manabi.gob.ec\\\/index.php\\\/se-estrena-edificio-moderno-y-funcional-en-campamento-la-estancilla\\\/\"},\"author\":{\"name\":\"admin\",\"@id\":\"https:\\\/\\\/www.manabi.gob.ec\\\/#\\\/schema\\\/person\\\/cfc71bd68fe2703b779edcc292a49722\"},\"headline\":\"Se estrena edificio moderno y funcional en campamento La Estancilla\",\"datePublished\":\"2020-08-10T19:10:49+00:00\",\"mainEntityOfPage\":{\"@id\":\"https:\\\/\\\/www.manabi.gob.ec\\\/index.php\\\/se-estrena-edificio-moderno-y-funcional-en-campamento-la-estancilla\\\/\"},\"wordCount\":523,\"commentCount\":0,\"image\":{\"@id\":\"https:\\\/\\\/www.manabi.gob.ec\\\/index.php\\\/se-estrena-edificio-moderno-y-funcional-en-campamento-la-estancilla\\\/#primaryimage\"},\"thumbnailUrl\":\"\",\"articleSection\":[\"Noticias\",\"Todas\"],\"inLanguage\":\"es\",\"potentialAction\":[{\"@type\":\"CommentAction\",\"name\":\"Comment\",\"target\":[\"https:\\\/\\\/www.manabi.gob.ec\\\/index.php\\\/se-estrena-edificio-moderno-y-funcional-en-campamento-la-estancilla\\\/#respond\"]}]},{\"@type\":\"WebPage\",\"@id\":\"https:\\\/\\\/www.manabi.gob.ec\\\/index.php\\\/se-estrena-edificio-moderno-y-funcional-en-campamento-la-estancilla\\\/\",\"url\":\"https:\\\/\\\/www.manabi.gob.ec\\\/index.php\\\/se-estrena-edificio-moderno-y-funcional-en-campamento-la-estancilla\\\/\",\"name\":\"Se estrena edificio moderno y funcional en campamento La Estancilla - Prefectura de Manab\u00ed\",\"isPartOf\":{\"@id\":\"https:\\\/\\\/www.manabi.gob.ec\\\/#website\"},\"primaryImageOfPage\":{\"@id\":\"https:\\\/\\\/www.manabi.gob.ec\\\/index.php\\\/se-estrena-edificio-moderno-y-funcional-en-campamento-la-estancilla\\\/#primaryimage\"},\"image\":{\"@id\":\"https:\\\/\\\/www.manabi.gob.ec\\\/index.php\\\/se-estrena-edificio-moderno-y-funcional-en-campamento-la-estancilla\\\/#primaryimage\"},\"thumbnailUrl\":\"\",\"datePublished\":\"2020-08-10T19:10:49+00:00\",\"author\":{\"@id\":\"https:\\\/\\\/www.manabi.gob.ec\\\/#\\\/schema\\\/person\\\/cfc71bd68fe2703b779edcc292a49722\"},\"breadcrumb\":{\"@id\":\"https:\\\/\\\/www.manabi.gob.ec\\\/index.php\\\/se-estrena-edificio-moderno-y-funcional-en-campamento-la-estancilla\\\/#breadcrumb\"},\"inLanguage\":\"es\",\"potentialAction\":[{\"@type\":\"ReadAction\",\"target\":[\"https:\\\/\\\/www.manabi.gob.ec\\\/index.php\\\/se-estrena-edificio-moderno-y-funcional-en-campamento-la-estancilla\\\/\"]}]},{\"@type\":\"ImageObject\",\"inLanguage\":\"es\",\"@id\":\"https:\\\/\\\/www.manabi.gob.ec\\\/index.php\\\/se-estrena-edificio-moderno-y-funcional-en-campamento-la-estancilla\\\/#primaryimage\",\"url\":\"\",\"contentUrl\":\"\"},{\"@type\":\"BreadcrumbList\",\"@id\":\"https:\\\/\\\/www.manabi.gob.ec\\\/index.php\\\/se-estrena-edificio-moderno-y-funcional-en-campamento-la-estancilla\\\/#breadcrumb\",\"itemListElement\":[{\"@type\":\"ListItem\",\"position\":1,\"name\":\"Portada\",\"item\":\"https:\\\/\\\/www.manabi.gob.ec\\\/\"},{\"@type\":\"ListItem\",\"position\":2,\"name\":\"Se estrena edificio moderno y funcional en campamento La Estancilla\"}]},{\"@type\":\"WebSite\",\"@id\":\"https:\\\/\\\/www.manabi.gob.ec\\\/#website\",\"url\":\"https:\\\/\\\/www.manabi.gob.ec\\\/\",\"name\":\"Prefectura de Manab\u00ed\",\"description\":\"P\u00e1gina web de la prefectura\",\"potentialAction\":[{\"@type\":\"SearchAction\",\"target\":{\"@type\":\"EntryPoint\",\"urlTemplate\":\"https:\\\/\\\/www.manabi.gob.ec\\\/?s={search_term_string}\"},\"query-input\":{\"@type\":\"PropertyValueSpecification\",\"valueRequired\":true,\"valueName\":\"search_term_string\"}}],\"inLanguage\":\"es\"},{\"@type\":\"Person\",\"@id\":\"https:\\\/\\\/www.manabi.gob.ec\\\/#\\\/schema\\\/person\\\/cfc71bd68fe2703b779edcc292a49722\",\"name\":\"admin\",\"image\":{\"@type\":\"ImageObject\",\"inLanguage\":\"es\",\"@id\":\"https:\\\/\\\/secure.gravatar.com\\\/avatar\\\/23e9f919492b0a2f65aa168e0d8c5c867ea853b61deffbadf08c7031e15b8d78?s=96&d=mm&r=g\",\"url\":\"https:\\\/\\\/secure.gravatar.com\\\/avatar\\\/23e9f919492b0a2f65aa168e0d8c5c867ea853b61deffbadf08c7031e15b8d78?s=96&d=mm&r=g\",\"contentUrl\":\"https:\\\/\\\/secure.gravatar.com\\\/avatar\\\/23e9f919492b0a2f65aa168e0d8c5c867ea853b61deffbadf08c7031e15b8d78?s=96&d=mm&r=g\",\"caption\":\"admin\"},\"sameAs\":[\"http:\\\/\\\/www.manabi.gob.ec\"],\"url\":\"https:\\\/\\\/www.manabi.gob.ec\\\/index.php\\\/author\\\/admin\\\/\"}]}<\/script>\n<!-- \/ Yoast SEO plugin. -->","yoast_head_json":{"title":"Se estrena edificio moderno y funcional en campamento La Estancilla - Prefectura de Manab\u00ed","robots":{"index":"index","follow":"follow","max-snippet":"max-snippet:-1","max-image-preview":"max-image-preview:large","max-video-preview":"max-video-preview:-1"},"canonical":"https:\/\/www.manabi.gob.ec\/index.php\/se-estrena-edificio-moderno-y-funcional-en-campamento-la-estancilla\/","og_locale":"es_ES","og_type":"article","og_title":"Se estrena edificio moderno y funcional en campamento La Estancilla - Prefectura de Manab\u00ed","og_description":"Alberto Villacreses Garc\u00e9s se denomin\u00f3 al edificio del campamento La Estancilla, al norte de la provincia, en homenaje a este reconocido personaje pionero en la construcci\u00f3n de obras hidr\u00e1ulicas en Manab\u00ed. Su inauguraci\u00f3n se realiz\u00f3 el domingo 9 de agosto, con la presencia del prefecto Leonardo Orlando. Autoridades de los cantones Bol\u00edvar, Tosagua y Jun\u00edn; [&hellip;]","og_url":"https:\/\/www.manabi.gob.ec\/index.php\/se-estrena-edificio-moderno-y-funcional-en-campamento-la-estancilla\/","og_site_name":"Prefectura de Manab\u00ed","article_published_time":"2020-08-10T19:10:49+00:00","author":"admin","twitter_card":"summary_large_image","twitter_misc":{"Escrito por":"admin","Tiempo de lectura":"3 minutos"},"schema":{"@context":"https:\/\/schema.org","@graph":[{"@type":"Article","@id":"https:\/\/www.manabi.gob.ec\/index.php\/se-estrena-edificio-moderno-y-funcional-en-campamento-la-estancilla\/#article","isPartOf":{"@id":"https:\/\/www.manabi.gob.ec\/index.php\/se-estrena-edificio-moderno-y-funcional-en-campamento-la-estancilla\/"},"author":{"name":"admin","@id":"https:\/\/www.manabi.gob.ec\/#\/schema\/person\/cfc71bd68fe2703b779edcc292a49722"},"headline":"Se estrena edificio moderno y funcional en campamento La Estancilla","datePublished":"2020-08-10T19:10:49+00:00","mainEntityOfPage":{"@id":"https:\/\/www.manabi.gob.ec\/index.php\/se-estrena-edificio-moderno-y-funcional-en-campamento-la-estancilla\/"},"wordCount":523,"commentCount":0,"image":{"@id":"https:\/\/www.manabi.gob.ec\/index.php\/se-estrena-edificio-moderno-y-funcional-en-campamento-la-estancilla\/#primaryimage"},"thumbnailUrl":"","articleSection":["Noticias","Todas"],"inLanguage":"es","potentialAction":[{"@type":"CommentAction","name":"Comment","target":["https:\/\/www.manabi.gob.ec\/index.php\/se-estrena-edificio-moderno-y-funcional-en-campamento-la-estancilla\/#respond"]}]},{"@type":"WebPage","@id":"https:\/\/www.manabi.gob.ec\/index.php\/se-estrena-edificio-moderno-y-funcional-en-campamento-la-estancilla\/","url":"https:\/\/www.manabi.gob.ec\/index.php\/se-estrena-edificio-moderno-y-funcional-en-campamento-la-estancilla\/","name":"Se estrena edificio moderno y funcional en campamento La Estancilla - Prefectura de Manab\u00ed","isPartOf":{"@id":"https:\/\/www.manabi.gob.ec\/#website"},"primaryImageOfPage":{"@id":"https:\/\/www.manabi.gob.ec\/index.php\/se-estrena-edificio-moderno-y-funcional-en-campamento-la-estancilla\/#primaryimage"},"image":{"@id":"https:\/\/www.manabi.gob.ec\/index.php\/se-estrena-edificio-moderno-y-funcional-en-campamento-la-estancilla\/#primaryimage"},"thumbnailUrl":"","datePublished":"2020-08-10T19:10:49+00:00","author":{"@id":"https:\/\/www.manabi.gob.ec\/#\/schema\/person\/cfc71bd68fe2703b779edcc292a49722"},"breadcrumb":{"@id":"https:\/\/www.manabi.gob.ec\/index.php\/se-estrena-edificio-moderno-y-funcional-en-campamento-la-estancilla\/#breadcrumb"},"inLanguage":"es","potentialAction":[{"@type":"ReadAction","target":["https:\/\/www.manabi.gob.ec\/index.php\/se-estrena-edificio-moderno-y-funcional-en-campamento-la-estancilla\/"]}]},{"@type":"ImageObject","inLanguage":"es","@id":"https:\/\/www.manabi.gob.ec\/index.php\/se-estrena-edificio-moderno-y-funcional-en-campamento-la-estancilla\/#primaryimage","url":"","contentUrl":""},{"@type":"BreadcrumbList","@id":"https:\/\/www.manabi.gob.ec\/index.php\/se-estrena-edificio-moderno-y-funcional-en-campamento-la-estancilla\/#breadcrumb","itemListElement":[{"@type":"ListItem","position":1,"name":"Portada","item":"https:\/\/www.manabi.gob.ec\/"},{"@type":"ListItem","position":2,"name":"Se estrena edificio moderno y funcional en campamento La Estancilla"}]},{"@type":"WebSite","@id":"https:\/\/www.manabi.gob.ec\/#website","url":"https:\/\/www.manabi.gob.ec\/","name":"Prefectura de Manab\u00ed","description":"P\u00e1gina web de la prefectura","potentialAction":[{"@type":"SearchAction","target":{"@type":"EntryPoint","urlTemplate":"https:\/\/www.manabi.gob.ec\/?s={search_term_string}"},"query-input":{"@type":"PropertyValueSpecification","valueRequired":true,"valueName":"search_term_string"}}],"inLanguage":"es"},{"@type":"Person","@id":"https:\/\/www.manabi.gob.ec\/#\/schema\/person\/cfc71bd68fe2703b779edcc292a49722","name":"admin","image":{"@type":"ImageObject","inLanguage":"es","@id":"https:\/\/secure.gravatar.com\/avatar\/23e9f919492b0a2f65aa168e0d8c5c867ea853b61deffbadf08c7031e15b8d78?s=96&d=mm&r=g","url":"https:\/\/secure.gravatar.com\/avatar\/23e9f919492b0a2f65aa168e0d8c5c867ea853b61deffbadf08c7031e15b8d78?s=96&d=mm&r=g","contentUrl":"https:\/\/secure.gravatar.com\/avatar\/23e9f919492b0a2f65aa168e0d8c5c867ea853b61deffbadf08c7031e15b8d78?s=96&d=mm&r=g","caption":"admin"},"sameAs":["http:\/\/www.manabi.gob.ec"],"url":"https:\/\/www.manabi.gob.ec\/index.php\/author\/admin\/"}]}},"jetpack_featured_media_url":"","_links":{"self":[{"href":"https:\/\/www.manabi.gob.ec\/index.php\/wp-json\/wp\/v2\/posts\/15100","targetHints":{"allow":["GET"]}}],"collection":[{"href":"https:\/\/www.manabi.gob.ec\/index.php\/wp-json\/wp\/v2\/posts"}],"about":[{"href":"https:\/\/www.manabi.gob.ec\/index.php\/wp-json\/wp\/v2\/types\/post"}],"author":[{"embeddable":true,"href":"https:\/\/www.manabi.gob.ec\/index.php\/wp-json\/wp\/v2\/users\/1"}],"replies":[{"embeddable":true,"href":"https:\/\/www.manabi.gob.ec\/index.php\/wp-json\/wp\/v2\/comments?post=15100"}],"version-history":[{"count":0,"href":"https:\/\/www.manabi.gob.ec\/index.php\/wp-json\/wp\/v2\/posts\/15100\/revisions"}],"wp:featuredmedia":[{"embeddable":true,"href":"https:\/\/www.manabi.gob.ec\/index.php\/wp-json\/"}],"wp:attachment":[{"href":"https:\/\/www.manabi.gob.ec\/index.php\/wp-json\/wp\/v2\/media?parent=15100"}],"wp:term":[{"taxonomy":"category","embeddable":true,"href":"https:\/\/www.manabi.gob.ec\/index.php\/wp-json\/wp\/v2\/categories?post=15100"},{"taxonomy":"post_tag","embeddable":true,"href":"https:\/\/www.manabi.gob.ec\/index.php\/wp-json\/wp\/v2\/tags?post=15100"}],"curies":[{"name":"wp","href":"https:\/\/api.w.org\/{rel}","templated":true}]}}