{"id":15101,"date":"2020-08-12T15:46:58","date_gmt":"2020-08-12T20:46:58","guid":{"rendered":"https:\/\/www.manabi.gob.ec\/?p=14471"},"modified":"2020-08-12T15:46:58","modified_gmt":"2020-08-12T20:46:58","slug":"pnud-y-gobierno-de-manabi-impulsan-reactivacion-economica","status":"publish","type":"post","link":"https:\/\/www.manabi.gob.ec\/index.php\/pnud-y-gobierno-de-manabi-impulsan-reactivacion-economica\/","title":{"rendered":"PNUD Y GOBIERNO DE MANAB\u00cd IMPULSAN REACTIVACI\u00d3N ECON\u00d3MICA"},"content":{"rendered":"<p>El Programa de Peque\u00f1as Donaciones PPD &#8211; FMAM &#8211; PNUD \/ ONU, aportar\u00e1 con recursos no reembolsables para la ejecuci\u00f3n del proyecto de Bioemprendimientos en el Biocorredor Jipijapa &#8211; Sanc\u00e1n \u2013 Santa Ana &#8211; Puerto L\u00f3pez, para conservar el bosque seco y h\u00famedo tropical, y para la reactivaci\u00f3n econ\u00f3mica de la poblaci\u00f3n de esas zonas de la provincia.<\/p>\n<p>El programa fue presentado el viernes 7 de agosto v\u00eda zoom. En el evento participaron el prefecto de Manab\u00ed, Leonardo Orlando, las representantes del Programa de Peque\u00f1as Donaciones (PPD) Matilde Mordt y Amar\u00eda Varea; y el ministro del Ambiente y Agua, Paulo Arturo Proa\u00f1o.<\/p>\n<p>El plan tiene una inversi\u00f3n de 136.200 d\u00f3lares, de estos el Gobierno de Manab\u00ed aportar\u00e1 con 35 mil d\u00f3lares, el Programa de Peque\u00f1as Donaciones (PPD &#8211; FMAM &#8211; PNUD \/ ONU) destinar\u00e1 45 mil d\u00f3lares y los 56 mil d\u00f3lares restantes son financiados por aportes de socios estrat\u00e9gicos<\/p>\n<p>Este proyecto beneficiar\u00e1 a 417 organizaciones sociales, ser\u00e1 ejecutado por la organizaci\u00f3n Pueblo Manta, en un plazo de 24 meses, y se intervendr\u00e1n las cadenas miel, tagua, barbasco y palo santo.<\/p>\n<p>El objetivo es fortalecer los sistemas y capacidades de producci\u00f3n agroecol\u00f3gica, de recolecci\u00f3n de semillas y productos para la conservaci\u00f3n de la biodiversidad, a trav\u00e9s del fortalecimiento de capacidades, producci\u00f3n sostenible y la b\u00fasqueda de mercado.<\/p>\n<p>El prefecto de Manab\u00ed, Leonardo Orlando, resalt\u00f3 la alianza estrat\u00e9gica entre Programa de las Naciones Unidas para el Desarrollo-PNUD, el Programa de Peque\u00f1as Donaciones-PPD, Ministerio del Ambiente, el GAD provincial, Municipales y las comunidades participantes que se encuentran en \u00e1reas del Biocorredor Jipijapa \u2013 Sanc\u00e1n \u2013 Santa Ana \u2013 Puerto L\u00f3pez, del ecosistema Chong\u00f3n Colonche y Parque Nacional Machalilla.<\/p>\n","protected":false},"excerpt":{"rendered":"<p>El Programa de Peque\u00f1as Donaciones PPD &#8211; FMAM &#8211; PNUD \/ ONU, aportar\u00e1 con recursos no reembolsables para la ejecuci\u00f3n del proyecto de Bioemprendimientos en el Biocorredor Jipijapa &#8211; Sanc\u00e1n \u2013 Santa Ana &#8211; Puerto L\u00f3pez, para conservar el bosque seco y h\u00famedo tropical, y para la reactivaci\u00f3n econ\u00f3mica de la poblaci\u00f3n de esas zonas [&hellip;]<\/p>\n","protected":false},"author":1,"featured_media":14472,"comment_status":"open","ping_status":"open","sticky":false,"template":"","format":"standard","meta":{"_joinchat":[],"footnotes":""},"categories":[92,91],"tags":[],"class_list":["post-15101","post","type-post","status-publish","format-standard","has-post-thumbnail","hentry","category-noticias-manabi","category-todas"],"yoast_head":"<!-- This site is optimized with the Yoast SEO plugin v27.4 - https:\/\/yoast.com\/product\/yoast-seo-wordpress\/ -->\n<title>PNUD Y GOBIERNO DE MANAB\u00cd IMPULSAN REACTIVACI\u00d3N ECON\u00d3MICA - Prefectura de Manab\u00ed<\/title>\n<meta name=\"robots\" content=\"index, follow, max-snippet:-1, max-image-preview:large, max-video-preview:-1\" \/>\n<link rel=\"canonical\" href=\"https:\/\/www.manabi.gob.ec\/index.php\/pnud-y-gobierno-de-manabi-impulsan-reactivacion-economica\/\" \/>\n<meta property=\"og:locale\" content=\"es_ES\" \/>\n<meta property=\"og:type\" content=\"article\" \/>\n<meta property=\"og:title\" content=\"PNUD Y GOBIERNO DE MANAB\u00cd IMPULSAN REACTIVACI\u00d3N ECON\u00d3MICA - Prefectura de Manab\u00ed\" \/>\n<meta property=\"og:description\" content=\"El Programa de Peque\u00f1as Donaciones PPD &#8211; FMAM &#8211; PNUD \/ ONU, aportar\u00e1 con recursos no reembolsables para la ejecuci\u00f3n del proyecto de Bioemprendimientos en el Biocorredor Jipijapa &#8211; Sanc\u00e1n \u2013 Santa Ana &#8211; Puerto L\u00f3pez, para conservar el bosque seco y h\u00famedo tropical, y para la reactivaci\u00f3n econ\u00f3mica de la poblaci\u00f3n de esas zonas [&hellip;]\" \/>\n<meta property=\"og:url\" content=\"https:\/\/www.manabi.gob.ec\/index.php\/pnud-y-gobierno-de-manabi-impulsan-reactivacion-economica\/\" \/>\n<meta property=\"og:site_name\" content=\"Prefectura de Manab\u00ed\" \/>\n<meta property=\"article:published_time\" content=\"2020-08-12T20:46:58+00:00\" \/>\n<meta name=\"author\" content=\"admin\" \/>\n<meta name=\"twitter:card\" content=\"summary_large_image\" \/>\n<meta name=\"twitter:label1\" content=\"Escrito por\" \/>\n\t<meta name=\"twitter:data1\" content=\"admin\" \/>\n\t<meta name=\"twitter:label2\" content=\"Tiempo de lectura\" \/>\n\t<meta name=\"twitter:data2\" content=\"1 minuto\" \/>\n<script type=\"application\/ld+json\" class=\"yoast-schema-graph\">{\"@context\":\"https:\\\/\\\/schema.org\",\"@graph\":[{\"@type\":\"Article\",\"@id\":\"https:\\\/\\\/www.manabi.gob.ec\\\/index.php\\\/pnud-y-gobierno-de-manabi-impulsan-reactivacion-economica\\\/#article\",\"isPartOf\":{\"@id\":\"https:\\\/\\\/www.manabi.gob.ec\\\/index.php\\\/pnud-y-gobierno-de-manabi-impulsan-reactivacion-economica\\\/\"},\"author\":{\"name\":\"admin\",\"@id\":\"https:\\\/\\\/www.manabi.gob.ec\\\/#\\\/schema\\\/person\\\/cfc71bd68fe2703b779edcc292a49722\"},\"headline\":\"PNUD Y GOBIERNO DE MANAB\u00cd IMPULSAN REACTIVACI\u00d3N ECON\u00d3MICA\",\"datePublished\":\"2020-08-12T20:46:58+00:00\",\"mainEntityOfPage\":{\"@id\":\"https:\\\/\\\/www.manabi.gob.ec\\\/index.php\\\/pnud-y-gobierno-de-manabi-impulsan-reactivacion-economica\\\/\"},\"wordCount\":306,\"commentCount\":0,\"image\":{\"@id\":\"https:\\\/\\\/www.manabi.gob.ec\\\/index.php\\\/pnud-y-gobierno-de-manabi-impulsan-reactivacion-economica\\\/#primaryimage\"},\"thumbnailUrl\":\"\",\"articleSection\":[\"Noticias\",\"Todas\"],\"inLanguage\":\"es\",\"potentialAction\":[{\"@type\":\"CommentAction\",\"name\":\"Comment\",\"target\":[\"https:\\\/\\\/www.manabi.gob.ec\\\/index.php\\\/pnud-y-gobierno-de-manabi-impulsan-reactivacion-economica\\\/#respond\"]}]},{\"@type\":\"WebPage\",\"@id\":\"https:\\\/\\\/www.manabi.gob.ec\\\/index.php\\\/pnud-y-gobierno-de-manabi-impulsan-reactivacion-economica\\\/\",\"url\":\"https:\\\/\\\/www.manabi.gob.ec\\\/index.php\\\/pnud-y-gobierno-de-manabi-impulsan-reactivacion-economica\\\/\",\"name\":\"PNUD Y GOBIERNO DE MANAB\u00cd IMPULSAN REACTIVACI\u00d3N ECON\u00d3MICA - Prefectura de Manab\u00ed\",\"isPartOf\":{\"@id\":\"https:\\\/\\\/www.manabi.gob.ec\\\/#website\"},\"primaryImageOfPage\":{\"@id\":\"https:\\\/\\\/www.manabi.gob.ec\\\/index.php\\\/pnud-y-gobierno-de-manabi-impulsan-reactivacion-economica\\\/#primaryimage\"},\"image\":{\"@id\":\"https:\\\/\\\/www.manabi.gob.ec\\\/index.php\\\/pnud-y-gobierno-de-manabi-impulsan-reactivacion-economica\\\/#primaryimage\"},\"thumbnailUrl\":\"\",\"datePublished\":\"2020-08-12T20:46:58+00:00\",\"author\":{\"@id\":\"https:\\\/\\\/www.manabi.gob.ec\\\/#\\\/schema\\\/person\\\/cfc71bd68fe2703b779edcc292a49722\"},\"breadcrumb\":{\"@id\":\"https:\\\/\\\/www.manabi.gob.ec\\\/index.php\\\/pnud-y-gobierno-de-manabi-impulsan-reactivacion-economica\\\/#breadcrumb\"},\"inLanguage\":\"es\",\"potentialAction\":[{\"@type\":\"ReadAction\",\"target\":[\"https:\\\/\\\/www.manabi.gob.ec\\\/index.php\\\/pnud-y-gobierno-de-manabi-impulsan-reactivacion-economica\\\/\"]}]},{\"@type\":\"ImageObject\",\"inLanguage\":\"es\",\"@id\":\"https:\\\/\\\/www.manabi.gob.ec\\\/index.php\\\/pnud-y-gobierno-de-manabi-impulsan-reactivacion-economica\\\/#primaryimage\",\"url\":\"\",\"contentUrl\":\"\"},{\"@type\":\"BreadcrumbList\",\"@id\":\"https:\\\/\\\/www.manabi.gob.ec\\\/index.php\\\/pnud-y-gobierno-de-manabi-impulsan-reactivacion-economica\\\/#breadcrumb\",\"itemListElement\":[{\"@type\":\"ListItem\",\"position\":1,\"name\":\"Portada\",\"item\":\"https:\\\/\\\/www.manabi.gob.ec\\\/\"},{\"@type\":\"ListItem\",\"position\":2,\"name\":\"PNUD Y GOBIERNO DE MANAB\u00cd IMPULSAN REACTIVACI\u00d3N ECON\u00d3MICA\"}]},{\"@type\":\"WebSite\",\"@id\":\"https:\\\/\\\/www.manabi.gob.ec\\\/#website\",\"url\":\"https:\\\/\\\/www.manabi.gob.ec\\\/\",\"name\":\"Prefectura de Manab\u00ed\",\"description\":\"P\u00e1gina web de la prefectura\",\"potentialAction\":[{\"@type\":\"SearchAction\",\"target\":{\"@type\":\"EntryPoint\",\"urlTemplate\":\"https:\\\/\\\/www.manabi.gob.ec\\\/?s={search_term_string}\"},\"query-input\":{\"@type\":\"PropertyValueSpecification\",\"valueRequired\":true,\"valueName\":\"search_term_string\"}}],\"inLanguage\":\"es\"},{\"@type\":\"Person\",\"@id\":\"https:\\\/\\\/www.manabi.gob.ec\\\/#\\\/schema\\\/person\\\/cfc71bd68fe2703b779edcc292a49722\",\"name\":\"admin\",\"image\":{\"@type\":\"ImageObject\",\"inLanguage\":\"es\",\"@id\":\"https:\\\/\\\/secure.gravatar.com\\\/avatar\\\/23e9f919492b0a2f65aa168e0d8c5c867ea853b61deffbadf08c7031e15b8d78?s=96&d=mm&r=g\",\"url\":\"https:\\\/\\\/secure.gravatar.com\\\/avatar\\\/23e9f919492b0a2f65aa168e0d8c5c867ea853b61deffbadf08c7031e15b8d78?s=96&d=mm&r=g\",\"contentUrl\":\"https:\\\/\\\/secure.gravatar.com\\\/avatar\\\/23e9f919492b0a2f65aa168e0d8c5c867ea853b61deffbadf08c7031e15b8d78?s=96&d=mm&r=g\",\"caption\":\"admin\"},\"sameAs\":[\"http:\\\/\\\/www.manabi.gob.ec\"],\"url\":\"https:\\\/\\\/www.manabi.gob.ec\\\/index.php\\\/author\\\/admin\\\/\"}]}<\/script>\n<!-- \/ Yoast SEO plugin. -->","yoast_head_json":{"title":"PNUD Y GOBIERNO DE MANAB\u00cd IMPULSAN REACTIVACI\u00d3N ECON\u00d3MICA - Prefectura de Manab\u00ed","robots":{"index":"index","follow":"follow","max-snippet":"max-snippet:-1","max-image-preview":"max-image-preview:large","max-video-preview":"max-video-preview:-1"},"canonical":"https:\/\/www.manabi.gob.ec\/index.php\/pnud-y-gobierno-de-manabi-impulsan-reactivacion-economica\/","og_locale":"es_ES","og_type":"article","og_title":"PNUD Y GOBIERNO DE MANAB\u00cd IMPULSAN REACTIVACI\u00d3N ECON\u00d3MICA - Prefectura de Manab\u00ed","og_description":"El Programa de Peque\u00f1as Donaciones PPD &#8211; FMAM &#8211; PNUD \/ ONU, aportar\u00e1 con recursos no reembolsables para la ejecuci\u00f3n del proyecto de Bioemprendimientos en el Biocorredor Jipijapa &#8211; Sanc\u00e1n \u2013 Santa Ana &#8211; Puerto L\u00f3pez, para conservar el bosque seco y h\u00famedo tropical, y para la reactivaci\u00f3n econ\u00f3mica de la poblaci\u00f3n de esas zonas [&hellip;]","og_url":"https:\/\/www.manabi.gob.ec\/index.php\/pnud-y-gobierno-de-manabi-impulsan-reactivacion-economica\/","og_site_name":"Prefectura de Manab\u00ed","article_published_time":"2020-08-12T20:46:58+00:00","author":"admin","twitter_card":"summary_large_image","twitter_misc":{"Escrito por":"admin","Tiempo de lectura":"1 minuto"},"schema":{"@context":"https:\/\/schema.org","@graph":[{"@type":"Article","@id":"https:\/\/www.manabi.gob.ec\/index.php\/pnud-y-gobierno-de-manabi-impulsan-reactivacion-economica\/#article","isPartOf":{"@id":"https:\/\/www.manabi.gob.ec\/index.php\/pnud-y-gobierno-de-manabi-impulsan-reactivacion-economica\/"},"author":{"name":"admin","@id":"https:\/\/www.manabi.gob.ec\/#\/schema\/person\/cfc71bd68fe2703b779edcc292a49722"},"headline":"PNUD Y GOBIERNO DE MANAB\u00cd IMPULSAN REACTIVACI\u00d3N ECON\u00d3MICA","datePublished":"2020-08-12T20:46:58+00:00","mainEntityOfPage":{"@id":"https:\/\/www.manabi.gob.ec\/index.php\/pnud-y-gobierno-de-manabi-impulsan-reactivacion-economica\/"},"wordCount":306,"commentCount":0,"image":{"@id":"https:\/\/www.manabi.gob.ec\/index.php\/pnud-y-gobierno-de-manabi-impulsan-reactivacion-economica\/#primaryimage"},"thumbnailUrl":"","articleSection":["Noticias","Todas"],"inLanguage":"es","potentialAction":[{"@type":"CommentAction","name":"Comment","target":["https:\/\/www.manabi.gob.ec\/index.php\/pnud-y-gobierno-de-manabi-impulsan-reactivacion-economica\/#respond"]}]},{"@type":"WebPage","@id":"https:\/\/www.manabi.gob.ec\/index.php\/pnud-y-gobierno-de-manabi-impulsan-reactivacion-economica\/","url":"https:\/\/www.manabi.gob.ec\/index.php\/pnud-y-gobierno-de-manabi-impulsan-reactivacion-economica\/","name":"PNUD Y GOBIERNO DE MANAB\u00cd IMPULSAN REACTIVACI\u00d3N ECON\u00d3MICA - Prefectura de Manab\u00ed","isPartOf":{"@id":"https:\/\/www.manabi.gob.ec\/#website"},"primaryImageOfPage":{"@id":"https:\/\/www.manabi.gob.ec\/index.php\/pnud-y-gobierno-de-manabi-impulsan-reactivacion-economica\/#primaryimage"},"image":{"@id":"https:\/\/www.manabi.gob.ec\/index.php\/pnud-y-gobierno-de-manabi-impulsan-reactivacion-economica\/#primaryimage"},"thumbnailUrl":"","datePublished":"2020-08-12T20:46:58+00:00","author":{"@id":"https:\/\/www.manabi.gob.ec\/#\/schema\/person\/cfc71bd68fe2703b779edcc292a49722"},"breadcrumb":{"@id":"https:\/\/www.manabi.gob.ec\/index.php\/pnud-y-gobierno-de-manabi-impulsan-reactivacion-economica\/#breadcrumb"},"inLanguage":"es","potentialAction":[{"@type":"ReadAction","target":["https:\/\/www.manabi.gob.ec\/index.php\/pnud-y-gobierno-de-manabi-impulsan-reactivacion-economica\/"]}]},{"@type":"ImageObject","inLanguage":"es","@id":"https:\/\/www.manabi.gob.ec\/index.php\/pnud-y-gobierno-de-manabi-impulsan-reactivacion-economica\/#primaryimage","url":"","contentUrl":""},{"@type":"BreadcrumbList","@id":"https:\/\/www.manabi.gob.ec\/index.php\/pnud-y-gobierno-de-manabi-impulsan-reactivacion-economica\/#breadcrumb","itemListElement":[{"@type":"ListItem","position":1,"name":"Portada","item":"https:\/\/www.manabi.gob.ec\/"},{"@type":"ListItem","position":2,"name":"PNUD Y GOBIERNO DE MANAB\u00cd IMPULSAN REACTIVACI\u00d3N ECON\u00d3MICA"}]},{"@type":"WebSite","@id":"https:\/\/www.manabi.gob.ec\/#website","url":"https:\/\/www.manabi.gob.ec\/","name":"Prefectura de Manab\u00ed","description":"P\u00e1gina web de la prefectura","potentialAction":[{"@type":"SearchAction","target":{"@type":"EntryPoint","urlTemplate":"https:\/\/www.manabi.gob.ec\/?s={search_term_string}"},"query-input":{"@type":"PropertyValueSpecification","valueRequired":true,"valueName":"search_term_string"}}],"inLanguage":"es"},{"@type":"Person","@id":"https:\/\/www.manabi.gob.ec\/#\/schema\/person\/cfc71bd68fe2703b779edcc292a49722","name":"admin","image":{"@type":"ImageObject","inLanguage":"es","@id":"https:\/\/secure.gravatar.com\/avatar\/23e9f919492b0a2f65aa168e0d8c5c867ea853b61deffbadf08c7031e15b8d78?s=96&d=mm&r=g","url":"https:\/\/secure.gravatar.com\/avatar\/23e9f919492b0a2f65aa168e0d8c5c867ea853b61deffbadf08c7031e15b8d78?s=96&d=mm&r=g","contentUrl":"https:\/\/secure.gravatar.com\/avatar\/23e9f919492b0a2f65aa168e0d8c5c867ea853b61deffbadf08c7031e15b8d78?s=96&d=mm&r=g","caption":"admin"},"sameAs":["http:\/\/www.manabi.gob.ec"],"url":"https:\/\/www.manabi.gob.ec\/index.php\/author\/admin\/"}]}},"jetpack_featured_media_url":"","_links":{"self":[{"href":"https:\/\/www.manabi.gob.ec\/index.php\/wp-json\/wp\/v2\/posts\/15101","targetHints":{"allow":["GET"]}}],"collection":[{"href":"https:\/\/www.manabi.gob.ec\/index.php\/wp-json\/wp\/v2\/posts"}],"about":[{"href":"https:\/\/www.manabi.gob.ec\/index.php\/wp-json\/wp\/v2\/types\/post"}],"author":[{"embeddable":true,"href":"https:\/\/www.manabi.gob.ec\/index.php\/wp-json\/wp\/v2\/users\/1"}],"replies":[{"embeddable":true,"href":"https:\/\/www.manabi.gob.ec\/index.php\/wp-json\/wp\/v2\/comments?post=15101"}],"version-history":[{"count":0,"href":"https:\/\/www.manabi.gob.ec\/index.php\/wp-json\/wp\/v2\/posts\/15101\/revisions"}],"wp:featuredmedia":[{"embeddable":true,"href":"https:\/\/www.manabi.gob.ec\/index.php\/wp-json\/"}],"wp:attachment":[{"href":"https:\/\/www.manabi.gob.ec\/index.php\/wp-json\/wp\/v2\/media?parent=15101"}],"wp:term":[{"taxonomy":"category","embeddable":true,"href":"https:\/\/www.manabi.gob.ec\/index.php\/wp-json\/wp\/v2\/categories?post=15101"},{"taxonomy":"post_tag","embeddable":true,"href":"https:\/\/www.manabi.gob.ec\/index.php\/wp-json\/wp\/v2\/tags?post=15101"}],"curies":[{"name":"wp","href":"https:\/\/api.w.org\/{rel}","templated":true}]}}