{"id":15103,"date":"2020-08-13T01:47:43","date_gmt":"2020-08-13T06:47:43","guid":{"rendered":"https:\/\/www.manabi.gob.ec\/?p=14475"},"modified":"2020-08-13T01:47:43","modified_gmt":"2020-08-13T06:47:43","slug":"se-reiniciaron-trabajos-en-importantes-vias-de-cuatro-cantones","status":"publish","type":"post","link":"https:\/\/www.manabi.gob.ec\/index.php\/se-reiniciaron-trabajos-en-importantes-vias-de-cuatro-cantones\/","title":{"rendered":"Se reiniciaron trabajos en importantes v\u00edas de cuatro cantones"},"content":{"rendered":"<p>Luego de 15 meses se reiniciaron los trabajos de rehabilitaci\u00f3n y construcci\u00f3n de las v\u00edas: Flavio Alfaro \u2013 Facundo, Zapallo \u2013 Convento, Tres Puntas \u2013 Barraganete y Rambuche &#8211; Santo Tom\u00e1s &#8211; Boca de Piquigua &#8211; Santo Domingo.<\/p>\n<p>Estas obras, que se financiaron con recursos de la Ley de Solidaridad, estuvieron suspendidas por m\u00e1s de 450 d\u00edas luego de que la empresa p\u00fablica Manab\u00ed Construye incumpliera con su ejecuci\u00f3n.<\/p>\n<p>Ante esta situaci\u00f3n, la actual administraci\u00f3n del Gobierno de Manab\u00ed, liderada por el prefecto Leonardo Orlando, inici\u00f3 un nuevo proceso de contrataci\u00f3n, para retomar los trabajos. La Corporaci\u00f3n Provincial decidi\u00f3 que la empresa p\u00fablica Manab\u00ed Construye entre a un proceso de liquidaci\u00f3n desde el 30 de junio pasado.<\/p>\n<p>La v\u00eda Flavio Alfaro \u2013 Facundo, tiene una longitud de 8.7 km. El contratista Xavier Navia realiza la construcci\u00f3n de cunetas, aceras y bordillos por un monto de m\u00e1s de 776 mil d\u00f3lares, los trabajos se concentran al inicio y al final del proyecto, en el Barrio La Dolorosa y en la comunidad Facundo, respectivamente.<\/p>\n<p>Adem\u00e1s, se construyen obras de protecci\u00f3n en las salidas de las alcantarillas, y; se instalan guardav\u00eda doble en aproximadamente 3.644 metros lineales. Este importante camino rural del cant\u00f3n Flavio Alfaro beneficia a decenas de comunidades productoras de c\u00edtricos como mandarinas y naranjas.<\/p>\n<p>En la v\u00eda Zapallo \u2013 Convento, el consorcio Zapaco tiene siete frentes de trabajo. El mantenimiento y rehabilitaci\u00f3n de esta v\u00eda representa una inversi\u00f3n de m\u00e1s de 11 millones de d\u00f3lares (11&#8242; 817, 964,09). En este camino rural se contempla la reconstrucci\u00f3n de cercas y guardacaminos, excavaci\u00f3n de suelo y la construcci\u00f3n de estructura vial en aproximadamente 13 km.<\/p>\n<p>Zapallo y Convento son dos parroquias productivas de los cantones Flavio Alfaro y Chone que muy pronto quedar\u00e1n conectadas en sus 24 km. Hay expectativas entre sus habitantes que se dedican en su mayor\u00eda a la producci\u00f3n de queso y leche.<\/p>\n<p>Adem\u00e1s, el Consorcio Proconci Asociados construye el eje de integraci\u00f3n vial Tres Puntas &#8211; Barraganete de 37 km que integrar\u00e1 a Chone con la parroquia Barraganete del cant\u00f3n Pichincha; una poblaci\u00f3n que qued\u00f3 aislada con la construcci\u00f3n de la represa Daule &#8211; Peripa. La inversi\u00f3n en estos 37 km representa una inversi\u00f3n de m\u00e1s de 13 millones de d\u00f3lares (13. 474. 343, 04).<\/p>\n<p>En el cant\u00f3n Jama, el contratista Gerardo Centeno, trabaja en la v\u00eda Santo Tom\u00e1s &#8211; Boca de Piquigua &#8211; Santo Domingo de 11.4 km. Se realiza la construcci\u00f3n de cunetas en varios tramos del camino, se coloca piedra escollera para proteger los taludes. En los asentamientos de la estructura de calzada se ubicar\u00e1 asfalto en los tramos puntuales. El monto de la inversi\u00f3n es de 348.959,77.<\/p>\n<p>La rehabilitaci\u00f3n de esta ruta vial, permite una conexi\u00f3n con la parroquia San Isidro del cant\u00f3n Sucre. Adem\u00e1s, brinda seguridad y una mejor movilizaci\u00f3n a las comunidades que se dedican a la producci\u00f3n de papayas y otros productos.<\/p>\n","protected":false},"excerpt":{"rendered":"<p>Luego de 15 meses se reiniciaron los trabajos de rehabilitaci\u00f3n y construcci\u00f3n de las v\u00edas: Flavio Alfaro \u2013 Facundo, Zapallo \u2013 Convento, Tres Puntas \u2013 Barraganete y Rambuche &#8211; Santo Tom\u00e1s &#8211; Boca de Piquigua &#8211; Santo Domingo. Estas obras, que se financiaron con recursos de la Ley de Solidaridad, estuvieron suspendidas por m\u00e1s de [&hellip;]<\/p>\n","protected":false},"author":1,"featured_media":14476,"comment_status":"open","ping_status":"open","sticky":false,"template":"","format":"standard","meta":{"_joinchat":[],"footnotes":""},"categories":[91],"tags":[],"class_list":["post-15103","post","type-post","status-publish","format-standard","has-post-thumbnail","hentry","category-todas"],"yoast_head":"<!-- This site is optimized with the Yoast SEO plugin v27.4 - https:\/\/yoast.com\/product\/yoast-seo-wordpress\/ -->\n<title>Se reiniciaron trabajos en importantes v\u00edas de cuatro cantones - Prefectura de Manab\u00ed<\/title>\n<meta name=\"robots\" content=\"index, follow, max-snippet:-1, max-image-preview:large, max-video-preview:-1\" \/>\n<link rel=\"canonical\" href=\"https:\/\/www.manabi.gob.ec\/index.php\/se-reiniciaron-trabajos-en-importantes-vias-de-cuatro-cantones\/\" \/>\n<meta property=\"og:locale\" content=\"es_ES\" \/>\n<meta property=\"og:type\" content=\"article\" \/>\n<meta property=\"og:title\" content=\"Se reiniciaron trabajos en importantes v\u00edas de cuatro cantones - Prefectura de Manab\u00ed\" \/>\n<meta property=\"og:description\" content=\"Luego de 15 meses se reiniciaron los trabajos de rehabilitaci\u00f3n y construcci\u00f3n de las v\u00edas: Flavio Alfaro \u2013 Facundo, Zapallo \u2013 Convento, Tres Puntas \u2013 Barraganete y Rambuche &#8211; Santo Tom\u00e1s &#8211; Boca de Piquigua &#8211; Santo Domingo. Estas obras, que se financiaron con recursos de la Ley de Solidaridad, estuvieron suspendidas por m\u00e1s de [&hellip;]\" \/>\n<meta property=\"og:url\" content=\"https:\/\/www.manabi.gob.ec\/index.php\/se-reiniciaron-trabajos-en-importantes-vias-de-cuatro-cantones\/\" \/>\n<meta property=\"og:site_name\" content=\"Prefectura de Manab\u00ed\" \/>\n<meta property=\"article:published_time\" content=\"2020-08-13T06:47:43+00:00\" \/>\n<meta name=\"author\" content=\"admin\" \/>\n<meta name=\"twitter:card\" content=\"summary_large_image\" \/>\n<meta name=\"twitter:label1\" content=\"Escrito por\" \/>\n\t<meta name=\"twitter:data1\" content=\"admin\" \/>\n\t<meta name=\"twitter:label2\" content=\"Tiempo de lectura\" \/>\n\t<meta name=\"twitter:data2\" content=\"3 minutos\" \/>\n<script type=\"application\/ld+json\" class=\"yoast-schema-graph\">{\"@context\":\"https:\\\/\\\/schema.org\",\"@graph\":[{\"@type\":\"Article\",\"@id\":\"https:\\\/\\\/www.manabi.gob.ec\\\/index.php\\\/se-reiniciaron-trabajos-en-importantes-vias-de-cuatro-cantones\\\/#article\",\"isPartOf\":{\"@id\":\"https:\\\/\\\/www.manabi.gob.ec\\\/index.php\\\/se-reiniciaron-trabajos-en-importantes-vias-de-cuatro-cantones\\\/\"},\"author\":{\"name\":\"admin\",\"@id\":\"https:\\\/\\\/www.manabi.gob.ec\\\/#\\\/schema\\\/person\\\/cfc71bd68fe2703b779edcc292a49722\"},\"headline\":\"Se reiniciaron trabajos en importantes v\u00edas de cuatro cantones\",\"datePublished\":\"2020-08-13T06:47:43+00:00\",\"mainEntityOfPage\":{\"@id\":\"https:\\\/\\\/www.manabi.gob.ec\\\/index.php\\\/se-reiniciaron-trabajos-en-importantes-vias-de-cuatro-cantones\\\/\"},\"wordCount\":521,\"commentCount\":0,\"image\":{\"@id\":\"https:\\\/\\\/www.manabi.gob.ec\\\/index.php\\\/se-reiniciaron-trabajos-en-importantes-vias-de-cuatro-cantones\\\/#primaryimage\"},\"thumbnailUrl\":\"\",\"articleSection\":[\"Todas\"],\"inLanguage\":\"es\",\"potentialAction\":[{\"@type\":\"CommentAction\",\"name\":\"Comment\",\"target\":[\"https:\\\/\\\/www.manabi.gob.ec\\\/index.php\\\/se-reiniciaron-trabajos-en-importantes-vias-de-cuatro-cantones\\\/#respond\"]}]},{\"@type\":\"WebPage\",\"@id\":\"https:\\\/\\\/www.manabi.gob.ec\\\/index.php\\\/se-reiniciaron-trabajos-en-importantes-vias-de-cuatro-cantones\\\/\",\"url\":\"https:\\\/\\\/www.manabi.gob.ec\\\/index.php\\\/se-reiniciaron-trabajos-en-importantes-vias-de-cuatro-cantones\\\/\",\"name\":\"Se reiniciaron trabajos en importantes v\u00edas de cuatro cantones - Prefectura de Manab\u00ed\",\"isPartOf\":{\"@id\":\"https:\\\/\\\/www.manabi.gob.ec\\\/#website\"},\"primaryImageOfPage\":{\"@id\":\"https:\\\/\\\/www.manabi.gob.ec\\\/index.php\\\/se-reiniciaron-trabajos-en-importantes-vias-de-cuatro-cantones\\\/#primaryimage\"},\"image\":{\"@id\":\"https:\\\/\\\/www.manabi.gob.ec\\\/index.php\\\/se-reiniciaron-trabajos-en-importantes-vias-de-cuatro-cantones\\\/#primaryimage\"},\"thumbnailUrl\":\"\",\"datePublished\":\"2020-08-13T06:47:43+00:00\",\"author\":{\"@id\":\"https:\\\/\\\/www.manabi.gob.ec\\\/#\\\/schema\\\/person\\\/cfc71bd68fe2703b779edcc292a49722\"},\"breadcrumb\":{\"@id\":\"https:\\\/\\\/www.manabi.gob.ec\\\/index.php\\\/se-reiniciaron-trabajos-en-importantes-vias-de-cuatro-cantones\\\/#breadcrumb\"},\"inLanguage\":\"es\",\"potentialAction\":[{\"@type\":\"ReadAction\",\"target\":[\"https:\\\/\\\/www.manabi.gob.ec\\\/index.php\\\/se-reiniciaron-trabajos-en-importantes-vias-de-cuatro-cantones\\\/\"]}]},{\"@type\":\"ImageObject\",\"inLanguage\":\"es\",\"@id\":\"https:\\\/\\\/www.manabi.gob.ec\\\/index.php\\\/se-reiniciaron-trabajos-en-importantes-vias-de-cuatro-cantones\\\/#primaryimage\",\"url\":\"\",\"contentUrl\":\"\"},{\"@type\":\"BreadcrumbList\",\"@id\":\"https:\\\/\\\/www.manabi.gob.ec\\\/index.php\\\/se-reiniciaron-trabajos-en-importantes-vias-de-cuatro-cantones\\\/#breadcrumb\",\"itemListElement\":[{\"@type\":\"ListItem\",\"position\":1,\"name\":\"Portada\",\"item\":\"https:\\\/\\\/www.manabi.gob.ec\\\/\"},{\"@type\":\"ListItem\",\"position\":2,\"name\":\"Se reiniciaron trabajos en importantes v\u00edas de cuatro cantones\"}]},{\"@type\":\"WebSite\",\"@id\":\"https:\\\/\\\/www.manabi.gob.ec\\\/#website\",\"url\":\"https:\\\/\\\/www.manabi.gob.ec\\\/\",\"name\":\"Prefectura de Manab\u00ed\",\"description\":\"P\u00e1gina web de la prefectura\",\"potentialAction\":[{\"@type\":\"SearchAction\",\"target\":{\"@type\":\"EntryPoint\",\"urlTemplate\":\"https:\\\/\\\/www.manabi.gob.ec\\\/?s={search_term_string}\"},\"query-input\":{\"@type\":\"PropertyValueSpecification\",\"valueRequired\":true,\"valueName\":\"search_term_string\"}}],\"inLanguage\":\"es\"},{\"@type\":\"Person\",\"@id\":\"https:\\\/\\\/www.manabi.gob.ec\\\/#\\\/schema\\\/person\\\/cfc71bd68fe2703b779edcc292a49722\",\"name\":\"admin\",\"image\":{\"@type\":\"ImageObject\",\"inLanguage\":\"es\",\"@id\":\"https:\\\/\\\/secure.gravatar.com\\\/avatar\\\/23e9f919492b0a2f65aa168e0d8c5c867ea853b61deffbadf08c7031e15b8d78?s=96&d=mm&r=g\",\"url\":\"https:\\\/\\\/secure.gravatar.com\\\/avatar\\\/23e9f919492b0a2f65aa168e0d8c5c867ea853b61deffbadf08c7031e15b8d78?s=96&d=mm&r=g\",\"contentUrl\":\"https:\\\/\\\/secure.gravatar.com\\\/avatar\\\/23e9f919492b0a2f65aa168e0d8c5c867ea853b61deffbadf08c7031e15b8d78?s=96&d=mm&r=g\",\"caption\":\"admin\"},\"sameAs\":[\"http:\\\/\\\/www.manabi.gob.ec\"],\"url\":\"https:\\\/\\\/www.manabi.gob.ec\\\/index.php\\\/author\\\/admin\\\/\"}]}<\/script>\n<!-- \/ Yoast SEO plugin. -->","yoast_head_json":{"title":"Se reiniciaron trabajos en importantes v\u00edas de cuatro cantones - Prefectura de Manab\u00ed","robots":{"index":"index","follow":"follow","max-snippet":"max-snippet:-1","max-image-preview":"max-image-preview:large","max-video-preview":"max-video-preview:-1"},"canonical":"https:\/\/www.manabi.gob.ec\/index.php\/se-reiniciaron-trabajos-en-importantes-vias-de-cuatro-cantones\/","og_locale":"es_ES","og_type":"article","og_title":"Se reiniciaron trabajos en importantes v\u00edas de cuatro cantones - Prefectura de Manab\u00ed","og_description":"Luego de 15 meses se reiniciaron los trabajos de rehabilitaci\u00f3n y construcci\u00f3n de las v\u00edas: Flavio Alfaro \u2013 Facundo, Zapallo \u2013 Convento, Tres Puntas \u2013 Barraganete y Rambuche &#8211; Santo Tom\u00e1s &#8211; Boca de Piquigua &#8211; Santo Domingo. Estas obras, que se financiaron con recursos de la Ley de Solidaridad, estuvieron suspendidas por m\u00e1s de [&hellip;]","og_url":"https:\/\/www.manabi.gob.ec\/index.php\/se-reiniciaron-trabajos-en-importantes-vias-de-cuatro-cantones\/","og_site_name":"Prefectura de Manab\u00ed","article_published_time":"2020-08-13T06:47:43+00:00","author":"admin","twitter_card":"summary_large_image","twitter_misc":{"Escrito por":"admin","Tiempo de lectura":"3 minutos"},"schema":{"@context":"https:\/\/schema.org","@graph":[{"@type":"Article","@id":"https:\/\/www.manabi.gob.ec\/index.php\/se-reiniciaron-trabajos-en-importantes-vias-de-cuatro-cantones\/#article","isPartOf":{"@id":"https:\/\/www.manabi.gob.ec\/index.php\/se-reiniciaron-trabajos-en-importantes-vias-de-cuatro-cantones\/"},"author":{"name":"admin","@id":"https:\/\/www.manabi.gob.ec\/#\/schema\/person\/cfc71bd68fe2703b779edcc292a49722"},"headline":"Se reiniciaron trabajos en importantes v\u00edas de cuatro cantones","datePublished":"2020-08-13T06:47:43+00:00","mainEntityOfPage":{"@id":"https:\/\/www.manabi.gob.ec\/index.php\/se-reiniciaron-trabajos-en-importantes-vias-de-cuatro-cantones\/"},"wordCount":521,"commentCount":0,"image":{"@id":"https:\/\/www.manabi.gob.ec\/index.php\/se-reiniciaron-trabajos-en-importantes-vias-de-cuatro-cantones\/#primaryimage"},"thumbnailUrl":"","articleSection":["Todas"],"inLanguage":"es","potentialAction":[{"@type":"CommentAction","name":"Comment","target":["https:\/\/www.manabi.gob.ec\/index.php\/se-reiniciaron-trabajos-en-importantes-vias-de-cuatro-cantones\/#respond"]}]},{"@type":"WebPage","@id":"https:\/\/www.manabi.gob.ec\/index.php\/se-reiniciaron-trabajos-en-importantes-vias-de-cuatro-cantones\/","url":"https:\/\/www.manabi.gob.ec\/index.php\/se-reiniciaron-trabajos-en-importantes-vias-de-cuatro-cantones\/","name":"Se reiniciaron trabajos en importantes v\u00edas de cuatro cantones - Prefectura de Manab\u00ed","isPartOf":{"@id":"https:\/\/www.manabi.gob.ec\/#website"},"primaryImageOfPage":{"@id":"https:\/\/www.manabi.gob.ec\/index.php\/se-reiniciaron-trabajos-en-importantes-vias-de-cuatro-cantones\/#primaryimage"},"image":{"@id":"https:\/\/www.manabi.gob.ec\/index.php\/se-reiniciaron-trabajos-en-importantes-vias-de-cuatro-cantones\/#primaryimage"},"thumbnailUrl":"","datePublished":"2020-08-13T06:47:43+00:00","author":{"@id":"https:\/\/www.manabi.gob.ec\/#\/schema\/person\/cfc71bd68fe2703b779edcc292a49722"},"breadcrumb":{"@id":"https:\/\/www.manabi.gob.ec\/index.php\/se-reiniciaron-trabajos-en-importantes-vias-de-cuatro-cantones\/#breadcrumb"},"inLanguage":"es","potentialAction":[{"@type":"ReadAction","target":["https:\/\/www.manabi.gob.ec\/index.php\/se-reiniciaron-trabajos-en-importantes-vias-de-cuatro-cantones\/"]}]},{"@type":"ImageObject","inLanguage":"es","@id":"https:\/\/www.manabi.gob.ec\/index.php\/se-reiniciaron-trabajos-en-importantes-vias-de-cuatro-cantones\/#primaryimage","url":"","contentUrl":""},{"@type":"BreadcrumbList","@id":"https:\/\/www.manabi.gob.ec\/index.php\/se-reiniciaron-trabajos-en-importantes-vias-de-cuatro-cantones\/#breadcrumb","itemListElement":[{"@type":"ListItem","position":1,"name":"Portada","item":"https:\/\/www.manabi.gob.ec\/"},{"@type":"ListItem","position":2,"name":"Se reiniciaron trabajos en importantes v\u00edas de cuatro cantones"}]},{"@type":"WebSite","@id":"https:\/\/www.manabi.gob.ec\/#website","url":"https:\/\/www.manabi.gob.ec\/","name":"Prefectura de Manab\u00ed","description":"P\u00e1gina web de la prefectura","potentialAction":[{"@type":"SearchAction","target":{"@type":"EntryPoint","urlTemplate":"https:\/\/www.manabi.gob.ec\/?s={search_term_string}"},"query-input":{"@type":"PropertyValueSpecification","valueRequired":true,"valueName":"search_term_string"}}],"inLanguage":"es"},{"@type":"Person","@id":"https:\/\/www.manabi.gob.ec\/#\/schema\/person\/cfc71bd68fe2703b779edcc292a49722","name":"admin","image":{"@type":"ImageObject","inLanguage":"es","@id":"https:\/\/secure.gravatar.com\/avatar\/23e9f919492b0a2f65aa168e0d8c5c867ea853b61deffbadf08c7031e15b8d78?s=96&d=mm&r=g","url":"https:\/\/secure.gravatar.com\/avatar\/23e9f919492b0a2f65aa168e0d8c5c867ea853b61deffbadf08c7031e15b8d78?s=96&d=mm&r=g","contentUrl":"https:\/\/secure.gravatar.com\/avatar\/23e9f919492b0a2f65aa168e0d8c5c867ea853b61deffbadf08c7031e15b8d78?s=96&d=mm&r=g","caption":"admin"},"sameAs":["http:\/\/www.manabi.gob.ec"],"url":"https:\/\/www.manabi.gob.ec\/index.php\/author\/admin\/"}]}},"jetpack_featured_media_url":"","_links":{"self":[{"href":"https:\/\/www.manabi.gob.ec\/index.php\/wp-json\/wp\/v2\/posts\/15103","targetHints":{"allow":["GET"]}}],"collection":[{"href":"https:\/\/www.manabi.gob.ec\/index.php\/wp-json\/wp\/v2\/posts"}],"about":[{"href":"https:\/\/www.manabi.gob.ec\/index.php\/wp-json\/wp\/v2\/types\/post"}],"author":[{"embeddable":true,"href":"https:\/\/www.manabi.gob.ec\/index.php\/wp-json\/wp\/v2\/users\/1"}],"replies":[{"embeddable":true,"href":"https:\/\/www.manabi.gob.ec\/index.php\/wp-json\/wp\/v2\/comments?post=15103"}],"version-history":[{"count":0,"href":"https:\/\/www.manabi.gob.ec\/index.php\/wp-json\/wp\/v2\/posts\/15103\/revisions"}],"wp:featuredmedia":[{"embeddable":true,"href":"https:\/\/www.manabi.gob.ec\/index.php\/wp-json\/"}],"wp:attachment":[{"href":"https:\/\/www.manabi.gob.ec\/index.php\/wp-json\/wp\/v2\/media?parent=15103"}],"wp:term":[{"taxonomy":"category","embeddable":true,"href":"https:\/\/www.manabi.gob.ec\/index.php\/wp-json\/wp\/v2\/categories?post=15103"},{"taxonomy":"post_tag","embeddable":true,"href":"https:\/\/www.manabi.gob.ec\/index.php\/wp-json\/wp\/v2\/tags?post=15103"}],"curies":[{"name":"wp","href":"https:\/\/api.w.org\/{rel}","templated":true}]}}