{"id":15198,"date":"2020-09-03T18:52:36","date_gmt":"2020-09-03T23:52:36","guid":{"rendered":"https:\/\/www.manabi.gob.ec\/?p=14507"},"modified":"2020-09-03T18:52:36","modified_gmt":"2020-09-03T23:52:36","slug":"prefectura-en-tu-canton-se-realiza-en-pichincha","status":"publish","type":"post","link":"https:\/\/www.manabi.gob.ec\/index.php\/prefectura-en-tu-canton-se-realiza-en-pichincha\/","title":{"rendered":"Prefectura en tu cant\u00f3n\u201d se realiza en Pichincha"},"content":{"rendered":"<p style=\"text-align: justify;\">El Gobierno de Manab\u00ed y sus autoridades realizan este jueves 3 de septiembre la iniciativa \u201cPrefectura en tu cant\u00f3n\u201d, en Pichincha. El prefecto Leonardo Orlando liderar\u00e1 una intensa agenda institucional al servicio de los ciudadanos de esta jurisdicci\u00f3n.<\/p>\n<p style=\"text-align: justify;\">Una sesi\u00f3n de trabajo con el Municipio y Gobiernos Parroquiales; conversatorio con medios y ciudadan\u00eda en general; entrega e inspecci\u00f3n de obras viales; y otras actividades se desarrollar\u00e1n en este cant\u00f3n con el fin de promover la participaci\u00f3n ciudadana y el empoderamiento de la poblaci\u00f3n respecto de la inversi\u00f3n provincial.<\/p>\n<p style=\"text-align: justify;\">En ese marco se har\u00e1 la inauguraci\u00f3n de la v\u00eda V\u00eda Solano-El Jobo-El Moral, de 3,7 kil\u00f3metros, que entre transporte, maquinaria y acarreo de material de mejoramiento representa una inversi\u00f3n que supera los 96,3 mil d\u00f3lares de inversi\u00f3n.<\/p>\n<p style=\"text-align: justify;\">Tambi\u00e9n se visitar\u00e1n los frentes de trabajo activos en rutas como La Palmita-El Frutal, San Sebasti\u00e1n-La Curpinche-Naranjillo-Cuyeyes-San Gabriel, y otras.<\/p>\n<p style=\"text-align: justify;\">\u201cLa Prefectura en tu cant\u00f3n\u201d es una iniciativa que lidera el prefecto Leonardo Orlando para trabajar mucho m\u00e1s de cerca con gobiernos municipales y parroquiales en una agenda mutua que impulse el desarrollo y equidad en su territorio. Con todo \u00e9xito este proyecto se ha ejecutado tambi\u00e9n en Puerto L\u00f3pez y Pedernales.<\/p>\n","protected":false},"excerpt":{"rendered":"<p>El Gobierno de Manab\u00ed y sus autoridades realizan este jueves 3 de septiembre la iniciativa \u201cPrefectura en tu cant\u00f3n\u201d, en Pichincha. El prefecto Leonardo Orlando liderar\u00e1 una intensa agenda institucional al servicio de los ciudadanos de esta jurisdicci\u00f3n. Una sesi\u00f3n de trabajo con el Municipio y Gobiernos Parroquiales; conversatorio con medios y ciudadan\u00eda en general; [&hellip;]<\/p>\n","protected":false},"author":1,"featured_media":14509,"comment_status":"open","ping_status":"open","sticky":false,"template":"","format":"standard","meta":{"_joinchat":[],"footnotes":""},"categories":[92,91],"tags":[],"class_list":["post-15198","post","type-post","status-publish","format-standard","has-post-thumbnail","hentry","category-noticias-manabi","category-todas"],"yoast_head":"<!-- This site is optimized with the Yoast SEO plugin v27.4 - https:\/\/yoast.com\/product\/yoast-seo-wordpress\/ -->\n<title>Prefectura en tu cant\u00f3n\u201d se realiza en Pichincha - Prefectura de Manab\u00ed<\/title>\n<meta name=\"robots\" content=\"index, follow, max-snippet:-1, max-image-preview:large, max-video-preview:-1\" \/>\n<link rel=\"canonical\" href=\"https:\/\/www.manabi.gob.ec\/index.php\/prefectura-en-tu-canton-se-realiza-en-pichincha\/\" \/>\n<meta property=\"og:locale\" content=\"es_ES\" \/>\n<meta property=\"og:type\" content=\"article\" \/>\n<meta property=\"og:title\" content=\"Prefectura en tu cant\u00f3n\u201d se realiza en Pichincha - Prefectura de Manab\u00ed\" \/>\n<meta property=\"og:description\" content=\"El Gobierno de Manab\u00ed y sus autoridades realizan este jueves 3 de septiembre la iniciativa \u201cPrefectura en tu cant\u00f3n\u201d, en Pichincha. El prefecto Leonardo Orlando liderar\u00e1 una intensa agenda institucional al servicio de los ciudadanos de esta jurisdicci\u00f3n. Una sesi\u00f3n de trabajo con el Municipio y Gobiernos Parroquiales; conversatorio con medios y ciudadan\u00eda en general; [&hellip;]\" \/>\n<meta property=\"og:url\" content=\"https:\/\/www.manabi.gob.ec\/index.php\/prefectura-en-tu-canton-se-realiza-en-pichincha\/\" \/>\n<meta property=\"og:site_name\" content=\"Prefectura de Manab\u00ed\" \/>\n<meta property=\"article:published_time\" content=\"2020-09-03T23:52:36+00:00\" \/>\n<meta name=\"author\" content=\"admin\" \/>\n<meta name=\"twitter:card\" content=\"summary_large_image\" \/>\n<meta name=\"twitter:label1\" content=\"Escrito por\" \/>\n\t<meta name=\"twitter:data1\" content=\"admin\" \/>\n\t<meta name=\"twitter:label2\" content=\"Tiempo de lectura\" \/>\n\t<meta name=\"twitter:data2\" content=\"1 minuto\" \/>\n<script type=\"application\/ld+json\" class=\"yoast-schema-graph\">{\"@context\":\"https:\\\/\\\/schema.org\",\"@graph\":[{\"@type\":\"Article\",\"@id\":\"https:\\\/\\\/www.manabi.gob.ec\\\/index.php\\\/prefectura-en-tu-canton-se-realiza-en-pichincha\\\/#article\",\"isPartOf\":{\"@id\":\"https:\\\/\\\/www.manabi.gob.ec\\\/index.php\\\/prefectura-en-tu-canton-se-realiza-en-pichincha\\\/\"},\"author\":{\"name\":\"admin\",\"@id\":\"https:\\\/\\\/www.manabi.gob.ec\\\/#\\\/schema\\\/person\\\/cfc71bd68fe2703b779edcc292a49722\"},\"headline\":\"Prefectura en tu cant\u00f3n\u201d se realiza en Pichincha\",\"datePublished\":\"2020-09-03T23:52:36+00:00\",\"mainEntityOfPage\":{\"@id\":\"https:\\\/\\\/www.manabi.gob.ec\\\/index.php\\\/prefectura-en-tu-canton-se-realiza-en-pichincha\\\/\"},\"wordCount\":228,\"commentCount\":0,\"image\":{\"@id\":\"https:\\\/\\\/www.manabi.gob.ec\\\/index.php\\\/prefectura-en-tu-canton-se-realiza-en-pichincha\\\/#primaryimage\"},\"thumbnailUrl\":\"\",\"articleSection\":[\"Noticias\",\"Todas\"],\"inLanguage\":\"es\",\"potentialAction\":[{\"@type\":\"CommentAction\",\"name\":\"Comment\",\"target\":[\"https:\\\/\\\/www.manabi.gob.ec\\\/index.php\\\/prefectura-en-tu-canton-se-realiza-en-pichincha\\\/#respond\"]}]},{\"@type\":\"WebPage\",\"@id\":\"https:\\\/\\\/www.manabi.gob.ec\\\/index.php\\\/prefectura-en-tu-canton-se-realiza-en-pichincha\\\/\",\"url\":\"https:\\\/\\\/www.manabi.gob.ec\\\/index.php\\\/prefectura-en-tu-canton-se-realiza-en-pichincha\\\/\",\"name\":\"Prefectura en tu cant\u00f3n\u201d se realiza en Pichincha - Prefectura de Manab\u00ed\",\"isPartOf\":{\"@id\":\"https:\\\/\\\/www.manabi.gob.ec\\\/#website\"},\"primaryImageOfPage\":{\"@id\":\"https:\\\/\\\/www.manabi.gob.ec\\\/index.php\\\/prefectura-en-tu-canton-se-realiza-en-pichincha\\\/#primaryimage\"},\"image\":{\"@id\":\"https:\\\/\\\/www.manabi.gob.ec\\\/index.php\\\/prefectura-en-tu-canton-se-realiza-en-pichincha\\\/#primaryimage\"},\"thumbnailUrl\":\"\",\"datePublished\":\"2020-09-03T23:52:36+00:00\",\"author\":{\"@id\":\"https:\\\/\\\/www.manabi.gob.ec\\\/#\\\/schema\\\/person\\\/cfc71bd68fe2703b779edcc292a49722\"},\"breadcrumb\":{\"@id\":\"https:\\\/\\\/www.manabi.gob.ec\\\/index.php\\\/prefectura-en-tu-canton-se-realiza-en-pichincha\\\/#breadcrumb\"},\"inLanguage\":\"es\",\"potentialAction\":[{\"@type\":\"ReadAction\",\"target\":[\"https:\\\/\\\/www.manabi.gob.ec\\\/index.php\\\/prefectura-en-tu-canton-se-realiza-en-pichincha\\\/\"]}]},{\"@type\":\"ImageObject\",\"inLanguage\":\"es\",\"@id\":\"https:\\\/\\\/www.manabi.gob.ec\\\/index.php\\\/prefectura-en-tu-canton-se-realiza-en-pichincha\\\/#primaryimage\",\"url\":\"\",\"contentUrl\":\"\"},{\"@type\":\"BreadcrumbList\",\"@id\":\"https:\\\/\\\/www.manabi.gob.ec\\\/index.php\\\/prefectura-en-tu-canton-se-realiza-en-pichincha\\\/#breadcrumb\",\"itemListElement\":[{\"@type\":\"ListItem\",\"position\":1,\"name\":\"Portada\",\"item\":\"https:\\\/\\\/www.manabi.gob.ec\\\/\"},{\"@type\":\"ListItem\",\"position\":2,\"name\":\"Prefectura en tu cant\u00f3n\u201d se realiza en Pichincha\"}]},{\"@type\":\"WebSite\",\"@id\":\"https:\\\/\\\/www.manabi.gob.ec\\\/#website\",\"url\":\"https:\\\/\\\/www.manabi.gob.ec\\\/\",\"name\":\"Prefectura de Manab\u00ed\",\"description\":\"P\u00e1gina web de la prefectura\",\"potentialAction\":[{\"@type\":\"SearchAction\",\"target\":{\"@type\":\"EntryPoint\",\"urlTemplate\":\"https:\\\/\\\/www.manabi.gob.ec\\\/?s={search_term_string}\"},\"query-input\":{\"@type\":\"PropertyValueSpecification\",\"valueRequired\":true,\"valueName\":\"search_term_string\"}}],\"inLanguage\":\"es\"},{\"@type\":\"Person\",\"@id\":\"https:\\\/\\\/www.manabi.gob.ec\\\/#\\\/schema\\\/person\\\/cfc71bd68fe2703b779edcc292a49722\",\"name\":\"admin\",\"image\":{\"@type\":\"ImageObject\",\"inLanguage\":\"es\",\"@id\":\"https:\\\/\\\/secure.gravatar.com\\\/avatar\\\/23e9f919492b0a2f65aa168e0d8c5c867ea853b61deffbadf08c7031e15b8d78?s=96&d=mm&r=g\",\"url\":\"https:\\\/\\\/secure.gravatar.com\\\/avatar\\\/23e9f919492b0a2f65aa168e0d8c5c867ea853b61deffbadf08c7031e15b8d78?s=96&d=mm&r=g\",\"contentUrl\":\"https:\\\/\\\/secure.gravatar.com\\\/avatar\\\/23e9f919492b0a2f65aa168e0d8c5c867ea853b61deffbadf08c7031e15b8d78?s=96&d=mm&r=g\",\"caption\":\"admin\"},\"sameAs\":[\"http:\\\/\\\/www.manabi.gob.ec\"],\"url\":\"https:\\\/\\\/www.manabi.gob.ec\\\/index.php\\\/author\\\/admin\\\/\"}]}<\/script>\n<!-- \/ Yoast SEO plugin. -->","yoast_head_json":{"title":"Prefectura en tu cant\u00f3n\u201d se realiza en Pichincha - Prefectura de Manab\u00ed","robots":{"index":"index","follow":"follow","max-snippet":"max-snippet:-1","max-image-preview":"max-image-preview:large","max-video-preview":"max-video-preview:-1"},"canonical":"https:\/\/www.manabi.gob.ec\/index.php\/prefectura-en-tu-canton-se-realiza-en-pichincha\/","og_locale":"es_ES","og_type":"article","og_title":"Prefectura en tu cant\u00f3n\u201d se realiza en Pichincha - Prefectura de Manab\u00ed","og_description":"El Gobierno de Manab\u00ed y sus autoridades realizan este jueves 3 de septiembre la iniciativa \u201cPrefectura en tu cant\u00f3n\u201d, en Pichincha. El prefecto Leonardo Orlando liderar\u00e1 una intensa agenda institucional al servicio de los ciudadanos de esta jurisdicci\u00f3n. Una sesi\u00f3n de trabajo con el Municipio y Gobiernos Parroquiales; conversatorio con medios y ciudadan\u00eda en general; [&hellip;]","og_url":"https:\/\/www.manabi.gob.ec\/index.php\/prefectura-en-tu-canton-se-realiza-en-pichincha\/","og_site_name":"Prefectura de Manab\u00ed","article_published_time":"2020-09-03T23:52:36+00:00","author":"admin","twitter_card":"summary_large_image","twitter_misc":{"Escrito por":"admin","Tiempo de lectura":"1 minuto"},"schema":{"@context":"https:\/\/schema.org","@graph":[{"@type":"Article","@id":"https:\/\/www.manabi.gob.ec\/index.php\/prefectura-en-tu-canton-se-realiza-en-pichincha\/#article","isPartOf":{"@id":"https:\/\/www.manabi.gob.ec\/index.php\/prefectura-en-tu-canton-se-realiza-en-pichincha\/"},"author":{"name":"admin","@id":"https:\/\/www.manabi.gob.ec\/#\/schema\/person\/cfc71bd68fe2703b779edcc292a49722"},"headline":"Prefectura en tu cant\u00f3n\u201d se realiza en Pichincha","datePublished":"2020-09-03T23:52:36+00:00","mainEntityOfPage":{"@id":"https:\/\/www.manabi.gob.ec\/index.php\/prefectura-en-tu-canton-se-realiza-en-pichincha\/"},"wordCount":228,"commentCount":0,"image":{"@id":"https:\/\/www.manabi.gob.ec\/index.php\/prefectura-en-tu-canton-se-realiza-en-pichincha\/#primaryimage"},"thumbnailUrl":"","articleSection":["Noticias","Todas"],"inLanguage":"es","potentialAction":[{"@type":"CommentAction","name":"Comment","target":["https:\/\/www.manabi.gob.ec\/index.php\/prefectura-en-tu-canton-se-realiza-en-pichincha\/#respond"]}]},{"@type":"WebPage","@id":"https:\/\/www.manabi.gob.ec\/index.php\/prefectura-en-tu-canton-se-realiza-en-pichincha\/","url":"https:\/\/www.manabi.gob.ec\/index.php\/prefectura-en-tu-canton-se-realiza-en-pichincha\/","name":"Prefectura en tu cant\u00f3n\u201d se realiza en Pichincha - Prefectura de Manab\u00ed","isPartOf":{"@id":"https:\/\/www.manabi.gob.ec\/#website"},"primaryImageOfPage":{"@id":"https:\/\/www.manabi.gob.ec\/index.php\/prefectura-en-tu-canton-se-realiza-en-pichincha\/#primaryimage"},"image":{"@id":"https:\/\/www.manabi.gob.ec\/index.php\/prefectura-en-tu-canton-se-realiza-en-pichincha\/#primaryimage"},"thumbnailUrl":"","datePublished":"2020-09-03T23:52:36+00:00","author":{"@id":"https:\/\/www.manabi.gob.ec\/#\/schema\/person\/cfc71bd68fe2703b779edcc292a49722"},"breadcrumb":{"@id":"https:\/\/www.manabi.gob.ec\/index.php\/prefectura-en-tu-canton-se-realiza-en-pichincha\/#breadcrumb"},"inLanguage":"es","potentialAction":[{"@type":"ReadAction","target":["https:\/\/www.manabi.gob.ec\/index.php\/prefectura-en-tu-canton-se-realiza-en-pichincha\/"]}]},{"@type":"ImageObject","inLanguage":"es","@id":"https:\/\/www.manabi.gob.ec\/index.php\/prefectura-en-tu-canton-se-realiza-en-pichincha\/#primaryimage","url":"","contentUrl":""},{"@type":"BreadcrumbList","@id":"https:\/\/www.manabi.gob.ec\/index.php\/prefectura-en-tu-canton-se-realiza-en-pichincha\/#breadcrumb","itemListElement":[{"@type":"ListItem","position":1,"name":"Portada","item":"https:\/\/www.manabi.gob.ec\/"},{"@type":"ListItem","position":2,"name":"Prefectura en tu cant\u00f3n\u201d se realiza en Pichincha"}]},{"@type":"WebSite","@id":"https:\/\/www.manabi.gob.ec\/#website","url":"https:\/\/www.manabi.gob.ec\/","name":"Prefectura de Manab\u00ed","description":"P\u00e1gina web de la prefectura","potentialAction":[{"@type":"SearchAction","target":{"@type":"EntryPoint","urlTemplate":"https:\/\/www.manabi.gob.ec\/?s={search_term_string}"},"query-input":{"@type":"PropertyValueSpecification","valueRequired":true,"valueName":"search_term_string"}}],"inLanguage":"es"},{"@type":"Person","@id":"https:\/\/www.manabi.gob.ec\/#\/schema\/person\/cfc71bd68fe2703b779edcc292a49722","name":"admin","image":{"@type":"ImageObject","inLanguage":"es","@id":"https:\/\/secure.gravatar.com\/avatar\/23e9f919492b0a2f65aa168e0d8c5c867ea853b61deffbadf08c7031e15b8d78?s=96&d=mm&r=g","url":"https:\/\/secure.gravatar.com\/avatar\/23e9f919492b0a2f65aa168e0d8c5c867ea853b61deffbadf08c7031e15b8d78?s=96&d=mm&r=g","contentUrl":"https:\/\/secure.gravatar.com\/avatar\/23e9f919492b0a2f65aa168e0d8c5c867ea853b61deffbadf08c7031e15b8d78?s=96&d=mm&r=g","caption":"admin"},"sameAs":["http:\/\/www.manabi.gob.ec"],"url":"https:\/\/www.manabi.gob.ec\/index.php\/author\/admin\/"}]}},"jetpack_featured_media_url":"","_links":{"self":[{"href":"https:\/\/www.manabi.gob.ec\/index.php\/wp-json\/wp\/v2\/posts\/15198","targetHints":{"allow":["GET"]}}],"collection":[{"href":"https:\/\/www.manabi.gob.ec\/index.php\/wp-json\/wp\/v2\/posts"}],"about":[{"href":"https:\/\/www.manabi.gob.ec\/index.php\/wp-json\/wp\/v2\/types\/post"}],"author":[{"embeddable":true,"href":"https:\/\/www.manabi.gob.ec\/index.php\/wp-json\/wp\/v2\/users\/1"}],"replies":[{"embeddable":true,"href":"https:\/\/www.manabi.gob.ec\/index.php\/wp-json\/wp\/v2\/comments?post=15198"}],"version-history":[{"count":0,"href":"https:\/\/www.manabi.gob.ec\/index.php\/wp-json\/wp\/v2\/posts\/15198\/revisions"}],"wp:featuredmedia":[{"embeddable":true,"href":"https:\/\/www.manabi.gob.ec\/index.php\/wp-json\/"}],"wp:attachment":[{"href":"https:\/\/www.manabi.gob.ec\/index.php\/wp-json\/wp\/v2\/media?parent=15198"}],"wp:term":[{"taxonomy":"category","embeddable":true,"href":"https:\/\/www.manabi.gob.ec\/index.php\/wp-json\/wp\/v2\/categories?post=15198"},{"taxonomy":"post_tag","embeddable":true,"href":"https:\/\/www.manabi.gob.ec\/index.php\/wp-json\/wp\/v2\/tags?post=15198"}],"curies":[{"name":"wp","href":"https:\/\/api.w.org\/{rel}","templated":true}]}}