{"id":15212,"date":"2020-09-20T18:14:37","date_gmt":"2020-09-20T23:14:37","guid":{"rendered":"https:\/\/www.manabi.gob.ec\/?p=14547"},"modified":"2020-09-20T18:14:37","modified_gmt":"2020-09-20T23:14:37","slug":"la-academia-para-mujeres-emprendedoras-awe-llega-a-manabi","status":"publish","type":"post","link":"https:\/\/www.manabi.gob.ec\/index.php\/la-academia-para-mujeres-emprendedoras-awe-llega-a-manabi\/","title":{"rendered":"LA ACADEMIA PARA MUJERES EMPRENDEDORAS (AWE) LLEGA A MANAB\u00cd"},"content":{"rendered":"<p style=\"font-weight: 400; text-align: justify;\">Mediante plataforma Zoom, este martes 22 de septiembre a las 15h30, se realizar\u00e1 el lanzamiento oficial del programa de capacitaci\u00f3n \u201cAcademia para Mujeres Emprendedoras\u201d (AWE, por sus siglas en ingl\u00e9s).<\/p>\n<p style=\"font-weight: 400; text-align: justify;\">Participar\u00e1n del enlace virtual el Prefecto de Manab\u00ed, Leonardo Orlando; el C\u00f3nsul General de los Estados Unidos en Guayaquil; Brian S.\u202fQuigley; y el director ejecutivo de la Escuela de Negocios de la C\u00e1mara de Comercio de Quito, Hugo Ojeda.<\/p>\n<p style=\"font-weight: 400; text-align: justify;\">La Academia para Mujeres Emprendedoras lleva m\u00e1s de 3 a\u00f1os en ejecuci\u00f3n. Han sido 17 ediciones implementadas, beneficiando alrededor de 500 mujeres en el pa\u00eds. Se ha replicado en m\u00e1s de 55 pa\u00edses en el mundo.<\/p>\n<p style=\"font-weight: 400; text-align: justify;\">El programa es una buena oportunidad para empoderar a las mujeres emprendedoras en el uso de la tecnolog\u00eda para que puedan desarrollar su potencial empresarial, mejorar sus ingresos econ\u00f3micos y generar nuevos empleos en la provincia.<\/p>\n","protected":false},"excerpt":{"rendered":"<p>Mediante plataforma Zoom, este martes 22 de septiembre a las 15h30, se realizar\u00e1 el lanzamiento oficial del programa de capacitaci\u00f3n \u201cAcademia para Mujeres Emprendedoras\u201d (AWE, por sus siglas en ingl\u00e9s). Participar\u00e1n del enlace virtual el Prefecto de Manab\u00ed, Leonardo Orlando; el C\u00f3nsul General de los Estados Unidos en Guayaquil; Brian S.\u202fQuigley; y el director ejecutivo [&hellip;]<\/p>\n","protected":false},"author":1,"featured_media":14548,"comment_status":"open","ping_status":"open","sticky":false,"template":"","format":"standard","meta":{"_joinchat":[],"footnotes":""},"categories":[92,91],"tags":[],"class_list":["post-15212","post","type-post","status-publish","format-standard","has-post-thumbnail","hentry","category-noticias-manabi","category-todas"],"yoast_head":"<!-- This site is optimized with the Yoast SEO plugin v27.4 - https:\/\/yoast.com\/product\/yoast-seo-wordpress\/ -->\n<title>LA ACADEMIA PARA MUJERES EMPRENDEDORAS (AWE) LLEGA A MANAB\u00cd - Prefectura de Manab\u00ed<\/title>\n<meta name=\"robots\" content=\"index, follow, max-snippet:-1, max-image-preview:large, max-video-preview:-1\" \/>\n<link rel=\"canonical\" href=\"https:\/\/www.manabi.gob.ec\/index.php\/la-academia-para-mujeres-emprendedoras-awe-llega-a-manabi\/\" \/>\n<meta property=\"og:locale\" content=\"es_ES\" \/>\n<meta property=\"og:type\" content=\"article\" \/>\n<meta property=\"og:title\" content=\"LA ACADEMIA PARA MUJERES EMPRENDEDORAS (AWE) LLEGA A MANAB\u00cd - Prefectura de Manab\u00ed\" \/>\n<meta property=\"og:description\" content=\"Mediante plataforma Zoom, este martes 22 de septiembre a las 15h30, se realizar\u00e1 el lanzamiento oficial del programa de capacitaci\u00f3n \u201cAcademia para Mujeres Emprendedoras\u201d (AWE, por sus siglas en ingl\u00e9s). Participar\u00e1n del enlace virtual el Prefecto de Manab\u00ed, Leonardo Orlando; el C\u00f3nsul General de los Estados Unidos en Guayaquil; Brian S.\u202fQuigley; y el director ejecutivo [&hellip;]\" \/>\n<meta property=\"og:url\" content=\"https:\/\/www.manabi.gob.ec\/index.php\/la-academia-para-mujeres-emprendedoras-awe-llega-a-manabi\/\" \/>\n<meta property=\"og:site_name\" content=\"Prefectura de Manab\u00ed\" \/>\n<meta property=\"article:published_time\" content=\"2020-09-20T23:14:37+00:00\" \/>\n<meta property=\"og:image\" content=\"https:\/\/www.manabi.gob.ec\/wp-content\/uploads\/2020\/06\/scv5hzm9-1920.jpg\" \/>\n\t<meta property=\"og:image:width\" content=\"1920\" \/>\n\t<meta property=\"og:image:height\" content=\"1080\" \/>\n\t<meta property=\"og:image:type\" content=\"image\/jpeg\" \/>\n<meta name=\"author\" content=\"admin\" \/>\n<meta name=\"twitter:card\" content=\"summary_large_image\" \/>\n<meta name=\"twitter:label1\" content=\"Escrito por\" \/>\n\t<meta name=\"twitter:data1\" content=\"admin\" \/>\n\t<meta name=\"twitter:label2\" content=\"Tiempo de lectura\" \/>\n\t<meta name=\"twitter:data2\" content=\"1 minuto\" \/>\n<script type=\"application\/ld+json\" class=\"yoast-schema-graph\">{\"@context\":\"https:\\\/\\\/schema.org\",\"@graph\":[{\"@type\":\"Article\",\"@id\":\"https:\\\/\\\/www.manabi.gob.ec\\\/index.php\\\/la-academia-para-mujeres-emprendedoras-awe-llega-a-manabi\\\/#article\",\"isPartOf\":{\"@id\":\"https:\\\/\\\/www.manabi.gob.ec\\\/index.php\\\/la-academia-para-mujeres-emprendedoras-awe-llega-a-manabi\\\/\"},\"author\":{\"name\":\"admin\",\"@id\":\"https:\\\/\\\/www.manabi.gob.ec\\\/#\\\/schema\\\/person\\\/cfc71bd68fe2703b779edcc292a49722\"},\"headline\":\"LA ACADEMIA PARA MUJERES EMPRENDEDORAS (AWE) LLEGA A MANAB\u00cd\",\"datePublished\":\"2020-09-20T23:14:37+00:00\",\"mainEntityOfPage\":{\"@id\":\"https:\\\/\\\/www.manabi.gob.ec\\\/index.php\\\/la-academia-para-mujeres-emprendedoras-awe-llega-a-manabi\\\/\"},\"wordCount\":159,\"commentCount\":0,\"image\":{\"@id\":\"https:\\\/\\\/www.manabi.gob.ec\\\/index.php\\\/la-academia-para-mujeres-emprendedoras-awe-llega-a-manabi\\\/#primaryimage\"},\"thumbnailUrl\":\"https:\\\/\\\/www.manabi.gob.ec\\\/wp-content\\\/uploads\\\/2020\\\/06\\\/scv5hzm9-1920.jpg\",\"articleSection\":[\"Noticias\",\"Todas\"],\"inLanguage\":\"es\",\"potentialAction\":[{\"@type\":\"CommentAction\",\"name\":\"Comment\",\"target\":[\"https:\\\/\\\/www.manabi.gob.ec\\\/index.php\\\/la-academia-para-mujeres-emprendedoras-awe-llega-a-manabi\\\/#respond\"]}]},{\"@type\":\"WebPage\",\"@id\":\"https:\\\/\\\/www.manabi.gob.ec\\\/index.php\\\/la-academia-para-mujeres-emprendedoras-awe-llega-a-manabi\\\/\",\"url\":\"https:\\\/\\\/www.manabi.gob.ec\\\/index.php\\\/la-academia-para-mujeres-emprendedoras-awe-llega-a-manabi\\\/\",\"name\":\"LA ACADEMIA PARA MUJERES EMPRENDEDORAS (AWE) LLEGA A MANAB\u00cd - Prefectura de Manab\u00ed\",\"isPartOf\":{\"@id\":\"https:\\\/\\\/www.manabi.gob.ec\\\/#website\"},\"primaryImageOfPage\":{\"@id\":\"https:\\\/\\\/www.manabi.gob.ec\\\/index.php\\\/la-academia-para-mujeres-emprendedoras-awe-llega-a-manabi\\\/#primaryimage\"},\"image\":{\"@id\":\"https:\\\/\\\/www.manabi.gob.ec\\\/index.php\\\/la-academia-para-mujeres-emprendedoras-awe-llega-a-manabi\\\/#primaryimage\"},\"thumbnailUrl\":\"https:\\\/\\\/www.manabi.gob.ec\\\/wp-content\\\/uploads\\\/2020\\\/06\\\/scv5hzm9-1920.jpg\",\"datePublished\":\"2020-09-20T23:14:37+00:00\",\"author\":{\"@id\":\"https:\\\/\\\/www.manabi.gob.ec\\\/#\\\/schema\\\/person\\\/cfc71bd68fe2703b779edcc292a49722\"},\"breadcrumb\":{\"@id\":\"https:\\\/\\\/www.manabi.gob.ec\\\/index.php\\\/la-academia-para-mujeres-emprendedoras-awe-llega-a-manabi\\\/#breadcrumb\"},\"inLanguage\":\"es\",\"potentialAction\":[{\"@type\":\"ReadAction\",\"target\":[\"https:\\\/\\\/www.manabi.gob.ec\\\/index.php\\\/la-academia-para-mujeres-emprendedoras-awe-llega-a-manabi\\\/\"]}]},{\"@type\":\"ImageObject\",\"inLanguage\":\"es\",\"@id\":\"https:\\\/\\\/www.manabi.gob.ec\\\/index.php\\\/la-academia-para-mujeres-emprendedoras-awe-llega-a-manabi\\\/#primaryimage\",\"url\":\"https:\\\/\\\/www.manabi.gob.ec\\\/wp-content\\\/uploads\\\/2020\\\/06\\\/scv5hzm9-1920.jpg\",\"contentUrl\":\"https:\\\/\\\/www.manabi.gob.ec\\\/wp-content\\\/uploads\\\/2020\\\/06\\\/scv5hzm9-1920.jpg\",\"width\":1920,\"height\":1080},{\"@type\":\"BreadcrumbList\",\"@id\":\"https:\\\/\\\/www.manabi.gob.ec\\\/index.php\\\/la-academia-para-mujeres-emprendedoras-awe-llega-a-manabi\\\/#breadcrumb\",\"itemListElement\":[{\"@type\":\"ListItem\",\"position\":1,\"name\":\"Portada\",\"item\":\"https:\\\/\\\/www.manabi.gob.ec\\\/\"},{\"@type\":\"ListItem\",\"position\":2,\"name\":\"LA ACADEMIA PARA MUJERES EMPRENDEDORAS (AWE) LLEGA A MANAB\u00cd\"}]},{\"@type\":\"WebSite\",\"@id\":\"https:\\\/\\\/www.manabi.gob.ec\\\/#website\",\"url\":\"https:\\\/\\\/www.manabi.gob.ec\\\/\",\"name\":\"Prefectura de Manab\u00ed\",\"description\":\"P\u00e1gina web de la prefectura\",\"potentialAction\":[{\"@type\":\"SearchAction\",\"target\":{\"@type\":\"EntryPoint\",\"urlTemplate\":\"https:\\\/\\\/www.manabi.gob.ec\\\/?s={search_term_string}\"},\"query-input\":{\"@type\":\"PropertyValueSpecification\",\"valueRequired\":true,\"valueName\":\"search_term_string\"}}],\"inLanguage\":\"es\"},{\"@type\":\"Person\",\"@id\":\"https:\\\/\\\/www.manabi.gob.ec\\\/#\\\/schema\\\/person\\\/cfc71bd68fe2703b779edcc292a49722\",\"name\":\"admin\",\"image\":{\"@type\":\"ImageObject\",\"inLanguage\":\"es\",\"@id\":\"https:\\\/\\\/secure.gravatar.com\\\/avatar\\\/23e9f919492b0a2f65aa168e0d8c5c867ea853b61deffbadf08c7031e15b8d78?s=96&d=mm&r=g\",\"url\":\"https:\\\/\\\/secure.gravatar.com\\\/avatar\\\/23e9f919492b0a2f65aa168e0d8c5c867ea853b61deffbadf08c7031e15b8d78?s=96&d=mm&r=g\",\"contentUrl\":\"https:\\\/\\\/secure.gravatar.com\\\/avatar\\\/23e9f919492b0a2f65aa168e0d8c5c867ea853b61deffbadf08c7031e15b8d78?s=96&d=mm&r=g\",\"caption\":\"admin\"},\"sameAs\":[\"http:\\\/\\\/www.manabi.gob.ec\"],\"url\":\"https:\\\/\\\/www.manabi.gob.ec\\\/index.php\\\/author\\\/admin\\\/\"}]}<\/script>\n<!-- \/ Yoast SEO plugin. -->","yoast_head_json":{"title":"LA ACADEMIA PARA MUJERES EMPRENDEDORAS (AWE) LLEGA A MANAB\u00cd - Prefectura de Manab\u00ed","robots":{"index":"index","follow":"follow","max-snippet":"max-snippet:-1","max-image-preview":"max-image-preview:large","max-video-preview":"max-video-preview:-1"},"canonical":"https:\/\/www.manabi.gob.ec\/index.php\/la-academia-para-mujeres-emprendedoras-awe-llega-a-manabi\/","og_locale":"es_ES","og_type":"article","og_title":"LA ACADEMIA PARA MUJERES EMPRENDEDORAS (AWE) LLEGA A MANAB\u00cd - Prefectura de Manab\u00ed","og_description":"Mediante plataforma Zoom, este martes 22 de septiembre a las 15h30, se realizar\u00e1 el lanzamiento oficial del programa de capacitaci\u00f3n \u201cAcademia para Mujeres Emprendedoras\u201d (AWE, por sus siglas en ingl\u00e9s). Participar\u00e1n del enlace virtual el Prefecto de Manab\u00ed, Leonardo Orlando; el C\u00f3nsul General de los Estados Unidos en Guayaquil; Brian S.\u202fQuigley; y el director ejecutivo [&hellip;]","og_url":"https:\/\/www.manabi.gob.ec\/index.php\/la-academia-para-mujeres-emprendedoras-awe-llega-a-manabi\/","og_site_name":"Prefectura de Manab\u00ed","article_published_time":"2020-09-20T23:14:37+00:00","og_image":[{"width":1920,"height":1080,"url":"https:\/\/www.manabi.gob.ec\/wp-content\/uploads\/2020\/06\/scv5hzm9-1920.jpg","type":"image\/jpeg"}],"author":"admin","twitter_card":"summary_large_image","twitter_misc":{"Escrito por":"admin","Tiempo de lectura":"1 minuto"},"schema":{"@context":"https:\/\/schema.org","@graph":[{"@type":"Article","@id":"https:\/\/www.manabi.gob.ec\/index.php\/la-academia-para-mujeres-emprendedoras-awe-llega-a-manabi\/#article","isPartOf":{"@id":"https:\/\/www.manabi.gob.ec\/index.php\/la-academia-para-mujeres-emprendedoras-awe-llega-a-manabi\/"},"author":{"name":"admin","@id":"https:\/\/www.manabi.gob.ec\/#\/schema\/person\/cfc71bd68fe2703b779edcc292a49722"},"headline":"LA ACADEMIA PARA MUJERES EMPRENDEDORAS (AWE) LLEGA A MANAB\u00cd","datePublished":"2020-09-20T23:14:37+00:00","mainEntityOfPage":{"@id":"https:\/\/www.manabi.gob.ec\/index.php\/la-academia-para-mujeres-emprendedoras-awe-llega-a-manabi\/"},"wordCount":159,"commentCount":0,"image":{"@id":"https:\/\/www.manabi.gob.ec\/index.php\/la-academia-para-mujeres-emprendedoras-awe-llega-a-manabi\/#primaryimage"},"thumbnailUrl":"https:\/\/www.manabi.gob.ec\/wp-content\/uploads\/2020\/06\/scv5hzm9-1920.jpg","articleSection":["Noticias","Todas"],"inLanguage":"es","potentialAction":[{"@type":"CommentAction","name":"Comment","target":["https:\/\/www.manabi.gob.ec\/index.php\/la-academia-para-mujeres-emprendedoras-awe-llega-a-manabi\/#respond"]}]},{"@type":"WebPage","@id":"https:\/\/www.manabi.gob.ec\/index.php\/la-academia-para-mujeres-emprendedoras-awe-llega-a-manabi\/","url":"https:\/\/www.manabi.gob.ec\/index.php\/la-academia-para-mujeres-emprendedoras-awe-llega-a-manabi\/","name":"LA ACADEMIA PARA MUJERES EMPRENDEDORAS (AWE) LLEGA A MANAB\u00cd - Prefectura de Manab\u00ed","isPartOf":{"@id":"https:\/\/www.manabi.gob.ec\/#website"},"primaryImageOfPage":{"@id":"https:\/\/www.manabi.gob.ec\/index.php\/la-academia-para-mujeres-emprendedoras-awe-llega-a-manabi\/#primaryimage"},"image":{"@id":"https:\/\/www.manabi.gob.ec\/index.php\/la-academia-para-mujeres-emprendedoras-awe-llega-a-manabi\/#primaryimage"},"thumbnailUrl":"https:\/\/www.manabi.gob.ec\/wp-content\/uploads\/2020\/06\/scv5hzm9-1920.jpg","datePublished":"2020-09-20T23:14:37+00:00","author":{"@id":"https:\/\/www.manabi.gob.ec\/#\/schema\/person\/cfc71bd68fe2703b779edcc292a49722"},"breadcrumb":{"@id":"https:\/\/www.manabi.gob.ec\/index.php\/la-academia-para-mujeres-emprendedoras-awe-llega-a-manabi\/#breadcrumb"},"inLanguage":"es","potentialAction":[{"@type":"ReadAction","target":["https:\/\/www.manabi.gob.ec\/index.php\/la-academia-para-mujeres-emprendedoras-awe-llega-a-manabi\/"]}]},{"@type":"ImageObject","inLanguage":"es","@id":"https:\/\/www.manabi.gob.ec\/index.php\/la-academia-para-mujeres-emprendedoras-awe-llega-a-manabi\/#primaryimage","url":"https:\/\/www.manabi.gob.ec\/wp-content\/uploads\/2020\/06\/scv5hzm9-1920.jpg","contentUrl":"https:\/\/www.manabi.gob.ec\/wp-content\/uploads\/2020\/06\/scv5hzm9-1920.jpg","width":1920,"height":1080},{"@type":"BreadcrumbList","@id":"https:\/\/www.manabi.gob.ec\/index.php\/la-academia-para-mujeres-emprendedoras-awe-llega-a-manabi\/#breadcrumb","itemListElement":[{"@type":"ListItem","position":1,"name":"Portada","item":"https:\/\/www.manabi.gob.ec\/"},{"@type":"ListItem","position":2,"name":"LA ACADEMIA PARA MUJERES EMPRENDEDORAS (AWE) LLEGA A MANAB\u00cd"}]},{"@type":"WebSite","@id":"https:\/\/www.manabi.gob.ec\/#website","url":"https:\/\/www.manabi.gob.ec\/","name":"Prefectura de Manab\u00ed","description":"P\u00e1gina web de la prefectura","potentialAction":[{"@type":"SearchAction","target":{"@type":"EntryPoint","urlTemplate":"https:\/\/www.manabi.gob.ec\/?s={search_term_string}"},"query-input":{"@type":"PropertyValueSpecification","valueRequired":true,"valueName":"search_term_string"}}],"inLanguage":"es"},{"@type":"Person","@id":"https:\/\/www.manabi.gob.ec\/#\/schema\/person\/cfc71bd68fe2703b779edcc292a49722","name":"admin","image":{"@type":"ImageObject","inLanguage":"es","@id":"https:\/\/secure.gravatar.com\/avatar\/23e9f919492b0a2f65aa168e0d8c5c867ea853b61deffbadf08c7031e15b8d78?s=96&d=mm&r=g","url":"https:\/\/secure.gravatar.com\/avatar\/23e9f919492b0a2f65aa168e0d8c5c867ea853b61deffbadf08c7031e15b8d78?s=96&d=mm&r=g","contentUrl":"https:\/\/secure.gravatar.com\/avatar\/23e9f919492b0a2f65aa168e0d8c5c867ea853b61deffbadf08c7031e15b8d78?s=96&d=mm&r=g","caption":"admin"},"sameAs":["http:\/\/www.manabi.gob.ec"],"url":"https:\/\/www.manabi.gob.ec\/index.php\/author\/admin\/"}]}},"jetpack_featured_media_url":"https:\/\/www.manabi.gob.ec\/wp-content\/uploads\/2020\/06\/scv5hzm9-1920.jpg","_links":{"self":[{"href":"https:\/\/www.manabi.gob.ec\/index.php\/wp-json\/wp\/v2\/posts\/15212","targetHints":{"allow":["GET"]}}],"collection":[{"href":"https:\/\/www.manabi.gob.ec\/index.php\/wp-json\/wp\/v2\/posts"}],"about":[{"href":"https:\/\/www.manabi.gob.ec\/index.php\/wp-json\/wp\/v2\/types\/post"}],"author":[{"embeddable":true,"href":"https:\/\/www.manabi.gob.ec\/index.php\/wp-json\/wp\/v2\/users\/1"}],"replies":[{"embeddable":true,"href":"https:\/\/www.manabi.gob.ec\/index.php\/wp-json\/wp\/v2\/comments?post=15212"}],"version-history":[{"count":0,"href":"https:\/\/www.manabi.gob.ec\/index.php\/wp-json\/wp\/v2\/posts\/15212\/revisions"}],"wp:featuredmedia":[{"embeddable":true,"href":"https:\/\/www.manabi.gob.ec\/index.php\/wp-json\/wp\/v2\/media\/14548"}],"wp:attachment":[{"href":"https:\/\/www.manabi.gob.ec\/index.php\/wp-json\/wp\/v2\/media?parent=15212"}],"wp:term":[{"taxonomy":"category","embeddable":true,"href":"https:\/\/www.manabi.gob.ec\/index.php\/wp-json\/wp\/v2\/categories?post=15212"},{"taxonomy":"post_tag","embeddable":true,"href":"https:\/\/www.manabi.gob.ec\/index.php\/wp-json\/wp\/v2\/tags?post=15212"}],"curies":[{"name":"wp","href":"https:\/\/api.w.org\/{rel}","templated":true}]}}