{"id":15219,"date":"2020-09-25T18:16:05","date_gmt":"2020-09-25T23:16:05","guid":{"rendered":"https:\/\/www.manabi.gob.ec\/?p=14569"},"modified":"2020-09-25T18:16:05","modified_gmt":"2020-09-25T23:16:05","slug":"parroquia-colon-de-portoviejo-se-beneficia-con-inversion-del-gpm","status":"publish","type":"post","link":"https:\/\/www.manabi.gob.ec\/index.php\/parroquia-colon-de-portoviejo-se-beneficia-con-inversion-del-gpm\/","title":{"rendered":"Parroquia Col\u00f3n de Portoviejo se beneficia con inversi\u00f3n del GPM."},"content":{"rendered":"<p style=\"font-weight: 400; text-align: justify;\">El Gobierno de Manab\u00ed realiza una importante inversi\u00f3n en la parroquia Col\u00f3n de Portoviejo, beneficiando as\u00ed a miles de habitantes y productivas zonas de la capital provincial. Entre las obras destaca que esta parroquia ha sido considerada dentro del Plan de Mantenimiento Vial, que est\u00e1 a cargo de la empresa p\u00fablica \u201cManab\u00ed Vial\u201d.<\/p>\n<p style=\"font-weight: 400; text-align: justify;\">\n<p style=\"font-weight: 400; text-align: justify;\">Esta entidad firm\u00f3 un contrato con la Prefectura por m\u00e1s de 1 mill\u00f3n de d\u00f3lares ($1\u2019148 mil 947) para dar mantenimiento a 212 km de v\u00edas con asfalto y 191 km con doble riego en nueve cantones.<\/p>\n<p style=\"font-weight: 400; text-align: justify;\">\n<p style=\"font-weight: 400; text-align: justify;\">Dentro de las v\u00edas asfaltadas a intervenir ya se encuentran planificadas: Cuatro Esquinas \u2013 Pachinche de 14,20 km y Col\u00f3n &#8211; Quim\u00eds de 22,50 km. Se suman rutas con doble riego asf\u00e1ltico como: Entrada Mapasingue de 6,8 km; Maconta Arriba de 6 km; y Maconta Abajo de 8 km.<\/p>\n<p style=\"font-weight: 400; text-align: justify;\">\n<p style=\"font-weight: 400; text-align: justify;\">No es la primera inversi\u00f3n que recibe la v\u00eda Cuatro Esquinas Pachinche; desde septiembre del a\u00f1o pasado se realiz\u00f3 mantenimiento con material de base y bacheo asf\u00e1ltico en los tramos m\u00e1s cr\u00edticos de la v\u00eda en sus m\u00e1s de 14 kil\u00f3metros.<\/p>\n<p style=\"font-weight: 400; text-align: justify;\">\n<p style=\"font-weight: 400; text-align: justify;\">Desde entonces, el constante tr\u00e1nsito de veh\u00edculos pesados como tanqueros ha desmejorado su calzada por lo que se ha planificado una nueva intervenci\u00f3n.<\/p>\n<p style=\"font-weight: 400; text-align: justify;\">\n<p style=\"font-weight: 400; text-align: justify;\">Tambi\u00e9n en la parroquia Col\u00f3n la Prefectura de Manab\u00ed reapertur\u00f3 la v\u00eda Mata de Cady &#8211; Pachinche Adentro, de una distancia de 4 km aproximadamente. Esta v\u00eda permite una conexi\u00f3n entre las parroquias Col\u00f3n y Calder\u00f3n de Portoviejo.<\/p>\n<p style=\"font-weight: 400; text-align: justify;\">\n<p style=\"font-weight: 400; text-align: justify;\">Otras obras que han beneficiado a esta productiva zona son la limpieza y desazolve de la quebrada Col\u00f3n \u2013 Quim\u00eds en el sitio El Cady.<\/p>\n<p style=\"font-weight: 400; text-align: justify;\">\n<p style=\"font-weight: 400; text-align: justify;\">Otra obra emblem\u00e1tica en esta misma zona es la construcci\u00f3n de un puente de hormig\u00f3n armado de 16 metros de longitud, con una inversi\u00f3n de 217.453,57 d\u00f3lares financiado con recursos del Banco de Desarrollo del Ecuador.<\/p>\n<p style=\"font-weight: 400; text-align: justify;\">\n<p style=\"font-weight: 400; text-align: justify;\">Con recursos propios La Prefectura, va a reconstruir la losa de un puente de hormig\u00f3n armado que se encuentra sobre el canal de riego en el ingreso a la comunidad Maconta. Este proceso se encuentra en etapa de contrataci\u00f3n.<\/p>\n<p style=\"font-weight: 400; text-align: justify;\">\n<p style=\"font-weight: 400; text-align: justify;\">Como lo demuestran estas y otras obras, esta administraci\u00f3n reafirma con hechos su compromiso con la parroquia Col\u00f3n y todas las de Portoviejo y Manab\u00ed.<\/p>\n","protected":false},"excerpt":{"rendered":"<p>El Gobierno de Manab\u00ed realiza una importante inversi\u00f3n en la parroquia Col\u00f3n de Portoviejo, beneficiando as\u00ed a miles de habitantes y productivas zonas de la capital provincial. Entre las obras destaca que esta parroquia ha sido considerada dentro del Plan de Mantenimiento Vial, que est\u00e1 a cargo de la empresa p\u00fablica \u201cManab\u00ed Vial\u201d. Esta entidad [&hellip;]<\/p>\n","protected":false},"author":1,"featured_media":14570,"comment_status":"open","ping_status":"open","sticky":false,"template":"","format":"standard","meta":{"_joinchat":[],"footnotes":""},"categories":[92,91],"tags":[],"class_list":["post-15219","post","type-post","status-publish","format-standard","has-post-thumbnail","hentry","category-noticias-manabi","category-todas"],"yoast_head":"<!-- This site is optimized with the Yoast SEO plugin v27.4 - https:\/\/yoast.com\/product\/yoast-seo-wordpress\/ -->\n<title>Parroquia Col\u00f3n de Portoviejo se beneficia con inversi\u00f3n del GPM. - Prefectura de Manab\u00ed<\/title>\n<meta name=\"robots\" content=\"index, follow, max-snippet:-1, max-image-preview:large, max-video-preview:-1\" \/>\n<link rel=\"canonical\" href=\"https:\/\/www.manabi.gob.ec\/index.php\/parroquia-colon-de-portoviejo-se-beneficia-con-inversion-del-gpm\/\" \/>\n<meta property=\"og:locale\" content=\"es_ES\" \/>\n<meta property=\"og:type\" content=\"article\" \/>\n<meta property=\"og:title\" content=\"Parroquia Col\u00f3n de Portoviejo se beneficia con inversi\u00f3n del GPM. - Prefectura de Manab\u00ed\" \/>\n<meta property=\"og:description\" content=\"El Gobierno de Manab\u00ed realiza una importante inversi\u00f3n en la parroquia Col\u00f3n de Portoviejo, beneficiando as\u00ed a miles de habitantes y productivas zonas de la capital provincial. Entre las obras destaca que esta parroquia ha sido considerada dentro del Plan de Mantenimiento Vial, que est\u00e1 a cargo de la empresa p\u00fablica \u201cManab\u00ed Vial\u201d. Esta entidad [&hellip;]\" \/>\n<meta property=\"og:url\" content=\"https:\/\/www.manabi.gob.ec\/index.php\/parroquia-colon-de-portoviejo-se-beneficia-con-inversion-del-gpm\/\" \/>\n<meta property=\"og:site_name\" content=\"Prefectura de Manab\u00ed\" \/>\n<meta property=\"article:published_time\" content=\"2020-09-25T23:16:05+00:00\" \/>\n<meta property=\"og:image\" content=\"https:\/\/www.manabi.gob.ec\/wp-content\/uploads\/2020\/05\/19.jpg\" \/>\n\t<meta property=\"og:image:width\" content=\"1384\" \/>\n\t<meta property=\"og:image:height\" content=\"2000\" \/>\n\t<meta property=\"og:image:type\" content=\"image\/jpeg\" \/>\n<meta name=\"author\" content=\"admin\" \/>\n<meta name=\"twitter:card\" content=\"summary_large_image\" \/>\n<meta name=\"twitter:label1\" content=\"Escrito por\" \/>\n\t<meta name=\"twitter:data1\" content=\"admin\" \/>\n\t<meta name=\"twitter:label2\" content=\"Tiempo de lectura\" \/>\n\t<meta name=\"twitter:data2\" content=\"2 minutos\" \/>\n<script type=\"application\/ld+json\" class=\"yoast-schema-graph\">{\"@context\":\"https:\\\/\\\/schema.org\",\"@graph\":[{\"@type\":\"Article\",\"@id\":\"https:\\\/\\\/www.manabi.gob.ec\\\/index.php\\\/parroquia-colon-de-portoviejo-se-beneficia-con-inversion-del-gpm\\\/#article\",\"isPartOf\":{\"@id\":\"https:\\\/\\\/www.manabi.gob.ec\\\/index.php\\\/parroquia-colon-de-portoviejo-se-beneficia-con-inversion-del-gpm\\\/\"},\"author\":{\"name\":\"admin\",\"@id\":\"https:\\\/\\\/www.manabi.gob.ec\\\/#\\\/schema\\\/person\\\/cfc71bd68fe2703b779edcc292a49722\"},\"headline\":\"Parroquia Col\u00f3n de Portoviejo se beneficia con inversi\u00f3n del GPM.\",\"datePublished\":\"2020-09-25T23:16:05+00:00\",\"mainEntityOfPage\":{\"@id\":\"https:\\\/\\\/www.manabi.gob.ec\\\/index.php\\\/parroquia-colon-de-portoviejo-se-beneficia-con-inversion-del-gpm\\\/\"},\"wordCount\":403,\"commentCount\":0,\"image\":{\"@id\":\"https:\\\/\\\/www.manabi.gob.ec\\\/index.php\\\/parroquia-colon-de-portoviejo-se-beneficia-con-inversion-del-gpm\\\/#primaryimage\"},\"thumbnailUrl\":\"https:\\\/\\\/www.manabi.gob.ec\\\/wp-content\\\/uploads\\\/2020\\\/05\\\/19.jpg\",\"articleSection\":[\"Noticias\",\"Todas\"],\"inLanguage\":\"es\",\"potentialAction\":[{\"@type\":\"CommentAction\",\"name\":\"Comment\",\"target\":[\"https:\\\/\\\/www.manabi.gob.ec\\\/index.php\\\/parroquia-colon-de-portoviejo-se-beneficia-con-inversion-del-gpm\\\/#respond\"]}]},{\"@type\":\"WebPage\",\"@id\":\"https:\\\/\\\/www.manabi.gob.ec\\\/index.php\\\/parroquia-colon-de-portoviejo-se-beneficia-con-inversion-del-gpm\\\/\",\"url\":\"https:\\\/\\\/www.manabi.gob.ec\\\/index.php\\\/parroquia-colon-de-portoviejo-se-beneficia-con-inversion-del-gpm\\\/\",\"name\":\"Parroquia Col\u00f3n de Portoviejo se beneficia con inversi\u00f3n del GPM. - Prefectura de Manab\u00ed\",\"isPartOf\":{\"@id\":\"https:\\\/\\\/www.manabi.gob.ec\\\/#website\"},\"primaryImageOfPage\":{\"@id\":\"https:\\\/\\\/www.manabi.gob.ec\\\/index.php\\\/parroquia-colon-de-portoviejo-se-beneficia-con-inversion-del-gpm\\\/#primaryimage\"},\"image\":{\"@id\":\"https:\\\/\\\/www.manabi.gob.ec\\\/index.php\\\/parroquia-colon-de-portoviejo-se-beneficia-con-inversion-del-gpm\\\/#primaryimage\"},\"thumbnailUrl\":\"https:\\\/\\\/www.manabi.gob.ec\\\/wp-content\\\/uploads\\\/2020\\\/05\\\/19.jpg\",\"datePublished\":\"2020-09-25T23:16:05+00:00\",\"author\":{\"@id\":\"https:\\\/\\\/www.manabi.gob.ec\\\/#\\\/schema\\\/person\\\/cfc71bd68fe2703b779edcc292a49722\"},\"breadcrumb\":{\"@id\":\"https:\\\/\\\/www.manabi.gob.ec\\\/index.php\\\/parroquia-colon-de-portoviejo-se-beneficia-con-inversion-del-gpm\\\/#breadcrumb\"},\"inLanguage\":\"es\",\"potentialAction\":[{\"@type\":\"ReadAction\",\"target\":[\"https:\\\/\\\/www.manabi.gob.ec\\\/index.php\\\/parroquia-colon-de-portoviejo-se-beneficia-con-inversion-del-gpm\\\/\"]}]},{\"@type\":\"ImageObject\",\"inLanguage\":\"es\",\"@id\":\"https:\\\/\\\/www.manabi.gob.ec\\\/index.php\\\/parroquia-colon-de-portoviejo-se-beneficia-con-inversion-del-gpm\\\/#primaryimage\",\"url\":\"https:\\\/\\\/www.manabi.gob.ec\\\/wp-content\\\/uploads\\\/2020\\\/05\\\/19.jpg\",\"contentUrl\":\"https:\\\/\\\/www.manabi.gob.ec\\\/wp-content\\\/uploads\\\/2020\\\/05\\\/19.jpg\",\"width\":1384,\"height\":2000},{\"@type\":\"BreadcrumbList\",\"@id\":\"https:\\\/\\\/www.manabi.gob.ec\\\/index.php\\\/parroquia-colon-de-portoviejo-se-beneficia-con-inversion-del-gpm\\\/#breadcrumb\",\"itemListElement\":[{\"@type\":\"ListItem\",\"position\":1,\"name\":\"Portada\",\"item\":\"https:\\\/\\\/www.manabi.gob.ec\\\/\"},{\"@type\":\"ListItem\",\"position\":2,\"name\":\"Parroquia Col\u00f3n de Portoviejo se beneficia con inversi\u00f3n del GPM.\"}]},{\"@type\":\"WebSite\",\"@id\":\"https:\\\/\\\/www.manabi.gob.ec\\\/#website\",\"url\":\"https:\\\/\\\/www.manabi.gob.ec\\\/\",\"name\":\"Prefectura de Manab\u00ed\",\"description\":\"P\u00e1gina web de la prefectura\",\"potentialAction\":[{\"@type\":\"SearchAction\",\"target\":{\"@type\":\"EntryPoint\",\"urlTemplate\":\"https:\\\/\\\/www.manabi.gob.ec\\\/?s={search_term_string}\"},\"query-input\":{\"@type\":\"PropertyValueSpecification\",\"valueRequired\":true,\"valueName\":\"search_term_string\"}}],\"inLanguage\":\"es\"},{\"@type\":\"Person\",\"@id\":\"https:\\\/\\\/www.manabi.gob.ec\\\/#\\\/schema\\\/person\\\/cfc71bd68fe2703b779edcc292a49722\",\"name\":\"admin\",\"image\":{\"@type\":\"ImageObject\",\"inLanguage\":\"es\",\"@id\":\"https:\\\/\\\/secure.gravatar.com\\\/avatar\\\/23e9f919492b0a2f65aa168e0d8c5c867ea853b61deffbadf08c7031e15b8d78?s=96&d=mm&r=g\",\"url\":\"https:\\\/\\\/secure.gravatar.com\\\/avatar\\\/23e9f919492b0a2f65aa168e0d8c5c867ea853b61deffbadf08c7031e15b8d78?s=96&d=mm&r=g\",\"contentUrl\":\"https:\\\/\\\/secure.gravatar.com\\\/avatar\\\/23e9f919492b0a2f65aa168e0d8c5c867ea853b61deffbadf08c7031e15b8d78?s=96&d=mm&r=g\",\"caption\":\"admin\"},\"sameAs\":[\"http:\\\/\\\/www.manabi.gob.ec\"],\"url\":\"https:\\\/\\\/www.manabi.gob.ec\\\/index.php\\\/author\\\/admin\\\/\"}]}<\/script>\n<!-- \/ Yoast SEO plugin. -->","yoast_head_json":{"title":"Parroquia Col\u00f3n de Portoviejo se beneficia con inversi\u00f3n del GPM. - Prefectura de Manab\u00ed","robots":{"index":"index","follow":"follow","max-snippet":"max-snippet:-1","max-image-preview":"max-image-preview:large","max-video-preview":"max-video-preview:-1"},"canonical":"https:\/\/www.manabi.gob.ec\/index.php\/parroquia-colon-de-portoviejo-se-beneficia-con-inversion-del-gpm\/","og_locale":"es_ES","og_type":"article","og_title":"Parroquia Col\u00f3n de Portoviejo se beneficia con inversi\u00f3n del GPM. - Prefectura de Manab\u00ed","og_description":"El Gobierno de Manab\u00ed realiza una importante inversi\u00f3n en la parroquia Col\u00f3n de Portoviejo, beneficiando as\u00ed a miles de habitantes y productivas zonas de la capital provincial. Entre las obras destaca que esta parroquia ha sido considerada dentro del Plan de Mantenimiento Vial, que est\u00e1 a cargo de la empresa p\u00fablica \u201cManab\u00ed Vial\u201d. Esta entidad [&hellip;]","og_url":"https:\/\/www.manabi.gob.ec\/index.php\/parroquia-colon-de-portoviejo-se-beneficia-con-inversion-del-gpm\/","og_site_name":"Prefectura de Manab\u00ed","article_published_time":"2020-09-25T23:16:05+00:00","og_image":[{"width":1384,"height":2000,"url":"https:\/\/www.manabi.gob.ec\/wp-content\/uploads\/2020\/05\/19.jpg","type":"image\/jpeg"}],"author":"admin","twitter_card":"summary_large_image","twitter_misc":{"Escrito por":"admin","Tiempo de lectura":"2 minutos"},"schema":{"@context":"https:\/\/schema.org","@graph":[{"@type":"Article","@id":"https:\/\/www.manabi.gob.ec\/index.php\/parroquia-colon-de-portoviejo-se-beneficia-con-inversion-del-gpm\/#article","isPartOf":{"@id":"https:\/\/www.manabi.gob.ec\/index.php\/parroquia-colon-de-portoviejo-se-beneficia-con-inversion-del-gpm\/"},"author":{"name":"admin","@id":"https:\/\/www.manabi.gob.ec\/#\/schema\/person\/cfc71bd68fe2703b779edcc292a49722"},"headline":"Parroquia Col\u00f3n de Portoviejo se beneficia con inversi\u00f3n del GPM.","datePublished":"2020-09-25T23:16:05+00:00","mainEntityOfPage":{"@id":"https:\/\/www.manabi.gob.ec\/index.php\/parroquia-colon-de-portoviejo-se-beneficia-con-inversion-del-gpm\/"},"wordCount":403,"commentCount":0,"image":{"@id":"https:\/\/www.manabi.gob.ec\/index.php\/parroquia-colon-de-portoviejo-se-beneficia-con-inversion-del-gpm\/#primaryimage"},"thumbnailUrl":"https:\/\/www.manabi.gob.ec\/wp-content\/uploads\/2020\/05\/19.jpg","articleSection":["Noticias","Todas"],"inLanguage":"es","potentialAction":[{"@type":"CommentAction","name":"Comment","target":["https:\/\/www.manabi.gob.ec\/index.php\/parroquia-colon-de-portoviejo-se-beneficia-con-inversion-del-gpm\/#respond"]}]},{"@type":"WebPage","@id":"https:\/\/www.manabi.gob.ec\/index.php\/parroquia-colon-de-portoviejo-se-beneficia-con-inversion-del-gpm\/","url":"https:\/\/www.manabi.gob.ec\/index.php\/parroquia-colon-de-portoviejo-se-beneficia-con-inversion-del-gpm\/","name":"Parroquia Col\u00f3n de Portoviejo se beneficia con inversi\u00f3n del GPM. - Prefectura de Manab\u00ed","isPartOf":{"@id":"https:\/\/www.manabi.gob.ec\/#website"},"primaryImageOfPage":{"@id":"https:\/\/www.manabi.gob.ec\/index.php\/parroquia-colon-de-portoviejo-se-beneficia-con-inversion-del-gpm\/#primaryimage"},"image":{"@id":"https:\/\/www.manabi.gob.ec\/index.php\/parroquia-colon-de-portoviejo-se-beneficia-con-inversion-del-gpm\/#primaryimage"},"thumbnailUrl":"https:\/\/www.manabi.gob.ec\/wp-content\/uploads\/2020\/05\/19.jpg","datePublished":"2020-09-25T23:16:05+00:00","author":{"@id":"https:\/\/www.manabi.gob.ec\/#\/schema\/person\/cfc71bd68fe2703b779edcc292a49722"},"breadcrumb":{"@id":"https:\/\/www.manabi.gob.ec\/index.php\/parroquia-colon-de-portoviejo-se-beneficia-con-inversion-del-gpm\/#breadcrumb"},"inLanguage":"es","potentialAction":[{"@type":"ReadAction","target":["https:\/\/www.manabi.gob.ec\/index.php\/parroquia-colon-de-portoviejo-se-beneficia-con-inversion-del-gpm\/"]}]},{"@type":"ImageObject","inLanguage":"es","@id":"https:\/\/www.manabi.gob.ec\/index.php\/parroquia-colon-de-portoviejo-se-beneficia-con-inversion-del-gpm\/#primaryimage","url":"https:\/\/www.manabi.gob.ec\/wp-content\/uploads\/2020\/05\/19.jpg","contentUrl":"https:\/\/www.manabi.gob.ec\/wp-content\/uploads\/2020\/05\/19.jpg","width":1384,"height":2000},{"@type":"BreadcrumbList","@id":"https:\/\/www.manabi.gob.ec\/index.php\/parroquia-colon-de-portoviejo-se-beneficia-con-inversion-del-gpm\/#breadcrumb","itemListElement":[{"@type":"ListItem","position":1,"name":"Portada","item":"https:\/\/www.manabi.gob.ec\/"},{"@type":"ListItem","position":2,"name":"Parroquia Col\u00f3n de Portoviejo se beneficia con inversi\u00f3n del GPM."}]},{"@type":"WebSite","@id":"https:\/\/www.manabi.gob.ec\/#website","url":"https:\/\/www.manabi.gob.ec\/","name":"Prefectura de Manab\u00ed","description":"P\u00e1gina web de la prefectura","potentialAction":[{"@type":"SearchAction","target":{"@type":"EntryPoint","urlTemplate":"https:\/\/www.manabi.gob.ec\/?s={search_term_string}"},"query-input":{"@type":"PropertyValueSpecification","valueRequired":true,"valueName":"search_term_string"}}],"inLanguage":"es"},{"@type":"Person","@id":"https:\/\/www.manabi.gob.ec\/#\/schema\/person\/cfc71bd68fe2703b779edcc292a49722","name":"admin","image":{"@type":"ImageObject","inLanguage":"es","@id":"https:\/\/secure.gravatar.com\/avatar\/23e9f919492b0a2f65aa168e0d8c5c867ea853b61deffbadf08c7031e15b8d78?s=96&d=mm&r=g","url":"https:\/\/secure.gravatar.com\/avatar\/23e9f919492b0a2f65aa168e0d8c5c867ea853b61deffbadf08c7031e15b8d78?s=96&d=mm&r=g","contentUrl":"https:\/\/secure.gravatar.com\/avatar\/23e9f919492b0a2f65aa168e0d8c5c867ea853b61deffbadf08c7031e15b8d78?s=96&d=mm&r=g","caption":"admin"},"sameAs":["http:\/\/www.manabi.gob.ec"],"url":"https:\/\/www.manabi.gob.ec\/index.php\/author\/admin\/"}]}},"jetpack_featured_media_url":"https:\/\/www.manabi.gob.ec\/wp-content\/uploads\/2020\/05\/19.jpg","_links":{"self":[{"href":"https:\/\/www.manabi.gob.ec\/index.php\/wp-json\/wp\/v2\/posts\/15219","targetHints":{"allow":["GET"]}}],"collection":[{"href":"https:\/\/www.manabi.gob.ec\/index.php\/wp-json\/wp\/v2\/posts"}],"about":[{"href":"https:\/\/www.manabi.gob.ec\/index.php\/wp-json\/wp\/v2\/types\/post"}],"author":[{"embeddable":true,"href":"https:\/\/www.manabi.gob.ec\/index.php\/wp-json\/wp\/v2\/users\/1"}],"replies":[{"embeddable":true,"href":"https:\/\/www.manabi.gob.ec\/index.php\/wp-json\/wp\/v2\/comments?post=15219"}],"version-history":[{"count":0,"href":"https:\/\/www.manabi.gob.ec\/index.php\/wp-json\/wp\/v2\/posts\/15219\/revisions"}],"wp:featuredmedia":[{"embeddable":true,"href":"https:\/\/www.manabi.gob.ec\/index.php\/wp-json\/wp\/v2\/media\/14570"}],"wp:attachment":[{"href":"https:\/\/www.manabi.gob.ec\/index.php\/wp-json\/wp\/v2\/media?parent=15219"}],"wp:term":[{"taxonomy":"category","embeddable":true,"href":"https:\/\/www.manabi.gob.ec\/index.php\/wp-json\/wp\/v2\/categories?post=15219"},{"taxonomy":"post_tag","embeddable":true,"href":"https:\/\/www.manabi.gob.ec\/index.php\/wp-json\/wp\/v2\/tags?post=15219"}],"curies":[{"name":"wp","href":"https:\/\/api.w.org\/{rel}","templated":true}]}}