{"id":15222,"date":"2020-09-29T17:23:11","date_gmt":"2020-09-29T22:23:11","guid":{"rendered":"https:\/\/www.manabi.gob.ec\/?p=14576"},"modified":"2020-09-29T17:23:11","modified_gmt":"2020-09-29T22:23:11","slug":"trabajo-conjunto-impulsa-obras-en-el-carmen","status":"publish","type":"post","link":"https:\/\/www.manabi.gob.ec\/index.php\/trabajo-conjunto-impulsa-obras-en-el-carmen\/","title":{"rendered":"Trabajo conjunto impulsa obras en El Carmen"},"content":{"rendered":"<p style=\"text-align: justify;\">El prefecto Leonardo Orlando y la viceprefecta, Kelly Buenaventura, junto a autoridades locales recorrieron el pasado s\u00e1bado las comunidades Buena Suerte, \u201cY\u201d de Chila, La Ra\u00edz y El Roc\u00edo del cant\u00f3n El Carmen.<\/p>\n<p style=\"text-align: justify;\">\u201cCuando se trata del desarrollo de una provincia, cant\u00f3n y parroquia debemos sentarnos a conversar, escuchar a la gente y arrimar el hombro. Ese apret\u00f3n de mano con el Alcalde reitera el compromiso de trabajo por mi querido y noble cant\u00f3n de El Carmen y sus comunidades\u201d, expres\u00f3 el prefecto Orlando en la reuni\u00f3n efectuada en la comunidad La Ra\u00edz.<\/p>\n<p style=\"text-align: justify;\">El alcalde Rodrigo Mera sostiene que existe una buena comunicaci\u00f3n entre la Prefectura y Alcald\u00eda en beneficio de los agricultores. \u201cEstoy muy positivo y optimista de que vamos a seguir trabajando de una manera simbi\u00f3tica entre dos instituciones que deben velar por el bien com\u00fan de la ciudadan\u00eda\u00bb, dijo.<\/p>\n<p style=\"text-align: justify;\">En la reuni\u00f3n desarrollada en la comunidad \u201cY\u201d de Chila de la parroquia San Pedro de Suma, el Prefecto anunci\u00f3 que se van a rehabilitar a nivel de doble riego las v\u00edas: \u00abY\u00bb de Chila, de 4km; y Playita &#8211; Mata de Cacao &#8211; Palestina, de 4 km.<\/p>\n<p style=\"text-align: justify;\">La autoridad provincial tambi\u00e9n inform\u00f3 que se van a intervenir los caminos rurales: La Bramadora &#8211; Palma Sola, Bramadora &#8211; Santa Mar\u00eda &#8211; Santa Teresa; importantes rutas de conexi\u00f3n hacia la zona conocida popularmente como La Manga del Cura.<\/p>\n<p style=\"text-align: justify;\">Tambi\u00e9n inform\u00f3 que est\u00e1n en proceso de contrataci\u00f3n tres puentes de hormig\u00f3n para el cant\u00f3n El Carmen, sobre los r\u00edos Cajones, Limones y en el sitio Aldaz. A estos se suma otro viaducto sobre el r\u00edo Soplaviento.<\/p>\n<p style=\"text-align: justify;\"><strong>V\u00eda Palma Sola \u2013 Pupus\u00e1 <\/strong><\/p>\n<p style=\"text-align: justify;\">La v\u00eda Palma Sola \u2013 Pupus\u00e1 de 8,74 km fue inspeccionada por el Prefecto, la Viceprefecta y el Alcalde de El Carmen. Ellos constataron el avance de la obra que beneficia a decenas de comunidades y miles de agricultores.<\/p>\n<p style=\"text-align: justify;\">Este camino est\u00e1 siendo rehabilitado a nivel de doble riego por la Prefectura. La inversi\u00f3n realizada es de 1 mill\u00f3n 798 mil 374 d\u00f3lares. Su avance es del 52%.<\/p>\n","protected":false},"excerpt":{"rendered":"<p>El prefecto Leonardo Orlando y la viceprefecta, Kelly Buenaventura, junto a autoridades locales recorrieron el pasado s\u00e1bado las comunidades Buena Suerte, \u201cY\u201d de Chila, La Ra\u00edz y El Roc\u00edo del cant\u00f3n El Carmen. \u201cCuando se trata del desarrollo de una provincia, cant\u00f3n y parroquia debemos sentarnos a conversar, escuchar a la gente y arrimar el [&hellip;]<\/p>\n","protected":false},"author":1,"featured_media":14577,"comment_status":"open","ping_status":"open","sticky":false,"template":"","format":"standard","meta":{"_joinchat":[],"footnotes":""},"categories":[92,91],"tags":[],"class_list":["post-15222","post","type-post","status-publish","format-standard","has-post-thumbnail","hentry","category-noticias-manabi","category-todas"],"yoast_head":"<!-- This site is optimized with the Yoast SEO plugin v27.4 - https:\/\/yoast.com\/product\/yoast-seo-wordpress\/ -->\n<title>Trabajo conjunto impulsa obras en El Carmen - Prefectura de Manab\u00ed<\/title>\n<meta name=\"robots\" content=\"index, follow, max-snippet:-1, max-image-preview:large, max-video-preview:-1\" \/>\n<link rel=\"canonical\" href=\"https:\/\/www.manabi.gob.ec\/index.php\/trabajo-conjunto-impulsa-obras-en-el-carmen\/\" \/>\n<meta property=\"og:locale\" content=\"es_ES\" \/>\n<meta property=\"og:type\" content=\"article\" \/>\n<meta property=\"og:title\" content=\"Trabajo conjunto impulsa obras en El Carmen - Prefectura de Manab\u00ed\" \/>\n<meta property=\"og:description\" content=\"El prefecto Leonardo Orlando y la viceprefecta, Kelly Buenaventura, junto a autoridades locales recorrieron el pasado s\u00e1bado las comunidades Buena Suerte, \u201cY\u201d de Chila, La Ra\u00edz y El Roc\u00edo del cant\u00f3n El Carmen. \u201cCuando se trata del desarrollo de una provincia, cant\u00f3n y parroquia debemos sentarnos a conversar, escuchar a la gente y arrimar el [&hellip;]\" \/>\n<meta property=\"og:url\" content=\"https:\/\/www.manabi.gob.ec\/index.php\/trabajo-conjunto-impulsa-obras-en-el-carmen\/\" \/>\n<meta property=\"og:site_name\" content=\"Prefectura de Manab\u00ed\" \/>\n<meta property=\"article:published_time\" content=\"2020-09-29T22:23:11+00:00\" \/>\n<meta property=\"og:image\" content=\"https:\/\/www.manabi.gob.ec\/wp-content\/uploads\/2020\/05\/foto-de-agricultor-y-riego-de-hect\u00e1reas.jpg\" \/>\n\t<meta property=\"og:image:width\" content=\"1280\" \/>\n\t<meta property=\"og:image:height\" content=\"853\" \/>\n\t<meta property=\"og:image:type\" content=\"image\/jpeg\" \/>\n<meta name=\"author\" content=\"admin\" \/>\n<meta name=\"twitter:card\" content=\"summary_large_image\" \/>\n<meta name=\"twitter:label1\" content=\"Escrito por\" \/>\n\t<meta name=\"twitter:data1\" content=\"admin\" \/>\n\t<meta name=\"twitter:label2\" content=\"Tiempo de lectura\" \/>\n\t<meta name=\"twitter:data2\" content=\"2 minutos\" \/>\n<script type=\"application\/ld+json\" class=\"yoast-schema-graph\">{\"@context\":\"https:\\\/\\\/schema.org\",\"@graph\":[{\"@type\":\"Article\",\"@id\":\"https:\\\/\\\/www.manabi.gob.ec\\\/index.php\\\/trabajo-conjunto-impulsa-obras-en-el-carmen\\\/#article\",\"isPartOf\":{\"@id\":\"https:\\\/\\\/www.manabi.gob.ec\\\/index.php\\\/trabajo-conjunto-impulsa-obras-en-el-carmen\\\/\"},\"author\":{\"name\":\"admin\",\"@id\":\"https:\\\/\\\/www.manabi.gob.ec\\\/#\\\/schema\\\/person\\\/cfc71bd68fe2703b779edcc292a49722\"},\"headline\":\"Trabajo conjunto impulsa obras en El Carmen\",\"datePublished\":\"2020-09-29T22:23:11+00:00\",\"mainEntityOfPage\":{\"@id\":\"https:\\\/\\\/www.manabi.gob.ec\\\/index.php\\\/trabajo-conjunto-impulsa-obras-en-el-carmen\\\/\"},\"wordCount\":369,\"commentCount\":0,\"image\":{\"@id\":\"https:\\\/\\\/www.manabi.gob.ec\\\/index.php\\\/trabajo-conjunto-impulsa-obras-en-el-carmen\\\/#primaryimage\"},\"thumbnailUrl\":\"https:\\\/\\\/www.manabi.gob.ec\\\/wp-content\\\/uploads\\\/2020\\\/05\\\/foto-de-agricultor-y-riego-de-hect\u00e1reas.jpg\",\"articleSection\":[\"Noticias\",\"Todas\"],\"inLanguage\":\"es\",\"potentialAction\":[{\"@type\":\"CommentAction\",\"name\":\"Comment\",\"target\":[\"https:\\\/\\\/www.manabi.gob.ec\\\/index.php\\\/trabajo-conjunto-impulsa-obras-en-el-carmen\\\/#respond\"]}]},{\"@type\":\"WebPage\",\"@id\":\"https:\\\/\\\/www.manabi.gob.ec\\\/index.php\\\/trabajo-conjunto-impulsa-obras-en-el-carmen\\\/\",\"url\":\"https:\\\/\\\/www.manabi.gob.ec\\\/index.php\\\/trabajo-conjunto-impulsa-obras-en-el-carmen\\\/\",\"name\":\"Trabajo conjunto impulsa obras en El Carmen - Prefectura de Manab\u00ed\",\"isPartOf\":{\"@id\":\"https:\\\/\\\/www.manabi.gob.ec\\\/#website\"},\"primaryImageOfPage\":{\"@id\":\"https:\\\/\\\/www.manabi.gob.ec\\\/index.php\\\/trabajo-conjunto-impulsa-obras-en-el-carmen\\\/#primaryimage\"},\"image\":{\"@id\":\"https:\\\/\\\/www.manabi.gob.ec\\\/index.php\\\/trabajo-conjunto-impulsa-obras-en-el-carmen\\\/#primaryimage\"},\"thumbnailUrl\":\"https:\\\/\\\/www.manabi.gob.ec\\\/wp-content\\\/uploads\\\/2020\\\/05\\\/foto-de-agricultor-y-riego-de-hect\u00e1reas.jpg\",\"datePublished\":\"2020-09-29T22:23:11+00:00\",\"author\":{\"@id\":\"https:\\\/\\\/www.manabi.gob.ec\\\/#\\\/schema\\\/person\\\/cfc71bd68fe2703b779edcc292a49722\"},\"breadcrumb\":{\"@id\":\"https:\\\/\\\/www.manabi.gob.ec\\\/index.php\\\/trabajo-conjunto-impulsa-obras-en-el-carmen\\\/#breadcrumb\"},\"inLanguage\":\"es\",\"potentialAction\":[{\"@type\":\"ReadAction\",\"target\":[\"https:\\\/\\\/www.manabi.gob.ec\\\/index.php\\\/trabajo-conjunto-impulsa-obras-en-el-carmen\\\/\"]}]},{\"@type\":\"ImageObject\",\"inLanguage\":\"es\",\"@id\":\"https:\\\/\\\/www.manabi.gob.ec\\\/index.php\\\/trabajo-conjunto-impulsa-obras-en-el-carmen\\\/#primaryimage\",\"url\":\"https:\\\/\\\/www.manabi.gob.ec\\\/wp-content\\\/uploads\\\/2020\\\/05\\\/foto-de-agricultor-y-riego-de-hect\u00e1reas.jpg\",\"contentUrl\":\"https:\\\/\\\/www.manabi.gob.ec\\\/wp-content\\\/uploads\\\/2020\\\/05\\\/foto-de-agricultor-y-riego-de-hect\u00e1reas.jpg\",\"width\":1280,\"height\":853},{\"@type\":\"BreadcrumbList\",\"@id\":\"https:\\\/\\\/www.manabi.gob.ec\\\/index.php\\\/trabajo-conjunto-impulsa-obras-en-el-carmen\\\/#breadcrumb\",\"itemListElement\":[{\"@type\":\"ListItem\",\"position\":1,\"name\":\"Portada\",\"item\":\"https:\\\/\\\/www.manabi.gob.ec\\\/\"},{\"@type\":\"ListItem\",\"position\":2,\"name\":\"Trabajo conjunto impulsa obras en El Carmen\"}]},{\"@type\":\"WebSite\",\"@id\":\"https:\\\/\\\/www.manabi.gob.ec\\\/#website\",\"url\":\"https:\\\/\\\/www.manabi.gob.ec\\\/\",\"name\":\"Prefectura de Manab\u00ed\",\"description\":\"P\u00e1gina web de la prefectura\",\"potentialAction\":[{\"@type\":\"SearchAction\",\"target\":{\"@type\":\"EntryPoint\",\"urlTemplate\":\"https:\\\/\\\/www.manabi.gob.ec\\\/?s={search_term_string}\"},\"query-input\":{\"@type\":\"PropertyValueSpecification\",\"valueRequired\":true,\"valueName\":\"search_term_string\"}}],\"inLanguage\":\"es\"},{\"@type\":\"Person\",\"@id\":\"https:\\\/\\\/www.manabi.gob.ec\\\/#\\\/schema\\\/person\\\/cfc71bd68fe2703b779edcc292a49722\",\"name\":\"admin\",\"image\":{\"@type\":\"ImageObject\",\"inLanguage\":\"es\",\"@id\":\"https:\\\/\\\/secure.gravatar.com\\\/avatar\\\/23e9f919492b0a2f65aa168e0d8c5c867ea853b61deffbadf08c7031e15b8d78?s=96&d=mm&r=g\",\"url\":\"https:\\\/\\\/secure.gravatar.com\\\/avatar\\\/23e9f919492b0a2f65aa168e0d8c5c867ea853b61deffbadf08c7031e15b8d78?s=96&d=mm&r=g\",\"contentUrl\":\"https:\\\/\\\/secure.gravatar.com\\\/avatar\\\/23e9f919492b0a2f65aa168e0d8c5c867ea853b61deffbadf08c7031e15b8d78?s=96&d=mm&r=g\",\"caption\":\"admin\"},\"sameAs\":[\"http:\\\/\\\/www.manabi.gob.ec\"],\"url\":\"https:\\\/\\\/www.manabi.gob.ec\\\/index.php\\\/author\\\/admin\\\/\"}]}<\/script>\n<!-- \/ Yoast SEO plugin. -->","yoast_head_json":{"title":"Trabajo conjunto impulsa obras en El Carmen - Prefectura de Manab\u00ed","robots":{"index":"index","follow":"follow","max-snippet":"max-snippet:-1","max-image-preview":"max-image-preview:large","max-video-preview":"max-video-preview:-1"},"canonical":"https:\/\/www.manabi.gob.ec\/index.php\/trabajo-conjunto-impulsa-obras-en-el-carmen\/","og_locale":"es_ES","og_type":"article","og_title":"Trabajo conjunto impulsa obras en El Carmen - Prefectura de Manab\u00ed","og_description":"El prefecto Leonardo Orlando y la viceprefecta, Kelly Buenaventura, junto a autoridades locales recorrieron el pasado s\u00e1bado las comunidades Buena Suerte, \u201cY\u201d de Chila, La Ra\u00edz y El Roc\u00edo del cant\u00f3n El Carmen. \u201cCuando se trata del desarrollo de una provincia, cant\u00f3n y parroquia debemos sentarnos a conversar, escuchar a la gente y arrimar el [&hellip;]","og_url":"https:\/\/www.manabi.gob.ec\/index.php\/trabajo-conjunto-impulsa-obras-en-el-carmen\/","og_site_name":"Prefectura de Manab\u00ed","article_published_time":"2020-09-29T22:23:11+00:00","og_image":[{"width":1280,"height":853,"url":"https:\/\/www.manabi.gob.ec\/wp-content\/uploads\/2020\/05\/foto-de-agricultor-y-riego-de-hect\u00e1reas.jpg","type":"image\/jpeg"}],"author":"admin","twitter_card":"summary_large_image","twitter_misc":{"Escrito por":"admin","Tiempo de lectura":"2 minutos"},"schema":{"@context":"https:\/\/schema.org","@graph":[{"@type":"Article","@id":"https:\/\/www.manabi.gob.ec\/index.php\/trabajo-conjunto-impulsa-obras-en-el-carmen\/#article","isPartOf":{"@id":"https:\/\/www.manabi.gob.ec\/index.php\/trabajo-conjunto-impulsa-obras-en-el-carmen\/"},"author":{"name":"admin","@id":"https:\/\/www.manabi.gob.ec\/#\/schema\/person\/cfc71bd68fe2703b779edcc292a49722"},"headline":"Trabajo conjunto impulsa obras en El Carmen","datePublished":"2020-09-29T22:23:11+00:00","mainEntityOfPage":{"@id":"https:\/\/www.manabi.gob.ec\/index.php\/trabajo-conjunto-impulsa-obras-en-el-carmen\/"},"wordCount":369,"commentCount":0,"image":{"@id":"https:\/\/www.manabi.gob.ec\/index.php\/trabajo-conjunto-impulsa-obras-en-el-carmen\/#primaryimage"},"thumbnailUrl":"https:\/\/www.manabi.gob.ec\/wp-content\/uploads\/2020\/05\/foto-de-agricultor-y-riego-de-hect\u00e1reas.jpg","articleSection":["Noticias","Todas"],"inLanguage":"es","potentialAction":[{"@type":"CommentAction","name":"Comment","target":["https:\/\/www.manabi.gob.ec\/index.php\/trabajo-conjunto-impulsa-obras-en-el-carmen\/#respond"]}]},{"@type":"WebPage","@id":"https:\/\/www.manabi.gob.ec\/index.php\/trabajo-conjunto-impulsa-obras-en-el-carmen\/","url":"https:\/\/www.manabi.gob.ec\/index.php\/trabajo-conjunto-impulsa-obras-en-el-carmen\/","name":"Trabajo conjunto impulsa obras en El Carmen - Prefectura de Manab\u00ed","isPartOf":{"@id":"https:\/\/www.manabi.gob.ec\/#website"},"primaryImageOfPage":{"@id":"https:\/\/www.manabi.gob.ec\/index.php\/trabajo-conjunto-impulsa-obras-en-el-carmen\/#primaryimage"},"image":{"@id":"https:\/\/www.manabi.gob.ec\/index.php\/trabajo-conjunto-impulsa-obras-en-el-carmen\/#primaryimage"},"thumbnailUrl":"https:\/\/www.manabi.gob.ec\/wp-content\/uploads\/2020\/05\/foto-de-agricultor-y-riego-de-hect\u00e1reas.jpg","datePublished":"2020-09-29T22:23:11+00:00","author":{"@id":"https:\/\/www.manabi.gob.ec\/#\/schema\/person\/cfc71bd68fe2703b779edcc292a49722"},"breadcrumb":{"@id":"https:\/\/www.manabi.gob.ec\/index.php\/trabajo-conjunto-impulsa-obras-en-el-carmen\/#breadcrumb"},"inLanguage":"es","potentialAction":[{"@type":"ReadAction","target":["https:\/\/www.manabi.gob.ec\/index.php\/trabajo-conjunto-impulsa-obras-en-el-carmen\/"]}]},{"@type":"ImageObject","inLanguage":"es","@id":"https:\/\/www.manabi.gob.ec\/index.php\/trabajo-conjunto-impulsa-obras-en-el-carmen\/#primaryimage","url":"https:\/\/www.manabi.gob.ec\/wp-content\/uploads\/2020\/05\/foto-de-agricultor-y-riego-de-hect\u00e1reas.jpg","contentUrl":"https:\/\/www.manabi.gob.ec\/wp-content\/uploads\/2020\/05\/foto-de-agricultor-y-riego-de-hect\u00e1reas.jpg","width":1280,"height":853},{"@type":"BreadcrumbList","@id":"https:\/\/www.manabi.gob.ec\/index.php\/trabajo-conjunto-impulsa-obras-en-el-carmen\/#breadcrumb","itemListElement":[{"@type":"ListItem","position":1,"name":"Portada","item":"https:\/\/www.manabi.gob.ec\/"},{"@type":"ListItem","position":2,"name":"Trabajo conjunto impulsa obras en El Carmen"}]},{"@type":"WebSite","@id":"https:\/\/www.manabi.gob.ec\/#website","url":"https:\/\/www.manabi.gob.ec\/","name":"Prefectura de Manab\u00ed","description":"P\u00e1gina web de la prefectura","potentialAction":[{"@type":"SearchAction","target":{"@type":"EntryPoint","urlTemplate":"https:\/\/www.manabi.gob.ec\/?s={search_term_string}"},"query-input":{"@type":"PropertyValueSpecification","valueRequired":true,"valueName":"search_term_string"}}],"inLanguage":"es"},{"@type":"Person","@id":"https:\/\/www.manabi.gob.ec\/#\/schema\/person\/cfc71bd68fe2703b779edcc292a49722","name":"admin","image":{"@type":"ImageObject","inLanguage":"es","@id":"https:\/\/secure.gravatar.com\/avatar\/23e9f919492b0a2f65aa168e0d8c5c867ea853b61deffbadf08c7031e15b8d78?s=96&d=mm&r=g","url":"https:\/\/secure.gravatar.com\/avatar\/23e9f919492b0a2f65aa168e0d8c5c867ea853b61deffbadf08c7031e15b8d78?s=96&d=mm&r=g","contentUrl":"https:\/\/secure.gravatar.com\/avatar\/23e9f919492b0a2f65aa168e0d8c5c867ea853b61deffbadf08c7031e15b8d78?s=96&d=mm&r=g","caption":"admin"},"sameAs":["http:\/\/www.manabi.gob.ec"],"url":"https:\/\/www.manabi.gob.ec\/index.php\/author\/admin\/"}]}},"jetpack_featured_media_url":"https:\/\/www.manabi.gob.ec\/wp-content\/uploads\/2020\/05\/foto-de-agricultor-y-riego-de-hect\u00e1reas.jpg","_links":{"self":[{"href":"https:\/\/www.manabi.gob.ec\/index.php\/wp-json\/wp\/v2\/posts\/15222","targetHints":{"allow":["GET"]}}],"collection":[{"href":"https:\/\/www.manabi.gob.ec\/index.php\/wp-json\/wp\/v2\/posts"}],"about":[{"href":"https:\/\/www.manabi.gob.ec\/index.php\/wp-json\/wp\/v2\/types\/post"}],"author":[{"embeddable":true,"href":"https:\/\/www.manabi.gob.ec\/index.php\/wp-json\/wp\/v2\/users\/1"}],"replies":[{"embeddable":true,"href":"https:\/\/www.manabi.gob.ec\/index.php\/wp-json\/wp\/v2\/comments?post=15222"}],"version-history":[{"count":0,"href":"https:\/\/www.manabi.gob.ec\/index.php\/wp-json\/wp\/v2\/posts\/15222\/revisions"}],"wp:featuredmedia":[{"embeddable":true,"href":"https:\/\/www.manabi.gob.ec\/index.php\/wp-json\/wp\/v2\/media\/14577"}],"wp:attachment":[{"href":"https:\/\/www.manabi.gob.ec\/index.php\/wp-json\/wp\/v2\/media?parent=15222"}],"wp:term":[{"taxonomy":"category","embeddable":true,"href":"https:\/\/www.manabi.gob.ec\/index.php\/wp-json\/wp\/v2\/categories?post=15222"},{"taxonomy":"post_tag","embeddable":true,"href":"https:\/\/www.manabi.gob.ec\/index.php\/wp-json\/wp\/v2\/tags?post=15222"}],"curies":[{"name":"wp","href":"https:\/\/api.w.org\/{rel}","templated":true}]}}