{"id":15280,"date":"2020-10-21T13:45:29","date_gmt":"2020-10-21T18:45:29","guid":{"rendered":"https:\/\/www.manabi.gob.ec\/?p=14644"},"modified":"2020-10-21T13:45:29","modified_gmt":"2020-10-21T18:45:29","slug":"nueva-via-de-55-km-beneficia-al-canton-bolivar","status":"publish","type":"post","link":"https:\/\/www.manabi.gob.ec\/index.php\/nueva-via-de-55-km-beneficia-al-canton-bolivar\/","title":{"rendered":"NUEVA V\u00cdA DE 5,5 KM BENEFICIA AL CANT\u00d3N BOL\u00cdVAR"},"content":{"rendered":"<p style=\"font-weight: 400; text-align: justify;\">El prefecto Leonardo Orlando estuvo presente en los actos festivos y entreg\u00f3 obras por el aniversario 107 de cantonizaci\u00f3n de Bol\u00edvar.<\/p>\n<p style=\"font-weight: 400; text-align: justify;\">La autoridad provincial entreg\u00f3 los trabajos de construcci\u00f3n a nivel de carpeta asf\u00e1ltica de las v\u00edas Sauces &#8211; Las Delicias, Miraflores &#8211; Corozo &#8211; Las Delicias &#8211; Los Sauces 1. Esta obra se ejecut\u00f3 mediante convenio entre el Gobierno de Manab\u00ed y la Municipalidad de Bol\u00edvar por un valor de $638.063,85 m\u00e1s IVA.<\/p>\n<p style=\"font-weight: 400; text-align: justify;\">\u00abCuando se unen esfuerzos se alcanzan grandes resultados\u00bb, manifest\u00f3 el Prefecto durante la entrega de los 5,5 kil\u00f3metros intervenidos. Esta v\u00eda conecta la ruralidad con la zona urbana de Bol\u00edvar y mejora la movilidad de los ciudadanos e impulsa la producci\u00f3n.<\/p>\n<p style=\"font-weight: 400; text-align: justify;\">\u201cPor mucho tiempo esperamos esta importante y necesaria obra que hoy es una realidad. Nuestra comunidad agradece las acciones emprendidas por el Prefecto y por nuestro Alcalde; esfuerzos conjuntos est\u00e1n creando desarrollo comunitario\u201d, dijo Jorge Villegas, de la comunidad Sauces 1.<\/p>\n<p style=\"font-weight: 400; text-align: justify;\">Leonardo Orlando tambi\u00e9n particip\u00f3 en la sesi\u00f3n solemne que organiz\u00f3 la Municipalidad de Bol\u00edvar por el aniversario cantonal a la que asistieron autoridades locales y ciudadanos.<\/p>\n<p style=\"font-weight: 400; text-align: justify;\">El Alcalde Walther Cevallos destac\u00f3 el constante apoyo del Prefecto para concretar obras a favor de su cant\u00f3n. \u201cEs un hombre que reconoce las necesidades porque las ha vivido. Por eso llegamos a \u00e9l y permanentemente encontramos esa predisposici\u00f3n para trabajar a favor de nuestro pueblo\u201d, expres\u00f3.<\/p>\n<p style=\"font-weight: 400; text-align: justify;\">La autoridad provincial recibi\u00f3 un reconocimiento en el M\u00e9rito a la Solidaridad por el trabajo impulsado desde el Gobierno de Manab\u00ed para la atenci\u00f3n de la emergencia sanitaria por el Covid-19. All\u00ed ratific\u00f3 su apoyo para seguir atendiendo las necesidades de las zonas rurales de Bol\u00edvar, al igual que lo est\u00e1 haciendo por las 55 parroquias rurales de los 22 cantones de la provincia.<\/p>\n","protected":false},"excerpt":{"rendered":"<p>El prefecto Leonardo Orlando estuvo presente en los actos festivos y entreg\u00f3 obras por el aniversario 107 de cantonizaci\u00f3n de Bol\u00edvar. La autoridad provincial entreg\u00f3 los trabajos de construcci\u00f3n a nivel de carpeta asf\u00e1ltica de las v\u00edas Sauces &#8211; Las Delicias, Miraflores &#8211; Corozo &#8211; Las Delicias &#8211; Los Sauces 1. Esta obra se ejecut\u00f3 [&hellip;]<\/p>\n","protected":false},"author":1,"featured_media":14645,"comment_status":"open","ping_status":"open","sticky":false,"template":"","format":"standard","meta":{"_joinchat":[],"footnotes":""},"categories":[92,91],"tags":[],"class_list":["post-15280","post","type-post","status-publish","format-standard","has-post-thumbnail","hentry","category-noticias-manabi","category-todas"],"yoast_head":"<!-- This site is optimized with the Yoast SEO plugin v27.4 - https:\/\/yoast.com\/product\/yoast-seo-wordpress\/ -->\n<title>NUEVA V\u00cdA DE 5,5 KM BENEFICIA AL CANT\u00d3N BOL\u00cdVAR - Prefectura de Manab\u00ed<\/title>\n<meta name=\"robots\" content=\"index, follow, max-snippet:-1, max-image-preview:large, max-video-preview:-1\" \/>\n<link rel=\"canonical\" href=\"https:\/\/www.manabi.gob.ec\/index.php\/nueva-via-de-55-km-beneficia-al-canton-bolivar\/\" \/>\n<meta property=\"og:locale\" content=\"es_ES\" \/>\n<meta property=\"og:type\" content=\"article\" \/>\n<meta property=\"og:title\" content=\"NUEVA V\u00cdA DE 5,5 KM BENEFICIA AL CANT\u00d3N BOL\u00cdVAR - Prefectura de Manab\u00ed\" \/>\n<meta property=\"og:description\" content=\"El prefecto Leonardo Orlando estuvo presente en los actos festivos y entreg\u00f3 obras por el aniversario 107 de cantonizaci\u00f3n de Bol\u00edvar. La autoridad provincial entreg\u00f3 los trabajos de construcci\u00f3n a nivel de carpeta asf\u00e1ltica de las v\u00edas Sauces &#8211; Las Delicias, Miraflores &#8211; Corozo &#8211; Las Delicias &#8211; Los Sauces 1. Esta obra se ejecut\u00f3 [&hellip;]\" \/>\n<meta property=\"og:url\" content=\"https:\/\/www.manabi.gob.ec\/index.php\/nueva-via-de-55-km-beneficia-al-canton-bolivar\/\" \/>\n<meta property=\"og:site_name\" content=\"Prefectura de Manab\u00ed\" \/>\n<meta property=\"article:published_time\" content=\"2020-10-21T18:45:29+00:00\" \/>\n<meta name=\"author\" content=\"admin\" \/>\n<meta name=\"twitter:card\" content=\"summary_large_image\" \/>\n<meta name=\"twitter:label1\" content=\"Escrito por\" \/>\n\t<meta name=\"twitter:data1\" content=\"admin\" \/>\n\t<meta name=\"twitter:label2\" content=\"Tiempo de lectura\" \/>\n\t<meta name=\"twitter:data2\" content=\"2 minutos\" \/>\n<script type=\"application\/ld+json\" class=\"yoast-schema-graph\">{\"@context\":\"https:\\\/\\\/schema.org\",\"@graph\":[{\"@type\":\"Article\",\"@id\":\"https:\\\/\\\/www.manabi.gob.ec\\\/index.php\\\/nueva-via-de-55-km-beneficia-al-canton-bolivar\\\/#article\",\"isPartOf\":{\"@id\":\"https:\\\/\\\/www.manabi.gob.ec\\\/index.php\\\/nueva-via-de-55-km-beneficia-al-canton-bolivar\\\/\"},\"author\":{\"name\":\"admin\",\"@id\":\"https:\\\/\\\/www.manabi.gob.ec\\\/#\\\/schema\\\/person\\\/cfc71bd68fe2703b779edcc292a49722\"},\"headline\":\"NUEVA V\u00cdA DE 5,5 KM BENEFICIA AL CANT\u00d3N BOL\u00cdVAR\",\"datePublished\":\"2020-10-21T18:45:29+00:00\",\"mainEntityOfPage\":{\"@id\":\"https:\\\/\\\/www.manabi.gob.ec\\\/index.php\\\/nueva-via-de-55-km-beneficia-al-canton-bolivar\\\/\"},\"wordCount\":317,\"commentCount\":0,\"image\":{\"@id\":\"https:\\\/\\\/www.manabi.gob.ec\\\/index.php\\\/nueva-via-de-55-km-beneficia-al-canton-bolivar\\\/#primaryimage\"},\"thumbnailUrl\":\"\",\"articleSection\":[\"Noticias\",\"Todas\"],\"inLanguage\":\"es\",\"potentialAction\":[{\"@type\":\"CommentAction\",\"name\":\"Comment\",\"target\":[\"https:\\\/\\\/www.manabi.gob.ec\\\/index.php\\\/nueva-via-de-55-km-beneficia-al-canton-bolivar\\\/#respond\"]}]},{\"@type\":\"WebPage\",\"@id\":\"https:\\\/\\\/www.manabi.gob.ec\\\/index.php\\\/nueva-via-de-55-km-beneficia-al-canton-bolivar\\\/\",\"url\":\"https:\\\/\\\/www.manabi.gob.ec\\\/index.php\\\/nueva-via-de-55-km-beneficia-al-canton-bolivar\\\/\",\"name\":\"NUEVA V\u00cdA DE 5,5 KM BENEFICIA AL CANT\u00d3N BOL\u00cdVAR - Prefectura de Manab\u00ed\",\"isPartOf\":{\"@id\":\"https:\\\/\\\/www.manabi.gob.ec\\\/#website\"},\"primaryImageOfPage\":{\"@id\":\"https:\\\/\\\/www.manabi.gob.ec\\\/index.php\\\/nueva-via-de-55-km-beneficia-al-canton-bolivar\\\/#primaryimage\"},\"image\":{\"@id\":\"https:\\\/\\\/www.manabi.gob.ec\\\/index.php\\\/nueva-via-de-55-km-beneficia-al-canton-bolivar\\\/#primaryimage\"},\"thumbnailUrl\":\"\",\"datePublished\":\"2020-10-21T18:45:29+00:00\",\"author\":{\"@id\":\"https:\\\/\\\/www.manabi.gob.ec\\\/#\\\/schema\\\/person\\\/cfc71bd68fe2703b779edcc292a49722\"},\"breadcrumb\":{\"@id\":\"https:\\\/\\\/www.manabi.gob.ec\\\/index.php\\\/nueva-via-de-55-km-beneficia-al-canton-bolivar\\\/#breadcrumb\"},\"inLanguage\":\"es\",\"potentialAction\":[{\"@type\":\"ReadAction\",\"target\":[\"https:\\\/\\\/www.manabi.gob.ec\\\/index.php\\\/nueva-via-de-55-km-beneficia-al-canton-bolivar\\\/\"]}]},{\"@type\":\"ImageObject\",\"inLanguage\":\"es\",\"@id\":\"https:\\\/\\\/www.manabi.gob.ec\\\/index.php\\\/nueva-via-de-55-km-beneficia-al-canton-bolivar\\\/#primaryimage\",\"url\":\"\",\"contentUrl\":\"\"},{\"@type\":\"BreadcrumbList\",\"@id\":\"https:\\\/\\\/www.manabi.gob.ec\\\/index.php\\\/nueva-via-de-55-km-beneficia-al-canton-bolivar\\\/#breadcrumb\",\"itemListElement\":[{\"@type\":\"ListItem\",\"position\":1,\"name\":\"Portada\",\"item\":\"https:\\\/\\\/www.manabi.gob.ec\\\/\"},{\"@type\":\"ListItem\",\"position\":2,\"name\":\"NUEVA V\u00cdA DE 5,5 KM BENEFICIA AL CANT\u00d3N BOL\u00cdVAR\"}]},{\"@type\":\"WebSite\",\"@id\":\"https:\\\/\\\/www.manabi.gob.ec\\\/#website\",\"url\":\"https:\\\/\\\/www.manabi.gob.ec\\\/\",\"name\":\"Prefectura de Manab\u00ed\",\"description\":\"P\u00e1gina web de la prefectura\",\"potentialAction\":[{\"@type\":\"SearchAction\",\"target\":{\"@type\":\"EntryPoint\",\"urlTemplate\":\"https:\\\/\\\/www.manabi.gob.ec\\\/?s={search_term_string}\"},\"query-input\":{\"@type\":\"PropertyValueSpecification\",\"valueRequired\":true,\"valueName\":\"search_term_string\"}}],\"inLanguage\":\"es\"},{\"@type\":\"Person\",\"@id\":\"https:\\\/\\\/www.manabi.gob.ec\\\/#\\\/schema\\\/person\\\/cfc71bd68fe2703b779edcc292a49722\",\"name\":\"admin\",\"image\":{\"@type\":\"ImageObject\",\"inLanguage\":\"es\",\"@id\":\"https:\\\/\\\/secure.gravatar.com\\\/avatar\\\/23e9f919492b0a2f65aa168e0d8c5c867ea853b61deffbadf08c7031e15b8d78?s=96&d=mm&r=g\",\"url\":\"https:\\\/\\\/secure.gravatar.com\\\/avatar\\\/23e9f919492b0a2f65aa168e0d8c5c867ea853b61deffbadf08c7031e15b8d78?s=96&d=mm&r=g\",\"contentUrl\":\"https:\\\/\\\/secure.gravatar.com\\\/avatar\\\/23e9f919492b0a2f65aa168e0d8c5c867ea853b61deffbadf08c7031e15b8d78?s=96&d=mm&r=g\",\"caption\":\"admin\"},\"sameAs\":[\"http:\\\/\\\/www.manabi.gob.ec\"],\"url\":\"https:\\\/\\\/www.manabi.gob.ec\\\/index.php\\\/author\\\/admin\\\/\"}]}<\/script>\n<!-- \/ Yoast SEO plugin. -->","yoast_head_json":{"title":"NUEVA V\u00cdA DE 5,5 KM BENEFICIA AL CANT\u00d3N BOL\u00cdVAR - Prefectura de Manab\u00ed","robots":{"index":"index","follow":"follow","max-snippet":"max-snippet:-1","max-image-preview":"max-image-preview:large","max-video-preview":"max-video-preview:-1"},"canonical":"https:\/\/www.manabi.gob.ec\/index.php\/nueva-via-de-55-km-beneficia-al-canton-bolivar\/","og_locale":"es_ES","og_type":"article","og_title":"NUEVA V\u00cdA DE 5,5 KM BENEFICIA AL CANT\u00d3N BOL\u00cdVAR - Prefectura de Manab\u00ed","og_description":"El prefecto Leonardo Orlando estuvo presente en los actos festivos y entreg\u00f3 obras por el aniversario 107 de cantonizaci\u00f3n de Bol\u00edvar. La autoridad provincial entreg\u00f3 los trabajos de construcci\u00f3n a nivel de carpeta asf\u00e1ltica de las v\u00edas Sauces &#8211; Las Delicias, Miraflores &#8211; Corozo &#8211; Las Delicias &#8211; Los Sauces 1. Esta obra se ejecut\u00f3 [&hellip;]","og_url":"https:\/\/www.manabi.gob.ec\/index.php\/nueva-via-de-55-km-beneficia-al-canton-bolivar\/","og_site_name":"Prefectura de Manab\u00ed","article_published_time":"2020-10-21T18:45:29+00:00","author":"admin","twitter_card":"summary_large_image","twitter_misc":{"Escrito por":"admin","Tiempo de lectura":"2 minutos"},"schema":{"@context":"https:\/\/schema.org","@graph":[{"@type":"Article","@id":"https:\/\/www.manabi.gob.ec\/index.php\/nueva-via-de-55-km-beneficia-al-canton-bolivar\/#article","isPartOf":{"@id":"https:\/\/www.manabi.gob.ec\/index.php\/nueva-via-de-55-km-beneficia-al-canton-bolivar\/"},"author":{"name":"admin","@id":"https:\/\/www.manabi.gob.ec\/#\/schema\/person\/cfc71bd68fe2703b779edcc292a49722"},"headline":"NUEVA V\u00cdA DE 5,5 KM BENEFICIA AL CANT\u00d3N BOL\u00cdVAR","datePublished":"2020-10-21T18:45:29+00:00","mainEntityOfPage":{"@id":"https:\/\/www.manabi.gob.ec\/index.php\/nueva-via-de-55-km-beneficia-al-canton-bolivar\/"},"wordCount":317,"commentCount":0,"image":{"@id":"https:\/\/www.manabi.gob.ec\/index.php\/nueva-via-de-55-km-beneficia-al-canton-bolivar\/#primaryimage"},"thumbnailUrl":"","articleSection":["Noticias","Todas"],"inLanguage":"es","potentialAction":[{"@type":"CommentAction","name":"Comment","target":["https:\/\/www.manabi.gob.ec\/index.php\/nueva-via-de-55-km-beneficia-al-canton-bolivar\/#respond"]}]},{"@type":"WebPage","@id":"https:\/\/www.manabi.gob.ec\/index.php\/nueva-via-de-55-km-beneficia-al-canton-bolivar\/","url":"https:\/\/www.manabi.gob.ec\/index.php\/nueva-via-de-55-km-beneficia-al-canton-bolivar\/","name":"NUEVA V\u00cdA DE 5,5 KM BENEFICIA AL CANT\u00d3N BOL\u00cdVAR - Prefectura de Manab\u00ed","isPartOf":{"@id":"https:\/\/www.manabi.gob.ec\/#website"},"primaryImageOfPage":{"@id":"https:\/\/www.manabi.gob.ec\/index.php\/nueva-via-de-55-km-beneficia-al-canton-bolivar\/#primaryimage"},"image":{"@id":"https:\/\/www.manabi.gob.ec\/index.php\/nueva-via-de-55-km-beneficia-al-canton-bolivar\/#primaryimage"},"thumbnailUrl":"","datePublished":"2020-10-21T18:45:29+00:00","author":{"@id":"https:\/\/www.manabi.gob.ec\/#\/schema\/person\/cfc71bd68fe2703b779edcc292a49722"},"breadcrumb":{"@id":"https:\/\/www.manabi.gob.ec\/index.php\/nueva-via-de-55-km-beneficia-al-canton-bolivar\/#breadcrumb"},"inLanguage":"es","potentialAction":[{"@type":"ReadAction","target":["https:\/\/www.manabi.gob.ec\/index.php\/nueva-via-de-55-km-beneficia-al-canton-bolivar\/"]}]},{"@type":"ImageObject","inLanguage":"es","@id":"https:\/\/www.manabi.gob.ec\/index.php\/nueva-via-de-55-km-beneficia-al-canton-bolivar\/#primaryimage","url":"","contentUrl":""},{"@type":"BreadcrumbList","@id":"https:\/\/www.manabi.gob.ec\/index.php\/nueva-via-de-55-km-beneficia-al-canton-bolivar\/#breadcrumb","itemListElement":[{"@type":"ListItem","position":1,"name":"Portada","item":"https:\/\/www.manabi.gob.ec\/"},{"@type":"ListItem","position":2,"name":"NUEVA V\u00cdA DE 5,5 KM BENEFICIA AL CANT\u00d3N BOL\u00cdVAR"}]},{"@type":"WebSite","@id":"https:\/\/www.manabi.gob.ec\/#website","url":"https:\/\/www.manabi.gob.ec\/","name":"Prefectura de Manab\u00ed","description":"P\u00e1gina web de la prefectura","potentialAction":[{"@type":"SearchAction","target":{"@type":"EntryPoint","urlTemplate":"https:\/\/www.manabi.gob.ec\/?s={search_term_string}"},"query-input":{"@type":"PropertyValueSpecification","valueRequired":true,"valueName":"search_term_string"}}],"inLanguage":"es"},{"@type":"Person","@id":"https:\/\/www.manabi.gob.ec\/#\/schema\/person\/cfc71bd68fe2703b779edcc292a49722","name":"admin","image":{"@type":"ImageObject","inLanguage":"es","@id":"https:\/\/secure.gravatar.com\/avatar\/23e9f919492b0a2f65aa168e0d8c5c867ea853b61deffbadf08c7031e15b8d78?s=96&d=mm&r=g","url":"https:\/\/secure.gravatar.com\/avatar\/23e9f919492b0a2f65aa168e0d8c5c867ea853b61deffbadf08c7031e15b8d78?s=96&d=mm&r=g","contentUrl":"https:\/\/secure.gravatar.com\/avatar\/23e9f919492b0a2f65aa168e0d8c5c867ea853b61deffbadf08c7031e15b8d78?s=96&d=mm&r=g","caption":"admin"},"sameAs":["http:\/\/www.manabi.gob.ec"],"url":"https:\/\/www.manabi.gob.ec\/index.php\/author\/admin\/"}]}},"jetpack_featured_media_url":"","_links":{"self":[{"href":"https:\/\/www.manabi.gob.ec\/index.php\/wp-json\/wp\/v2\/posts\/15280","targetHints":{"allow":["GET"]}}],"collection":[{"href":"https:\/\/www.manabi.gob.ec\/index.php\/wp-json\/wp\/v2\/posts"}],"about":[{"href":"https:\/\/www.manabi.gob.ec\/index.php\/wp-json\/wp\/v2\/types\/post"}],"author":[{"embeddable":true,"href":"https:\/\/www.manabi.gob.ec\/index.php\/wp-json\/wp\/v2\/users\/1"}],"replies":[{"embeddable":true,"href":"https:\/\/www.manabi.gob.ec\/index.php\/wp-json\/wp\/v2\/comments?post=15280"}],"version-history":[{"count":0,"href":"https:\/\/www.manabi.gob.ec\/index.php\/wp-json\/wp\/v2\/posts\/15280\/revisions"}],"wp:featuredmedia":[{"embeddable":true,"href":"https:\/\/www.manabi.gob.ec\/index.php\/wp-json\/"}],"wp:attachment":[{"href":"https:\/\/www.manabi.gob.ec\/index.php\/wp-json\/wp\/v2\/media?parent=15280"}],"wp:term":[{"taxonomy":"category","embeddable":true,"href":"https:\/\/www.manabi.gob.ec\/index.php\/wp-json\/wp\/v2\/categories?post=15280"},{"taxonomy":"post_tag","embeddable":true,"href":"https:\/\/www.manabi.gob.ec\/index.php\/wp-json\/wp\/v2\/tags?post=15280"}],"curies":[{"name":"wp","href":"https:\/\/api.w.org\/{rel}","templated":true}]}}