{"id":15288,"date":"2020-10-30T15:52:58","date_gmt":"2020-10-30T20:52:58","guid":{"rendered":"https:\/\/www.manabi.gob.ec\/?p=14669"},"modified":"2020-10-30T15:52:58","modified_gmt":"2020-10-30T20:52:58","slug":"prefectura-construira-dos-puentes-en-julcuy","status":"publish","type":"post","link":"https:\/\/www.manabi.gob.ec\/index.php\/prefectura-construira-dos-puentes-en-julcuy\/","title":{"rendered":"PREFECTURA CONSTRUIR\u00c1 DOS PUENTES EN JULCUY"},"content":{"rendered":"<p style=\"font-weight: 400; text-align: justify;\">Durante la sesi\u00f3n solemne por los 82 a\u00f1os de parroquializaci\u00f3n de Julcuy, el prefecto Leonardo Orlando anunci\u00f3 la construcci\u00f3n de dos puentes de hormig\u00f3n armado en esta parroquia del cant\u00f3n Jipijapa.<\/p>\n<p style=\"font-weight: 400; text-align: justify;\">El primer puente ser\u00e1 levantado sobre el r\u00edo Julcuy. La obra tiene un valor de 192 mil d\u00f3lares y se financia con recursos propios del Gobierno Provincial.<\/p>\n<p style=\"font-weight: 400; text-align: justify;\">Su construcci\u00f3n complementar\u00e1 la intervenci\u00f3n realizada a nivel de mejoramiento en la v\u00eda Tierra Blanca &#8211; Pe\u00f1as &#8211; Pi\u00f1as, de 7.3 km.<\/p>\n<p style=\"font-weight: 400; text-align: justify;\">La rehabilitaci\u00f3n de este camino rural forma parte del Eje de Integraci\u00f3n Vial Sur. \u00abEste proyecto contempla una v\u00eda de primer orden desde Julcuy hacia Machalilla, del cant\u00f3n Puerto L\u00f3pez; obra que permitir\u00e1 conexi\u00f3n entre el campo y el mar o viceversa\u00bb, dijo el prefecto Leonardo Orlando.<\/p>\n<p style=\"font-weight: 400; text-align: justify;\">El otro viaducto ser\u00e1 construido sobre el estero Cancagua, con un costo referencial de 168 mil d\u00f3lares. Obra que se financia con recursos del FINGAD 2, correspondientes a la recuperaci\u00f3n del IVA de los a\u00f1os 2017 y 2018.<\/p>\n<p style=\"font-weight: 400; text-align: justify;\">\u201cEstos dos puentes ser\u00e1n un gran aporte a la movilidad digna y segura que merecen los habitantes de Julcuy y de Jipijapa\u201d, expres\u00f3 el Prefecto, al tiempo de precisar que la inversi\u00f3n destinada a estas dos obras sobrepasa los 365 mil d\u00f3lares.<\/p>\n","protected":false},"excerpt":{"rendered":"<p>Durante la sesi\u00f3n solemne por los 82 a\u00f1os de parroquializaci\u00f3n de Julcuy, el prefecto Leonardo Orlando anunci\u00f3 la construcci\u00f3n de dos puentes de hormig\u00f3n armado en esta parroquia del cant\u00f3n Jipijapa. El primer puente ser\u00e1 levantado sobre el r\u00edo Julcuy. La obra tiene un valor de 192 mil d\u00f3lares y se financia con recursos propios [&hellip;]<\/p>\n","protected":false},"author":1,"featured_media":14670,"comment_status":"open","ping_status":"open","sticky":false,"template":"","format":"standard","meta":{"_joinchat":[],"footnotes":""},"categories":[92,91],"tags":[],"class_list":["post-15288","post","type-post","status-publish","format-standard","has-post-thumbnail","hentry","category-noticias-manabi","category-todas"],"yoast_head":"<!-- This site is optimized with the Yoast SEO plugin v27.4 - https:\/\/yoast.com\/product\/yoast-seo-wordpress\/ -->\n<title>PREFECTURA CONSTRUIR\u00c1 DOS PUENTES EN JULCUY - Prefectura de Manab\u00ed<\/title>\n<meta name=\"robots\" content=\"index, follow, max-snippet:-1, max-image-preview:large, max-video-preview:-1\" \/>\n<link rel=\"canonical\" href=\"https:\/\/www.manabi.gob.ec\/index.php\/prefectura-construira-dos-puentes-en-julcuy\/\" \/>\n<meta property=\"og:locale\" content=\"es_ES\" \/>\n<meta property=\"og:type\" content=\"article\" \/>\n<meta property=\"og:title\" content=\"PREFECTURA CONSTRUIR\u00c1 DOS PUENTES EN JULCUY - Prefectura de Manab\u00ed\" \/>\n<meta property=\"og:description\" content=\"Durante la sesi\u00f3n solemne por los 82 a\u00f1os de parroquializaci\u00f3n de Julcuy, el prefecto Leonardo Orlando anunci\u00f3 la construcci\u00f3n de dos puentes de hormig\u00f3n armado en esta parroquia del cant\u00f3n Jipijapa. El primer puente ser\u00e1 levantado sobre el r\u00edo Julcuy. La obra tiene un valor de 192 mil d\u00f3lares y se financia con recursos propios [&hellip;]\" \/>\n<meta property=\"og:url\" content=\"https:\/\/www.manabi.gob.ec\/index.php\/prefectura-construira-dos-puentes-en-julcuy\/\" \/>\n<meta property=\"og:site_name\" content=\"Prefectura de Manab\u00ed\" \/>\n<meta property=\"article:published_time\" content=\"2020-10-30T20:52:58+00:00\" \/>\n<meta name=\"author\" content=\"admin\" \/>\n<meta name=\"twitter:card\" content=\"summary_large_image\" \/>\n<meta name=\"twitter:label1\" content=\"Escrito por\" \/>\n\t<meta name=\"twitter:data1\" content=\"admin\" \/>\n\t<meta name=\"twitter:label2\" content=\"Tiempo de lectura\" \/>\n\t<meta name=\"twitter:data2\" content=\"1 minuto\" \/>\n<script type=\"application\/ld+json\" class=\"yoast-schema-graph\">{\"@context\":\"https:\\\/\\\/schema.org\",\"@graph\":[{\"@type\":\"Article\",\"@id\":\"https:\\\/\\\/www.manabi.gob.ec\\\/index.php\\\/prefectura-construira-dos-puentes-en-julcuy\\\/#article\",\"isPartOf\":{\"@id\":\"https:\\\/\\\/www.manabi.gob.ec\\\/index.php\\\/prefectura-construira-dos-puentes-en-julcuy\\\/\"},\"author\":{\"name\":\"admin\",\"@id\":\"https:\\\/\\\/www.manabi.gob.ec\\\/#\\\/schema\\\/person\\\/cfc71bd68fe2703b779edcc292a49722\"},\"headline\":\"PREFECTURA CONSTRUIR\u00c1 DOS PUENTES EN JULCUY\",\"datePublished\":\"2020-10-30T20:52:58+00:00\",\"mainEntityOfPage\":{\"@id\":\"https:\\\/\\\/www.manabi.gob.ec\\\/index.php\\\/prefectura-construira-dos-puentes-en-julcuy\\\/\"},\"wordCount\":230,\"commentCount\":0,\"image\":{\"@id\":\"https:\\\/\\\/www.manabi.gob.ec\\\/index.php\\\/prefectura-construira-dos-puentes-en-julcuy\\\/#primaryimage\"},\"thumbnailUrl\":\"\",\"articleSection\":[\"Noticias\",\"Todas\"],\"inLanguage\":\"es\",\"potentialAction\":[{\"@type\":\"CommentAction\",\"name\":\"Comment\",\"target\":[\"https:\\\/\\\/www.manabi.gob.ec\\\/index.php\\\/prefectura-construira-dos-puentes-en-julcuy\\\/#respond\"]}]},{\"@type\":\"WebPage\",\"@id\":\"https:\\\/\\\/www.manabi.gob.ec\\\/index.php\\\/prefectura-construira-dos-puentes-en-julcuy\\\/\",\"url\":\"https:\\\/\\\/www.manabi.gob.ec\\\/index.php\\\/prefectura-construira-dos-puentes-en-julcuy\\\/\",\"name\":\"PREFECTURA CONSTRUIR\u00c1 DOS PUENTES EN JULCUY - Prefectura de Manab\u00ed\",\"isPartOf\":{\"@id\":\"https:\\\/\\\/www.manabi.gob.ec\\\/#website\"},\"primaryImageOfPage\":{\"@id\":\"https:\\\/\\\/www.manabi.gob.ec\\\/index.php\\\/prefectura-construira-dos-puentes-en-julcuy\\\/#primaryimage\"},\"image\":{\"@id\":\"https:\\\/\\\/www.manabi.gob.ec\\\/index.php\\\/prefectura-construira-dos-puentes-en-julcuy\\\/#primaryimage\"},\"thumbnailUrl\":\"\",\"datePublished\":\"2020-10-30T20:52:58+00:00\",\"author\":{\"@id\":\"https:\\\/\\\/www.manabi.gob.ec\\\/#\\\/schema\\\/person\\\/cfc71bd68fe2703b779edcc292a49722\"},\"breadcrumb\":{\"@id\":\"https:\\\/\\\/www.manabi.gob.ec\\\/index.php\\\/prefectura-construira-dos-puentes-en-julcuy\\\/#breadcrumb\"},\"inLanguage\":\"es\",\"potentialAction\":[{\"@type\":\"ReadAction\",\"target\":[\"https:\\\/\\\/www.manabi.gob.ec\\\/index.php\\\/prefectura-construira-dos-puentes-en-julcuy\\\/\"]}]},{\"@type\":\"ImageObject\",\"inLanguage\":\"es\",\"@id\":\"https:\\\/\\\/www.manabi.gob.ec\\\/index.php\\\/prefectura-construira-dos-puentes-en-julcuy\\\/#primaryimage\",\"url\":\"\",\"contentUrl\":\"\"},{\"@type\":\"BreadcrumbList\",\"@id\":\"https:\\\/\\\/www.manabi.gob.ec\\\/index.php\\\/prefectura-construira-dos-puentes-en-julcuy\\\/#breadcrumb\",\"itemListElement\":[{\"@type\":\"ListItem\",\"position\":1,\"name\":\"Portada\",\"item\":\"https:\\\/\\\/www.manabi.gob.ec\\\/\"},{\"@type\":\"ListItem\",\"position\":2,\"name\":\"PREFECTURA CONSTRUIR\u00c1 DOS PUENTES EN JULCUY\"}]},{\"@type\":\"WebSite\",\"@id\":\"https:\\\/\\\/www.manabi.gob.ec\\\/#website\",\"url\":\"https:\\\/\\\/www.manabi.gob.ec\\\/\",\"name\":\"Prefectura de Manab\u00ed\",\"description\":\"P\u00e1gina web de la prefectura\",\"potentialAction\":[{\"@type\":\"SearchAction\",\"target\":{\"@type\":\"EntryPoint\",\"urlTemplate\":\"https:\\\/\\\/www.manabi.gob.ec\\\/?s={search_term_string}\"},\"query-input\":{\"@type\":\"PropertyValueSpecification\",\"valueRequired\":true,\"valueName\":\"search_term_string\"}}],\"inLanguage\":\"es\"},{\"@type\":\"Person\",\"@id\":\"https:\\\/\\\/www.manabi.gob.ec\\\/#\\\/schema\\\/person\\\/cfc71bd68fe2703b779edcc292a49722\",\"name\":\"admin\",\"image\":{\"@type\":\"ImageObject\",\"inLanguage\":\"es\",\"@id\":\"https:\\\/\\\/secure.gravatar.com\\\/avatar\\\/23e9f919492b0a2f65aa168e0d8c5c867ea853b61deffbadf08c7031e15b8d78?s=96&d=mm&r=g\",\"url\":\"https:\\\/\\\/secure.gravatar.com\\\/avatar\\\/23e9f919492b0a2f65aa168e0d8c5c867ea853b61deffbadf08c7031e15b8d78?s=96&d=mm&r=g\",\"contentUrl\":\"https:\\\/\\\/secure.gravatar.com\\\/avatar\\\/23e9f919492b0a2f65aa168e0d8c5c867ea853b61deffbadf08c7031e15b8d78?s=96&d=mm&r=g\",\"caption\":\"admin\"},\"sameAs\":[\"http:\\\/\\\/www.manabi.gob.ec\"],\"url\":\"https:\\\/\\\/www.manabi.gob.ec\\\/index.php\\\/author\\\/admin\\\/\"}]}<\/script>\n<!-- \/ Yoast SEO plugin. -->","yoast_head_json":{"title":"PREFECTURA CONSTRUIR\u00c1 DOS PUENTES EN JULCUY - Prefectura de Manab\u00ed","robots":{"index":"index","follow":"follow","max-snippet":"max-snippet:-1","max-image-preview":"max-image-preview:large","max-video-preview":"max-video-preview:-1"},"canonical":"https:\/\/www.manabi.gob.ec\/index.php\/prefectura-construira-dos-puentes-en-julcuy\/","og_locale":"es_ES","og_type":"article","og_title":"PREFECTURA CONSTRUIR\u00c1 DOS PUENTES EN JULCUY - Prefectura de Manab\u00ed","og_description":"Durante la sesi\u00f3n solemne por los 82 a\u00f1os de parroquializaci\u00f3n de Julcuy, el prefecto Leonardo Orlando anunci\u00f3 la construcci\u00f3n de dos puentes de hormig\u00f3n armado en esta parroquia del cant\u00f3n Jipijapa. El primer puente ser\u00e1 levantado sobre el r\u00edo Julcuy. La obra tiene un valor de 192 mil d\u00f3lares y se financia con recursos propios [&hellip;]","og_url":"https:\/\/www.manabi.gob.ec\/index.php\/prefectura-construira-dos-puentes-en-julcuy\/","og_site_name":"Prefectura de Manab\u00ed","article_published_time":"2020-10-30T20:52:58+00:00","author":"admin","twitter_card":"summary_large_image","twitter_misc":{"Escrito por":"admin","Tiempo de lectura":"1 minuto"},"schema":{"@context":"https:\/\/schema.org","@graph":[{"@type":"Article","@id":"https:\/\/www.manabi.gob.ec\/index.php\/prefectura-construira-dos-puentes-en-julcuy\/#article","isPartOf":{"@id":"https:\/\/www.manabi.gob.ec\/index.php\/prefectura-construira-dos-puentes-en-julcuy\/"},"author":{"name":"admin","@id":"https:\/\/www.manabi.gob.ec\/#\/schema\/person\/cfc71bd68fe2703b779edcc292a49722"},"headline":"PREFECTURA CONSTRUIR\u00c1 DOS PUENTES EN JULCUY","datePublished":"2020-10-30T20:52:58+00:00","mainEntityOfPage":{"@id":"https:\/\/www.manabi.gob.ec\/index.php\/prefectura-construira-dos-puentes-en-julcuy\/"},"wordCount":230,"commentCount":0,"image":{"@id":"https:\/\/www.manabi.gob.ec\/index.php\/prefectura-construira-dos-puentes-en-julcuy\/#primaryimage"},"thumbnailUrl":"","articleSection":["Noticias","Todas"],"inLanguage":"es","potentialAction":[{"@type":"CommentAction","name":"Comment","target":["https:\/\/www.manabi.gob.ec\/index.php\/prefectura-construira-dos-puentes-en-julcuy\/#respond"]}]},{"@type":"WebPage","@id":"https:\/\/www.manabi.gob.ec\/index.php\/prefectura-construira-dos-puentes-en-julcuy\/","url":"https:\/\/www.manabi.gob.ec\/index.php\/prefectura-construira-dos-puentes-en-julcuy\/","name":"PREFECTURA CONSTRUIR\u00c1 DOS PUENTES EN JULCUY - Prefectura de Manab\u00ed","isPartOf":{"@id":"https:\/\/www.manabi.gob.ec\/#website"},"primaryImageOfPage":{"@id":"https:\/\/www.manabi.gob.ec\/index.php\/prefectura-construira-dos-puentes-en-julcuy\/#primaryimage"},"image":{"@id":"https:\/\/www.manabi.gob.ec\/index.php\/prefectura-construira-dos-puentes-en-julcuy\/#primaryimage"},"thumbnailUrl":"","datePublished":"2020-10-30T20:52:58+00:00","author":{"@id":"https:\/\/www.manabi.gob.ec\/#\/schema\/person\/cfc71bd68fe2703b779edcc292a49722"},"breadcrumb":{"@id":"https:\/\/www.manabi.gob.ec\/index.php\/prefectura-construira-dos-puentes-en-julcuy\/#breadcrumb"},"inLanguage":"es","potentialAction":[{"@type":"ReadAction","target":["https:\/\/www.manabi.gob.ec\/index.php\/prefectura-construira-dos-puentes-en-julcuy\/"]}]},{"@type":"ImageObject","inLanguage":"es","@id":"https:\/\/www.manabi.gob.ec\/index.php\/prefectura-construira-dos-puentes-en-julcuy\/#primaryimage","url":"","contentUrl":""},{"@type":"BreadcrumbList","@id":"https:\/\/www.manabi.gob.ec\/index.php\/prefectura-construira-dos-puentes-en-julcuy\/#breadcrumb","itemListElement":[{"@type":"ListItem","position":1,"name":"Portada","item":"https:\/\/www.manabi.gob.ec\/"},{"@type":"ListItem","position":2,"name":"PREFECTURA CONSTRUIR\u00c1 DOS PUENTES EN JULCUY"}]},{"@type":"WebSite","@id":"https:\/\/www.manabi.gob.ec\/#website","url":"https:\/\/www.manabi.gob.ec\/","name":"Prefectura de Manab\u00ed","description":"P\u00e1gina web de la prefectura","potentialAction":[{"@type":"SearchAction","target":{"@type":"EntryPoint","urlTemplate":"https:\/\/www.manabi.gob.ec\/?s={search_term_string}"},"query-input":{"@type":"PropertyValueSpecification","valueRequired":true,"valueName":"search_term_string"}}],"inLanguage":"es"},{"@type":"Person","@id":"https:\/\/www.manabi.gob.ec\/#\/schema\/person\/cfc71bd68fe2703b779edcc292a49722","name":"admin","image":{"@type":"ImageObject","inLanguage":"es","@id":"https:\/\/secure.gravatar.com\/avatar\/23e9f919492b0a2f65aa168e0d8c5c867ea853b61deffbadf08c7031e15b8d78?s=96&d=mm&r=g","url":"https:\/\/secure.gravatar.com\/avatar\/23e9f919492b0a2f65aa168e0d8c5c867ea853b61deffbadf08c7031e15b8d78?s=96&d=mm&r=g","contentUrl":"https:\/\/secure.gravatar.com\/avatar\/23e9f919492b0a2f65aa168e0d8c5c867ea853b61deffbadf08c7031e15b8d78?s=96&d=mm&r=g","caption":"admin"},"sameAs":["http:\/\/www.manabi.gob.ec"],"url":"https:\/\/www.manabi.gob.ec\/index.php\/author\/admin\/"}]}},"jetpack_featured_media_url":"","_links":{"self":[{"href":"https:\/\/www.manabi.gob.ec\/index.php\/wp-json\/wp\/v2\/posts\/15288","targetHints":{"allow":["GET"]}}],"collection":[{"href":"https:\/\/www.manabi.gob.ec\/index.php\/wp-json\/wp\/v2\/posts"}],"about":[{"href":"https:\/\/www.manabi.gob.ec\/index.php\/wp-json\/wp\/v2\/types\/post"}],"author":[{"embeddable":true,"href":"https:\/\/www.manabi.gob.ec\/index.php\/wp-json\/wp\/v2\/users\/1"}],"replies":[{"embeddable":true,"href":"https:\/\/www.manabi.gob.ec\/index.php\/wp-json\/wp\/v2\/comments?post=15288"}],"version-history":[{"count":0,"href":"https:\/\/www.manabi.gob.ec\/index.php\/wp-json\/wp\/v2\/posts\/15288\/revisions"}],"wp:featuredmedia":[{"embeddable":true,"href":"https:\/\/www.manabi.gob.ec\/index.php\/wp-json\/"}],"wp:attachment":[{"href":"https:\/\/www.manabi.gob.ec\/index.php\/wp-json\/wp\/v2\/media?parent=15288"}],"wp:term":[{"taxonomy":"category","embeddable":true,"href":"https:\/\/www.manabi.gob.ec\/index.php\/wp-json\/wp\/v2\/categories?post=15288"},{"taxonomy":"post_tag","embeddable":true,"href":"https:\/\/www.manabi.gob.ec\/index.php\/wp-json\/wp\/v2\/tags?post=15288"}],"curies":[{"name":"wp","href":"https:\/\/api.w.org\/{rel}","templated":true}]}}