{"id":15296,"date":"2020-11-10T08:15:55","date_gmt":"2020-11-10T13:15:55","guid":{"rendered":"https:\/\/www.manabi.gob.ec\/?p=14688"},"modified":"2020-11-10T08:15:55","modified_gmt":"2020-11-10T13:15:55","slug":"mas-de-13-millones-para-vialidad-manabita","status":"publish","type":"post","link":"https:\/\/www.manabi.gob.ec\/index.php\/mas-de-13-millones-para-vialidad-manabita\/","title":{"rendered":"M\u00e1s de $13 millones para vialidad manabita"},"content":{"rendered":"<p style=\"font-weight: 400; text-align: justify;\">El Gobierno de Manab\u00ed invertir\u00e1 m\u00e1s de 13 millones de d\u00f3lares, para la ejecuci\u00f3n de un in\u00e9dito Plan Vial Rural, que lleva adelante la actual administraci\u00f3n provincial liderada por el prefecto Leonardo Orlando.<\/p>\n<p style=\"font-weight: 400; text-align: justify;\">Este martes 10 de noviembre a las 11h00 en la Universidad T\u00e9cnica de Manab\u00ed (cancha cubierta frente al edificio de postgrado), el Prefecto presidir\u00e1 el acto de entrega de adjudicaci\u00f3n en el marco de un proceso contractual inclusivo y transparente.<\/p>\n<p style=\"font-weight: 400; text-align: justify;\">Se trata de m\u00e1s de 50 consorcios, sociedades y personas naturales quienes resultaron ganadores de la tercera Feria Inclusiva para alquiler de maquinarias que convoc\u00f3 el Gobierno de Manab\u00ed. La participaci\u00f3n de 68 oferentes demostr\u00f3 la confianza y credibilidad que el sector de la construcci\u00f3n tiene en la actual administraci\u00f3n provincial.<\/p>\n<p style=\"font-weight: 400; text-align: justify;\">Este proceso representa una inversi\u00f3n superior a los 13 millones de d\u00f3lares ($13&#8217;614.388) que se invertir\u00e1n en un gran Plan Vial Rural que en 4 a\u00f1os busca convertir 4.400 kil\u00f3metros de caminos que se encuentran en estado de suelo natural, y ser\u00e1n v\u00edas utilizables todo el a\u00f1o y con material de mejoramiento.<\/p>\n<p style=\"font-weight: 400; text-align: justify;\">Este tipo de procesos, que promueven una participaci\u00f3n inclusiva y transparente, no solo ayudan a la vialidad provincial sino que dinamizan el sector de la construcci\u00f3n e incentiva la participaci\u00f3n de m\u00e1s oferentes.<\/p>\n<p style=\"font-weight: 400; text-align: justify;\">En el a\u00f1o 2019 se realizaron dos Ferias Inclusivas por un monto superior a 18,6 millones de d\u00f3lares, mientras que en el 2020 la inversi\u00f3n alcanz\u00f3 $15,3 millones de d\u00f3lares.<\/p>\n","protected":false},"excerpt":{"rendered":"<p>El Gobierno de Manab\u00ed invertir\u00e1 m\u00e1s de 13 millones de d\u00f3lares, para la ejecuci\u00f3n de un in\u00e9dito Plan Vial Rural, que lleva adelante la actual administraci\u00f3n provincial liderada por el prefecto Leonardo Orlando. Este martes 10 de noviembre a las 11h00 en la Universidad T\u00e9cnica de Manab\u00ed (cancha cubierta frente al edificio de postgrado), el [&hellip;]<\/p>\n","protected":false},"author":1,"featured_media":14689,"comment_status":"open","ping_status":"open","sticky":false,"template":"","format":"standard","meta":{"_joinchat":[],"footnotes":""},"categories":[92,91],"tags":[],"class_list":["post-15296","post","type-post","status-publish","format-standard","has-post-thumbnail","hentry","category-noticias-manabi","category-todas"],"yoast_head":"<!-- This site is optimized with the Yoast SEO plugin v27.4 - https:\/\/yoast.com\/product\/yoast-seo-wordpress\/ -->\n<title>M\u00e1s de $13 millones para vialidad manabita - Prefectura de Manab\u00ed<\/title>\n<meta name=\"robots\" content=\"index, follow, max-snippet:-1, max-image-preview:large, max-video-preview:-1\" \/>\n<link rel=\"canonical\" href=\"https:\/\/www.manabi.gob.ec\/index.php\/mas-de-13-millones-para-vialidad-manabita\/\" \/>\n<meta property=\"og:locale\" content=\"es_ES\" \/>\n<meta property=\"og:type\" content=\"article\" \/>\n<meta property=\"og:title\" content=\"M\u00e1s de $13 millones para vialidad manabita - Prefectura de Manab\u00ed\" \/>\n<meta property=\"og:description\" content=\"El Gobierno de Manab\u00ed invertir\u00e1 m\u00e1s de 13 millones de d\u00f3lares, para la ejecuci\u00f3n de un in\u00e9dito Plan Vial Rural, que lleva adelante la actual administraci\u00f3n provincial liderada por el prefecto Leonardo Orlando. Este martes 10 de noviembre a las 11h00 en la Universidad T\u00e9cnica de Manab\u00ed (cancha cubierta frente al edificio de postgrado), el [&hellip;]\" \/>\n<meta property=\"og:url\" content=\"https:\/\/www.manabi.gob.ec\/index.php\/mas-de-13-millones-para-vialidad-manabita\/\" \/>\n<meta property=\"og:site_name\" content=\"Prefectura de Manab\u00ed\" \/>\n<meta property=\"article:published_time\" content=\"2020-11-10T13:15:55+00:00\" \/>\n<meta name=\"author\" content=\"admin\" \/>\n<meta name=\"twitter:card\" content=\"summary_large_image\" \/>\n<meta name=\"twitter:label1\" content=\"Escrito por\" \/>\n\t<meta name=\"twitter:data1\" content=\"admin\" \/>\n\t<meta name=\"twitter:label2\" content=\"Tiempo de lectura\" \/>\n\t<meta name=\"twitter:data2\" content=\"1 minuto\" \/>\n<script type=\"application\/ld+json\" class=\"yoast-schema-graph\">{\"@context\":\"https:\\\/\\\/schema.org\",\"@graph\":[{\"@type\":\"Article\",\"@id\":\"https:\\\/\\\/www.manabi.gob.ec\\\/index.php\\\/mas-de-13-millones-para-vialidad-manabita\\\/#article\",\"isPartOf\":{\"@id\":\"https:\\\/\\\/www.manabi.gob.ec\\\/index.php\\\/mas-de-13-millones-para-vialidad-manabita\\\/\"},\"author\":{\"name\":\"admin\",\"@id\":\"https:\\\/\\\/www.manabi.gob.ec\\\/#\\\/schema\\\/person\\\/cfc71bd68fe2703b779edcc292a49722\"},\"headline\":\"M\u00e1s de $13 millones para vialidad manabita\",\"datePublished\":\"2020-11-10T13:15:55+00:00\",\"mainEntityOfPage\":{\"@id\":\"https:\\\/\\\/www.manabi.gob.ec\\\/index.php\\\/mas-de-13-millones-para-vialidad-manabita\\\/\"},\"wordCount\":262,\"commentCount\":0,\"image\":{\"@id\":\"https:\\\/\\\/www.manabi.gob.ec\\\/index.php\\\/mas-de-13-millones-para-vialidad-manabita\\\/#primaryimage\"},\"thumbnailUrl\":\"\",\"articleSection\":[\"Noticias\",\"Todas\"],\"inLanguage\":\"es\",\"potentialAction\":[{\"@type\":\"CommentAction\",\"name\":\"Comment\",\"target\":[\"https:\\\/\\\/www.manabi.gob.ec\\\/index.php\\\/mas-de-13-millones-para-vialidad-manabita\\\/#respond\"]}]},{\"@type\":\"WebPage\",\"@id\":\"https:\\\/\\\/www.manabi.gob.ec\\\/index.php\\\/mas-de-13-millones-para-vialidad-manabita\\\/\",\"url\":\"https:\\\/\\\/www.manabi.gob.ec\\\/index.php\\\/mas-de-13-millones-para-vialidad-manabita\\\/\",\"name\":\"M\u00e1s de $13 millones para vialidad manabita - Prefectura de Manab\u00ed\",\"isPartOf\":{\"@id\":\"https:\\\/\\\/www.manabi.gob.ec\\\/#website\"},\"primaryImageOfPage\":{\"@id\":\"https:\\\/\\\/www.manabi.gob.ec\\\/index.php\\\/mas-de-13-millones-para-vialidad-manabita\\\/#primaryimage\"},\"image\":{\"@id\":\"https:\\\/\\\/www.manabi.gob.ec\\\/index.php\\\/mas-de-13-millones-para-vialidad-manabita\\\/#primaryimage\"},\"thumbnailUrl\":\"\",\"datePublished\":\"2020-11-10T13:15:55+00:00\",\"author\":{\"@id\":\"https:\\\/\\\/www.manabi.gob.ec\\\/#\\\/schema\\\/person\\\/cfc71bd68fe2703b779edcc292a49722\"},\"breadcrumb\":{\"@id\":\"https:\\\/\\\/www.manabi.gob.ec\\\/index.php\\\/mas-de-13-millones-para-vialidad-manabita\\\/#breadcrumb\"},\"inLanguage\":\"es\",\"potentialAction\":[{\"@type\":\"ReadAction\",\"target\":[\"https:\\\/\\\/www.manabi.gob.ec\\\/index.php\\\/mas-de-13-millones-para-vialidad-manabita\\\/\"]}]},{\"@type\":\"ImageObject\",\"inLanguage\":\"es\",\"@id\":\"https:\\\/\\\/www.manabi.gob.ec\\\/index.php\\\/mas-de-13-millones-para-vialidad-manabita\\\/#primaryimage\",\"url\":\"\",\"contentUrl\":\"\"},{\"@type\":\"BreadcrumbList\",\"@id\":\"https:\\\/\\\/www.manabi.gob.ec\\\/index.php\\\/mas-de-13-millones-para-vialidad-manabita\\\/#breadcrumb\",\"itemListElement\":[{\"@type\":\"ListItem\",\"position\":1,\"name\":\"Portada\",\"item\":\"https:\\\/\\\/www.manabi.gob.ec\\\/\"},{\"@type\":\"ListItem\",\"position\":2,\"name\":\"M\u00e1s de $13 millones para vialidad manabita\"}]},{\"@type\":\"WebSite\",\"@id\":\"https:\\\/\\\/www.manabi.gob.ec\\\/#website\",\"url\":\"https:\\\/\\\/www.manabi.gob.ec\\\/\",\"name\":\"Prefectura de Manab\u00ed\",\"description\":\"P\u00e1gina web de la prefectura\",\"potentialAction\":[{\"@type\":\"SearchAction\",\"target\":{\"@type\":\"EntryPoint\",\"urlTemplate\":\"https:\\\/\\\/www.manabi.gob.ec\\\/?s={search_term_string}\"},\"query-input\":{\"@type\":\"PropertyValueSpecification\",\"valueRequired\":true,\"valueName\":\"search_term_string\"}}],\"inLanguage\":\"es\"},{\"@type\":\"Person\",\"@id\":\"https:\\\/\\\/www.manabi.gob.ec\\\/#\\\/schema\\\/person\\\/cfc71bd68fe2703b779edcc292a49722\",\"name\":\"admin\",\"image\":{\"@type\":\"ImageObject\",\"inLanguage\":\"es\",\"@id\":\"https:\\\/\\\/secure.gravatar.com\\\/avatar\\\/23e9f919492b0a2f65aa168e0d8c5c867ea853b61deffbadf08c7031e15b8d78?s=96&d=mm&r=g\",\"url\":\"https:\\\/\\\/secure.gravatar.com\\\/avatar\\\/23e9f919492b0a2f65aa168e0d8c5c867ea853b61deffbadf08c7031e15b8d78?s=96&d=mm&r=g\",\"contentUrl\":\"https:\\\/\\\/secure.gravatar.com\\\/avatar\\\/23e9f919492b0a2f65aa168e0d8c5c867ea853b61deffbadf08c7031e15b8d78?s=96&d=mm&r=g\",\"caption\":\"admin\"},\"sameAs\":[\"http:\\\/\\\/www.manabi.gob.ec\"],\"url\":\"https:\\\/\\\/www.manabi.gob.ec\\\/index.php\\\/author\\\/admin\\\/\"}]}<\/script>\n<!-- \/ Yoast SEO plugin. -->","yoast_head_json":{"title":"M\u00e1s de $13 millones para vialidad manabita - Prefectura de Manab\u00ed","robots":{"index":"index","follow":"follow","max-snippet":"max-snippet:-1","max-image-preview":"max-image-preview:large","max-video-preview":"max-video-preview:-1"},"canonical":"https:\/\/www.manabi.gob.ec\/index.php\/mas-de-13-millones-para-vialidad-manabita\/","og_locale":"es_ES","og_type":"article","og_title":"M\u00e1s de $13 millones para vialidad manabita - Prefectura de Manab\u00ed","og_description":"El Gobierno de Manab\u00ed invertir\u00e1 m\u00e1s de 13 millones de d\u00f3lares, para la ejecuci\u00f3n de un in\u00e9dito Plan Vial Rural, que lleva adelante la actual administraci\u00f3n provincial liderada por el prefecto Leonardo Orlando. Este martes 10 de noviembre a las 11h00 en la Universidad T\u00e9cnica de Manab\u00ed (cancha cubierta frente al edificio de postgrado), el [&hellip;]","og_url":"https:\/\/www.manabi.gob.ec\/index.php\/mas-de-13-millones-para-vialidad-manabita\/","og_site_name":"Prefectura de Manab\u00ed","article_published_time":"2020-11-10T13:15:55+00:00","author":"admin","twitter_card":"summary_large_image","twitter_misc":{"Escrito por":"admin","Tiempo de lectura":"1 minuto"},"schema":{"@context":"https:\/\/schema.org","@graph":[{"@type":"Article","@id":"https:\/\/www.manabi.gob.ec\/index.php\/mas-de-13-millones-para-vialidad-manabita\/#article","isPartOf":{"@id":"https:\/\/www.manabi.gob.ec\/index.php\/mas-de-13-millones-para-vialidad-manabita\/"},"author":{"name":"admin","@id":"https:\/\/www.manabi.gob.ec\/#\/schema\/person\/cfc71bd68fe2703b779edcc292a49722"},"headline":"M\u00e1s de $13 millones para vialidad manabita","datePublished":"2020-11-10T13:15:55+00:00","mainEntityOfPage":{"@id":"https:\/\/www.manabi.gob.ec\/index.php\/mas-de-13-millones-para-vialidad-manabita\/"},"wordCount":262,"commentCount":0,"image":{"@id":"https:\/\/www.manabi.gob.ec\/index.php\/mas-de-13-millones-para-vialidad-manabita\/#primaryimage"},"thumbnailUrl":"","articleSection":["Noticias","Todas"],"inLanguage":"es","potentialAction":[{"@type":"CommentAction","name":"Comment","target":["https:\/\/www.manabi.gob.ec\/index.php\/mas-de-13-millones-para-vialidad-manabita\/#respond"]}]},{"@type":"WebPage","@id":"https:\/\/www.manabi.gob.ec\/index.php\/mas-de-13-millones-para-vialidad-manabita\/","url":"https:\/\/www.manabi.gob.ec\/index.php\/mas-de-13-millones-para-vialidad-manabita\/","name":"M\u00e1s de $13 millones para vialidad manabita - Prefectura de Manab\u00ed","isPartOf":{"@id":"https:\/\/www.manabi.gob.ec\/#website"},"primaryImageOfPage":{"@id":"https:\/\/www.manabi.gob.ec\/index.php\/mas-de-13-millones-para-vialidad-manabita\/#primaryimage"},"image":{"@id":"https:\/\/www.manabi.gob.ec\/index.php\/mas-de-13-millones-para-vialidad-manabita\/#primaryimage"},"thumbnailUrl":"","datePublished":"2020-11-10T13:15:55+00:00","author":{"@id":"https:\/\/www.manabi.gob.ec\/#\/schema\/person\/cfc71bd68fe2703b779edcc292a49722"},"breadcrumb":{"@id":"https:\/\/www.manabi.gob.ec\/index.php\/mas-de-13-millones-para-vialidad-manabita\/#breadcrumb"},"inLanguage":"es","potentialAction":[{"@type":"ReadAction","target":["https:\/\/www.manabi.gob.ec\/index.php\/mas-de-13-millones-para-vialidad-manabita\/"]}]},{"@type":"ImageObject","inLanguage":"es","@id":"https:\/\/www.manabi.gob.ec\/index.php\/mas-de-13-millones-para-vialidad-manabita\/#primaryimage","url":"","contentUrl":""},{"@type":"BreadcrumbList","@id":"https:\/\/www.manabi.gob.ec\/index.php\/mas-de-13-millones-para-vialidad-manabita\/#breadcrumb","itemListElement":[{"@type":"ListItem","position":1,"name":"Portada","item":"https:\/\/www.manabi.gob.ec\/"},{"@type":"ListItem","position":2,"name":"M\u00e1s de $13 millones para vialidad manabita"}]},{"@type":"WebSite","@id":"https:\/\/www.manabi.gob.ec\/#website","url":"https:\/\/www.manabi.gob.ec\/","name":"Prefectura de Manab\u00ed","description":"P\u00e1gina web de la prefectura","potentialAction":[{"@type":"SearchAction","target":{"@type":"EntryPoint","urlTemplate":"https:\/\/www.manabi.gob.ec\/?s={search_term_string}"},"query-input":{"@type":"PropertyValueSpecification","valueRequired":true,"valueName":"search_term_string"}}],"inLanguage":"es"},{"@type":"Person","@id":"https:\/\/www.manabi.gob.ec\/#\/schema\/person\/cfc71bd68fe2703b779edcc292a49722","name":"admin","image":{"@type":"ImageObject","inLanguage":"es","@id":"https:\/\/secure.gravatar.com\/avatar\/23e9f919492b0a2f65aa168e0d8c5c867ea853b61deffbadf08c7031e15b8d78?s=96&d=mm&r=g","url":"https:\/\/secure.gravatar.com\/avatar\/23e9f919492b0a2f65aa168e0d8c5c867ea853b61deffbadf08c7031e15b8d78?s=96&d=mm&r=g","contentUrl":"https:\/\/secure.gravatar.com\/avatar\/23e9f919492b0a2f65aa168e0d8c5c867ea853b61deffbadf08c7031e15b8d78?s=96&d=mm&r=g","caption":"admin"},"sameAs":["http:\/\/www.manabi.gob.ec"],"url":"https:\/\/www.manabi.gob.ec\/index.php\/author\/admin\/"}]}},"jetpack_featured_media_url":"","_links":{"self":[{"href":"https:\/\/www.manabi.gob.ec\/index.php\/wp-json\/wp\/v2\/posts\/15296","targetHints":{"allow":["GET"]}}],"collection":[{"href":"https:\/\/www.manabi.gob.ec\/index.php\/wp-json\/wp\/v2\/posts"}],"about":[{"href":"https:\/\/www.manabi.gob.ec\/index.php\/wp-json\/wp\/v2\/types\/post"}],"author":[{"embeddable":true,"href":"https:\/\/www.manabi.gob.ec\/index.php\/wp-json\/wp\/v2\/users\/1"}],"replies":[{"embeddable":true,"href":"https:\/\/www.manabi.gob.ec\/index.php\/wp-json\/wp\/v2\/comments?post=15296"}],"version-history":[{"count":0,"href":"https:\/\/www.manabi.gob.ec\/index.php\/wp-json\/wp\/v2\/posts\/15296\/revisions"}],"wp:featuredmedia":[{"embeddable":true,"href":"https:\/\/www.manabi.gob.ec\/index.php\/wp-json\/"}],"wp:attachment":[{"href":"https:\/\/www.manabi.gob.ec\/index.php\/wp-json\/wp\/v2\/media?parent=15296"}],"wp:term":[{"taxonomy":"category","embeddable":true,"href":"https:\/\/www.manabi.gob.ec\/index.php\/wp-json\/wp\/v2\/categories?post=15296"},{"taxonomy":"post_tag","embeddable":true,"href":"https:\/\/www.manabi.gob.ec\/index.php\/wp-json\/wp\/v2\/tags?post=15296"}],"curies":[{"name":"wp","href":"https:\/\/api.w.org\/{rel}","templated":true}]}}