{"id":15305,"date":"2020-11-23T08:52:13","date_gmt":"2020-11-23T13:52:13","guid":{"rendered":"https:\/\/www.manabi.gob.ec\/?p=14722"},"modified":"2020-11-23T08:52:13","modified_gmt":"2020-11-23T13:52:13","slug":"se-encauza-el-rio-hondo-de-pajan","status":"publish","type":"post","link":"https:\/\/www.manabi.gob.ec\/index.php\/se-encauza-el-rio-hondo-de-pajan\/","title":{"rendered":"Se encauza el R\u00edo Hondo de Paj\u00e1n"},"content":{"rendered":"<p style=\"font-weight: 400;\">El Gobierno de\u00a0 Manab\u00ed inici\u00f3 los trabajos de ruptura\u00a0 del canal de encauzamiento del r\u00edo\u00a0 Hondo del cant\u00f3n Paj\u00e1n, con el objetivo de controlar las\u00a0 inundaciones que se producen en cada invierno.<\/p>\n<p style=\"font-weight: 400;\">Los trabajos son ejecutados a trav\u00e9s de la Direcci\u00f3n de Riego y Drenaje, los cuales se iniciaron desde r\u00edo Hondo, el sector San Lorenzo, y llegar\u00e1 hasta empatar con el r\u00edo Paj\u00e1n, en sector de la comunidad La Trinidad.<\/p>\n<p style=\"font-weight: 400;\">El canal tendr\u00e1 una longitud de 1.6 km,\u00a0 indic\u00f3 el Ing. Luis Vera,\u00a0 residente de trabajos en la zona,\u00a0 y para el 16\u00a0 de noviembre se\u00a0 ten\u00eda un avance de\u00a0 m\u00e1s de\u00a0 350 metros.<\/p>\n<p style=\"font-weight: 400;\">\u201cEl encauzamiento del r\u00edo Hondo es de much\u00edsima ayuda. Ahora nosotros podemos sembrar tranquilos sin el riesgo que se pierda la cosecha. Estamos agradecidos con el\u00a0 se\u00f1or Prefecto por estos trabajos\u201d, manifest\u00f3 Ren\u00e9 Lino Segura, Presidente de la Asociaci\u00f3n\u00a0 Agropecuaria Montuvia San Lorenzo.<\/p>\n<p style=\"font-weight: 400;\">Cerca de 500 familias se beneficiar\u00e1n con esta obra, quienes habitan en comunidades como Corozo, San Lorenzo, Boca de Misbaque, Trinidad y San Francisco, que cada invierno se ven afectadas por las inundaciones, que da\u00f1a sus sembr\u00edos y altera la\u00a0 vida de la gente.<\/p>\n<p style=\"font-weight: 400;\">\u201cEste canal controlar\u00e1 que el r\u00edo se desborde y vamos a poder sembrar m\u00e1s tranquilos\u201d, manifest\u00f3 Luis Villamar, habitante de la comunidad San\u00a0 Lorenzo, quien coment\u00f3 que en cada invierno el r\u00edo se desborda e inunda una amplia superficie\u00a0 de la zona\u00a0 y deja bajo agua los cultivos.<\/p>\n<p style=\"font-weight: 400;\">\u00a0La subdirectora del \u00e1rea de riego y drenaje del Gobierno de Manab\u00ed,\u00a0 Ing. Ana Zeballos, recorri\u00f3 los trabajos junto a la\u00a0 Vicealcaldesa de Paj\u00e1n, Maribel\u00a0 Mu\u00f1oz; el concejal Winston Mieles y t\u00e9cnicos de la entidad provincial.<\/p>\n<p style=\"font-weight: 400;\">La Vicealcaldesa de Paj\u00e1n agradeci\u00f3\u00a0 al prefecto, Leonardo Orlando, por concretar los trabajos de encauzamiento, y especialmente por su preocupaci\u00f3n por la zona rural. \u201cSu trabajo lo estamos viendo en obras viales y otras como el encauzamiento del r\u00edo Hondo que se hace en San Lorenzo y La Trinidad\u201d, dijo.<\/p>\n","protected":false},"excerpt":{"rendered":"<p>El Gobierno de\u00a0 Manab\u00ed inici\u00f3 los trabajos de ruptura\u00a0 del canal de encauzamiento del r\u00edo\u00a0 Hondo del cant\u00f3n Paj\u00e1n, con el objetivo de controlar las\u00a0 inundaciones que se producen en cada invierno. Los trabajos son ejecutados a trav\u00e9s de la Direcci\u00f3n de Riego y Drenaje, los cuales se iniciaron desde r\u00edo Hondo, el sector San [&hellip;]<\/p>\n","protected":false},"author":1,"featured_media":14723,"comment_status":"open","ping_status":"open","sticky":false,"template":"","format":"standard","meta":{"_joinchat":[],"footnotes":""},"categories":[92,91],"tags":[77],"class_list":["post-15305","post","type-post","status-publish","format-standard","has-post-thumbnail","hentry","category-noticias-manabi","category-todas","tag-pajan"],"yoast_head":"<!-- This site is optimized with the Yoast SEO plugin v27.4 - https:\/\/yoast.com\/product\/yoast-seo-wordpress\/ -->\n<title>Se encauza el R\u00edo Hondo de Paj\u00e1n - Prefectura de Manab\u00ed<\/title>\n<meta name=\"robots\" content=\"index, follow, max-snippet:-1, max-image-preview:large, max-video-preview:-1\" \/>\n<link rel=\"canonical\" href=\"https:\/\/www.manabi.gob.ec\/index.php\/se-encauza-el-rio-hondo-de-pajan\/\" \/>\n<meta property=\"og:locale\" content=\"es_ES\" \/>\n<meta property=\"og:type\" content=\"article\" \/>\n<meta property=\"og:title\" content=\"Se encauza el R\u00edo Hondo de Paj\u00e1n - Prefectura de Manab\u00ed\" \/>\n<meta property=\"og:description\" content=\"El Gobierno de\u00a0 Manab\u00ed inici\u00f3 los trabajos de ruptura\u00a0 del canal de encauzamiento del r\u00edo\u00a0 Hondo del cant\u00f3n Paj\u00e1n, con el objetivo de controlar las\u00a0 inundaciones que se producen en cada invierno. Los trabajos son ejecutados a trav\u00e9s de la Direcci\u00f3n de Riego y Drenaje, los cuales se iniciaron desde r\u00edo Hondo, el sector San [&hellip;]\" \/>\n<meta property=\"og:url\" content=\"https:\/\/www.manabi.gob.ec\/index.php\/se-encauza-el-rio-hondo-de-pajan\/\" \/>\n<meta property=\"og:site_name\" content=\"Prefectura de Manab\u00ed\" \/>\n<meta property=\"article:published_time\" content=\"2020-11-23T13:52:13+00:00\" \/>\n<meta name=\"author\" content=\"admin\" \/>\n<meta name=\"twitter:card\" content=\"summary_large_image\" \/>\n<meta name=\"twitter:label1\" content=\"Escrito por\" \/>\n\t<meta name=\"twitter:data1\" content=\"admin\" \/>\n\t<meta name=\"twitter:label2\" content=\"Tiempo de lectura\" \/>\n\t<meta name=\"twitter:data2\" content=\"2 minutos\" \/>\n<script type=\"application\/ld+json\" class=\"yoast-schema-graph\">{\"@context\":\"https:\\\/\\\/schema.org\",\"@graph\":[{\"@type\":\"Article\",\"@id\":\"https:\\\/\\\/www.manabi.gob.ec\\\/index.php\\\/se-encauza-el-rio-hondo-de-pajan\\\/#article\",\"isPartOf\":{\"@id\":\"https:\\\/\\\/www.manabi.gob.ec\\\/index.php\\\/se-encauza-el-rio-hondo-de-pajan\\\/\"},\"author\":{\"name\":\"admin\",\"@id\":\"https:\\\/\\\/www.manabi.gob.ec\\\/#\\\/schema\\\/person\\\/cfc71bd68fe2703b779edcc292a49722\"},\"headline\":\"Se encauza el R\u00edo Hondo de Paj\u00e1n\",\"datePublished\":\"2020-11-23T13:52:13+00:00\",\"mainEntityOfPage\":{\"@id\":\"https:\\\/\\\/www.manabi.gob.ec\\\/index.php\\\/se-encauza-el-rio-hondo-de-pajan\\\/\"},\"wordCount\":357,\"commentCount\":0,\"image\":{\"@id\":\"https:\\\/\\\/www.manabi.gob.ec\\\/index.php\\\/se-encauza-el-rio-hondo-de-pajan\\\/#primaryimage\"},\"thumbnailUrl\":\"\",\"keywords\":[\"Paj\u00e1n\"],\"articleSection\":[\"Noticias\",\"Todas\"],\"inLanguage\":\"es\",\"potentialAction\":[{\"@type\":\"CommentAction\",\"name\":\"Comment\",\"target\":[\"https:\\\/\\\/www.manabi.gob.ec\\\/index.php\\\/se-encauza-el-rio-hondo-de-pajan\\\/#respond\"]}]},{\"@type\":\"WebPage\",\"@id\":\"https:\\\/\\\/www.manabi.gob.ec\\\/index.php\\\/se-encauza-el-rio-hondo-de-pajan\\\/\",\"url\":\"https:\\\/\\\/www.manabi.gob.ec\\\/index.php\\\/se-encauza-el-rio-hondo-de-pajan\\\/\",\"name\":\"Se encauza el R\u00edo Hondo de Paj\u00e1n - Prefectura de Manab\u00ed\",\"isPartOf\":{\"@id\":\"https:\\\/\\\/www.manabi.gob.ec\\\/#website\"},\"primaryImageOfPage\":{\"@id\":\"https:\\\/\\\/www.manabi.gob.ec\\\/index.php\\\/se-encauza-el-rio-hondo-de-pajan\\\/#primaryimage\"},\"image\":{\"@id\":\"https:\\\/\\\/www.manabi.gob.ec\\\/index.php\\\/se-encauza-el-rio-hondo-de-pajan\\\/#primaryimage\"},\"thumbnailUrl\":\"\",\"datePublished\":\"2020-11-23T13:52:13+00:00\",\"author\":{\"@id\":\"https:\\\/\\\/www.manabi.gob.ec\\\/#\\\/schema\\\/person\\\/cfc71bd68fe2703b779edcc292a49722\"},\"breadcrumb\":{\"@id\":\"https:\\\/\\\/www.manabi.gob.ec\\\/index.php\\\/se-encauza-el-rio-hondo-de-pajan\\\/#breadcrumb\"},\"inLanguage\":\"es\",\"potentialAction\":[{\"@type\":\"ReadAction\",\"target\":[\"https:\\\/\\\/www.manabi.gob.ec\\\/index.php\\\/se-encauza-el-rio-hondo-de-pajan\\\/\"]}]},{\"@type\":\"ImageObject\",\"inLanguage\":\"es\",\"@id\":\"https:\\\/\\\/www.manabi.gob.ec\\\/index.php\\\/se-encauza-el-rio-hondo-de-pajan\\\/#primaryimage\",\"url\":\"\",\"contentUrl\":\"\"},{\"@type\":\"BreadcrumbList\",\"@id\":\"https:\\\/\\\/www.manabi.gob.ec\\\/index.php\\\/se-encauza-el-rio-hondo-de-pajan\\\/#breadcrumb\",\"itemListElement\":[{\"@type\":\"ListItem\",\"position\":1,\"name\":\"Portada\",\"item\":\"https:\\\/\\\/www.manabi.gob.ec\\\/\"},{\"@type\":\"ListItem\",\"position\":2,\"name\":\"Se encauza el R\u00edo Hondo de Paj\u00e1n\"}]},{\"@type\":\"WebSite\",\"@id\":\"https:\\\/\\\/www.manabi.gob.ec\\\/#website\",\"url\":\"https:\\\/\\\/www.manabi.gob.ec\\\/\",\"name\":\"Prefectura de Manab\u00ed\",\"description\":\"P\u00e1gina web de la prefectura\",\"potentialAction\":[{\"@type\":\"SearchAction\",\"target\":{\"@type\":\"EntryPoint\",\"urlTemplate\":\"https:\\\/\\\/www.manabi.gob.ec\\\/?s={search_term_string}\"},\"query-input\":{\"@type\":\"PropertyValueSpecification\",\"valueRequired\":true,\"valueName\":\"search_term_string\"}}],\"inLanguage\":\"es\"},{\"@type\":\"Person\",\"@id\":\"https:\\\/\\\/www.manabi.gob.ec\\\/#\\\/schema\\\/person\\\/cfc71bd68fe2703b779edcc292a49722\",\"name\":\"admin\",\"image\":{\"@type\":\"ImageObject\",\"inLanguage\":\"es\",\"@id\":\"https:\\\/\\\/secure.gravatar.com\\\/avatar\\\/23e9f919492b0a2f65aa168e0d8c5c867ea853b61deffbadf08c7031e15b8d78?s=96&d=mm&r=g\",\"url\":\"https:\\\/\\\/secure.gravatar.com\\\/avatar\\\/23e9f919492b0a2f65aa168e0d8c5c867ea853b61deffbadf08c7031e15b8d78?s=96&d=mm&r=g\",\"contentUrl\":\"https:\\\/\\\/secure.gravatar.com\\\/avatar\\\/23e9f919492b0a2f65aa168e0d8c5c867ea853b61deffbadf08c7031e15b8d78?s=96&d=mm&r=g\",\"caption\":\"admin\"},\"sameAs\":[\"http:\\\/\\\/www.manabi.gob.ec\"],\"url\":\"https:\\\/\\\/www.manabi.gob.ec\\\/index.php\\\/author\\\/admin\\\/\"}]}<\/script>\n<!-- \/ Yoast SEO plugin. -->","yoast_head_json":{"title":"Se encauza el R\u00edo Hondo de Paj\u00e1n - Prefectura de Manab\u00ed","robots":{"index":"index","follow":"follow","max-snippet":"max-snippet:-1","max-image-preview":"max-image-preview:large","max-video-preview":"max-video-preview:-1"},"canonical":"https:\/\/www.manabi.gob.ec\/index.php\/se-encauza-el-rio-hondo-de-pajan\/","og_locale":"es_ES","og_type":"article","og_title":"Se encauza el R\u00edo Hondo de Paj\u00e1n - Prefectura de Manab\u00ed","og_description":"El Gobierno de\u00a0 Manab\u00ed inici\u00f3 los trabajos de ruptura\u00a0 del canal de encauzamiento del r\u00edo\u00a0 Hondo del cant\u00f3n Paj\u00e1n, con el objetivo de controlar las\u00a0 inundaciones que se producen en cada invierno. Los trabajos son ejecutados a trav\u00e9s de la Direcci\u00f3n de Riego y Drenaje, los cuales se iniciaron desde r\u00edo Hondo, el sector San [&hellip;]","og_url":"https:\/\/www.manabi.gob.ec\/index.php\/se-encauza-el-rio-hondo-de-pajan\/","og_site_name":"Prefectura de Manab\u00ed","article_published_time":"2020-11-23T13:52:13+00:00","author":"admin","twitter_card":"summary_large_image","twitter_misc":{"Escrito por":"admin","Tiempo de lectura":"2 minutos"},"schema":{"@context":"https:\/\/schema.org","@graph":[{"@type":"Article","@id":"https:\/\/www.manabi.gob.ec\/index.php\/se-encauza-el-rio-hondo-de-pajan\/#article","isPartOf":{"@id":"https:\/\/www.manabi.gob.ec\/index.php\/se-encauza-el-rio-hondo-de-pajan\/"},"author":{"name":"admin","@id":"https:\/\/www.manabi.gob.ec\/#\/schema\/person\/cfc71bd68fe2703b779edcc292a49722"},"headline":"Se encauza el R\u00edo Hondo de Paj\u00e1n","datePublished":"2020-11-23T13:52:13+00:00","mainEntityOfPage":{"@id":"https:\/\/www.manabi.gob.ec\/index.php\/se-encauza-el-rio-hondo-de-pajan\/"},"wordCount":357,"commentCount":0,"image":{"@id":"https:\/\/www.manabi.gob.ec\/index.php\/se-encauza-el-rio-hondo-de-pajan\/#primaryimage"},"thumbnailUrl":"","keywords":["Paj\u00e1n"],"articleSection":["Noticias","Todas"],"inLanguage":"es","potentialAction":[{"@type":"CommentAction","name":"Comment","target":["https:\/\/www.manabi.gob.ec\/index.php\/se-encauza-el-rio-hondo-de-pajan\/#respond"]}]},{"@type":"WebPage","@id":"https:\/\/www.manabi.gob.ec\/index.php\/se-encauza-el-rio-hondo-de-pajan\/","url":"https:\/\/www.manabi.gob.ec\/index.php\/se-encauza-el-rio-hondo-de-pajan\/","name":"Se encauza el R\u00edo Hondo de Paj\u00e1n - Prefectura de Manab\u00ed","isPartOf":{"@id":"https:\/\/www.manabi.gob.ec\/#website"},"primaryImageOfPage":{"@id":"https:\/\/www.manabi.gob.ec\/index.php\/se-encauza-el-rio-hondo-de-pajan\/#primaryimage"},"image":{"@id":"https:\/\/www.manabi.gob.ec\/index.php\/se-encauza-el-rio-hondo-de-pajan\/#primaryimage"},"thumbnailUrl":"","datePublished":"2020-11-23T13:52:13+00:00","author":{"@id":"https:\/\/www.manabi.gob.ec\/#\/schema\/person\/cfc71bd68fe2703b779edcc292a49722"},"breadcrumb":{"@id":"https:\/\/www.manabi.gob.ec\/index.php\/se-encauza-el-rio-hondo-de-pajan\/#breadcrumb"},"inLanguage":"es","potentialAction":[{"@type":"ReadAction","target":["https:\/\/www.manabi.gob.ec\/index.php\/se-encauza-el-rio-hondo-de-pajan\/"]}]},{"@type":"ImageObject","inLanguage":"es","@id":"https:\/\/www.manabi.gob.ec\/index.php\/se-encauza-el-rio-hondo-de-pajan\/#primaryimage","url":"","contentUrl":""},{"@type":"BreadcrumbList","@id":"https:\/\/www.manabi.gob.ec\/index.php\/se-encauza-el-rio-hondo-de-pajan\/#breadcrumb","itemListElement":[{"@type":"ListItem","position":1,"name":"Portada","item":"https:\/\/www.manabi.gob.ec\/"},{"@type":"ListItem","position":2,"name":"Se encauza el R\u00edo Hondo de Paj\u00e1n"}]},{"@type":"WebSite","@id":"https:\/\/www.manabi.gob.ec\/#website","url":"https:\/\/www.manabi.gob.ec\/","name":"Prefectura de Manab\u00ed","description":"P\u00e1gina web de la prefectura","potentialAction":[{"@type":"SearchAction","target":{"@type":"EntryPoint","urlTemplate":"https:\/\/www.manabi.gob.ec\/?s={search_term_string}"},"query-input":{"@type":"PropertyValueSpecification","valueRequired":true,"valueName":"search_term_string"}}],"inLanguage":"es"},{"@type":"Person","@id":"https:\/\/www.manabi.gob.ec\/#\/schema\/person\/cfc71bd68fe2703b779edcc292a49722","name":"admin","image":{"@type":"ImageObject","inLanguage":"es","@id":"https:\/\/secure.gravatar.com\/avatar\/23e9f919492b0a2f65aa168e0d8c5c867ea853b61deffbadf08c7031e15b8d78?s=96&d=mm&r=g","url":"https:\/\/secure.gravatar.com\/avatar\/23e9f919492b0a2f65aa168e0d8c5c867ea853b61deffbadf08c7031e15b8d78?s=96&d=mm&r=g","contentUrl":"https:\/\/secure.gravatar.com\/avatar\/23e9f919492b0a2f65aa168e0d8c5c867ea853b61deffbadf08c7031e15b8d78?s=96&d=mm&r=g","caption":"admin"},"sameAs":["http:\/\/www.manabi.gob.ec"],"url":"https:\/\/www.manabi.gob.ec\/index.php\/author\/admin\/"}]}},"jetpack_featured_media_url":"","_links":{"self":[{"href":"https:\/\/www.manabi.gob.ec\/index.php\/wp-json\/wp\/v2\/posts\/15305","targetHints":{"allow":["GET"]}}],"collection":[{"href":"https:\/\/www.manabi.gob.ec\/index.php\/wp-json\/wp\/v2\/posts"}],"about":[{"href":"https:\/\/www.manabi.gob.ec\/index.php\/wp-json\/wp\/v2\/types\/post"}],"author":[{"embeddable":true,"href":"https:\/\/www.manabi.gob.ec\/index.php\/wp-json\/wp\/v2\/users\/1"}],"replies":[{"embeddable":true,"href":"https:\/\/www.manabi.gob.ec\/index.php\/wp-json\/wp\/v2\/comments?post=15305"}],"version-history":[{"count":0,"href":"https:\/\/www.manabi.gob.ec\/index.php\/wp-json\/wp\/v2\/posts\/15305\/revisions"}],"wp:featuredmedia":[{"embeddable":true,"href":"https:\/\/www.manabi.gob.ec\/index.php\/wp-json\/"}],"wp:attachment":[{"href":"https:\/\/www.manabi.gob.ec\/index.php\/wp-json\/wp\/v2\/media?parent=15305"}],"wp:term":[{"taxonomy":"category","embeddable":true,"href":"https:\/\/www.manabi.gob.ec\/index.php\/wp-json\/wp\/v2\/categories?post=15305"},{"taxonomy":"post_tag","embeddable":true,"href":"https:\/\/www.manabi.gob.ec\/index.php\/wp-json\/wp\/v2\/tags?post=15305"}],"curies":[{"name":"wp","href":"https:\/\/api.w.org\/{rel}","templated":true}]}}