{"id":15347,"date":"2020-12-01T16:36:19","date_gmt":"2020-12-01T21:36:19","guid":{"rendered":"https:\/\/www.manabi.gob.ec\/?p=14747"},"modified":"2020-12-01T16:36:19","modified_gmt":"2020-12-01T21:36:19","slug":"gobierno-de-manabi-entrego-puente-en-rio-muchacho","status":"publish","type":"post","link":"https:\/\/www.manabi.gob.ec\/index.php\/gobierno-de-manabi-entrego-puente-en-rio-muchacho\/","title":{"rendered":"Gobierno de Manab\u00ed  entreg\u00f3  puente en R\u00edo Muchacho"},"content":{"rendered":"<p style=\"text-align: justify;\">M\u00e1s\u00a0 de 3 mil habitantes\u00a0 se\u00a0 benefician\u00a0 directamente\u00a0 del puente\u00a0 \u00a0construido\u00a0 por el Gobierno de Manab\u00ed sobre el r\u00edo Muchacho, en la parroquia San Andr\u00e9s de Canoa del\u00a0 cant\u00f3n San Vicente.<\/p>\n<p style=\"text-align: justify;\">Esta obra fue\u00a0 entregada \u00a0por el prefecto, Leonardo Orlando, \u00a0el pasado 30 de noviembre, \u00a0quien calific\u00f3 al viaducto como \u201cm\u00e1gico, por el aporte que genera a la poblaci\u00f3n y, sobre todo, porque tendr\u00e1\u00a0 una particularidad en su construcci\u00f3n, que es la colocaci\u00f3n de murales en sus costados que le dar\u00e1 \u00a0vida\u00a0 y atractivo a la obra, explic\u00f3 el Prefecto en el acto inaugural.<\/p>\n<p style=\"text-align: justify;\">El viaducto\u00a0 tiene\u00a0 28 metros de luz y una inversi\u00f3n superior a los 253 mil d\u00f3lares, financiados con recursos del Banco de Desarrollo del Ecuador.\u00a0 Este es el segundo puente\u00a0\u00a0 que el Gobierno de Manab\u00ed entrega\u00a0 en\u00a0 esa zona, que garantizan la movilidad de sus habitantes en\u00a0 todas las \u00e9pocas de a\u00f1o.<\/p>\n<p style=\"text-align: justify;\">\u00abMe siento muy satisfecho con este puente, una obra esperada por muchos a\u00f1os, que nos va a mejorar la calidad de vida,\u00a0 ya que este sitio es tur\u00edstico, ganadero y agr\u00edcola\u00bb manifest\u00f3\u00a0 Pedro Sol\u00f3rzano,\u00a0 habitante de la comunidad R\u00edo Muchacho.<\/p>\n<p style=\"text-align: justify;\">El \u00a0contratista\u00a0 fue \u00a0Jos\u00e9 Molina, profesional del cant\u00f3n San Vicente,\u00a0 porque uno de los objetivos del\u00a0 Prefecto es priorizar\u00a0 la mano de obra local\u00a0 para\u00a0 contribuir a la econom\u00eda de los territorios donde se construyen las obras.<\/p>\n<p style=\"text-align: justify;\">La Prefectura tambi\u00e9n trabaja\u00a0 en rehabilitaci\u00f3n\u00a0 vial en Puerto Cabuyal, a nivel de mejoramiento\u00a0 de\u00a0 3.8 km; y, en\u00a0 la v\u00eda hacia r\u00edo Canoa en el mejoramiento de 8 km,\u00a0 que tiene un\u00a0 avance del 50%.<\/p>\n<p style=\"text-align: justify;\"><strong>Sesi\u00f3n de parroquializaci\u00f3n<\/strong><\/p>\n<p style=\"text-align: justify;\">El Prefecto tambi\u00e9n particip\u00f3 de la \u00a0sesi\u00f3n solemne por los 198 a\u00f1os de vida parroquial de\u00a0 San Andr\u00e9s de Canoa,\u00a0 y firm\u00f3 un convenio interinstitucional\u00a0 con el GAD parroquial para la ejecuci\u00f3n del proyecto de formaci\u00f3n de nuevas tecnolog\u00edas y desarrollo de capacidades inform\u00e1ticas, para atender\u00a0 a 50 ni\u00f1os, ni\u00f1as y adolescentes, mediante clubes de rob\u00f3tica educativa. La inversi\u00f3n \u00a0es de \u00a0$16.554 d\u00f3lares.<\/p>\n<p style=\"text-align: justify;\">Desde el Gobierno de Manab\u00ed continuaremos llevando Desarrollo y Equidad a las zonas m\u00e1s desprotegidas de la provincia, dijo el Prefecto.<\/p>\n<p>&nbsp;<\/p>\n","protected":false},"excerpt":{"rendered":"<p>M\u00e1s\u00a0 de 3 mil habitantes\u00a0 se\u00a0 benefician\u00a0 directamente\u00a0 del puente\u00a0 \u00a0construido\u00a0 por el Gobierno de Manab\u00ed sobre el r\u00edo Muchacho, en la parroquia San Andr\u00e9s de Canoa del\u00a0 cant\u00f3n San Vicente. Esta obra fue\u00a0 entregada \u00a0por el prefecto, Leonardo Orlando, \u00a0el pasado 30 de noviembre, \u00a0quien calific\u00f3 al viaducto como \u201cm\u00e1gico, por el aporte que [&hellip;]<\/p>\n","protected":false},"author":1,"featured_media":14748,"comment_status":"open","ping_status":"open","sticky":false,"template":"","format":"standard","meta":{"_joinchat":[],"footnotes":""},"categories":[92,91],"tags":[],"class_list":["post-15347","post","type-post","status-publish","format-standard","has-post-thumbnail","hentry","category-noticias-manabi","category-todas"],"yoast_head":"<!-- This site is optimized with the Yoast SEO plugin v27.4 - https:\/\/yoast.com\/product\/yoast-seo-wordpress\/ -->\n<title>Gobierno de Manab\u00ed entreg\u00f3 puente en R\u00edo Muchacho - Prefectura de Manab\u00ed<\/title>\n<meta name=\"robots\" content=\"index, follow, max-snippet:-1, max-image-preview:large, max-video-preview:-1\" \/>\n<link rel=\"canonical\" href=\"https:\/\/www.manabi.gob.ec\/index.php\/gobierno-de-manabi-entrego-puente-en-rio-muchacho\/\" \/>\n<meta property=\"og:locale\" content=\"es_ES\" \/>\n<meta property=\"og:type\" content=\"article\" \/>\n<meta property=\"og:title\" content=\"Gobierno de Manab\u00ed entreg\u00f3 puente en R\u00edo Muchacho - Prefectura de Manab\u00ed\" \/>\n<meta property=\"og:description\" content=\"M\u00e1s\u00a0 de 3 mil habitantes\u00a0 se\u00a0 benefician\u00a0 directamente\u00a0 del puente\u00a0 \u00a0construido\u00a0 por el Gobierno de Manab\u00ed sobre el r\u00edo Muchacho, en la parroquia San Andr\u00e9s de Canoa del\u00a0 cant\u00f3n San Vicente. Esta obra fue\u00a0 entregada \u00a0por el prefecto, Leonardo Orlando, \u00a0el pasado 30 de noviembre, \u00a0quien calific\u00f3 al viaducto como \u201cm\u00e1gico, por el aporte que [&hellip;]\" \/>\n<meta property=\"og:url\" content=\"https:\/\/www.manabi.gob.ec\/index.php\/gobierno-de-manabi-entrego-puente-en-rio-muchacho\/\" \/>\n<meta property=\"og:site_name\" content=\"Prefectura de Manab\u00ed\" \/>\n<meta property=\"article:published_time\" content=\"2020-12-01T21:36:19+00:00\" \/>\n<meta name=\"author\" content=\"admin\" \/>\n<meta name=\"twitter:card\" content=\"summary_large_image\" \/>\n<meta name=\"twitter:label1\" content=\"Escrito por\" \/>\n\t<meta name=\"twitter:data1\" content=\"admin\" \/>\n\t<meta name=\"twitter:label2\" content=\"Tiempo de lectura\" \/>\n\t<meta name=\"twitter:data2\" content=\"2 minutos\" \/>\n<script type=\"application\/ld+json\" class=\"yoast-schema-graph\">{\"@context\":\"https:\\\/\\\/schema.org\",\"@graph\":[{\"@type\":\"Article\",\"@id\":\"https:\\\/\\\/www.manabi.gob.ec\\\/index.php\\\/gobierno-de-manabi-entrego-puente-en-rio-muchacho\\\/#article\",\"isPartOf\":{\"@id\":\"https:\\\/\\\/www.manabi.gob.ec\\\/index.php\\\/gobierno-de-manabi-entrego-puente-en-rio-muchacho\\\/\"},\"author\":{\"name\":\"admin\",\"@id\":\"https:\\\/\\\/www.manabi.gob.ec\\\/#\\\/schema\\\/person\\\/cfc71bd68fe2703b779edcc292a49722\"},\"headline\":\"Gobierno de Manab\u00ed entreg\u00f3 puente en R\u00edo Muchacho\",\"datePublished\":\"2020-12-01T21:36:19+00:00\",\"mainEntityOfPage\":{\"@id\":\"https:\\\/\\\/www.manabi.gob.ec\\\/index.php\\\/gobierno-de-manabi-entrego-puente-en-rio-muchacho\\\/\"},\"wordCount\":384,\"commentCount\":0,\"image\":{\"@id\":\"https:\\\/\\\/www.manabi.gob.ec\\\/index.php\\\/gobierno-de-manabi-entrego-puente-en-rio-muchacho\\\/#primaryimage\"},\"thumbnailUrl\":\"\",\"articleSection\":[\"Noticias\",\"Todas\"],\"inLanguage\":\"es\",\"potentialAction\":[{\"@type\":\"CommentAction\",\"name\":\"Comment\",\"target\":[\"https:\\\/\\\/www.manabi.gob.ec\\\/index.php\\\/gobierno-de-manabi-entrego-puente-en-rio-muchacho\\\/#respond\"]}]},{\"@type\":\"WebPage\",\"@id\":\"https:\\\/\\\/www.manabi.gob.ec\\\/index.php\\\/gobierno-de-manabi-entrego-puente-en-rio-muchacho\\\/\",\"url\":\"https:\\\/\\\/www.manabi.gob.ec\\\/index.php\\\/gobierno-de-manabi-entrego-puente-en-rio-muchacho\\\/\",\"name\":\"Gobierno de Manab\u00ed entreg\u00f3 puente en R\u00edo Muchacho - Prefectura de Manab\u00ed\",\"isPartOf\":{\"@id\":\"https:\\\/\\\/www.manabi.gob.ec\\\/#website\"},\"primaryImageOfPage\":{\"@id\":\"https:\\\/\\\/www.manabi.gob.ec\\\/index.php\\\/gobierno-de-manabi-entrego-puente-en-rio-muchacho\\\/#primaryimage\"},\"image\":{\"@id\":\"https:\\\/\\\/www.manabi.gob.ec\\\/index.php\\\/gobierno-de-manabi-entrego-puente-en-rio-muchacho\\\/#primaryimage\"},\"thumbnailUrl\":\"\",\"datePublished\":\"2020-12-01T21:36:19+00:00\",\"author\":{\"@id\":\"https:\\\/\\\/www.manabi.gob.ec\\\/#\\\/schema\\\/person\\\/cfc71bd68fe2703b779edcc292a49722\"},\"breadcrumb\":{\"@id\":\"https:\\\/\\\/www.manabi.gob.ec\\\/index.php\\\/gobierno-de-manabi-entrego-puente-en-rio-muchacho\\\/#breadcrumb\"},\"inLanguage\":\"es\",\"potentialAction\":[{\"@type\":\"ReadAction\",\"target\":[\"https:\\\/\\\/www.manabi.gob.ec\\\/index.php\\\/gobierno-de-manabi-entrego-puente-en-rio-muchacho\\\/\"]}]},{\"@type\":\"ImageObject\",\"inLanguage\":\"es\",\"@id\":\"https:\\\/\\\/www.manabi.gob.ec\\\/index.php\\\/gobierno-de-manabi-entrego-puente-en-rio-muchacho\\\/#primaryimage\",\"url\":\"\",\"contentUrl\":\"\"},{\"@type\":\"BreadcrumbList\",\"@id\":\"https:\\\/\\\/www.manabi.gob.ec\\\/index.php\\\/gobierno-de-manabi-entrego-puente-en-rio-muchacho\\\/#breadcrumb\",\"itemListElement\":[{\"@type\":\"ListItem\",\"position\":1,\"name\":\"Portada\",\"item\":\"https:\\\/\\\/www.manabi.gob.ec\\\/\"},{\"@type\":\"ListItem\",\"position\":2,\"name\":\"Gobierno de Manab\u00ed entreg\u00f3 puente en R\u00edo Muchacho\"}]},{\"@type\":\"WebSite\",\"@id\":\"https:\\\/\\\/www.manabi.gob.ec\\\/#website\",\"url\":\"https:\\\/\\\/www.manabi.gob.ec\\\/\",\"name\":\"Prefectura de Manab\u00ed\",\"description\":\"P\u00e1gina web de la prefectura\",\"potentialAction\":[{\"@type\":\"SearchAction\",\"target\":{\"@type\":\"EntryPoint\",\"urlTemplate\":\"https:\\\/\\\/www.manabi.gob.ec\\\/?s={search_term_string}\"},\"query-input\":{\"@type\":\"PropertyValueSpecification\",\"valueRequired\":true,\"valueName\":\"search_term_string\"}}],\"inLanguage\":\"es\"},{\"@type\":\"Person\",\"@id\":\"https:\\\/\\\/www.manabi.gob.ec\\\/#\\\/schema\\\/person\\\/cfc71bd68fe2703b779edcc292a49722\",\"name\":\"admin\",\"image\":{\"@type\":\"ImageObject\",\"inLanguage\":\"es\",\"@id\":\"https:\\\/\\\/secure.gravatar.com\\\/avatar\\\/23e9f919492b0a2f65aa168e0d8c5c867ea853b61deffbadf08c7031e15b8d78?s=96&d=mm&r=g\",\"url\":\"https:\\\/\\\/secure.gravatar.com\\\/avatar\\\/23e9f919492b0a2f65aa168e0d8c5c867ea853b61deffbadf08c7031e15b8d78?s=96&d=mm&r=g\",\"contentUrl\":\"https:\\\/\\\/secure.gravatar.com\\\/avatar\\\/23e9f919492b0a2f65aa168e0d8c5c867ea853b61deffbadf08c7031e15b8d78?s=96&d=mm&r=g\",\"caption\":\"admin\"},\"sameAs\":[\"http:\\\/\\\/www.manabi.gob.ec\"],\"url\":\"https:\\\/\\\/www.manabi.gob.ec\\\/index.php\\\/author\\\/admin\\\/\"}]}<\/script>\n<!-- \/ Yoast SEO plugin. -->","yoast_head_json":{"title":"Gobierno de Manab\u00ed entreg\u00f3 puente en R\u00edo Muchacho - Prefectura de Manab\u00ed","robots":{"index":"index","follow":"follow","max-snippet":"max-snippet:-1","max-image-preview":"max-image-preview:large","max-video-preview":"max-video-preview:-1"},"canonical":"https:\/\/www.manabi.gob.ec\/index.php\/gobierno-de-manabi-entrego-puente-en-rio-muchacho\/","og_locale":"es_ES","og_type":"article","og_title":"Gobierno de Manab\u00ed entreg\u00f3 puente en R\u00edo Muchacho - Prefectura de Manab\u00ed","og_description":"M\u00e1s\u00a0 de 3 mil habitantes\u00a0 se\u00a0 benefician\u00a0 directamente\u00a0 del puente\u00a0 \u00a0construido\u00a0 por el Gobierno de Manab\u00ed sobre el r\u00edo Muchacho, en la parroquia San Andr\u00e9s de Canoa del\u00a0 cant\u00f3n San Vicente. Esta obra fue\u00a0 entregada \u00a0por el prefecto, Leonardo Orlando, \u00a0el pasado 30 de noviembre, \u00a0quien calific\u00f3 al viaducto como \u201cm\u00e1gico, por el aporte que [&hellip;]","og_url":"https:\/\/www.manabi.gob.ec\/index.php\/gobierno-de-manabi-entrego-puente-en-rio-muchacho\/","og_site_name":"Prefectura de Manab\u00ed","article_published_time":"2020-12-01T21:36:19+00:00","author":"admin","twitter_card":"summary_large_image","twitter_misc":{"Escrito por":"admin","Tiempo de lectura":"2 minutos"},"schema":{"@context":"https:\/\/schema.org","@graph":[{"@type":"Article","@id":"https:\/\/www.manabi.gob.ec\/index.php\/gobierno-de-manabi-entrego-puente-en-rio-muchacho\/#article","isPartOf":{"@id":"https:\/\/www.manabi.gob.ec\/index.php\/gobierno-de-manabi-entrego-puente-en-rio-muchacho\/"},"author":{"name":"admin","@id":"https:\/\/www.manabi.gob.ec\/#\/schema\/person\/cfc71bd68fe2703b779edcc292a49722"},"headline":"Gobierno de Manab\u00ed entreg\u00f3 puente en R\u00edo Muchacho","datePublished":"2020-12-01T21:36:19+00:00","mainEntityOfPage":{"@id":"https:\/\/www.manabi.gob.ec\/index.php\/gobierno-de-manabi-entrego-puente-en-rio-muchacho\/"},"wordCount":384,"commentCount":0,"image":{"@id":"https:\/\/www.manabi.gob.ec\/index.php\/gobierno-de-manabi-entrego-puente-en-rio-muchacho\/#primaryimage"},"thumbnailUrl":"","articleSection":["Noticias","Todas"],"inLanguage":"es","potentialAction":[{"@type":"CommentAction","name":"Comment","target":["https:\/\/www.manabi.gob.ec\/index.php\/gobierno-de-manabi-entrego-puente-en-rio-muchacho\/#respond"]}]},{"@type":"WebPage","@id":"https:\/\/www.manabi.gob.ec\/index.php\/gobierno-de-manabi-entrego-puente-en-rio-muchacho\/","url":"https:\/\/www.manabi.gob.ec\/index.php\/gobierno-de-manabi-entrego-puente-en-rio-muchacho\/","name":"Gobierno de Manab\u00ed entreg\u00f3 puente en R\u00edo Muchacho - Prefectura de Manab\u00ed","isPartOf":{"@id":"https:\/\/www.manabi.gob.ec\/#website"},"primaryImageOfPage":{"@id":"https:\/\/www.manabi.gob.ec\/index.php\/gobierno-de-manabi-entrego-puente-en-rio-muchacho\/#primaryimage"},"image":{"@id":"https:\/\/www.manabi.gob.ec\/index.php\/gobierno-de-manabi-entrego-puente-en-rio-muchacho\/#primaryimage"},"thumbnailUrl":"","datePublished":"2020-12-01T21:36:19+00:00","author":{"@id":"https:\/\/www.manabi.gob.ec\/#\/schema\/person\/cfc71bd68fe2703b779edcc292a49722"},"breadcrumb":{"@id":"https:\/\/www.manabi.gob.ec\/index.php\/gobierno-de-manabi-entrego-puente-en-rio-muchacho\/#breadcrumb"},"inLanguage":"es","potentialAction":[{"@type":"ReadAction","target":["https:\/\/www.manabi.gob.ec\/index.php\/gobierno-de-manabi-entrego-puente-en-rio-muchacho\/"]}]},{"@type":"ImageObject","inLanguage":"es","@id":"https:\/\/www.manabi.gob.ec\/index.php\/gobierno-de-manabi-entrego-puente-en-rio-muchacho\/#primaryimage","url":"","contentUrl":""},{"@type":"BreadcrumbList","@id":"https:\/\/www.manabi.gob.ec\/index.php\/gobierno-de-manabi-entrego-puente-en-rio-muchacho\/#breadcrumb","itemListElement":[{"@type":"ListItem","position":1,"name":"Portada","item":"https:\/\/www.manabi.gob.ec\/"},{"@type":"ListItem","position":2,"name":"Gobierno de Manab\u00ed entreg\u00f3 puente en R\u00edo Muchacho"}]},{"@type":"WebSite","@id":"https:\/\/www.manabi.gob.ec\/#website","url":"https:\/\/www.manabi.gob.ec\/","name":"Prefectura de Manab\u00ed","description":"P\u00e1gina web de la prefectura","potentialAction":[{"@type":"SearchAction","target":{"@type":"EntryPoint","urlTemplate":"https:\/\/www.manabi.gob.ec\/?s={search_term_string}"},"query-input":{"@type":"PropertyValueSpecification","valueRequired":true,"valueName":"search_term_string"}}],"inLanguage":"es"},{"@type":"Person","@id":"https:\/\/www.manabi.gob.ec\/#\/schema\/person\/cfc71bd68fe2703b779edcc292a49722","name":"admin","image":{"@type":"ImageObject","inLanguage":"es","@id":"https:\/\/secure.gravatar.com\/avatar\/23e9f919492b0a2f65aa168e0d8c5c867ea853b61deffbadf08c7031e15b8d78?s=96&d=mm&r=g","url":"https:\/\/secure.gravatar.com\/avatar\/23e9f919492b0a2f65aa168e0d8c5c867ea853b61deffbadf08c7031e15b8d78?s=96&d=mm&r=g","contentUrl":"https:\/\/secure.gravatar.com\/avatar\/23e9f919492b0a2f65aa168e0d8c5c867ea853b61deffbadf08c7031e15b8d78?s=96&d=mm&r=g","caption":"admin"},"sameAs":["http:\/\/www.manabi.gob.ec"],"url":"https:\/\/www.manabi.gob.ec\/index.php\/author\/admin\/"}]}},"jetpack_featured_media_url":"","_links":{"self":[{"href":"https:\/\/www.manabi.gob.ec\/index.php\/wp-json\/wp\/v2\/posts\/15347","targetHints":{"allow":["GET"]}}],"collection":[{"href":"https:\/\/www.manabi.gob.ec\/index.php\/wp-json\/wp\/v2\/posts"}],"about":[{"href":"https:\/\/www.manabi.gob.ec\/index.php\/wp-json\/wp\/v2\/types\/post"}],"author":[{"embeddable":true,"href":"https:\/\/www.manabi.gob.ec\/index.php\/wp-json\/wp\/v2\/users\/1"}],"replies":[{"embeddable":true,"href":"https:\/\/www.manabi.gob.ec\/index.php\/wp-json\/wp\/v2\/comments?post=15347"}],"version-history":[{"count":0,"href":"https:\/\/www.manabi.gob.ec\/index.php\/wp-json\/wp\/v2\/posts\/15347\/revisions"}],"wp:featuredmedia":[{"embeddable":true,"href":"https:\/\/www.manabi.gob.ec\/index.php\/wp-json\/"}],"wp:attachment":[{"href":"https:\/\/www.manabi.gob.ec\/index.php\/wp-json\/wp\/v2\/media?parent=15347"}],"wp:term":[{"taxonomy":"category","embeddable":true,"href":"https:\/\/www.manabi.gob.ec\/index.php\/wp-json\/wp\/v2\/categories?post=15347"},{"taxonomy":"post_tag","embeddable":true,"href":"https:\/\/www.manabi.gob.ec\/index.php\/wp-json\/wp\/v2\/tags?post=15347"}],"curies":[{"name":"wp","href":"https:\/\/api.w.org\/{rel}","templated":true}]}}