{"id":15349,"date":"2020-12-03T20:02:43","date_gmt":"2020-12-04T01:02:43","guid":{"rendered":"https:\/\/www.manabi.gob.ec\/?p=14753"},"modified":"2020-12-03T20:02:43","modified_gmt":"2020-12-04T01:02:43","slug":"gpm-y-la-academia-capacitaran-a-agricultores-en-practicas-de-riego","status":"publish","type":"post","link":"https:\/\/www.manabi.gob.ec\/index.php\/gpm-y-la-academia-capacitaran-a-agricultores-en-practicas-de-riego\/","title":{"rendered":"GPM y la academia capacitar\u00e1n a agricultores en pr\u00e1cticas de riego"},"content":{"rendered":"<p style=\"font-weight: 400; text-align: justify;\">El Gobierno de Manab\u00ed en alianza con la academia busca capacitar a unos 4.500 agricultores de la provincia, durante los pr\u00f3ximos 4 a\u00f1os, para que mejoren sus pr\u00e1cticas de riego, a trav\u00e9s de la Escuela\u00a0 de Formaci\u00f3n Integral del Regante (EFIR).<\/p>\n<p style=\"font-weight: 400; text-align: justify;\">El primer convenio para implementar este proyecto ser\u00e1 firmado este viernes 4 de diciembre, entre el prefecto Leonardo Orlando y el rector de la Universidad T\u00e9cnica de Manab\u00ed, Vicente V\u00e9liz.<\/p>\n<p style=\"font-weight: 400; text-align: justify;\">En base a este documento, la UTM pondr\u00e1 los docentes y las aulas. Adem\u00e1s, entregar\u00e1 en comodato un terreno de siete hect\u00e1reas; la Prefectura instalar\u00e1 sistemas de riego por goteo, micro aspersi\u00f3n y aspersi\u00f3n para diferentes cultivos.<\/p>\n<p style=\"font-weight: 400; text-align: justify;\">El GPM invertir\u00e1 160 mil d\u00f3lares, de los cuales 110 mil son para el sistema de riego, equipos e insumos, y 50 mil para la log\u00edstica del proceso de formaci\u00f3n.<\/p>\n<p style=\"font-weight: 400; text-align: justify;\">Otros dos convenios similares ser\u00e1n firmados posteriormente con la Universidad Estatal del Sur de Manab\u00ed (UNESUM); y la Escuela Superior Agropecuaria de Manab\u00ed (ESPAM).<\/p>\n<p style=\"font-weight: 400; text-align: justify;\">\u201cPor historia, nuestros agricultores han regado por gravedad o por inundaci\u00f3n, pero son pr\u00e1cticas poco eficientes, ante una necesidad de agua cada vez m\u00e1s acuciante. El Gobierno Provincial est\u00e1 poniendo el recurso y la log\u00edstica para que la academia pueda aterrizar en el campo, en el agricultor. Y ese agricultor pueda aprender nuevas t\u00e9cnicas de riego que mejoren la agricultura\u201d, manifest\u00f3 Carlos Villacreses, coordinador de infraestructura para el desarrollo del Gobierno de Manab\u00ed.<\/p>\n<p style=\"font-weight: 400; text-align: justify;\">Los beneficiarios de este proyecto ser\u00e1n identificados por las universidades a trav\u00e9s de organizaciones como las Juntas de Riego y Juntas de Regantes.<\/p>\n<p style=\"font-weight: 400; text-align: justify;\">Seg\u00fan Villacreses, en el transcurso de dos meses se pondr\u00e1 en pr\u00e1ctica esta simbiosis entre la academia y el GPM, que a futuro podr\u00e1 aplicarse en otras \u00e1reas.<\/p>\n<p style=\"font-weight: 400; text-align: justify;\">\u201cTenemos que capacitar a nuestra gente para competir con est\u00e1ndares internacionales de calidad y productividad. No podemos seguir como estamos\u201d, acot\u00f3 Villacreses.<\/p>\n","protected":false},"excerpt":{"rendered":"<p>El Gobierno de Manab\u00ed en alianza con la academia busca capacitar a unos 4.500 agricultores de la provincia, durante los pr\u00f3ximos 4 a\u00f1os, para que mejoren sus pr\u00e1cticas de riego, a trav\u00e9s de la Escuela\u00a0 de Formaci\u00f3n Integral del Regante (EFIR). El primer convenio para implementar este proyecto ser\u00e1 firmado este viernes 4 de diciembre, [&hellip;]<\/p>\n","protected":false},"author":1,"featured_media":14754,"comment_status":"open","ping_status":"open","sticky":false,"template":"","format":"standard","meta":{"_joinchat":[],"footnotes":""},"categories":[92,91],"tags":[],"class_list":["post-15349","post","type-post","status-publish","format-standard","has-post-thumbnail","hentry","category-noticias-manabi","category-todas"],"yoast_head":"<!-- This site is optimized with the Yoast SEO plugin v27.4 - https:\/\/yoast.com\/product\/yoast-seo-wordpress\/ -->\n<title>GPM y la academia capacitar\u00e1n a agricultores en pr\u00e1cticas de riego - Prefectura de Manab\u00ed<\/title>\n<meta name=\"robots\" content=\"index, follow, max-snippet:-1, max-image-preview:large, max-video-preview:-1\" \/>\n<link rel=\"canonical\" href=\"https:\/\/www.manabi.gob.ec\/index.php\/gpm-y-la-academia-capacitaran-a-agricultores-en-practicas-de-riego\/\" \/>\n<meta property=\"og:locale\" content=\"es_ES\" \/>\n<meta property=\"og:type\" content=\"article\" \/>\n<meta property=\"og:title\" content=\"GPM y la academia capacitar\u00e1n a agricultores en pr\u00e1cticas de riego - Prefectura de Manab\u00ed\" \/>\n<meta property=\"og:description\" content=\"El Gobierno de Manab\u00ed en alianza con la academia busca capacitar a unos 4.500 agricultores de la provincia, durante los pr\u00f3ximos 4 a\u00f1os, para que mejoren sus pr\u00e1cticas de riego, a trav\u00e9s de la Escuela\u00a0 de Formaci\u00f3n Integral del Regante (EFIR). El primer convenio para implementar este proyecto ser\u00e1 firmado este viernes 4 de diciembre, [&hellip;]\" \/>\n<meta property=\"og:url\" content=\"https:\/\/www.manabi.gob.ec\/index.php\/gpm-y-la-academia-capacitaran-a-agricultores-en-practicas-de-riego\/\" \/>\n<meta property=\"og:site_name\" content=\"Prefectura de Manab\u00ed\" \/>\n<meta property=\"article:published_time\" content=\"2020-12-04T01:02:43+00:00\" \/>\n<meta name=\"author\" content=\"admin\" \/>\n<meta name=\"twitter:card\" content=\"summary_large_image\" \/>\n<meta name=\"twitter:label1\" content=\"Escrito por\" \/>\n\t<meta name=\"twitter:data1\" content=\"admin\" \/>\n\t<meta name=\"twitter:label2\" content=\"Tiempo de lectura\" \/>\n\t<meta name=\"twitter:data2\" content=\"2 minutos\" \/>\n<script type=\"application\/ld+json\" class=\"yoast-schema-graph\">{\"@context\":\"https:\\\/\\\/schema.org\",\"@graph\":[{\"@type\":\"Article\",\"@id\":\"https:\\\/\\\/www.manabi.gob.ec\\\/index.php\\\/gpm-y-la-academia-capacitaran-a-agricultores-en-practicas-de-riego\\\/#article\",\"isPartOf\":{\"@id\":\"https:\\\/\\\/www.manabi.gob.ec\\\/index.php\\\/gpm-y-la-academia-capacitaran-a-agricultores-en-practicas-de-riego\\\/\"},\"author\":{\"name\":\"admin\",\"@id\":\"https:\\\/\\\/www.manabi.gob.ec\\\/#\\\/schema\\\/person\\\/cfc71bd68fe2703b779edcc292a49722\"},\"headline\":\"GPM y la academia capacitar\u00e1n a agricultores en pr\u00e1cticas de riego\",\"datePublished\":\"2020-12-04T01:02:43+00:00\",\"mainEntityOfPage\":{\"@id\":\"https:\\\/\\\/www.manabi.gob.ec\\\/index.php\\\/gpm-y-la-academia-capacitaran-a-agricultores-en-practicas-de-riego\\\/\"},\"wordCount\":340,\"commentCount\":0,\"image\":{\"@id\":\"https:\\\/\\\/www.manabi.gob.ec\\\/index.php\\\/gpm-y-la-academia-capacitaran-a-agricultores-en-practicas-de-riego\\\/#primaryimage\"},\"thumbnailUrl\":\"\",\"articleSection\":[\"Noticias\",\"Todas\"],\"inLanguage\":\"es\",\"potentialAction\":[{\"@type\":\"CommentAction\",\"name\":\"Comment\",\"target\":[\"https:\\\/\\\/www.manabi.gob.ec\\\/index.php\\\/gpm-y-la-academia-capacitaran-a-agricultores-en-practicas-de-riego\\\/#respond\"]}]},{\"@type\":\"WebPage\",\"@id\":\"https:\\\/\\\/www.manabi.gob.ec\\\/index.php\\\/gpm-y-la-academia-capacitaran-a-agricultores-en-practicas-de-riego\\\/\",\"url\":\"https:\\\/\\\/www.manabi.gob.ec\\\/index.php\\\/gpm-y-la-academia-capacitaran-a-agricultores-en-practicas-de-riego\\\/\",\"name\":\"GPM y la academia capacitar\u00e1n a agricultores en pr\u00e1cticas de riego - Prefectura de Manab\u00ed\",\"isPartOf\":{\"@id\":\"https:\\\/\\\/www.manabi.gob.ec\\\/#website\"},\"primaryImageOfPage\":{\"@id\":\"https:\\\/\\\/www.manabi.gob.ec\\\/index.php\\\/gpm-y-la-academia-capacitaran-a-agricultores-en-practicas-de-riego\\\/#primaryimage\"},\"image\":{\"@id\":\"https:\\\/\\\/www.manabi.gob.ec\\\/index.php\\\/gpm-y-la-academia-capacitaran-a-agricultores-en-practicas-de-riego\\\/#primaryimage\"},\"thumbnailUrl\":\"\",\"datePublished\":\"2020-12-04T01:02:43+00:00\",\"author\":{\"@id\":\"https:\\\/\\\/www.manabi.gob.ec\\\/#\\\/schema\\\/person\\\/cfc71bd68fe2703b779edcc292a49722\"},\"breadcrumb\":{\"@id\":\"https:\\\/\\\/www.manabi.gob.ec\\\/index.php\\\/gpm-y-la-academia-capacitaran-a-agricultores-en-practicas-de-riego\\\/#breadcrumb\"},\"inLanguage\":\"es\",\"potentialAction\":[{\"@type\":\"ReadAction\",\"target\":[\"https:\\\/\\\/www.manabi.gob.ec\\\/index.php\\\/gpm-y-la-academia-capacitaran-a-agricultores-en-practicas-de-riego\\\/\"]}]},{\"@type\":\"ImageObject\",\"inLanguage\":\"es\",\"@id\":\"https:\\\/\\\/www.manabi.gob.ec\\\/index.php\\\/gpm-y-la-academia-capacitaran-a-agricultores-en-practicas-de-riego\\\/#primaryimage\",\"url\":\"\",\"contentUrl\":\"\"},{\"@type\":\"BreadcrumbList\",\"@id\":\"https:\\\/\\\/www.manabi.gob.ec\\\/index.php\\\/gpm-y-la-academia-capacitaran-a-agricultores-en-practicas-de-riego\\\/#breadcrumb\",\"itemListElement\":[{\"@type\":\"ListItem\",\"position\":1,\"name\":\"Portada\",\"item\":\"https:\\\/\\\/www.manabi.gob.ec\\\/\"},{\"@type\":\"ListItem\",\"position\":2,\"name\":\"GPM y la academia capacitar\u00e1n a agricultores en pr\u00e1cticas de riego\"}]},{\"@type\":\"WebSite\",\"@id\":\"https:\\\/\\\/www.manabi.gob.ec\\\/#website\",\"url\":\"https:\\\/\\\/www.manabi.gob.ec\\\/\",\"name\":\"Prefectura de Manab\u00ed\",\"description\":\"P\u00e1gina web de la prefectura\",\"potentialAction\":[{\"@type\":\"SearchAction\",\"target\":{\"@type\":\"EntryPoint\",\"urlTemplate\":\"https:\\\/\\\/www.manabi.gob.ec\\\/?s={search_term_string}\"},\"query-input\":{\"@type\":\"PropertyValueSpecification\",\"valueRequired\":true,\"valueName\":\"search_term_string\"}}],\"inLanguage\":\"es\"},{\"@type\":\"Person\",\"@id\":\"https:\\\/\\\/www.manabi.gob.ec\\\/#\\\/schema\\\/person\\\/cfc71bd68fe2703b779edcc292a49722\",\"name\":\"admin\",\"image\":{\"@type\":\"ImageObject\",\"inLanguage\":\"es\",\"@id\":\"https:\\\/\\\/secure.gravatar.com\\\/avatar\\\/23e9f919492b0a2f65aa168e0d8c5c867ea853b61deffbadf08c7031e15b8d78?s=96&d=mm&r=g\",\"url\":\"https:\\\/\\\/secure.gravatar.com\\\/avatar\\\/23e9f919492b0a2f65aa168e0d8c5c867ea853b61deffbadf08c7031e15b8d78?s=96&d=mm&r=g\",\"contentUrl\":\"https:\\\/\\\/secure.gravatar.com\\\/avatar\\\/23e9f919492b0a2f65aa168e0d8c5c867ea853b61deffbadf08c7031e15b8d78?s=96&d=mm&r=g\",\"caption\":\"admin\"},\"sameAs\":[\"http:\\\/\\\/www.manabi.gob.ec\"],\"url\":\"https:\\\/\\\/www.manabi.gob.ec\\\/index.php\\\/author\\\/admin\\\/\"}]}<\/script>\n<!-- \/ Yoast SEO plugin. -->","yoast_head_json":{"title":"GPM y la academia capacitar\u00e1n a agricultores en pr\u00e1cticas de riego - Prefectura de Manab\u00ed","robots":{"index":"index","follow":"follow","max-snippet":"max-snippet:-1","max-image-preview":"max-image-preview:large","max-video-preview":"max-video-preview:-1"},"canonical":"https:\/\/www.manabi.gob.ec\/index.php\/gpm-y-la-academia-capacitaran-a-agricultores-en-practicas-de-riego\/","og_locale":"es_ES","og_type":"article","og_title":"GPM y la academia capacitar\u00e1n a agricultores en pr\u00e1cticas de riego - Prefectura de Manab\u00ed","og_description":"El Gobierno de Manab\u00ed en alianza con la academia busca capacitar a unos 4.500 agricultores de la provincia, durante los pr\u00f3ximos 4 a\u00f1os, para que mejoren sus pr\u00e1cticas de riego, a trav\u00e9s de la Escuela\u00a0 de Formaci\u00f3n Integral del Regante (EFIR). El primer convenio para implementar este proyecto ser\u00e1 firmado este viernes 4 de diciembre, [&hellip;]","og_url":"https:\/\/www.manabi.gob.ec\/index.php\/gpm-y-la-academia-capacitaran-a-agricultores-en-practicas-de-riego\/","og_site_name":"Prefectura de Manab\u00ed","article_published_time":"2020-12-04T01:02:43+00:00","author":"admin","twitter_card":"summary_large_image","twitter_misc":{"Escrito por":"admin","Tiempo de lectura":"2 minutos"},"schema":{"@context":"https:\/\/schema.org","@graph":[{"@type":"Article","@id":"https:\/\/www.manabi.gob.ec\/index.php\/gpm-y-la-academia-capacitaran-a-agricultores-en-practicas-de-riego\/#article","isPartOf":{"@id":"https:\/\/www.manabi.gob.ec\/index.php\/gpm-y-la-academia-capacitaran-a-agricultores-en-practicas-de-riego\/"},"author":{"name":"admin","@id":"https:\/\/www.manabi.gob.ec\/#\/schema\/person\/cfc71bd68fe2703b779edcc292a49722"},"headline":"GPM y la academia capacitar\u00e1n a agricultores en pr\u00e1cticas de riego","datePublished":"2020-12-04T01:02:43+00:00","mainEntityOfPage":{"@id":"https:\/\/www.manabi.gob.ec\/index.php\/gpm-y-la-academia-capacitaran-a-agricultores-en-practicas-de-riego\/"},"wordCount":340,"commentCount":0,"image":{"@id":"https:\/\/www.manabi.gob.ec\/index.php\/gpm-y-la-academia-capacitaran-a-agricultores-en-practicas-de-riego\/#primaryimage"},"thumbnailUrl":"","articleSection":["Noticias","Todas"],"inLanguage":"es","potentialAction":[{"@type":"CommentAction","name":"Comment","target":["https:\/\/www.manabi.gob.ec\/index.php\/gpm-y-la-academia-capacitaran-a-agricultores-en-practicas-de-riego\/#respond"]}]},{"@type":"WebPage","@id":"https:\/\/www.manabi.gob.ec\/index.php\/gpm-y-la-academia-capacitaran-a-agricultores-en-practicas-de-riego\/","url":"https:\/\/www.manabi.gob.ec\/index.php\/gpm-y-la-academia-capacitaran-a-agricultores-en-practicas-de-riego\/","name":"GPM y la academia capacitar\u00e1n a agricultores en pr\u00e1cticas de riego - Prefectura de Manab\u00ed","isPartOf":{"@id":"https:\/\/www.manabi.gob.ec\/#website"},"primaryImageOfPage":{"@id":"https:\/\/www.manabi.gob.ec\/index.php\/gpm-y-la-academia-capacitaran-a-agricultores-en-practicas-de-riego\/#primaryimage"},"image":{"@id":"https:\/\/www.manabi.gob.ec\/index.php\/gpm-y-la-academia-capacitaran-a-agricultores-en-practicas-de-riego\/#primaryimage"},"thumbnailUrl":"","datePublished":"2020-12-04T01:02:43+00:00","author":{"@id":"https:\/\/www.manabi.gob.ec\/#\/schema\/person\/cfc71bd68fe2703b779edcc292a49722"},"breadcrumb":{"@id":"https:\/\/www.manabi.gob.ec\/index.php\/gpm-y-la-academia-capacitaran-a-agricultores-en-practicas-de-riego\/#breadcrumb"},"inLanguage":"es","potentialAction":[{"@type":"ReadAction","target":["https:\/\/www.manabi.gob.ec\/index.php\/gpm-y-la-academia-capacitaran-a-agricultores-en-practicas-de-riego\/"]}]},{"@type":"ImageObject","inLanguage":"es","@id":"https:\/\/www.manabi.gob.ec\/index.php\/gpm-y-la-academia-capacitaran-a-agricultores-en-practicas-de-riego\/#primaryimage","url":"","contentUrl":""},{"@type":"BreadcrumbList","@id":"https:\/\/www.manabi.gob.ec\/index.php\/gpm-y-la-academia-capacitaran-a-agricultores-en-practicas-de-riego\/#breadcrumb","itemListElement":[{"@type":"ListItem","position":1,"name":"Portada","item":"https:\/\/www.manabi.gob.ec\/"},{"@type":"ListItem","position":2,"name":"GPM y la academia capacitar\u00e1n a agricultores en pr\u00e1cticas de riego"}]},{"@type":"WebSite","@id":"https:\/\/www.manabi.gob.ec\/#website","url":"https:\/\/www.manabi.gob.ec\/","name":"Prefectura de Manab\u00ed","description":"P\u00e1gina web de la prefectura","potentialAction":[{"@type":"SearchAction","target":{"@type":"EntryPoint","urlTemplate":"https:\/\/www.manabi.gob.ec\/?s={search_term_string}"},"query-input":{"@type":"PropertyValueSpecification","valueRequired":true,"valueName":"search_term_string"}}],"inLanguage":"es"},{"@type":"Person","@id":"https:\/\/www.manabi.gob.ec\/#\/schema\/person\/cfc71bd68fe2703b779edcc292a49722","name":"admin","image":{"@type":"ImageObject","inLanguage":"es","@id":"https:\/\/secure.gravatar.com\/avatar\/23e9f919492b0a2f65aa168e0d8c5c867ea853b61deffbadf08c7031e15b8d78?s=96&d=mm&r=g","url":"https:\/\/secure.gravatar.com\/avatar\/23e9f919492b0a2f65aa168e0d8c5c867ea853b61deffbadf08c7031e15b8d78?s=96&d=mm&r=g","contentUrl":"https:\/\/secure.gravatar.com\/avatar\/23e9f919492b0a2f65aa168e0d8c5c867ea853b61deffbadf08c7031e15b8d78?s=96&d=mm&r=g","caption":"admin"},"sameAs":["http:\/\/www.manabi.gob.ec"],"url":"https:\/\/www.manabi.gob.ec\/index.php\/author\/admin\/"}]}},"jetpack_featured_media_url":"","_links":{"self":[{"href":"https:\/\/www.manabi.gob.ec\/index.php\/wp-json\/wp\/v2\/posts\/15349","targetHints":{"allow":["GET"]}}],"collection":[{"href":"https:\/\/www.manabi.gob.ec\/index.php\/wp-json\/wp\/v2\/posts"}],"about":[{"href":"https:\/\/www.manabi.gob.ec\/index.php\/wp-json\/wp\/v2\/types\/post"}],"author":[{"embeddable":true,"href":"https:\/\/www.manabi.gob.ec\/index.php\/wp-json\/wp\/v2\/users\/1"}],"replies":[{"embeddable":true,"href":"https:\/\/www.manabi.gob.ec\/index.php\/wp-json\/wp\/v2\/comments?post=15349"}],"version-history":[{"count":0,"href":"https:\/\/www.manabi.gob.ec\/index.php\/wp-json\/wp\/v2\/posts\/15349\/revisions"}],"wp:featuredmedia":[{"embeddable":true,"href":"https:\/\/www.manabi.gob.ec\/index.php\/wp-json\/wp\/v2\/posts\/14754"}],"wp:attachment":[{"href":"https:\/\/www.manabi.gob.ec\/index.php\/wp-json\/wp\/v2\/media?parent=15349"}],"wp:term":[{"taxonomy":"category","embeddable":true,"href":"https:\/\/www.manabi.gob.ec\/index.php\/wp-json\/wp\/v2\/categories?post=15349"},{"taxonomy":"post_tag","embeddable":true,"href":"https:\/\/www.manabi.gob.ec\/index.php\/wp-json\/wp\/v2\/tags?post=15349"}],"curies":[{"name":"wp","href":"https:\/\/api.w.org\/{rel}","templated":true}]}}