{"id":15353,"date":"2020-12-03T20:09:40","date_gmt":"2020-12-04T01:09:40","guid":{"rendered":"https:\/\/www.manabi.gob.ec\/?p=14766"},"modified":"2020-12-03T20:09:40","modified_gmt":"2020-12-04T01:09:40","slug":"prefectura-en-tu-canton-en-santa-ana","status":"publish","type":"post","link":"https:\/\/www.manabi.gob.ec\/index.php\/prefectura-en-tu-canton-en-santa-ana\/","title":{"rendered":"Prefectura en tu cant\u00f3n en Santa Ana"},"content":{"rendered":"<p style=\"font-weight: 400; text-align: justify;\">Este viernes 4 de diciembre, el Gobierno de Manab\u00ed y sus autoridades realizar\u00e1n la \u201cPrefectura en tu cant\u00f3n\u201d, en Santa Ana. El prefecto, Leonardo Orlando, liderar\u00e1 una agenda institucional al servicio de los ciudadanos de esta jurisdicci\u00f3n.<\/p>\n<p style=\"font-weight: 400; text-align: justify;\">Previamente a la agenda \u201cPrefectura en tu cant\u00f3n\u201d, a las 8:30 am se presentar\u00e1 el proyecto de un\u00a0 vivero tecnificado\u00a0 y\u00a0 la Escuela\u00a0 de Formaci\u00f3n Integral del Regante (EFIR), en la Facultad de Ingenier\u00eda Agr\u00edcola de la Universidad T\u00e9cnica de Manab\u00ed, de la parroquia Lodana del cant\u00f3n Santa Ana.<\/p>\n<p style=\"font-weight: 400; text-align: justify;\">Luego se cumplir\u00e1 una sesi\u00f3n de trabajo entre el Municipio, los Gobiernos Parroquiales y el Gobierno de Manab\u00ed, a partir de las 10:00 am, \u00a0en la Quinta Tur\u00edstica Don Agust\u00edn, ubicada en la v\u00eda Santa Ana-Olmedo. Aqu\u00ed se desarrollar\u00e1 el conversatorio con medios de comunicaci\u00f3n, a partir de las 12h30 pm, para informar las obras que se realizan en este territorio.<\/p>\n<p style=\"font-weight: 400; text-align: justify;\">A las 15:00, en la cancha de la comunidad Taina Adentro, se entregar\u00e1 la\u00a0 v\u00eda Taina Afuera- Taina Adentro de 5,2 kil\u00f3metros, a nivel de mejoramiento; obra ejecutada mediante convenio entre Gobierno de Manab\u00ed y el Municipio de Santa Ana, que permite el tr\u00e1nsito vehicular permanente\u00a0 a quienes viven en esta zona tur\u00edstica y productiva de la cabecera cantonal de Santa Ana, que conecta con las parroquias rurales La Uni\u00f3n, Ayacucho, y San Pablo de Pueblo Nuevo.<\/p>\n<p style=\"font-weight: 400; text-align: justify;\">Para esta obra vial el equipo de afirmado estuvo a cargo del Municipio, y el material de cantera tipo mejoramiento fue contratado por el Gobierno de Manab\u00ed, mediante feria inclusiva.<\/p>\n<p style=\"font-weight: 400; text-align: justify;\">Tambi\u00e9n la autoridad provincial a las 16:30, inaugurar\u00e1 el puente de hormig\u00f3n armado de 11 metros de longitud y 8,2 metros de ancho, en el sitio Monte Oscuro del cant\u00f3n Santa Ana, obra financiada con recursos del Banco de Desarrollo del Ecuador (BDE), por un monto que supera los 181 mil d\u00f3lares.<\/p>\n","protected":false},"excerpt":{"rendered":"<p>Este viernes 4 de diciembre, el Gobierno de Manab\u00ed y sus autoridades realizar\u00e1n la \u201cPrefectura en tu cant\u00f3n\u201d, en Santa Ana. El prefecto, Leonardo Orlando, liderar\u00e1 una agenda institucional al servicio de los ciudadanos de esta jurisdicci\u00f3n. Previamente a la agenda \u201cPrefectura en tu cant\u00f3n\u201d, a las 8:30 am se presentar\u00e1 el proyecto de un\u00a0 [&hellip;]<\/p>\n","protected":false},"author":1,"featured_media":14767,"comment_status":"open","ping_status":"open","sticky":false,"template":"","format":"standard","meta":{"_joinchat":[],"footnotes":""},"categories":[92,91],"tags":[],"class_list":["post-15353","post","type-post","status-publish","format-standard","has-post-thumbnail","hentry","category-noticias-manabi","category-todas"],"yoast_head":"<!-- This site is optimized with the Yoast SEO plugin v27.4 - https:\/\/yoast.com\/product\/yoast-seo-wordpress\/ -->\n<title>Prefectura en tu cant\u00f3n en Santa Ana - Prefectura de Manab\u00ed<\/title>\n<meta name=\"robots\" content=\"index, follow, max-snippet:-1, max-image-preview:large, max-video-preview:-1\" \/>\n<link rel=\"canonical\" href=\"https:\/\/www.manabi.gob.ec\/index.php\/prefectura-en-tu-canton-en-santa-ana\/\" \/>\n<meta property=\"og:locale\" content=\"es_ES\" \/>\n<meta property=\"og:type\" content=\"article\" \/>\n<meta property=\"og:title\" content=\"Prefectura en tu cant\u00f3n en Santa Ana - Prefectura de Manab\u00ed\" \/>\n<meta property=\"og:description\" content=\"Este viernes 4 de diciembre, el Gobierno de Manab\u00ed y sus autoridades realizar\u00e1n la \u201cPrefectura en tu cant\u00f3n\u201d, en Santa Ana. El prefecto, Leonardo Orlando, liderar\u00e1 una agenda institucional al servicio de los ciudadanos de esta jurisdicci\u00f3n. Previamente a la agenda \u201cPrefectura en tu cant\u00f3n\u201d, a las 8:30 am se presentar\u00e1 el proyecto de un\u00a0 [&hellip;]\" \/>\n<meta property=\"og:url\" content=\"https:\/\/www.manabi.gob.ec\/index.php\/prefectura-en-tu-canton-en-santa-ana\/\" \/>\n<meta property=\"og:site_name\" content=\"Prefectura de Manab\u00ed\" \/>\n<meta property=\"article:published_time\" content=\"2020-12-04T01:09:40+00:00\" \/>\n<meta property=\"og:image\" content=\"https:\/\/www.manabi.gob.ec\/wp-content\/uploads\/2020\/12\/Prefectura-en-tu-canton-Santa-Ana.jpg\" \/>\n\t<meta property=\"og:image:width\" content=\"1008\" \/>\n\t<meta property=\"og:image:height\" content=\"1280\" \/>\n\t<meta property=\"og:image:type\" content=\"image\/jpeg\" \/>\n<meta name=\"author\" content=\"admin\" \/>\n<meta name=\"twitter:card\" content=\"summary_large_image\" \/>\n<meta name=\"twitter:label1\" content=\"Escrito por\" \/>\n\t<meta name=\"twitter:data1\" content=\"admin\" \/>\n\t<meta name=\"twitter:label2\" content=\"Tiempo de lectura\" \/>\n\t<meta name=\"twitter:data2\" content=\"2 minutos\" \/>\n<script type=\"application\/ld+json\" class=\"yoast-schema-graph\">{\"@context\":\"https:\\\/\\\/schema.org\",\"@graph\":[{\"@type\":\"Article\",\"@id\":\"https:\\\/\\\/www.manabi.gob.ec\\\/index.php\\\/prefectura-en-tu-canton-en-santa-ana\\\/#article\",\"isPartOf\":{\"@id\":\"https:\\\/\\\/www.manabi.gob.ec\\\/index.php\\\/prefectura-en-tu-canton-en-santa-ana\\\/\"},\"author\":{\"name\":\"admin\",\"@id\":\"https:\\\/\\\/www.manabi.gob.ec\\\/#\\\/schema\\\/person\\\/cfc71bd68fe2703b779edcc292a49722\"},\"headline\":\"Prefectura en tu cant\u00f3n en Santa Ana\",\"datePublished\":\"2020-12-04T01:09:40+00:00\",\"mainEntityOfPage\":{\"@id\":\"https:\\\/\\\/www.manabi.gob.ec\\\/index.php\\\/prefectura-en-tu-canton-en-santa-ana\\\/\"},\"wordCount\":328,\"commentCount\":0,\"image\":{\"@id\":\"https:\\\/\\\/www.manabi.gob.ec\\\/index.php\\\/prefectura-en-tu-canton-en-santa-ana\\\/#primaryimage\"},\"thumbnailUrl\":\"https:\\\/\\\/www.manabi.gob.ec\\\/wp-content\\\/uploads\\\/2020\\\/12\\\/Prefectura-en-tu-canton-Santa-Ana.jpg\",\"articleSection\":[\"Noticias\",\"Todas\"],\"inLanguage\":\"es\",\"potentialAction\":[{\"@type\":\"CommentAction\",\"name\":\"Comment\",\"target\":[\"https:\\\/\\\/www.manabi.gob.ec\\\/index.php\\\/prefectura-en-tu-canton-en-santa-ana\\\/#respond\"]}]},{\"@type\":\"WebPage\",\"@id\":\"https:\\\/\\\/www.manabi.gob.ec\\\/index.php\\\/prefectura-en-tu-canton-en-santa-ana\\\/\",\"url\":\"https:\\\/\\\/www.manabi.gob.ec\\\/index.php\\\/prefectura-en-tu-canton-en-santa-ana\\\/\",\"name\":\"Prefectura en tu cant\u00f3n en Santa Ana - Prefectura de Manab\u00ed\",\"isPartOf\":{\"@id\":\"https:\\\/\\\/www.manabi.gob.ec\\\/#website\"},\"primaryImageOfPage\":{\"@id\":\"https:\\\/\\\/www.manabi.gob.ec\\\/index.php\\\/prefectura-en-tu-canton-en-santa-ana\\\/#primaryimage\"},\"image\":{\"@id\":\"https:\\\/\\\/www.manabi.gob.ec\\\/index.php\\\/prefectura-en-tu-canton-en-santa-ana\\\/#primaryimage\"},\"thumbnailUrl\":\"https:\\\/\\\/www.manabi.gob.ec\\\/wp-content\\\/uploads\\\/2020\\\/12\\\/Prefectura-en-tu-canton-Santa-Ana.jpg\",\"datePublished\":\"2020-12-04T01:09:40+00:00\",\"author\":{\"@id\":\"https:\\\/\\\/www.manabi.gob.ec\\\/#\\\/schema\\\/person\\\/cfc71bd68fe2703b779edcc292a49722\"},\"breadcrumb\":{\"@id\":\"https:\\\/\\\/www.manabi.gob.ec\\\/index.php\\\/prefectura-en-tu-canton-en-santa-ana\\\/#breadcrumb\"},\"inLanguage\":\"es\",\"potentialAction\":[{\"@type\":\"ReadAction\",\"target\":[\"https:\\\/\\\/www.manabi.gob.ec\\\/index.php\\\/prefectura-en-tu-canton-en-santa-ana\\\/\"]}]},{\"@type\":\"ImageObject\",\"inLanguage\":\"es\",\"@id\":\"https:\\\/\\\/www.manabi.gob.ec\\\/index.php\\\/prefectura-en-tu-canton-en-santa-ana\\\/#primaryimage\",\"url\":\"https:\\\/\\\/www.manabi.gob.ec\\\/wp-content\\\/uploads\\\/2020\\\/12\\\/Prefectura-en-tu-canton-Santa-Ana.jpg\",\"contentUrl\":\"https:\\\/\\\/www.manabi.gob.ec\\\/wp-content\\\/uploads\\\/2020\\\/12\\\/Prefectura-en-tu-canton-Santa-Ana.jpg\",\"width\":1008,\"height\":1280},{\"@type\":\"BreadcrumbList\",\"@id\":\"https:\\\/\\\/www.manabi.gob.ec\\\/index.php\\\/prefectura-en-tu-canton-en-santa-ana\\\/#breadcrumb\",\"itemListElement\":[{\"@type\":\"ListItem\",\"position\":1,\"name\":\"Portada\",\"item\":\"https:\\\/\\\/www.manabi.gob.ec\\\/\"},{\"@type\":\"ListItem\",\"position\":2,\"name\":\"Prefectura en tu cant\u00f3n en Santa Ana\"}]},{\"@type\":\"WebSite\",\"@id\":\"https:\\\/\\\/www.manabi.gob.ec\\\/#website\",\"url\":\"https:\\\/\\\/www.manabi.gob.ec\\\/\",\"name\":\"Prefectura de Manab\u00ed\",\"description\":\"P\u00e1gina web de la prefectura\",\"potentialAction\":[{\"@type\":\"SearchAction\",\"target\":{\"@type\":\"EntryPoint\",\"urlTemplate\":\"https:\\\/\\\/www.manabi.gob.ec\\\/?s={search_term_string}\"},\"query-input\":{\"@type\":\"PropertyValueSpecification\",\"valueRequired\":true,\"valueName\":\"search_term_string\"}}],\"inLanguage\":\"es\"},{\"@type\":\"Person\",\"@id\":\"https:\\\/\\\/www.manabi.gob.ec\\\/#\\\/schema\\\/person\\\/cfc71bd68fe2703b779edcc292a49722\",\"name\":\"admin\",\"image\":{\"@type\":\"ImageObject\",\"inLanguage\":\"es\",\"@id\":\"https:\\\/\\\/secure.gravatar.com\\\/avatar\\\/23e9f919492b0a2f65aa168e0d8c5c867ea853b61deffbadf08c7031e15b8d78?s=96&d=mm&r=g\",\"url\":\"https:\\\/\\\/secure.gravatar.com\\\/avatar\\\/23e9f919492b0a2f65aa168e0d8c5c867ea853b61deffbadf08c7031e15b8d78?s=96&d=mm&r=g\",\"contentUrl\":\"https:\\\/\\\/secure.gravatar.com\\\/avatar\\\/23e9f919492b0a2f65aa168e0d8c5c867ea853b61deffbadf08c7031e15b8d78?s=96&d=mm&r=g\",\"caption\":\"admin\"},\"sameAs\":[\"http:\\\/\\\/www.manabi.gob.ec\"],\"url\":\"https:\\\/\\\/www.manabi.gob.ec\\\/index.php\\\/author\\\/admin\\\/\"}]}<\/script>\n<!-- \/ Yoast SEO plugin. -->","yoast_head_json":{"title":"Prefectura en tu cant\u00f3n en Santa Ana - Prefectura de Manab\u00ed","robots":{"index":"index","follow":"follow","max-snippet":"max-snippet:-1","max-image-preview":"max-image-preview:large","max-video-preview":"max-video-preview:-1"},"canonical":"https:\/\/www.manabi.gob.ec\/index.php\/prefectura-en-tu-canton-en-santa-ana\/","og_locale":"es_ES","og_type":"article","og_title":"Prefectura en tu cant\u00f3n en Santa Ana - Prefectura de Manab\u00ed","og_description":"Este viernes 4 de diciembre, el Gobierno de Manab\u00ed y sus autoridades realizar\u00e1n la \u201cPrefectura en tu cant\u00f3n\u201d, en Santa Ana. El prefecto, Leonardo Orlando, liderar\u00e1 una agenda institucional al servicio de los ciudadanos de esta jurisdicci\u00f3n. Previamente a la agenda \u201cPrefectura en tu cant\u00f3n\u201d, a las 8:30 am se presentar\u00e1 el proyecto de un\u00a0 [&hellip;]","og_url":"https:\/\/www.manabi.gob.ec\/index.php\/prefectura-en-tu-canton-en-santa-ana\/","og_site_name":"Prefectura de Manab\u00ed","article_published_time":"2020-12-04T01:09:40+00:00","og_image":[{"width":1008,"height":1280,"url":"https:\/\/www.manabi.gob.ec\/wp-content\/uploads\/2020\/12\/Prefectura-en-tu-canton-Santa-Ana.jpg","type":"image\/jpeg"}],"author":"admin","twitter_card":"summary_large_image","twitter_misc":{"Escrito por":"admin","Tiempo de lectura":"2 minutos"},"schema":{"@context":"https:\/\/schema.org","@graph":[{"@type":"Article","@id":"https:\/\/www.manabi.gob.ec\/index.php\/prefectura-en-tu-canton-en-santa-ana\/#article","isPartOf":{"@id":"https:\/\/www.manabi.gob.ec\/index.php\/prefectura-en-tu-canton-en-santa-ana\/"},"author":{"name":"admin","@id":"https:\/\/www.manabi.gob.ec\/#\/schema\/person\/cfc71bd68fe2703b779edcc292a49722"},"headline":"Prefectura en tu cant\u00f3n en Santa Ana","datePublished":"2020-12-04T01:09:40+00:00","mainEntityOfPage":{"@id":"https:\/\/www.manabi.gob.ec\/index.php\/prefectura-en-tu-canton-en-santa-ana\/"},"wordCount":328,"commentCount":0,"image":{"@id":"https:\/\/www.manabi.gob.ec\/index.php\/prefectura-en-tu-canton-en-santa-ana\/#primaryimage"},"thumbnailUrl":"https:\/\/www.manabi.gob.ec\/wp-content\/uploads\/2020\/12\/Prefectura-en-tu-canton-Santa-Ana.jpg","articleSection":["Noticias","Todas"],"inLanguage":"es","potentialAction":[{"@type":"CommentAction","name":"Comment","target":["https:\/\/www.manabi.gob.ec\/index.php\/prefectura-en-tu-canton-en-santa-ana\/#respond"]}]},{"@type":"WebPage","@id":"https:\/\/www.manabi.gob.ec\/index.php\/prefectura-en-tu-canton-en-santa-ana\/","url":"https:\/\/www.manabi.gob.ec\/index.php\/prefectura-en-tu-canton-en-santa-ana\/","name":"Prefectura en tu cant\u00f3n en Santa Ana - Prefectura de Manab\u00ed","isPartOf":{"@id":"https:\/\/www.manabi.gob.ec\/#website"},"primaryImageOfPage":{"@id":"https:\/\/www.manabi.gob.ec\/index.php\/prefectura-en-tu-canton-en-santa-ana\/#primaryimage"},"image":{"@id":"https:\/\/www.manabi.gob.ec\/index.php\/prefectura-en-tu-canton-en-santa-ana\/#primaryimage"},"thumbnailUrl":"https:\/\/www.manabi.gob.ec\/wp-content\/uploads\/2020\/12\/Prefectura-en-tu-canton-Santa-Ana.jpg","datePublished":"2020-12-04T01:09:40+00:00","author":{"@id":"https:\/\/www.manabi.gob.ec\/#\/schema\/person\/cfc71bd68fe2703b779edcc292a49722"},"breadcrumb":{"@id":"https:\/\/www.manabi.gob.ec\/index.php\/prefectura-en-tu-canton-en-santa-ana\/#breadcrumb"},"inLanguage":"es","potentialAction":[{"@type":"ReadAction","target":["https:\/\/www.manabi.gob.ec\/index.php\/prefectura-en-tu-canton-en-santa-ana\/"]}]},{"@type":"ImageObject","inLanguage":"es","@id":"https:\/\/www.manabi.gob.ec\/index.php\/prefectura-en-tu-canton-en-santa-ana\/#primaryimage","url":"https:\/\/www.manabi.gob.ec\/wp-content\/uploads\/2020\/12\/Prefectura-en-tu-canton-Santa-Ana.jpg","contentUrl":"https:\/\/www.manabi.gob.ec\/wp-content\/uploads\/2020\/12\/Prefectura-en-tu-canton-Santa-Ana.jpg","width":1008,"height":1280},{"@type":"BreadcrumbList","@id":"https:\/\/www.manabi.gob.ec\/index.php\/prefectura-en-tu-canton-en-santa-ana\/#breadcrumb","itemListElement":[{"@type":"ListItem","position":1,"name":"Portada","item":"https:\/\/www.manabi.gob.ec\/"},{"@type":"ListItem","position":2,"name":"Prefectura en tu cant\u00f3n en Santa Ana"}]},{"@type":"WebSite","@id":"https:\/\/www.manabi.gob.ec\/#website","url":"https:\/\/www.manabi.gob.ec\/","name":"Prefectura de Manab\u00ed","description":"P\u00e1gina web de la prefectura","potentialAction":[{"@type":"SearchAction","target":{"@type":"EntryPoint","urlTemplate":"https:\/\/www.manabi.gob.ec\/?s={search_term_string}"},"query-input":{"@type":"PropertyValueSpecification","valueRequired":true,"valueName":"search_term_string"}}],"inLanguage":"es"},{"@type":"Person","@id":"https:\/\/www.manabi.gob.ec\/#\/schema\/person\/cfc71bd68fe2703b779edcc292a49722","name":"admin","image":{"@type":"ImageObject","inLanguage":"es","@id":"https:\/\/secure.gravatar.com\/avatar\/23e9f919492b0a2f65aa168e0d8c5c867ea853b61deffbadf08c7031e15b8d78?s=96&d=mm&r=g","url":"https:\/\/secure.gravatar.com\/avatar\/23e9f919492b0a2f65aa168e0d8c5c867ea853b61deffbadf08c7031e15b8d78?s=96&d=mm&r=g","contentUrl":"https:\/\/secure.gravatar.com\/avatar\/23e9f919492b0a2f65aa168e0d8c5c867ea853b61deffbadf08c7031e15b8d78?s=96&d=mm&r=g","caption":"admin"},"sameAs":["http:\/\/www.manabi.gob.ec"],"url":"https:\/\/www.manabi.gob.ec\/index.php\/author\/admin\/"}]}},"jetpack_featured_media_url":"https:\/\/www.manabi.gob.ec\/wp-content\/uploads\/2020\/12\/Prefectura-en-tu-canton-Santa-Ana.jpg","_links":{"self":[{"href":"https:\/\/www.manabi.gob.ec\/index.php\/wp-json\/wp\/v2\/posts\/15353","targetHints":{"allow":["GET"]}}],"collection":[{"href":"https:\/\/www.manabi.gob.ec\/index.php\/wp-json\/wp\/v2\/posts"}],"about":[{"href":"https:\/\/www.manabi.gob.ec\/index.php\/wp-json\/wp\/v2\/types\/post"}],"author":[{"embeddable":true,"href":"https:\/\/www.manabi.gob.ec\/index.php\/wp-json\/wp\/v2\/users\/1"}],"replies":[{"embeddable":true,"href":"https:\/\/www.manabi.gob.ec\/index.php\/wp-json\/wp\/v2\/comments?post=15353"}],"version-history":[{"count":0,"href":"https:\/\/www.manabi.gob.ec\/index.php\/wp-json\/wp\/v2\/posts\/15353\/revisions"}],"wp:featuredmedia":[{"embeddable":true,"href":"https:\/\/www.manabi.gob.ec\/index.php\/wp-json\/wp\/v2\/media\/14767"}],"wp:attachment":[{"href":"https:\/\/www.manabi.gob.ec\/index.php\/wp-json\/wp\/v2\/media?parent=15353"}],"wp:term":[{"taxonomy":"category","embeddable":true,"href":"https:\/\/www.manabi.gob.ec\/index.php\/wp-json\/wp\/v2\/categories?post=15353"},{"taxonomy":"post_tag","embeddable":true,"href":"https:\/\/www.manabi.gob.ec\/index.php\/wp-json\/wp\/v2\/tags?post=15353"}],"curies":[{"name":"wp","href":"https:\/\/api.w.org\/{rel}","templated":true}]}}