{"id":15357,"date":"2020-12-07T09:47:33","date_gmt":"2020-12-07T14:47:33","guid":{"rendered":"https:\/\/www.manabi.gob.ec\/?p=14776"},"modified":"2020-12-07T09:47:33","modified_gmt":"2020-12-07T14:47:33","slug":"la-prefectura-en-tu-canton-se-cumplio-en-santa-ana","status":"publish","type":"post","link":"https:\/\/www.manabi.gob.ec\/index.php\/la-prefectura-en-tu-canton-se-cumplio-en-santa-ana\/","title":{"rendered":"\u201cLa Prefectura en Tu Cant\u00f3n\u201d se cumpli\u00f3 en Santa Ana"},"content":{"rendered":"<p style=\"font-weight: 400; text-align: justify;\">Santa Ana\u00a0\u00a0fue el escenario\u00a0\u00a0del programa \u201cLa Prefectura en tu Cant\u00f3n\u201d, este viernes 4 de diciembre. En este marco,\u00a0\u00a0\u00a0el Prefecto, Leonardo Orlando, inform\u00f3 sobre actividades planes y\u00a0\u00a0programas que se desarrollan en este territorio, coordin\u00f3 labores con los gobiernos locales para futuros proyectos e hizo anuncios sobre obras futuras.<\/p>\n<p style=\"font-weight: 400; text-align: justify;\">Este\u00a0\u00a0programa\u00a0\u00a0fue implementado por esta administraci\u00f3n en febrero de 2020, como un espacio de acercamiento con los ciudadanos y para\u00a0\u00a0transparentar el trabajo en los territorios. Ya se han desarrollado en Pedernales, Pichincha, Puerto L\u00f3pez, Olmedo y Chone.<\/p>\n<p style=\"font-weight: 400; text-align: justify;\">Durante la jornada\u00a0\u00a0se\u00a0\u00a0analiz\u00f3\u00a0\u00a0\u00edndices econ\u00f3micos del cant\u00f3n Santa Ana, lo que demuestra la inequidad que tienen los\u00a0\u00a0cantones manabitas, en educaci\u00f3n, salud y otras \u00e1reas importantes para su desarrollo, destac\u00f3 el Prefecto, quien estuvo acompa\u00f1ado por la viceprefecta,\u00a0\u00a0Kelly Buenaventura, y su equipo t\u00e9cnico.<\/p>\n<p style=\"font-weight: 400; text-align: justify;\">De la jornada participaron el alcalde de Santa Ana, Orlando Garc\u00eda; equipo t\u00e9cnico del Municipio; y, presidentes de los GADs\u00a0\u00a0parroquiales de este cant\u00f3n.<\/p>\n<p style=\"font-weight: 400; text-align: justify;\"><strong>Anuncios viales<\/strong><\/p>\n<p style=\"font-weight: 400; text-align: justify;\">\u00a0La jornada cerr\u00f3 con un conversatorio con los medios de comunicaci\u00f3n. All\u00ed\u00a0\u00a0el Prefecto anunci\u00f3 que fue presentado ante el Banco de Desarrollo del Ecuador\u00a0\u00a0el proyecto de la v\u00eda\u00a0\u00a0San Juan de Las Cucarachas \u2013 Agua Fr\u00eda, de una inversi\u00f3n de 914 mil d\u00f3lares.<\/p>\n<p style=\"font-weight: 400; text-align: justify;\">La v\u00eda\u00a0\u00a0San Juan de Las Cucarachas \u2013 Agua Fr\u00eda permitir\u00e1 integrar a San Pablo de Pueblo Nuevo\u00a0\u00a0con el cant\u00f3n Balzar. \u201cEs una v\u00eda de integraci\u00f3n interprovincial\u00a0\u00a0que une a Manab\u00ed con Guayas\u201c,<\/p>\n<p style=\"font-weight: 400; text-align: justify;\">indic\u00f3 el Prefecto, quien entreg\u00f3 al Alcalde de Santa Ana copia del documento presentado al BDE.<\/p>\n<p style=\"font-weight: 400; text-align: justify;\">Otro de los anuncios fue la adjudicaci\u00f3n de la v\u00eda La Tambora \u2013 Fruta el Pan, en la parroquia San Pablo de Pueblo Nuevo, obra que representa una inversi\u00f3n superior a los 207 mil d\u00f3lares.<\/p>\n<p style=\"font-weight: 400; text-align: justify;\"><strong>Informes<\/strong><\/p>\n<p style=\"font-weight: 400; text-align: justify;\">En el tema vial se inform\u00f3 sobre el avance de los diferentes frentes de trabajo, y se dijo que\u00a0\u00a0se han intervenido m\u00e1s de 700 kil\u00f3metros, que representan una inversi\u00f3n de 938 mil d\u00f3lares.<\/p>\n<p style=\"font-weight: 400; text-align: justify;\">Se han rehabilitado 877,80 kil\u00f3metros\u00a0\u00a0de v\u00edas, a trav\u00e9s del programa de Ferias Inclusivas,\u00a0\u00a0y se destac\u00f3 el\u00a0\u00a0trabajo desarrollado con el GAD de Santa Ana, bajo\u00a0\u00a0convenio. El Gobierno de Manab\u00ed\u00a0\u00a0aporta m\u00e1s\u00a0\u00a0de 602 mil d\u00f3lares.<\/p>\n<p style=\"font-weight: 400; text-align: justify;\">Tambi\u00e9n se anunci\u00f3 que se tienen planificados 6 puentes para Santa Ana, uno sobre r\u00edo Mata de Pl\u00e1tano,\u00a0\u00a03\u00a0\u00a0sobre Estero Grande, en diferentes sectores por donde pasa este afluente; en Agua Fr\u00eda y Visquije.\u00a0\u00a0Se habl\u00f3 de proyectos de riego y drenaje que se cumplen en Santa Ana.<\/p>\n<p style=\"font-weight: 400; text-align: justify;\">En el tema social se dijo que\u00a0\u00a0durante la mayor crisis de la pandemia, a trav\u00e9s de brigadas m\u00e9dicas, se atendi\u00f3 a\u00a0\u00a0m\u00e1s de 5 mil personas; adem\u00e1s se han practicado 678 pruebas de COVID.<\/p>\n<p style=\"font-weight: 400; text-align: justify;\">Durante el confinamiento se entregaron\u00a0\u00a0m\u00e1s de 4200 raciones alimenticias financiadas por el Gobierno de Manab\u00ed; y\u00a0\u00a0cerca de 900\u00a0\u00a0raciones de donaciones recibidas, entre productos perecibles y no perecibles.<\/p>\n<p style=\"font-weight: 400; text-align: justify;\">En el tema productivo se inform\u00f3 que se han ejecutan 5 proyectos agropecuarios:\u00a0\u00a0de ma\u00edz duro amarillo,\u00a0\u00a0programa de huertas familiares, fortalecimiento de\u00a0\u00a0cacao org\u00e1nico;\u00a0\u00a0escuelas de emprendimiento, con apoyo de la academia.<\/p>\n","protected":false},"excerpt":{"rendered":"<p>Santa Ana\u00a0\u00a0fue el escenario\u00a0\u00a0del programa \u201cLa Prefectura en tu Cant\u00f3n\u201d, este viernes 4 de diciembre. En este marco,\u00a0\u00a0\u00a0el Prefecto, Leonardo Orlando, inform\u00f3 sobre actividades planes y\u00a0\u00a0programas que se desarrollan en este territorio, coordin\u00f3 labores con los gobiernos locales para futuros proyectos e hizo anuncios sobre obras futuras. Este\u00a0\u00a0programa\u00a0\u00a0fue implementado por esta administraci\u00f3n en febrero de [&hellip;]<\/p>\n","protected":false},"author":1,"featured_media":14777,"comment_status":"open","ping_status":"open","sticky":false,"template":"","format":"standard","meta":{"_joinchat":[],"footnotes":""},"categories":[92,91],"tags":[],"class_list":["post-15357","post","type-post","status-publish","format-standard","has-post-thumbnail","hentry","category-noticias-manabi","category-todas"],"yoast_head":"<!-- This site is optimized with the Yoast SEO plugin v27.4 - https:\/\/yoast.com\/product\/yoast-seo-wordpress\/ -->\n<title>\u201cLa Prefectura en Tu Cant\u00f3n\u201d se cumpli\u00f3 en Santa Ana - Prefectura de Manab\u00ed<\/title>\n<meta name=\"robots\" content=\"index, follow, max-snippet:-1, max-image-preview:large, max-video-preview:-1\" \/>\n<link rel=\"canonical\" href=\"https:\/\/www.manabi.gob.ec\/index.php\/la-prefectura-en-tu-canton-se-cumplio-en-santa-ana\/\" \/>\n<meta property=\"og:locale\" content=\"es_ES\" \/>\n<meta property=\"og:type\" content=\"article\" \/>\n<meta property=\"og:title\" content=\"\u201cLa Prefectura en Tu Cant\u00f3n\u201d se cumpli\u00f3 en Santa Ana - Prefectura de Manab\u00ed\" \/>\n<meta property=\"og:description\" content=\"Santa Ana\u00a0\u00a0fue el escenario\u00a0\u00a0del programa \u201cLa Prefectura en tu Cant\u00f3n\u201d, este viernes 4 de diciembre. En este marco,\u00a0\u00a0\u00a0el Prefecto, Leonardo Orlando, inform\u00f3 sobre actividades planes y\u00a0\u00a0programas que se desarrollan en este territorio, coordin\u00f3 labores con los gobiernos locales para futuros proyectos e hizo anuncios sobre obras futuras. Este\u00a0\u00a0programa\u00a0\u00a0fue implementado por esta administraci\u00f3n en febrero de [&hellip;]\" \/>\n<meta property=\"og:url\" content=\"https:\/\/www.manabi.gob.ec\/index.php\/la-prefectura-en-tu-canton-se-cumplio-en-santa-ana\/\" \/>\n<meta property=\"og:site_name\" content=\"Prefectura de Manab\u00ed\" \/>\n<meta property=\"article:published_time\" content=\"2020-12-07T14:47:33+00:00\" \/>\n<meta property=\"og:image\" content=\"https:\/\/www.manabi.gob.ec\/wp-content\/uploads\/2020\/07\/fotos-de-acto-de-firma-de-contratos-con-proveedores-6.jpg\" \/>\n\t<meta property=\"og:image:width\" content=\"1280\" \/>\n\t<meta property=\"og:image:height\" content=\"853\" \/>\n\t<meta property=\"og:image:type\" content=\"image\/jpeg\" \/>\n<meta name=\"author\" content=\"admin\" \/>\n<meta name=\"twitter:card\" content=\"summary_large_image\" \/>\n<meta name=\"twitter:label1\" content=\"Escrito por\" \/>\n\t<meta name=\"twitter:data1\" content=\"admin\" \/>\n\t<meta name=\"twitter:label2\" content=\"Tiempo de lectura\" \/>\n\t<meta name=\"twitter:data2\" content=\"3 minutos\" \/>\n<script type=\"application\/ld+json\" class=\"yoast-schema-graph\">{\"@context\":\"https:\\\/\\\/schema.org\",\"@graph\":[{\"@type\":\"Article\",\"@id\":\"https:\\\/\\\/www.manabi.gob.ec\\\/index.php\\\/la-prefectura-en-tu-canton-se-cumplio-en-santa-ana\\\/#article\",\"isPartOf\":{\"@id\":\"https:\\\/\\\/www.manabi.gob.ec\\\/index.php\\\/la-prefectura-en-tu-canton-se-cumplio-en-santa-ana\\\/\"},\"author\":{\"name\":\"admin\",\"@id\":\"https:\\\/\\\/www.manabi.gob.ec\\\/#\\\/schema\\\/person\\\/cfc71bd68fe2703b779edcc292a49722\"},\"headline\":\"\u201cLa Prefectura en Tu Cant\u00f3n\u201d se cumpli\u00f3 en Santa Ana\",\"datePublished\":\"2020-12-07T14:47:33+00:00\",\"mainEntityOfPage\":{\"@id\":\"https:\\\/\\\/www.manabi.gob.ec\\\/index.php\\\/la-prefectura-en-tu-canton-se-cumplio-en-santa-ana\\\/\"},\"wordCount\":550,\"commentCount\":0,\"image\":{\"@id\":\"https:\\\/\\\/www.manabi.gob.ec\\\/index.php\\\/la-prefectura-en-tu-canton-se-cumplio-en-santa-ana\\\/#primaryimage\"},\"thumbnailUrl\":\"https:\\\/\\\/www.manabi.gob.ec\\\/wp-content\\\/uploads\\\/2020\\\/07\\\/fotos-de-acto-de-firma-de-contratos-con-proveedores-6.jpg\",\"articleSection\":[\"Noticias\",\"Todas\"],\"inLanguage\":\"es\",\"potentialAction\":[{\"@type\":\"CommentAction\",\"name\":\"Comment\",\"target\":[\"https:\\\/\\\/www.manabi.gob.ec\\\/index.php\\\/la-prefectura-en-tu-canton-se-cumplio-en-santa-ana\\\/#respond\"]}]},{\"@type\":\"WebPage\",\"@id\":\"https:\\\/\\\/www.manabi.gob.ec\\\/index.php\\\/la-prefectura-en-tu-canton-se-cumplio-en-santa-ana\\\/\",\"url\":\"https:\\\/\\\/www.manabi.gob.ec\\\/index.php\\\/la-prefectura-en-tu-canton-se-cumplio-en-santa-ana\\\/\",\"name\":\"\u201cLa Prefectura en Tu Cant\u00f3n\u201d se cumpli\u00f3 en Santa Ana - Prefectura de Manab\u00ed\",\"isPartOf\":{\"@id\":\"https:\\\/\\\/www.manabi.gob.ec\\\/#website\"},\"primaryImageOfPage\":{\"@id\":\"https:\\\/\\\/www.manabi.gob.ec\\\/index.php\\\/la-prefectura-en-tu-canton-se-cumplio-en-santa-ana\\\/#primaryimage\"},\"image\":{\"@id\":\"https:\\\/\\\/www.manabi.gob.ec\\\/index.php\\\/la-prefectura-en-tu-canton-se-cumplio-en-santa-ana\\\/#primaryimage\"},\"thumbnailUrl\":\"https:\\\/\\\/www.manabi.gob.ec\\\/wp-content\\\/uploads\\\/2020\\\/07\\\/fotos-de-acto-de-firma-de-contratos-con-proveedores-6.jpg\",\"datePublished\":\"2020-12-07T14:47:33+00:00\",\"author\":{\"@id\":\"https:\\\/\\\/www.manabi.gob.ec\\\/#\\\/schema\\\/person\\\/cfc71bd68fe2703b779edcc292a49722\"},\"breadcrumb\":{\"@id\":\"https:\\\/\\\/www.manabi.gob.ec\\\/index.php\\\/la-prefectura-en-tu-canton-se-cumplio-en-santa-ana\\\/#breadcrumb\"},\"inLanguage\":\"es\",\"potentialAction\":[{\"@type\":\"ReadAction\",\"target\":[\"https:\\\/\\\/www.manabi.gob.ec\\\/index.php\\\/la-prefectura-en-tu-canton-se-cumplio-en-santa-ana\\\/\"]}]},{\"@type\":\"ImageObject\",\"inLanguage\":\"es\",\"@id\":\"https:\\\/\\\/www.manabi.gob.ec\\\/index.php\\\/la-prefectura-en-tu-canton-se-cumplio-en-santa-ana\\\/#primaryimage\",\"url\":\"https:\\\/\\\/www.manabi.gob.ec\\\/wp-content\\\/uploads\\\/2020\\\/07\\\/fotos-de-acto-de-firma-de-contratos-con-proveedores-6.jpg\",\"contentUrl\":\"https:\\\/\\\/www.manabi.gob.ec\\\/wp-content\\\/uploads\\\/2020\\\/07\\\/fotos-de-acto-de-firma-de-contratos-con-proveedores-6.jpg\",\"width\":1280,\"height\":853},{\"@type\":\"BreadcrumbList\",\"@id\":\"https:\\\/\\\/www.manabi.gob.ec\\\/index.php\\\/la-prefectura-en-tu-canton-se-cumplio-en-santa-ana\\\/#breadcrumb\",\"itemListElement\":[{\"@type\":\"ListItem\",\"position\":1,\"name\":\"Portada\",\"item\":\"https:\\\/\\\/www.manabi.gob.ec\\\/\"},{\"@type\":\"ListItem\",\"position\":2,\"name\":\"\u201cLa Prefectura en Tu Cant\u00f3n\u201d se cumpli\u00f3 en Santa Ana\"}]},{\"@type\":\"WebSite\",\"@id\":\"https:\\\/\\\/www.manabi.gob.ec\\\/#website\",\"url\":\"https:\\\/\\\/www.manabi.gob.ec\\\/\",\"name\":\"Prefectura de Manab\u00ed\",\"description\":\"P\u00e1gina web de la prefectura\",\"potentialAction\":[{\"@type\":\"SearchAction\",\"target\":{\"@type\":\"EntryPoint\",\"urlTemplate\":\"https:\\\/\\\/www.manabi.gob.ec\\\/?s={search_term_string}\"},\"query-input\":{\"@type\":\"PropertyValueSpecification\",\"valueRequired\":true,\"valueName\":\"search_term_string\"}}],\"inLanguage\":\"es\"},{\"@type\":\"Person\",\"@id\":\"https:\\\/\\\/www.manabi.gob.ec\\\/#\\\/schema\\\/person\\\/cfc71bd68fe2703b779edcc292a49722\",\"name\":\"admin\",\"image\":{\"@type\":\"ImageObject\",\"inLanguage\":\"es\",\"@id\":\"https:\\\/\\\/secure.gravatar.com\\\/avatar\\\/23e9f919492b0a2f65aa168e0d8c5c867ea853b61deffbadf08c7031e15b8d78?s=96&d=mm&r=g\",\"url\":\"https:\\\/\\\/secure.gravatar.com\\\/avatar\\\/23e9f919492b0a2f65aa168e0d8c5c867ea853b61deffbadf08c7031e15b8d78?s=96&d=mm&r=g\",\"contentUrl\":\"https:\\\/\\\/secure.gravatar.com\\\/avatar\\\/23e9f919492b0a2f65aa168e0d8c5c867ea853b61deffbadf08c7031e15b8d78?s=96&d=mm&r=g\",\"caption\":\"admin\"},\"sameAs\":[\"http:\\\/\\\/www.manabi.gob.ec\"],\"url\":\"https:\\\/\\\/www.manabi.gob.ec\\\/index.php\\\/author\\\/admin\\\/\"}]}<\/script>\n<!-- \/ Yoast SEO plugin. -->","yoast_head_json":{"title":"\u201cLa Prefectura en Tu Cant\u00f3n\u201d se cumpli\u00f3 en Santa Ana - Prefectura de Manab\u00ed","robots":{"index":"index","follow":"follow","max-snippet":"max-snippet:-1","max-image-preview":"max-image-preview:large","max-video-preview":"max-video-preview:-1"},"canonical":"https:\/\/www.manabi.gob.ec\/index.php\/la-prefectura-en-tu-canton-se-cumplio-en-santa-ana\/","og_locale":"es_ES","og_type":"article","og_title":"\u201cLa Prefectura en Tu Cant\u00f3n\u201d se cumpli\u00f3 en Santa Ana - Prefectura de Manab\u00ed","og_description":"Santa Ana\u00a0\u00a0fue el escenario\u00a0\u00a0del programa \u201cLa Prefectura en tu Cant\u00f3n\u201d, este viernes 4 de diciembre. En este marco,\u00a0\u00a0\u00a0el Prefecto, Leonardo Orlando, inform\u00f3 sobre actividades planes y\u00a0\u00a0programas que se desarrollan en este territorio, coordin\u00f3 labores con los gobiernos locales para futuros proyectos e hizo anuncios sobre obras futuras. Este\u00a0\u00a0programa\u00a0\u00a0fue implementado por esta administraci\u00f3n en febrero de [&hellip;]","og_url":"https:\/\/www.manabi.gob.ec\/index.php\/la-prefectura-en-tu-canton-se-cumplio-en-santa-ana\/","og_site_name":"Prefectura de Manab\u00ed","article_published_time":"2020-12-07T14:47:33+00:00","og_image":[{"width":1280,"height":853,"url":"https:\/\/www.manabi.gob.ec\/wp-content\/uploads\/2020\/07\/fotos-de-acto-de-firma-de-contratos-con-proveedores-6.jpg","type":"image\/jpeg"}],"author":"admin","twitter_card":"summary_large_image","twitter_misc":{"Escrito por":"admin","Tiempo de lectura":"3 minutos"},"schema":{"@context":"https:\/\/schema.org","@graph":[{"@type":"Article","@id":"https:\/\/www.manabi.gob.ec\/index.php\/la-prefectura-en-tu-canton-se-cumplio-en-santa-ana\/#article","isPartOf":{"@id":"https:\/\/www.manabi.gob.ec\/index.php\/la-prefectura-en-tu-canton-se-cumplio-en-santa-ana\/"},"author":{"name":"admin","@id":"https:\/\/www.manabi.gob.ec\/#\/schema\/person\/cfc71bd68fe2703b779edcc292a49722"},"headline":"\u201cLa Prefectura en Tu Cant\u00f3n\u201d se cumpli\u00f3 en Santa Ana","datePublished":"2020-12-07T14:47:33+00:00","mainEntityOfPage":{"@id":"https:\/\/www.manabi.gob.ec\/index.php\/la-prefectura-en-tu-canton-se-cumplio-en-santa-ana\/"},"wordCount":550,"commentCount":0,"image":{"@id":"https:\/\/www.manabi.gob.ec\/index.php\/la-prefectura-en-tu-canton-se-cumplio-en-santa-ana\/#primaryimage"},"thumbnailUrl":"https:\/\/www.manabi.gob.ec\/wp-content\/uploads\/2020\/07\/fotos-de-acto-de-firma-de-contratos-con-proveedores-6.jpg","articleSection":["Noticias","Todas"],"inLanguage":"es","potentialAction":[{"@type":"CommentAction","name":"Comment","target":["https:\/\/www.manabi.gob.ec\/index.php\/la-prefectura-en-tu-canton-se-cumplio-en-santa-ana\/#respond"]}]},{"@type":"WebPage","@id":"https:\/\/www.manabi.gob.ec\/index.php\/la-prefectura-en-tu-canton-se-cumplio-en-santa-ana\/","url":"https:\/\/www.manabi.gob.ec\/index.php\/la-prefectura-en-tu-canton-se-cumplio-en-santa-ana\/","name":"\u201cLa Prefectura en Tu Cant\u00f3n\u201d se cumpli\u00f3 en Santa Ana - Prefectura de Manab\u00ed","isPartOf":{"@id":"https:\/\/www.manabi.gob.ec\/#website"},"primaryImageOfPage":{"@id":"https:\/\/www.manabi.gob.ec\/index.php\/la-prefectura-en-tu-canton-se-cumplio-en-santa-ana\/#primaryimage"},"image":{"@id":"https:\/\/www.manabi.gob.ec\/index.php\/la-prefectura-en-tu-canton-se-cumplio-en-santa-ana\/#primaryimage"},"thumbnailUrl":"https:\/\/www.manabi.gob.ec\/wp-content\/uploads\/2020\/07\/fotos-de-acto-de-firma-de-contratos-con-proveedores-6.jpg","datePublished":"2020-12-07T14:47:33+00:00","author":{"@id":"https:\/\/www.manabi.gob.ec\/#\/schema\/person\/cfc71bd68fe2703b779edcc292a49722"},"breadcrumb":{"@id":"https:\/\/www.manabi.gob.ec\/index.php\/la-prefectura-en-tu-canton-se-cumplio-en-santa-ana\/#breadcrumb"},"inLanguage":"es","potentialAction":[{"@type":"ReadAction","target":["https:\/\/www.manabi.gob.ec\/index.php\/la-prefectura-en-tu-canton-se-cumplio-en-santa-ana\/"]}]},{"@type":"ImageObject","inLanguage":"es","@id":"https:\/\/www.manabi.gob.ec\/index.php\/la-prefectura-en-tu-canton-se-cumplio-en-santa-ana\/#primaryimage","url":"https:\/\/www.manabi.gob.ec\/wp-content\/uploads\/2020\/07\/fotos-de-acto-de-firma-de-contratos-con-proveedores-6.jpg","contentUrl":"https:\/\/www.manabi.gob.ec\/wp-content\/uploads\/2020\/07\/fotos-de-acto-de-firma-de-contratos-con-proveedores-6.jpg","width":1280,"height":853},{"@type":"BreadcrumbList","@id":"https:\/\/www.manabi.gob.ec\/index.php\/la-prefectura-en-tu-canton-se-cumplio-en-santa-ana\/#breadcrumb","itemListElement":[{"@type":"ListItem","position":1,"name":"Portada","item":"https:\/\/www.manabi.gob.ec\/"},{"@type":"ListItem","position":2,"name":"\u201cLa Prefectura en Tu Cant\u00f3n\u201d se cumpli\u00f3 en Santa Ana"}]},{"@type":"WebSite","@id":"https:\/\/www.manabi.gob.ec\/#website","url":"https:\/\/www.manabi.gob.ec\/","name":"Prefectura de Manab\u00ed","description":"P\u00e1gina web de la prefectura","potentialAction":[{"@type":"SearchAction","target":{"@type":"EntryPoint","urlTemplate":"https:\/\/www.manabi.gob.ec\/?s={search_term_string}"},"query-input":{"@type":"PropertyValueSpecification","valueRequired":true,"valueName":"search_term_string"}}],"inLanguage":"es"},{"@type":"Person","@id":"https:\/\/www.manabi.gob.ec\/#\/schema\/person\/cfc71bd68fe2703b779edcc292a49722","name":"admin","image":{"@type":"ImageObject","inLanguage":"es","@id":"https:\/\/secure.gravatar.com\/avatar\/23e9f919492b0a2f65aa168e0d8c5c867ea853b61deffbadf08c7031e15b8d78?s=96&d=mm&r=g","url":"https:\/\/secure.gravatar.com\/avatar\/23e9f919492b0a2f65aa168e0d8c5c867ea853b61deffbadf08c7031e15b8d78?s=96&d=mm&r=g","contentUrl":"https:\/\/secure.gravatar.com\/avatar\/23e9f919492b0a2f65aa168e0d8c5c867ea853b61deffbadf08c7031e15b8d78?s=96&d=mm&r=g","caption":"admin"},"sameAs":["http:\/\/www.manabi.gob.ec"],"url":"https:\/\/www.manabi.gob.ec\/index.php\/author\/admin\/"}]}},"jetpack_featured_media_url":"https:\/\/www.manabi.gob.ec\/wp-content\/uploads\/2020\/07\/fotos-de-acto-de-firma-de-contratos-con-proveedores-6.jpg","_links":{"self":[{"href":"https:\/\/www.manabi.gob.ec\/index.php\/wp-json\/wp\/v2\/posts\/15357","targetHints":{"allow":["GET"]}}],"collection":[{"href":"https:\/\/www.manabi.gob.ec\/index.php\/wp-json\/wp\/v2\/posts"}],"about":[{"href":"https:\/\/www.manabi.gob.ec\/index.php\/wp-json\/wp\/v2\/types\/post"}],"author":[{"embeddable":true,"href":"https:\/\/www.manabi.gob.ec\/index.php\/wp-json\/wp\/v2\/users\/1"}],"replies":[{"embeddable":true,"href":"https:\/\/www.manabi.gob.ec\/index.php\/wp-json\/wp\/v2\/comments?post=15357"}],"version-history":[{"count":0,"href":"https:\/\/www.manabi.gob.ec\/index.php\/wp-json\/wp\/v2\/posts\/15357\/revisions"}],"wp:featuredmedia":[{"embeddable":true,"href":"https:\/\/www.manabi.gob.ec\/index.php\/wp-json\/wp\/v2\/media\/14777"}],"wp:attachment":[{"href":"https:\/\/www.manabi.gob.ec\/index.php\/wp-json\/wp\/v2\/media?parent=15357"}],"wp:term":[{"taxonomy":"category","embeddable":true,"href":"https:\/\/www.manabi.gob.ec\/index.php\/wp-json\/wp\/v2\/categories?post=15357"},{"taxonomy":"post_tag","embeddable":true,"href":"https:\/\/www.manabi.gob.ec\/index.php\/wp-json\/wp\/v2\/tags?post=15357"}],"curies":[{"name":"wp","href":"https:\/\/api.w.org\/{rel}","templated":true}]}}