{"id":15360,"date":"2020-12-10T20:21:04","date_gmt":"2020-12-11T01:21:04","guid":{"rendered":"https:\/\/www.manabi.gob.ec\/?p=14795"},"modified":"2020-12-10T20:21:04","modified_gmt":"2020-12-11T01:21:04","slug":"gobierno-de-manabi-y-gad-sucre-entregan-vias-en-parroquia-san-isidro","status":"publish","type":"post","link":"https:\/\/www.manabi.gob.ec\/index.php\/gobierno-de-manabi-y-gad-sucre-entregan-vias-en-parroquia-san-isidro\/","title":{"rendered":"GOBIERNO DE MANAB\u00cd Y GAD SUCRE ENTREGAN V\u00cdAS EN PARROQUIA SAN ISIDRO"},"content":{"rendered":"<p style=\"font-weight: 400; text-align: justify;\">El mejoramiento de las v\u00edas Mata de Pl\u00e1tano &#8211; La Humedad &#8211; El Tope y Piquigua &#8211; El Progreso, de la parroquia San Isidro del cant\u00f3n sucre, cambi\u00f3 la vida a m\u00e1s de 3.200\u00a0 habitantes, quienes ahora podr\u00e1n tener mejor movilidad hacia la cabecera parroquial y cantonal\u00a0 y sacar sus productos a los mercados.<\/p>\n<p style=\"font-weight: 400; text-align: justify;\">Los trabajos\u00a0 representan una inversi\u00f3n\u00a0 de 190 mil\u00a0 d\u00f3lares, ejecutados bajo\u00a0 convenio entre el Gobierno de Manab\u00ed, que aport\u00f3\u00a0 120 mil d\u00f3lares;\u00a0 y,\u00a0 el Municipio de Sucre, 70 mil d\u00f3lares<\/p>\n<p style=\"font-weight: 400; text-align: justify;\">Estas dos v\u00edas fueron entregadas por el prefecto, Leonardo Orlando, y la alcaldesa de Sucre, Ingrid Zambrano,\u00a0\u00a0el pasado mi\u00e9rcoles 9 de diciembre. En el acto participaron familias de esos sectores, quienes celebraron\u00a0 tener estas dos obras\u00a0\u00a0 que dicen\u00a0 les cambiar\u00e1 sus vidas.<\/p>\n<p style=\"font-weight: 400; text-align: justify;\">\u00abLa migraci\u00f3n, no es una\u00a0 opci\u00f3n para salir del campo en busca de mejores d\u00edas, desde el Gobierno de Manab\u00ed generamos propuestas de desarrollo con v\u00edas\u00a0 para que nuestros agricultores no se sientan desprotegidos y no abandonen sus hogares\u00bb\u00a0 enfatiz\u00f3 el Prefecto.<\/p>\n<p style=\"font-weight: 400; text-align: justify;\">Las dos v\u00edas suman 8.7km y\u00a0 quedan \u00a0a nivel de mejoramiento.\u00a0 La v\u00eda Mata de Pl\u00e1tano-La Humedad-El Tope \u00a0tiene una longitud de \u00a06,1 km y Piquigua-El Progreso de 2,6 km, esta \u00faltima beneficia a\u00a0 comunidades como Santa Teresa, Las Mercedes y El Palmar.<\/p>\n<p style=\"font-weight: 400; text-align: justify;\">Nolger V\u00e9lez, habitante de la comunidad Piquigua,\u00a0 dijo tener\u00a0 50 a\u00f1os viviendo en este sector y nunca antes hab\u00eda visto una obra que beneficie principalmente a los agricultores.<\/p>\n<p style=\"font-weight: 400; text-align: justify;\"><strong><u>Entrega de puente<\/u><\/strong><\/p>\n<p style=\"font-weight: 400; text-align: justify;\">Este d\u00eda el Prefecto\u00a0 tambi\u00e9n entreg\u00f3 un puente de hormig\u00f3n armado, de 18 metros de longitud, construido sobre el Estero Cangrejo, en la Comunidad Muchique 1 de la parroquia Eloy Alfaro de Chone.<\/p>\n<p style=\"font-weight: 400; text-align: justify;\">La obra se financi\u00f3 con cr\u00e9dito del Banco de Desarrollo del Ecuador,\u00a0 y su ejecuci\u00f3n tiene un costo de\u00a0 239.641, 85 D\u00f3lares.<\/p>\n<p style=\"font-weight: 400; text-align: justify;\">\u00abEl puente mejorar\u00e1 las condiciones socioecon\u00f3micas de los dos cantones hermanos, Sucre, a trav\u00e9s de San Isidro,\u00a0 y Chone por Eloy Alfaro. Ser\u00e1 el lugar por donde van a transitar los sue\u00f1os de igualdad y justicia social\u00bb dijo el prefecto mientras inauguraba el puente sobre el Estero Cangrejo.<\/p>\n","protected":false},"excerpt":{"rendered":"<p>El mejoramiento de las v\u00edas Mata de Pl\u00e1tano &#8211; La Humedad &#8211; El Tope y Piquigua &#8211; El Progreso, de la parroquia San Isidro del cant\u00f3n sucre, cambi\u00f3 la vida a m\u00e1s de 3.200\u00a0 habitantes, quienes ahora podr\u00e1n tener mejor movilidad hacia la cabecera parroquial y cantonal\u00a0 y sacar sus productos a los mercados. Los [&hellip;]<\/p>\n","protected":false},"author":1,"featured_media":14796,"comment_status":"open","ping_status":"open","sticky":false,"template":"","format":"standard","meta":{"_joinchat":[],"footnotes":""},"categories":[92,91],"tags":[],"class_list":["post-15360","post","type-post","status-publish","format-standard","has-post-thumbnail","hentry","category-noticias-manabi","category-todas"],"yoast_head":"<!-- This site is optimized with the Yoast SEO plugin v27.4 - https:\/\/yoast.com\/product\/yoast-seo-wordpress\/ -->\n<title>GOBIERNO DE MANAB\u00cd Y GAD SUCRE ENTREGAN V\u00cdAS EN PARROQUIA SAN ISIDRO - Prefectura de Manab\u00ed<\/title>\n<meta name=\"robots\" content=\"index, follow, max-snippet:-1, max-image-preview:large, max-video-preview:-1\" \/>\n<link rel=\"canonical\" href=\"https:\/\/www.manabi.gob.ec\/index.php\/gobierno-de-manabi-y-gad-sucre-entregan-vias-en-parroquia-san-isidro\/\" \/>\n<meta property=\"og:locale\" content=\"es_ES\" \/>\n<meta property=\"og:type\" content=\"article\" \/>\n<meta property=\"og:title\" content=\"GOBIERNO DE MANAB\u00cd Y GAD SUCRE ENTREGAN V\u00cdAS EN PARROQUIA SAN ISIDRO - Prefectura de Manab\u00ed\" \/>\n<meta property=\"og:description\" content=\"El mejoramiento de las v\u00edas Mata de Pl\u00e1tano &#8211; La Humedad &#8211; El Tope y Piquigua &#8211; El Progreso, de la parroquia San Isidro del cant\u00f3n sucre, cambi\u00f3 la vida a m\u00e1s de 3.200\u00a0 habitantes, quienes ahora podr\u00e1n tener mejor movilidad hacia la cabecera parroquial y cantonal\u00a0 y sacar sus productos a los mercados. Los [&hellip;]\" \/>\n<meta property=\"og:url\" content=\"https:\/\/www.manabi.gob.ec\/index.php\/gobierno-de-manabi-y-gad-sucre-entregan-vias-en-parroquia-san-isidro\/\" \/>\n<meta property=\"og:site_name\" content=\"Prefectura de Manab\u00ed\" \/>\n<meta property=\"article:published_time\" content=\"2020-12-11T01:21:04+00:00\" \/>\n<meta name=\"author\" content=\"admin\" \/>\n<meta name=\"twitter:card\" content=\"summary_large_image\" \/>\n<meta name=\"twitter:label1\" content=\"Escrito por\" \/>\n\t<meta name=\"twitter:data1\" content=\"admin\" \/>\n\t<meta name=\"twitter:label2\" content=\"Tiempo de lectura\" \/>\n\t<meta name=\"twitter:data2\" content=\"2 minutos\" \/>\n<script type=\"application\/ld+json\" class=\"yoast-schema-graph\">{\"@context\":\"https:\\\/\\\/schema.org\",\"@graph\":[{\"@type\":\"Article\",\"@id\":\"https:\\\/\\\/www.manabi.gob.ec\\\/index.php\\\/gobierno-de-manabi-y-gad-sucre-entregan-vias-en-parroquia-san-isidro\\\/#article\",\"isPartOf\":{\"@id\":\"https:\\\/\\\/www.manabi.gob.ec\\\/index.php\\\/gobierno-de-manabi-y-gad-sucre-entregan-vias-en-parroquia-san-isidro\\\/\"},\"author\":{\"name\":\"admin\",\"@id\":\"https:\\\/\\\/www.manabi.gob.ec\\\/#\\\/schema\\\/person\\\/cfc71bd68fe2703b779edcc292a49722\"},\"headline\":\"GOBIERNO DE MANAB\u00cd Y GAD SUCRE ENTREGAN V\u00cdAS EN PARROQUIA SAN ISIDRO\",\"datePublished\":\"2020-12-11T01:21:04+00:00\",\"mainEntityOfPage\":{\"@id\":\"https:\\\/\\\/www.manabi.gob.ec\\\/index.php\\\/gobierno-de-manabi-y-gad-sucre-entregan-vias-en-parroquia-san-isidro\\\/\"},\"wordCount\":377,\"commentCount\":0,\"image\":{\"@id\":\"https:\\\/\\\/www.manabi.gob.ec\\\/index.php\\\/gobierno-de-manabi-y-gad-sucre-entregan-vias-en-parroquia-san-isidro\\\/#primaryimage\"},\"thumbnailUrl\":\"\",\"articleSection\":[\"Noticias\",\"Todas\"],\"inLanguage\":\"es\",\"potentialAction\":[{\"@type\":\"CommentAction\",\"name\":\"Comment\",\"target\":[\"https:\\\/\\\/www.manabi.gob.ec\\\/index.php\\\/gobierno-de-manabi-y-gad-sucre-entregan-vias-en-parroquia-san-isidro\\\/#respond\"]}]},{\"@type\":\"WebPage\",\"@id\":\"https:\\\/\\\/www.manabi.gob.ec\\\/index.php\\\/gobierno-de-manabi-y-gad-sucre-entregan-vias-en-parroquia-san-isidro\\\/\",\"url\":\"https:\\\/\\\/www.manabi.gob.ec\\\/index.php\\\/gobierno-de-manabi-y-gad-sucre-entregan-vias-en-parroquia-san-isidro\\\/\",\"name\":\"GOBIERNO DE MANAB\u00cd Y GAD SUCRE ENTREGAN V\u00cdAS EN PARROQUIA SAN ISIDRO - Prefectura de Manab\u00ed\",\"isPartOf\":{\"@id\":\"https:\\\/\\\/www.manabi.gob.ec\\\/#website\"},\"primaryImageOfPage\":{\"@id\":\"https:\\\/\\\/www.manabi.gob.ec\\\/index.php\\\/gobierno-de-manabi-y-gad-sucre-entregan-vias-en-parroquia-san-isidro\\\/#primaryimage\"},\"image\":{\"@id\":\"https:\\\/\\\/www.manabi.gob.ec\\\/index.php\\\/gobierno-de-manabi-y-gad-sucre-entregan-vias-en-parroquia-san-isidro\\\/#primaryimage\"},\"thumbnailUrl\":\"\",\"datePublished\":\"2020-12-11T01:21:04+00:00\",\"author\":{\"@id\":\"https:\\\/\\\/www.manabi.gob.ec\\\/#\\\/schema\\\/person\\\/cfc71bd68fe2703b779edcc292a49722\"},\"breadcrumb\":{\"@id\":\"https:\\\/\\\/www.manabi.gob.ec\\\/index.php\\\/gobierno-de-manabi-y-gad-sucre-entregan-vias-en-parroquia-san-isidro\\\/#breadcrumb\"},\"inLanguage\":\"es\",\"potentialAction\":[{\"@type\":\"ReadAction\",\"target\":[\"https:\\\/\\\/www.manabi.gob.ec\\\/index.php\\\/gobierno-de-manabi-y-gad-sucre-entregan-vias-en-parroquia-san-isidro\\\/\"]}]},{\"@type\":\"ImageObject\",\"inLanguage\":\"es\",\"@id\":\"https:\\\/\\\/www.manabi.gob.ec\\\/index.php\\\/gobierno-de-manabi-y-gad-sucre-entregan-vias-en-parroquia-san-isidro\\\/#primaryimage\",\"url\":\"\",\"contentUrl\":\"\"},{\"@type\":\"BreadcrumbList\",\"@id\":\"https:\\\/\\\/www.manabi.gob.ec\\\/index.php\\\/gobierno-de-manabi-y-gad-sucre-entregan-vias-en-parroquia-san-isidro\\\/#breadcrumb\",\"itemListElement\":[{\"@type\":\"ListItem\",\"position\":1,\"name\":\"Portada\",\"item\":\"https:\\\/\\\/www.manabi.gob.ec\\\/\"},{\"@type\":\"ListItem\",\"position\":2,\"name\":\"GOBIERNO DE MANAB\u00cd Y GAD SUCRE ENTREGAN V\u00cdAS EN PARROQUIA SAN ISIDRO\"}]},{\"@type\":\"WebSite\",\"@id\":\"https:\\\/\\\/www.manabi.gob.ec\\\/#website\",\"url\":\"https:\\\/\\\/www.manabi.gob.ec\\\/\",\"name\":\"Prefectura de Manab\u00ed\",\"description\":\"P\u00e1gina web de la prefectura\",\"potentialAction\":[{\"@type\":\"SearchAction\",\"target\":{\"@type\":\"EntryPoint\",\"urlTemplate\":\"https:\\\/\\\/www.manabi.gob.ec\\\/?s={search_term_string}\"},\"query-input\":{\"@type\":\"PropertyValueSpecification\",\"valueRequired\":true,\"valueName\":\"search_term_string\"}}],\"inLanguage\":\"es\"},{\"@type\":\"Person\",\"@id\":\"https:\\\/\\\/www.manabi.gob.ec\\\/#\\\/schema\\\/person\\\/cfc71bd68fe2703b779edcc292a49722\",\"name\":\"admin\",\"image\":{\"@type\":\"ImageObject\",\"inLanguage\":\"es\",\"@id\":\"https:\\\/\\\/secure.gravatar.com\\\/avatar\\\/23e9f919492b0a2f65aa168e0d8c5c867ea853b61deffbadf08c7031e15b8d78?s=96&d=mm&r=g\",\"url\":\"https:\\\/\\\/secure.gravatar.com\\\/avatar\\\/23e9f919492b0a2f65aa168e0d8c5c867ea853b61deffbadf08c7031e15b8d78?s=96&d=mm&r=g\",\"contentUrl\":\"https:\\\/\\\/secure.gravatar.com\\\/avatar\\\/23e9f919492b0a2f65aa168e0d8c5c867ea853b61deffbadf08c7031e15b8d78?s=96&d=mm&r=g\",\"caption\":\"admin\"},\"sameAs\":[\"http:\\\/\\\/www.manabi.gob.ec\"],\"url\":\"https:\\\/\\\/www.manabi.gob.ec\\\/index.php\\\/author\\\/admin\\\/\"}]}<\/script>\n<!-- \/ Yoast SEO plugin. -->","yoast_head_json":{"title":"GOBIERNO DE MANAB\u00cd Y GAD SUCRE ENTREGAN V\u00cdAS EN PARROQUIA SAN ISIDRO - Prefectura de Manab\u00ed","robots":{"index":"index","follow":"follow","max-snippet":"max-snippet:-1","max-image-preview":"max-image-preview:large","max-video-preview":"max-video-preview:-1"},"canonical":"https:\/\/www.manabi.gob.ec\/index.php\/gobierno-de-manabi-y-gad-sucre-entregan-vias-en-parroquia-san-isidro\/","og_locale":"es_ES","og_type":"article","og_title":"GOBIERNO DE MANAB\u00cd Y GAD SUCRE ENTREGAN V\u00cdAS EN PARROQUIA SAN ISIDRO - Prefectura de Manab\u00ed","og_description":"El mejoramiento de las v\u00edas Mata de Pl\u00e1tano &#8211; La Humedad &#8211; El Tope y Piquigua &#8211; El Progreso, de la parroquia San Isidro del cant\u00f3n sucre, cambi\u00f3 la vida a m\u00e1s de 3.200\u00a0 habitantes, quienes ahora podr\u00e1n tener mejor movilidad hacia la cabecera parroquial y cantonal\u00a0 y sacar sus productos a los mercados. Los [&hellip;]","og_url":"https:\/\/www.manabi.gob.ec\/index.php\/gobierno-de-manabi-y-gad-sucre-entregan-vias-en-parroquia-san-isidro\/","og_site_name":"Prefectura de Manab\u00ed","article_published_time":"2020-12-11T01:21:04+00:00","author":"admin","twitter_card":"summary_large_image","twitter_misc":{"Escrito por":"admin","Tiempo de lectura":"2 minutos"},"schema":{"@context":"https:\/\/schema.org","@graph":[{"@type":"Article","@id":"https:\/\/www.manabi.gob.ec\/index.php\/gobierno-de-manabi-y-gad-sucre-entregan-vias-en-parroquia-san-isidro\/#article","isPartOf":{"@id":"https:\/\/www.manabi.gob.ec\/index.php\/gobierno-de-manabi-y-gad-sucre-entregan-vias-en-parroquia-san-isidro\/"},"author":{"name":"admin","@id":"https:\/\/www.manabi.gob.ec\/#\/schema\/person\/cfc71bd68fe2703b779edcc292a49722"},"headline":"GOBIERNO DE MANAB\u00cd Y GAD SUCRE ENTREGAN V\u00cdAS EN PARROQUIA SAN ISIDRO","datePublished":"2020-12-11T01:21:04+00:00","mainEntityOfPage":{"@id":"https:\/\/www.manabi.gob.ec\/index.php\/gobierno-de-manabi-y-gad-sucre-entregan-vias-en-parroquia-san-isidro\/"},"wordCount":377,"commentCount":0,"image":{"@id":"https:\/\/www.manabi.gob.ec\/index.php\/gobierno-de-manabi-y-gad-sucre-entregan-vias-en-parroquia-san-isidro\/#primaryimage"},"thumbnailUrl":"","articleSection":["Noticias","Todas"],"inLanguage":"es","potentialAction":[{"@type":"CommentAction","name":"Comment","target":["https:\/\/www.manabi.gob.ec\/index.php\/gobierno-de-manabi-y-gad-sucre-entregan-vias-en-parroquia-san-isidro\/#respond"]}]},{"@type":"WebPage","@id":"https:\/\/www.manabi.gob.ec\/index.php\/gobierno-de-manabi-y-gad-sucre-entregan-vias-en-parroquia-san-isidro\/","url":"https:\/\/www.manabi.gob.ec\/index.php\/gobierno-de-manabi-y-gad-sucre-entregan-vias-en-parroquia-san-isidro\/","name":"GOBIERNO DE MANAB\u00cd Y GAD SUCRE ENTREGAN V\u00cdAS EN PARROQUIA SAN ISIDRO - Prefectura de Manab\u00ed","isPartOf":{"@id":"https:\/\/www.manabi.gob.ec\/#website"},"primaryImageOfPage":{"@id":"https:\/\/www.manabi.gob.ec\/index.php\/gobierno-de-manabi-y-gad-sucre-entregan-vias-en-parroquia-san-isidro\/#primaryimage"},"image":{"@id":"https:\/\/www.manabi.gob.ec\/index.php\/gobierno-de-manabi-y-gad-sucre-entregan-vias-en-parroquia-san-isidro\/#primaryimage"},"thumbnailUrl":"","datePublished":"2020-12-11T01:21:04+00:00","author":{"@id":"https:\/\/www.manabi.gob.ec\/#\/schema\/person\/cfc71bd68fe2703b779edcc292a49722"},"breadcrumb":{"@id":"https:\/\/www.manabi.gob.ec\/index.php\/gobierno-de-manabi-y-gad-sucre-entregan-vias-en-parroquia-san-isidro\/#breadcrumb"},"inLanguage":"es","potentialAction":[{"@type":"ReadAction","target":["https:\/\/www.manabi.gob.ec\/index.php\/gobierno-de-manabi-y-gad-sucre-entregan-vias-en-parroquia-san-isidro\/"]}]},{"@type":"ImageObject","inLanguage":"es","@id":"https:\/\/www.manabi.gob.ec\/index.php\/gobierno-de-manabi-y-gad-sucre-entregan-vias-en-parroquia-san-isidro\/#primaryimage","url":"","contentUrl":""},{"@type":"BreadcrumbList","@id":"https:\/\/www.manabi.gob.ec\/index.php\/gobierno-de-manabi-y-gad-sucre-entregan-vias-en-parroquia-san-isidro\/#breadcrumb","itemListElement":[{"@type":"ListItem","position":1,"name":"Portada","item":"https:\/\/www.manabi.gob.ec\/"},{"@type":"ListItem","position":2,"name":"GOBIERNO DE MANAB\u00cd Y GAD SUCRE ENTREGAN V\u00cdAS EN PARROQUIA SAN ISIDRO"}]},{"@type":"WebSite","@id":"https:\/\/www.manabi.gob.ec\/#website","url":"https:\/\/www.manabi.gob.ec\/","name":"Prefectura de Manab\u00ed","description":"P\u00e1gina web de la prefectura","potentialAction":[{"@type":"SearchAction","target":{"@type":"EntryPoint","urlTemplate":"https:\/\/www.manabi.gob.ec\/?s={search_term_string}"},"query-input":{"@type":"PropertyValueSpecification","valueRequired":true,"valueName":"search_term_string"}}],"inLanguage":"es"},{"@type":"Person","@id":"https:\/\/www.manabi.gob.ec\/#\/schema\/person\/cfc71bd68fe2703b779edcc292a49722","name":"admin","image":{"@type":"ImageObject","inLanguage":"es","@id":"https:\/\/secure.gravatar.com\/avatar\/23e9f919492b0a2f65aa168e0d8c5c867ea853b61deffbadf08c7031e15b8d78?s=96&d=mm&r=g","url":"https:\/\/secure.gravatar.com\/avatar\/23e9f919492b0a2f65aa168e0d8c5c867ea853b61deffbadf08c7031e15b8d78?s=96&d=mm&r=g","contentUrl":"https:\/\/secure.gravatar.com\/avatar\/23e9f919492b0a2f65aa168e0d8c5c867ea853b61deffbadf08c7031e15b8d78?s=96&d=mm&r=g","caption":"admin"},"sameAs":["http:\/\/www.manabi.gob.ec"],"url":"https:\/\/www.manabi.gob.ec\/index.php\/author\/admin\/"}]}},"jetpack_featured_media_url":"","_links":{"self":[{"href":"https:\/\/www.manabi.gob.ec\/index.php\/wp-json\/wp\/v2\/posts\/15360","targetHints":{"allow":["GET"]}}],"collection":[{"href":"https:\/\/www.manabi.gob.ec\/index.php\/wp-json\/wp\/v2\/posts"}],"about":[{"href":"https:\/\/www.manabi.gob.ec\/index.php\/wp-json\/wp\/v2\/types\/post"}],"author":[{"embeddable":true,"href":"https:\/\/www.manabi.gob.ec\/index.php\/wp-json\/wp\/v2\/users\/1"}],"replies":[{"embeddable":true,"href":"https:\/\/www.manabi.gob.ec\/index.php\/wp-json\/wp\/v2\/comments?post=15360"}],"version-history":[{"count":0,"href":"https:\/\/www.manabi.gob.ec\/index.php\/wp-json\/wp\/v2\/posts\/15360\/revisions"}],"wp:featuredmedia":[{"embeddable":true,"href":"https:\/\/www.manabi.gob.ec\/index.php\/wp-json\/wp\/v2\/posts\/14796"}],"wp:attachment":[{"href":"https:\/\/www.manabi.gob.ec\/index.php\/wp-json\/wp\/v2\/media?parent=15360"}],"wp:term":[{"taxonomy":"category","embeddable":true,"href":"https:\/\/www.manabi.gob.ec\/index.php\/wp-json\/wp\/v2\/categories?post=15360"},{"taxonomy":"post_tag","embeddable":true,"href":"https:\/\/www.manabi.gob.ec\/index.php\/wp-json\/wp\/v2\/tags?post=15360"}],"curies":[{"name":"wp","href":"https:\/\/api.w.org\/{rel}","templated":true}]}}