{"id":15361,"date":"2020-12-10T20:24:13","date_gmt":"2020-12-11T01:24:13","guid":{"rendered":"https:\/\/www.manabi.gob.ec\/?p=14797"},"modified":"2020-12-10T20:24:13","modified_gmt":"2020-12-11T01:24:13","slug":"utm-apoyara-a-gobierno-de-manabi-en-proyectos-de-desarrollo","status":"publish","type":"post","link":"https:\/\/www.manabi.gob.ec\/index.php\/utm-apoyara-a-gobierno-de-manabi-en-proyectos-de-desarrollo\/","title":{"rendered":"UTM  APOYAR\u00c1 A GOBIERNO DE MANAB\u00cd EN PROYECTOS DE DESARROLLO"},"content":{"rendered":"<p style=\"font-weight: 400; text-align: justify;\">Gobierno de Manab\u00ed y la parte acad\u00e9mica de la Universidad T\u00e9cnica se unen para trabajar en programas y proyectos que impulsen el desarrollo de la provincia.<\/p>\n<p style=\"font-weight: 400; text-align: justify;\">En ese objetivo, los directores de las \u00e1reas operativas del Gobierno de Manab\u00ed se reunieron con el rector de la Universidad T\u00e9cnica de Manab\u00ed, Vicente V\u00e9liz, decanos y catedr\u00e1ticos de esta instituci\u00f3n acad\u00e9mica para conocer sobre los proyectos que tiene la Prefectura, en los que se aspira aportar conocimientos\u00a0 para un mejorar resultados, y en otros casos aportar en\u00a0 dise\u00f1os y estudios de\u00a0 otros que ayuden en esta visi\u00f3n de impulsar su desarrollo de la provincia<\/p>\n<p style=\"font-weight: 400; text-align: justify;\">Se trat\u00f3 sobre los\u00a0\u00a0 proyectos de vialidad, especialmente los ejes de integraci\u00f3n de la provincia;\u00a0 proyectos de turismo, riego, fomento a la producci\u00f3n y desarrollo social.<\/p>\n<p style=\"font-weight: 400; text-align: justify;\">La idea es que la academia de la provincia participe en esa visi\u00f3n de hacer de Manab\u00ed un polo de desarrollo, con equidad y justicia social, con las que se han firmado\u00a0 convenio para ejecutar varios proyectos,\u00a0 como ambientales,\u00a0 forestales,\u00a0 en la actividad productiva,\u00a0 fomento a la ganader\u00eda,\u00a0 la investigaci\u00f3n\u00a0 en temas agropecuarios, entre otros.<\/p>\n<p style=\"font-weight: 400;\">\n","protected":false},"excerpt":{"rendered":"<p>Gobierno de Manab\u00ed y la parte acad\u00e9mica de la Universidad T\u00e9cnica se unen para trabajar en programas y proyectos que impulsen el desarrollo de la provincia. En ese objetivo, los directores de las \u00e1reas operativas del Gobierno de Manab\u00ed se reunieron con el rector de la Universidad T\u00e9cnica de Manab\u00ed, Vicente V\u00e9liz, decanos y catedr\u00e1ticos [&hellip;]<\/p>\n","protected":false},"author":1,"featured_media":14798,"comment_status":"open","ping_status":"open","sticky":false,"template":"","format":"standard","meta":{"_joinchat":[],"footnotes":""},"categories":[92,91],"tags":[],"class_list":["post-15361","post","type-post","status-publish","format-standard","has-post-thumbnail","hentry","category-noticias-manabi","category-todas"],"yoast_head":"<!-- This site is optimized with the Yoast SEO plugin v27.4 - https:\/\/yoast.com\/product\/yoast-seo-wordpress\/ -->\n<title>UTM APOYAR\u00c1 A GOBIERNO DE MANAB\u00cd EN PROYECTOS DE DESARROLLO - Prefectura de Manab\u00ed<\/title>\n<meta name=\"robots\" content=\"index, follow, max-snippet:-1, max-image-preview:large, max-video-preview:-1\" \/>\n<link rel=\"canonical\" href=\"https:\/\/www.manabi.gob.ec\/index.php\/utm-apoyara-a-gobierno-de-manabi-en-proyectos-de-desarrollo\/\" \/>\n<meta property=\"og:locale\" content=\"es_ES\" \/>\n<meta property=\"og:type\" content=\"article\" \/>\n<meta property=\"og:title\" content=\"UTM APOYAR\u00c1 A GOBIERNO DE MANAB\u00cd EN PROYECTOS DE DESARROLLO - Prefectura de Manab\u00ed\" \/>\n<meta property=\"og:description\" content=\"Gobierno de Manab\u00ed y la parte acad\u00e9mica de la Universidad T\u00e9cnica se unen para trabajar en programas y proyectos que impulsen el desarrollo de la provincia. En ese objetivo, los directores de las \u00e1reas operativas del Gobierno de Manab\u00ed se reunieron con el rector de la Universidad T\u00e9cnica de Manab\u00ed, Vicente V\u00e9liz, decanos y catedr\u00e1ticos [&hellip;]\" \/>\n<meta property=\"og:url\" content=\"https:\/\/www.manabi.gob.ec\/index.php\/utm-apoyara-a-gobierno-de-manabi-en-proyectos-de-desarrollo\/\" \/>\n<meta property=\"og:site_name\" content=\"Prefectura de Manab\u00ed\" \/>\n<meta property=\"article:published_time\" content=\"2020-12-11T01:24:13+00:00\" \/>\n<meta property=\"og:image\" content=\"https:\/\/www.manabi.gob.ec\/wp-content\/uploads\/2020\/12\/reunion-GPm-UTM-1.jpg\" \/>\n\t<meta property=\"og:image:width\" content=\"1032\" \/>\n\t<meta property=\"og:image:height\" content=\"489\" \/>\n\t<meta property=\"og:image:type\" content=\"image\/jpeg\" \/>\n<meta name=\"author\" content=\"admin\" \/>\n<meta name=\"twitter:card\" content=\"summary_large_image\" \/>\n<meta name=\"twitter:label1\" content=\"Escrito por\" \/>\n\t<meta name=\"twitter:data1\" content=\"admin\" \/>\n\t<meta name=\"twitter:label2\" content=\"Tiempo de lectura\" \/>\n\t<meta name=\"twitter:data2\" content=\"1 minuto\" \/>\n<script type=\"application\/ld+json\" class=\"yoast-schema-graph\">{\"@context\":\"https:\\\/\\\/schema.org\",\"@graph\":[{\"@type\":\"Article\",\"@id\":\"https:\\\/\\\/www.manabi.gob.ec\\\/index.php\\\/utm-apoyara-a-gobierno-de-manabi-en-proyectos-de-desarrollo\\\/#article\",\"isPartOf\":{\"@id\":\"https:\\\/\\\/www.manabi.gob.ec\\\/index.php\\\/utm-apoyara-a-gobierno-de-manabi-en-proyectos-de-desarrollo\\\/\"},\"author\":{\"name\":\"admin\",\"@id\":\"https:\\\/\\\/www.manabi.gob.ec\\\/#\\\/schema\\\/person\\\/cfc71bd68fe2703b779edcc292a49722\"},\"headline\":\"UTM APOYAR\u00c1 A GOBIERNO DE MANAB\u00cd EN PROYECTOS DE DESARROLLO\",\"datePublished\":\"2020-12-11T01:24:13+00:00\",\"mainEntityOfPage\":{\"@id\":\"https:\\\/\\\/www.manabi.gob.ec\\\/index.php\\\/utm-apoyara-a-gobierno-de-manabi-en-proyectos-de-desarrollo\\\/\"},\"wordCount\":207,\"commentCount\":0,\"image\":{\"@id\":\"https:\\\/\\\/www.manabi.gob.ec\\\/index.php\\\/utm-apoyara-a-gobierno-de-manabi-en-proyectos-de-desarrollo\\\/#primaryimage\"},\"thumbnailUrl\":\"https:\\\/\\\/www.manabi.gob.ec\\\/wp-content\\\/uploads\\\/2020\\\/12\\\/reunion-GPm-UTM-1.jpg\",\"articleSection\":[\"Noticias\",\"Todas\"],\"inLanguage\":\"es\",\"potentialAction\":[{\"@type\":\"CommentAction\",\"name\":\"Comment\",\"target\":[\"https:\\\/\\\/www.manabi.gob.ec\\\/index.php\\\/utm-apoyara-a-gobierno-de-manabi-en-proyectos-de-desarrollo\\\/#respond\"]}]},{\"@type\":\"WebPage\",\"@id\":\"https:\\\/\\\/www.manabi.gob.ec\\\/index.php\\\/utm-apoyara-a-gobierno-de-manabi-en-proyectos-de-desarrollo\\\/\",\"url\":\"https:\\\/\\\/www.manabi.gob.ec\\\/index.php\\\/utm-apoyara-a-gobierno-de-manabi-en-proyectos-de-desarrollo\\\/\",\"name\":\"UTM APOYAR\u00c1 A GOBIERNO DE MANAB\u00cd EN PROYECTOS DE DESARROLLO - Prefectura de Manab\u00ed\",\"isPartOf\":{\"@id\":\"https:\\\/\\\/www.manabi.gob.ec\\\/#website\"},\"primaryImageOfPage\":{\"@id\":\"https:\\\/\\\/www.manabi.gob.ec\\\/index.php\\\/utm-apoyara-a-gobierno-de-manabi-en-proyectos-de-desarrollo\\\/#primaryimage\"},\"image\":{\"@id\":\"https:\\\/\\\/www.manabi.gob.ec\\\/index.php\\\/utm-apoyara-a-gobierno-de-manabi-en-proyectos-de-desarrollo\\\/#primaryimage\"},\"thumbnailUrl\":\"https:\\\/\\\/www.manabi.gob.ec\\\/wp-content\\\/uploads\\\/2020\\\/12\\\/reunion-GPm-UTM-1.jpg\",\"datePublished\":\"2020-12-11T01:24:13+00:00\",\"author\":{\"@id\":\"https:\\\/\\\/www.manabi.gob.ec\\\/#\\\/schema\\\/person\\\/cfc71bd68fe2703b779edcc292a49722\"},\"breadcrumb\":{\"@id\":\"https:\\\/\\\/www.manabi.gob.ec\\\/index.php\\\/utm-apoyara-a-gobierno-de-manabi-en-proyectos-de-desarrollo\\\/#breadcrumb\"},\"inLanguage\":\"es\",\"potentialAction\":[{\"@type\":\"ReadAction\",\"target\":[\"https:\\\/\\\/www.manabi.gob.ec\\\/index.php\\\/utm-apoyara-a-gobierno-de-manabi-en-proyectos-de-desarrollo\\\/\"]}]},{\"@type\":\"ImageObject\",\"inLanguage\":\"es\",\"@id\":\"https:\\\/\\\/www.manabi.gob.ec\\\/index.php\\\/utm-apoyara-a-gobierno-de-manabi-en-proyectos-de-desarrollo\\\/#primaryimage\",\"url\":\"https:\\\/\\\/www.manabi.gob.ec\\\/wp-content\\\/uploads\\\/2020\\\/12\\\/reunion-GPm-UTM-1.jpg\",\"contentUrl\":\"https:\\\/\\\/www.manabi.gob.ec\\\/wp-content\\\/uploads\\\/2020\\\/12\\\/reunion-GPm-UTM-1.jpg\",\"width\":1032,\"height\":489},{\"@type\":\"BreadcrumbList\",\"@id\":\"https:\\\/\\\/www.manabi.gob.ec\\\/index.php\\\/utm-apoyara-a-gobierno-de-manabi-en-proyectos-de-desarrollo\\\/#breadcrumb\",\"itemListElement\":[{\"@type\":\"ListItem\",\"position\":1,\"name\":\"Portada\",\"item\":\"https:\\\/\\\/www.manabi.gob.ec\\\/\"},{\"@type\":\"ListItem\",\"position\":2,\"name\":\"UTM APOYAR\u00c1 A GOBIERNO DE MANAB\u00cd EN PROYECTOS DE DESARROLLO\"}]},{\"@type\":\"WebSite\",\"@id\":\"https:\\\/\\\/www.manabi.gob.ec\\\/#website\",\"url\":\"https:\\\/\\\/www.manabi.gob.ec\\\/\",\"name\":\"Prefectura de Manab\u00ed\",\"description\":\"P\u00e1gina web de la prefectura\",\"potentialAction\":[{\"@type\":\"SearchAction\",\"target\":{\"@type\":\"EntryPoint\",\"urlTemplate\":\"https:\\\/\\\/www.manabi.gob.ec\\\/?s={search_term_string}\"},\"query-input\":{\"@type\":\"PropertyValueSpecification\",\"valueRequired\":true,\"valueName\":\"search_term_string\"}}],\"inLanguage\":\"es\"},{\"@type\":\"Person\",\"@id\":\"https:\\\/\\\/www.manabi.gob.ec\\\/#\\\/schema\\\/person\\\/cfc71bd68fe2703b779edcc292a49722\",\"name\":\"admin\",\"image\":{\"@type\":\"ImageObject\",\"inLanguage\":\"es\",\"@id\":\"https:\\\/\\\/secure.gravatar.com\\\/avatar\\\/23e9f919492b0a2f65aa168e0d8c5c867ea853b61deffbadf08c7031e15b8d78?s=96&d=mm&r=g\",\"url\":\"https:\\\/\\\/secure.gravatar.com\\\/avatar\\\/23e9f919492b0a2f65aa168e0d8c5c867ea853b61deffbadf08c7031e15b8d78?s=96&d=mm&r=g\",\"contentUrl\":\"https:\\\/\\\/secure.gravatar.com\\\/avatar\\\/23e9f919492b0a2f65aa168e0d8c5c867ea853b61deffbadf08c7031e15b8d78?s=96&d=mm&r=g\",\"caption\":\"admin\"},\"sameAs\":[\"http:\\\/\\\/www.manabi.gob.ec\"],\"url\":\"https:\\\/\\\/www.manabi.gob.ec\\\/index.php\\\/author\\\/admin\\\/\"}]}<\/script>\n<!-- \/ Yoast SEO plugin. -->","yoast_head_json":{"title":"UTM APOYAR\u00c1 A GOBIERNO DE MANAB\u00cd EN PROYECTOS DE DESARROLLO - Prefectura de Manab\u00ed","robots":{"index":"index","follow":"follow","max-snippet":"max-snippet:-1","max-image-preview":"max-image-preview:large","max-video-preview":"max-video-preview:-1"},"canonical":"https:\/\/www.manabi.gob.ec\/index.php\/utm-apoyara-a-gobierno-de-manabi-en-proyectos-de-desarrollo\/","og_locale":"es_ES","og_type":"article","og_title":"UTM APOYAR\u00c1 A GOBIERNO DE MANAB\u00cd EN PROYECTOS DE DESARROLLO - Prefectura de Manab\u00ed","og_description":"Gobierno de Manab\u00ed y la parte acad\u00e9mica de la Universidad T\u00e9cnica se unen para trabajar en programas y proyectos que impulsen el desarrollo de la provincia. En ese objetivo, los directores de las \u00e1reas operativas del Gobierno de Manab\u00ed se reunieron con el rector de la Universidad T\u00e9cnica de Manab\u00ed, Vicente V\u00e9liz, decanos y catedr\u00e1ticos [&hellip;]","og_url":"https:\/\/www.manabi.gob.ec\/index.php\/utm-apoyara-a-gobierno-de-manabi-en-proyectos-de-desarrollo\/","og_site_name":"Prefectura de Manab\u00ed","article_published_time":"2020-12-11T01:24:13+00:00","og_image":[{"width":1032,"height":489,"url":"https:\/\/www.manabi.gob.ec\/wp-content\/uploads\/2020\/12\/reunion-GPm-UTM-1.jpg","type":"image\/jpeg"}],"author":"admin","twitter_card":"summary_large_image","twitter_misc":{"Escrito por":"admin","Tiempo de lectura":"1 minuto"},"schema":{"@context":"https:\/\/schema.org","@graph":[{"@type":"Article","@id":"https:\/\/www.manabi.gob.ec\/index.php\/utm-apoyara-a-gobierno-de-manabi-en-proyectos-de-desarrollo\/#article","isPartOf":{"@id":"https:\/\/www.manabi.gob.ec\/index.php\/utm-apoyara-a-gobierno-de-manabi-en-proyectos-de-desarrollo\/"},"author":{"name":"admin","@id":"https:\/\/www.manabi.gob.ec\/#\/schema\/person\/cfc71bd68fe2703b779edcc292a49722"},"headline":"UTM APOYAR\u00c1 A GOBIERNO DE MANAB\u00cd EN PROYECTOS DE DESARROLLO","datePublished":"2020-12-11T01:24:13+00:00","mainEntityOfPage":{"@id":"https:\/\/www.manabi.gob.ec\/index.php\/utm-apoyara-a-gobierno-de-manabi-en-proyectos-de-desarrollo\/"},"wordCount":207,"commentCount":0,"image":{"@id":"https:\/\/www.manabi.gob.ec\/index.php\/utm-apoyara-a-gobierno-de-manabi-en-proyectos-de-desarrollo\/#primaryimage"},"thumbnailUrl":"https:\/\/www.manabi.gob.ec\/wp-content\/uploads\/2020\/12\/reunion-GPm-UTM-1.jpg","articleSection":["Noticias","Todas"],"inLanguage":"es","potentialAction":[{"@type":"CommentAction","name":"Comment","target":["https:\/\/www.manabi.gob.ec\/index.php\/utm-apoyara-a-gobierno-de-manabi-en-proyectos-de-desarrollo\/#respond"]}]},{"@type":"WebPage","@id":"https:\/\/www.manabi.gob.ec\/index.php\/utm-apoyara-a-gobierno-de-manabi-en-proyectos-de-desarrollo\/","url":"https:\/\/www.manabi.gob.ec\/index.php\/utm-apoyara-a-gobierno-de-manabi-en-proyectos-de-desarrollo\/","name":"UTM APOYAR\u00c1 A GOBIERNO DE MANAB\u00cd EN PROYECTOS DE DESARROLLO - Prefectura de Manab\u00ed","isPartOf":{"@id":"https:\/\/www.manabi.gob.ec\/#website"},"primaryImageOfPage":{"@id":"https:\/\/www.manabi.gob.ec\/index.php\/utm-apoyara-a-gobierno-de-manabi-en-proyectos-de-desarrollo\/#primaryimage"},"image":{"@id":"https:\/\/www.manabi.gob.ec\/index.php\/utm-apoyara-a-gobierno-de-manabi-en-proyectos-de-desarrollo\/#primaryimage"},"thumbnailUrl":"https:\/\/www.manabi.gob.ec\/wp-content\/uploads\/2020\/12\/reunion-GPm-UTM-1.jpg","datePublished":"2020-12-11T01:24:13+00:00","author":{"@id":"https:\/\/www.manabi.gob.ec\/#\/schema\/person\/cfc71bd68fe2703b779edcc292a49722"},"breadcrumb":{"@id":"https:\/\/www.manabi.gob.ec\/index.php\/utm-apoyara-a-gobierno-de-manabi-en-proyectos-de-desarrollo\/#breadcrumb"},"inLanguage":"es","potentialAction":[{"@type":"ReadAction","target":["https:\/\/www.manabi.gob.ec\/index.php\/utm-apoyara-a-gobierno-de-manabi-en-proyectos-de-desarrollo\/"]}]},{"@type":"ImageObject","inLanguage":"es","@id":"https:\/\/www.manabi.gob.ec\/index.php\/utm-apoyara-a-gobierno-de-manabi-en-proyectos-de-desarrollo\/#primaryimage","url":"https:\/\/www.manabi.gob.ec\/wp-content\/uploads\/2020\/12\/reunion-GPm-UTM-1.jpg","contentUrl":"https:\/\/www.manabi.gob.ec\/wp-content\/uploads\/2020\/12\/reunion-GPm-UTM-1.jpg","width":1032,"height":489},{"@type":"BreadcrumbList","@id":"https:\/\/www.manabi.gob.ec\/index.php\/utm-apoyara-a-gobierno-de-manabi-en-proyectos-de-desarrollo\/#breadcrumb","itemListElement":[{"@type":"ListItem","position":1,"name":"Portada","item":"https:\/\/www.manabi.gob.ec\/"},{"@type":"ListItem","position":2,"name":"UTM APOYAR\u00c1 A GOBIERNO DE MANAB\u00cd EN PROYECTOS DE DESARROLLO"}]},{"@type":"WebSite","@id":"https:\/\/www.manabi.gob.ec\/#website","url":"https:\/\/www.manabi.gob.ec\/","name":"Prefectura de Manab\u00ed","description":"P\u00e1gina web de la prefectura","potentialAction":[{"@type":"SearchAction","target":{"@type":"EntryPoint","urlTemplate":"https:\/\/www.manabi.gob.ec\/?s={search_term_string}"},"query-input":{"@type":"PropertyValueSpecification","valueRequired":true,"valueName":"search_term_string"}}],"inLanguage":"es"},{"@type":"Person","@id":"https:\/\/www.manabi.gob.ec\/#\/schema\/person\/cfc71bd68fe2703b779edcc292a49722","name":"admin","image":{"@type":"ImageObject","inLanguage":"es","@id":"https:\/\/secure.gravatar.com\/avatar\/23e9f919492b0a2f65aa168e0d8c5c867ea853b61deffbadf08c7031e15b8d78?s=96&d=mm&r=g","url":"https:\/\/secure.gravatar.com\/avatar\/23e9f919492b0a2f65aa168e0d8c5c867ea853b61deffbadf08c7031e15b8d78?s=96&d=mm&r=g","contentUrl":"https:\/\/secure.gravatar.com\/avatar\/23e9f919492b0a2f65aa168e0d8c5c867ea853b61deffbadf08c7031e15b8d78?s=96&d=mm&r=g","caption":"admin"},"sameAs":["http:\/\/www.manabi.gob.ec"],"url":"https:\/\/www.manabi.gob.ec\/index.php\/author\/admin\/"}]}},"jetpack_featured_media_url":"https:\/\/www.manabi.gob.ec\/wp-content\/uploads\/2020\/12\/reunion-GPm-UTM-1.jpg","_links":{"self":[{"href":"https:\/\/www.manabi.gob.ec\/index.php\/wp-json\/wp\/v2\/posts\/15361","targetHints":{"allow":["GET"]}}],"collection":[{"href":"https:\/\/www.manabi.gob.ec\/index.php\/wp-json\/wp\/v2\/posts"}],"about":[{"href":"https:\/\/www.manabi.gob.ec\/index.php\/wp-json\/wp\/v2\/types\/post"}],"author":[{"embeddable":true,"href":"https:\/\/www.manabi.gob.ec\/index.php\/wp-json\/wp\/v2\/users\/1"}],"replies":[{"embeddable":true,"href":"https:\/\/www.manabi.gob.ec\/index.php\/wp-json\/wp\/v2\/comments?post=15361"}],"version-history":[{"count":0,"href":"https:\/\/www.manabi.gob.ec\/index.php\/wp-json\/wp\/v2\/posts\/15361\/revisions"}],"wp:featuredmedia":[{"embeddable":true,"href":"https:\/\/www.manabi.gob.ec\/index.php\/wp-json\/wp\/v2\/media\/14798"}],"wp:attachment":[{"href":"https:\/\/www.manabi.gob.ec\/index.php\/wp-json\/wp\/v2\/media?parent=15361"}],"wp:term":[{"taxonomy":"category","embeddable":true,"href":"https:\/\/www.manabi.gob.ec\/index.php\/wp-json\/wp\/v2\/categories?post=15361"},{"taxonomy":"post_tag","embeddable":true,"href":"https:\/\/www.manabi.gob.ec\/index.php\/wp-json\/wp\/v2\/tags?post=15361"}],"curies":[{"name":"wp","href":"https:\/\/api.w.org\/{rel}","templated":true}]}}