{"id":15369,"date":"2020-12-12T10:42:43","date_gmt":"2020-12-12T15:42:43","guid":{"rendered":"https:\/\/www.manabi.gob.ec\/?p=14807"},"modified":"2020-12-12T10:42:43","modified_gmt":"2020-12-12T15:42:43","slug":"mas-de-600-personas-se-conectan-al-desarrollo","status":"publish","type":"post","link":"https:\/\/www.manabi.gob.ec\/index.php\/mas-de-600-personas-se-conectan-al-desarrollo\/","title":{"rendered":"M\u00e1s de 600 personas se conectan al desarrollo"},"content":{"rendered":"<p style=\"text-align: justify;\">M\u00e1s de 600 personas de la parroquia Cascol del cant\u00f3n Paj\u00e1n, se benefician con la rehabilitaci\u00f3n de la v\u00eda Buenos Aires &#8211; San Pablo de Las Maravillas \u2013 Italia, trabajos ejecutados por el Gobierno de Manab\u00ed.<\/p>\n<p style=\"text-align: justify;\">\n<p style=\"text-align: justify;\">Son 5.8 km de longitud rehabilitados a nivel de mejoramiento, camino rural que el prefecto Leonardo Orlando, entregar\u00e1 a la comunidad este domingo 13 de noviembre, en el marco de la celebraci\u00f3n de aniversario de parroquializaci\u00f3n de Cascol.<\/p>\n<p style=\"text-align: justify;\">\n<p style=\"text-align: justify;\">En homenaje a esta festividad, el Prefecto cumplir\u00e1 una agenda de actividades en la parroquia y participar\u00e1 de la sesi\u00f3n solemne por el aniversario 67 de vida pol\u00edtica parroquial de Cascol.<\/p>\n<p style=\"text-align: justify;\">\n<p style=\"text-align: justify;\">La rehabilitaci\u00f3n de la v\u00eda demand\u00f3 una inversi\u00f3n de 83 mil 325 d\u00f3lares, se realiz\u00f3 bajo la modalidad de ferias inclusivas.<\/p>\n<p style=\"text-align: justify;\">\n<p style=\"text-align: justify;\">\u201cEsta v\u00eda favorece a tres comunidades: La Italia, San Pablo de Las Maravillas y \u00daltimos Palmares, y producimos de todo en especial ma\u00edz\u201d, expres\u00f3 Fanny Cercado, miembro del Gobierno Parroquial de Cascol.<\/p>\n<p style=\"text-align: justify;\">\n<p style=\"text-align: justify;\">\u201cAntes era muy dif\u00edcil salir a Cascol, ahora lo hacemos con m\u00e1s frecuencia y en menos tiempo\u00bb, dijo Mar\u00eda Lourdes Salvador, de la comunidad San Pablo de Las Maravillas.<\/p>\n<p>&nbsp;<\/p>\n<p>La direcci\u00f3n de Gesti\u00f3n y Mantenimiento Vial\u00a0 del Gobierno de Manab\u00ed tiene planificado intervenir con material de mejoramiento en 21,50 km de caminos veraneros\u00a0 en esta parroquia, como parte del Plan Vial Rural 2020, que impulsa la actual administraci\u00f3n provincial.<\/p>\n","protected":false},"excerpt":{"rendered":"<p>M\u00e1s de 600 personas de la parroquia Cascol del cant\u00f3n Paj\u00e1n, se benefician con la rehabilitaci\u00f3n de la v\u00eda Buenos Aires &#8211; San Pablo de Las Maravillas \u2013 Italia, trabajos ejecutados por el Gobierno de Manab\u00ed. Son 5.8 km de longitud rehabilitados a nivel de mejoramiento, camino rural que el prefecto Leonardo Orlando, entregar\u00e1 a [&hellip;]<\/p>\n","protected":false},"author":1,"featured_media":14808,"comment_status":"open","ping_status":"open","sticky":false,"template":"","format":"standard","meta":{"_joinchat":[],"footnotes":""},"categories":[92,91],"tags":[],"class_list":["post-15369","post","type-post","status-publish","format-standard","has-post-thumbnail","hentry","category-noticias-manabi","category-todas"],"yoast_head":"<!-- This site is optimized with the Yoast SEO plugin v27.4 - https:\/\/yoast.com\/product\/yoast-seo-wordpress\/ -->\n<title>M\u00e1s de 600 personas se conectan al desarrollo - Prefectura de Manab\u00ed<\/title>\n<meta name=\"robots\" content=\"index, follow, max-snippet:-1, max-image-preview:large, max-video-preview:-1\" \/>\n<link rel=\"canonical\" href=\"https:\/\/www.manabi.gob.ec\/index.php\/mas-de-600-personas-se-conectan-al-desarrollo\/\" \/>\n<meta property=\"og:locale\" content=\"es_ES\" \/>\n<meta property=\"og:type\" content=\"article\" \/>\n<meta property=\"og:title\" content=\"M\u00e1s de 600 personas se conectan al desarrollo - Prefectura de Manab\u00ed\" \/>\n<meta property=\"og:description\" content=\"M\u00e1s de 600 personas de la parroquia Cascol del cant\u00f3n Paj\u00e1n, se benefician con la rehabilitaci\u00f3n de la v\u00eda Buenos Aires &#8211; San Pablo de Las Maravillas \u2013 Italia, trabajos ejecutados por el Gobierno de Manab\u00ed. Son 5.8 km de longitud rehabilitados a nivel de mejoramiento, camino rural que el prefecto Leonardo Orlando, entregar\u00e1 a [&hellip;]\" \/>\n<meta property=\"og:url\" content=\"https:\/\/www.manabi.gob.ec\/index.php\/mas-de-600-personas-se-conectan-al-desarrollo\/\" \/>\n<meta property=\"og:site_name\" content=\"Prefectura de Manab\u00ed\" \/>\n<meta property=\"article:published_time\" content=\"2020-12-12T15:42:43+00:00\" \/>\n<meta name=\"author\" content=\"admin\" \/>\n<meta name=\"twitter:card\" content=\"summary_large_image\" \/>\n<meta name=\"twitter:label1\" content=\"Escrito por\" \/>\n\t<meta name=\"twitter:data1\" content=\"admin\" \/>\n\t<meta name=\"twitter:label2\" content=\"Tiempo de lectura\" \/>\n\t<meta name=\"twitter:data2\" content=\"1 minuto\" \/>\n<script type=\"application\/ld+json\" class=\"yoast-schema-graph\">{\"@context\":\"https:\\\/\\\/schema.org\",\"@graph\":[{\"@type\":\"Article\",\"@id\":\"https:\\\/\\\/www.manabi.gob.ec\\\/index.php\\\/mas-de-600-personas-se-conectan-al-desarrollo\\\/#article\",\"isPartOf\":{\"@id\":\"https:\\\/\\\/www.manabi.gob.ec\\\/index.php\\\/mas-de-600-personas-se-conectan-al-desarrollo\\\/\"},\"author\":{\"name\":\"admin\",\"@id\":\"https:\\\/\\\/www.manabi.gob.ec\\\/#\\\/schema\\\/person\\\/cfc71bd68fe2703b779edcc292a49722\"},\"headline\":\"M\u00e1s de 600 personas se conectan al desarrollo\",\"datePublished\":\"2020-12-12T15:42:43+00:00\",\"mainEntityOfPage\":{\"@id\":\"https:\\\/\\\/www.manabi.gob.ec\\\/index.php\\\/mas-de-600-personas-se-conectan-al-desarrollo\\\/\"},\"wordCount\":248,\"commentCount\":0,\"image\":{\"@id\":\"https:\\\/\\\/www.manabi.gob.ec\\\/index.php\\\/mas-de-600-personas-se-conectan-al-desarrollo\\\/#primaryimage\"},\"thumbnailUrl\":\"\",\"articleSection\":[\"Noticias\",\"Todas\"],\"inLanguage\":\"es\",\"potentialAction\":[{\"@type\":\"CommentAction\",\"name\":\"Comment\",\"target\":[\"https:\\\/\\\/www.manabi.gob.ec\\\/index.php\\\/mas-de-600-personas-se-conectan-al-desarrollo\\\/#respond\"]}]},{\"@type\":\"WebPage\",\"@id\":\"https:\\\/\\\/www.manabi.gob.ec\\\/index.php\\\/mas-de-600-personas-se-conectan-al-desarrollo\\\/\",\"url\":\"https:\\\/\\\/www.manabi.gob.ec\\\/index.php\\\/mas-de-600-personas-se-conectan-al-desarrollo\\\/\",\"name\":\"M\u00e1s de 600 personas se conectan al desarrollo - Prefectura de Manab\u00ed\",\"isPartOf\":{\"@id\":\"https:\\\/\\\/www.manabi.gob.ec\\\/#website\"},\"primaryImageOfPage\":{\"@id\":\"https:\\\/\\\/www.manabi.gob.ec\\\/index.php\\\/mas-de-600-personas-se-conectan-al-desarrollo\\\/#primaryimage\"},\"image\":{\"@id\":\"https:\\\/\\\/www.manabi.gob.ec\\\/index.php\\\/mas-de-600-personas-se-conectan-al-desarrollo\\\/#primaryimage\"},\"thumbnailUrl\":\"\",\"datePublished\":\"2020-12-12T15:42:43+00:00\",\"author\":{\"@id\":\"https:\\\/\\\/www.manabi.gob.ec\\\/#\\\/schema\\\/person\\\/cfc71bd68fe2703b779edcc292a49722\"},\"breadcrumb\":{\"@id\":\"https:\\\/\\\/www.manabi.gob.ec\\\/index.php\\\/mas-de-600-personas-se-conectan-al-desarrollo\\\/#breadcrumb\"},\"inLanguage\":\"es\",\"potentialAction\":[{\"@type\":\"ReadAction\",\"target\":[\"https:\\\/\\\/www.manabi.gob.ec\\\/index.php\\\/mas-de-600-personas-se-conectan-al-desarrollo\\\/\"]}]},{\"@type\":\"ImageObject\",\"inLanguage\":\"es\",\"@id\":\"https:\\\/\\\/www.manabi.gob.ec\\\/index.php\\\/mas-de-600-personas-se-conectan-al-desarrollo\\\/#primaryimage\",\"url\":\"\",\"contentUrl\":\"\"},{\"@type\":\"BreadcrumbList\",\"@id\":\"https:\\\/\\\/www.manabi.gob.ec\\\/index.php\\\/mas-de-600-personas-se-conectan-al-desarrollo\\\/#breadcrumb\",\"itemListElement\":[{\"@type\":\"ListItem\",\"position\":1,\"name\":\"Portada\",\"item\":\"https:\\\/\\\/www.manabi.gob.ec\\\/\"},{\"@type\":\"ListItem\",\"position\":2,\"name\":\"M\u00e1s de 600 personas se conectan al desarrollo\"}]},{\"@type\":\"WebSite\",\"@id\":\"https:\\\/\\\/www.manabi.gob.ec\\\/#website\",\"url\":\"https:\\\/\\\/www.manabi.gob.ec\\\/\",\"name\":\"Prefectura de Manab\u00ed\",\"description\":\"P\u00e1gina web de la prefectura\",\"potentialAction\":[{\"@type\":\"SearchAction\",\"target\":{\"@type\":\"EntryPoint\",\"urlTemplate\":\"https:\\\/\\\/www.manabi.gob.ec\\\/?s={search_term_string}\"},\"query-input\":{\"@type\":\"PropertyValueSpecification\",\"valueRequired\":true,\"valueName\":\"search_term_string\"}}],\"inLanguage\":\"es\"},{\"@type\":\"Person\",\"@id\":\"https:\\\/\\\/www.manabi.gob.ec\\\/#\\\/schema\\\/person\\\/cfc71bd68fe2703b779edcc292a49722\",\"name\":\"admin\",\"image\":{\"@type\":\"ImageObject\",\"inLanguage\":\"es\",\"@id\":\"https:\\\/\\\/secure.gravatar.com\\\/avatar\\\/23e9f919492b0a2f65aa168e0d8c5c867ea853b61deffbadf08c7031e15b8d78?s=96&d=mm&r=g\",\"url\":\"https:\\\/\\\/secure.gravatar.com\\\/avatar\\\/23e9f919492b0a2f65aa168e0d8c5c867ea853b61deffbadf08c7031e15b8d78?s=96&d=mm&r=g\",\"contentUrl\":\"https:\\\/\\\/secure.gravatar.com\\\/avatar\\\/23e9f919492b0a2f65aa168e0d8c5c867ea853b61deffbadf08c7031e15b8d78?s=96&d=mm&r=g\",\"caption\":\"admin\"},\"sameAs\":[\"http:\\\/\\\/www.manabi.gob.ec\"],\"url\":\"https:\\\/\\\/www.manabi.gob.ec\\\/index.php\\\/author\\\/admin\\\/\"}]}<\/script>\n<!-- \/ Yoast SEO plugin. -->","yoast_head_json":{"title":"M\u00e1s de 600 personas se conectan al desarrollo - Prefectura de Manab\u00ed","robots":{"index":"index","follow":"follow","max-snippet":"max-snippet:-1","max-image-preview":"max-image-preview:large","max-video-preview":"max-video-preview:-1"},"canonical":"https:\/\/www.manabi.gob.ec\/index.php\/mas-de-600-personas-se-conectan-al-desarrollo\/","og_locale":"es_ES","og_type":"article","og_title":"M\u00e1s de 600 personas se conectan al desarrollo - Prefectura de Manab\u00ed","og_description":"M\u00e1s de 600 personas de la parroquia Cascol del cant\u00f3n Paj\u00e1n, se benefician con la rehabilitaci\u00f3n de la v\u00eda Buenos Aires &#8211; San Pablo de Las Maravillas \u2013 Italia, trabajos ejecutados por el Gobierno de Manab\u00ed. Son 5.8 km de longitud rehabilitados a nivel de mejoramiento, camino rural que el prefecto Leonardo Orlando, entregar\u00e1 a [&hellip;]","og_url":"https:\/\/www.manabi.gob.ec\/index.php\/mas-de-600-personas-se-conectan-al-desarrollo\/","og_site_name":"Prefectura de Manab\u00ed","article_published_time":"2020-12-12T15:42:43+00:00","author":"admin","twitter_card":"summary_large_image","twitter_misc":{"Escrito por":"admin","Tiempo de lectura":"1 minuto"},"schema":{"@context":"https:\/\/schema.org","@graph":[{"@type":"Article","@id":"https:\/\/www.manabi.gob.ec\/index.php\/mas-de-600-personas-se-conectan-al-desarrollo\/#article","isPartOf":{"@id":"https:\/\/www.manabi.gob.ec\/index.php\/mas-de-600-personas-se-conectan-al-desarrollo\/"},"author":{"name":"admin","@id":"https:\/\/www.manabi.gob.ec\/#\/schema\/person\/cfc71bd68fe2703b779edcc292a49722"},"headline":"M\u00e1s de 600 personas se conectan al desarrollo","datePublished":"2020-12-12T15:42:43+00:00","mainEntityOfPage":{"@id":"https:\/\/www.manabi.gob.ec\/index.php\/mas-de-600-personas-se-conectan-al-desarrollo\/"},"wordCount":248,"commentCount":0,"image":{"@id":"https:\/\/www.manabi.gob.ec\/index.php\/mas-de-600-personas-se-conectan-al-desarrollo\/#primaryimage"},"thumbnailUrl":"","articleSection":["Noticias","Todas"],"inLanguage":"es","potentialAction":[{"@type":"CommentAction","name":"Comment","target":["https:\/\/www.manabi.gob.ec\/index.php\/mas-de-600-personas-se-conectan-al-desarrollo\/#respond"]}]},{"@type":"WebPage","@id":"https:\/\/www.manabi.gob.ec\/index.php\/mas-de-600-personas-se-conectan-al-desarrollo\/","url":"https:\/\/www.manabi.gob.ec\/index.php\/mas-de-600-personas-se-conectan-al-desarrollo\/","name":"M\u00e1s de 600 personas se conectan al desarrollo - Prefectura de Manab\u00ed","isPartOf":{"@id":"https:\/\/www.manabi.gob.ec\/#website"},"primaryImageOfPage":{"@id":"https:\/\/www.manabi.gob.ec\/index.php\/mas-de-600-personas-se-conectan-al-desarrollo\/#primaryimage"},"image":{"@id":"https:\/\/www.manabi.gob.ec\/index.php\/mas-de-600-personas-se-conectan-al-desarrollo\/#primaryimage"},"thumbnailUrl":"","datePublished":"2020-12-12T15:42:43+00:00","author":{"@id":"https:\/\/www.manabi.gob.ec\/#\/schema\/person\/cfc71bd68fe2703b779edcc292a49722"},"breadcrumb":{"@id":"https:\/\/www.manabi.gob.ec\/index.php\/mas-de-600-personas-se-conectan-al-desarrollo\/#breadcrumb"},"inLanguage":"es","potentialAction":[{"@type":"ReadAction","target":["https:\/\/www.manabi.gob.ec\/index.php\/mas-de-600-personas-se-conectan-al-desarrollo\/"]}]},{"@type":"ImageObject","inLanguage":"es","@id":"https:\/\/www.manabi.gob.ec\/index.php\/mas-de-600-personas-se-conectan-al-desarrollo\/#primaryimage","url":"","contentUrl":""},{"@type":"BreadcrumbList","@id":"https:\/\/www.manabi.gob.ec\/index.php\/mas-de-600-personas-se-conectan-al-desarrollo\/#breadcrumb","itemListElement":[{"@type":"ListItem","position":1,"name":"Portada","item":"https:\/\/www.manabi.gob.ec\/"},{"@type":"ListItem","position":2,"name":"M\u00e1s de 600 personas se conectan al desarrollo"}]},{"@type":"WebSite","@id":"https:\/\/www.manabi.gob.ec\/#website","url":"https:\/\/www.manabi.gob.ec\/","name":"Prefectura de Manab\u00ed","description":"P\u00e1gina web de la prefectura","potentialAction":[{"@type":"SearchAction","target":{"@type":"EntryPoint","urlTemplate":"https:\/\/www.manabi.gob.ec\/?s={search_term_string}"},"query-input":{"@type":"PropertyValueSpecification","valueRequired":true,"valueName":"search_term_string"}}],"inLanguage":"es"},{"@type":"Person","@id":"https:\/\/www.manabi.gob.ec\/#\/schema\/person\/cfc71bd68fe2703b779edcc292a49722","name":"admin","image":{"@type":"ImageObject","inLanguage":"es","@id":"https:\/\/secure.gravatar.com\/avatar\/23e9f919492b0a2f65aa168e0d8c5c867ea853b61deffbadf08c7031e15b8d78?s=96&d=mm&r=g","url":"https:\/\/secure.gravatar.com\/avatar\/23e9f919492b0a2f65aa168e0d8c5c867ea853b61deffbadf08c7031e15b8d78?s=96&d=mm&r=g","contentUrl":"https:\/\/secure.gravatar.com\/avatar\/23e9f919492b0a2f65aa168e0d8c5c867ea853b61deffbadf08c7031e15b8d78?s=96&d=mm&r=g","caption":"admin"},"sameAs":["http:\/\/www.manabi.gob.ec"],"url":"https:\/\/www.manabi.gob.ec\/index.php\/author\/admin\/"}]}},"jetpack_featured_media_url":"","_links":{"self":[{"href":"https:\/\/www.manabi.gob.ec\/index.php\/wp-json\/wp\/v2\/posts\/15369","targetHints":{"allow":["GET"]}}],"collection":[{"href":"https:\/\/www.manabi.gob.ec\/index.php\/wp-json\/wp\/v2\/posts"}],"about":[{"href":"https:\/\/www.manabi.gob.ec\/index.php\/wp-json\/wp\/v2\/types\/post"}],"author":[{"embeddable":true,"href":"https:\/\/www.manabi.gob.ec\/index.php\/wp-json\/wp\/v2\/users\/1"}],"replies":[{"embeddable":true,"href":"https:\/\/www.manabi.gob.ec\/index.php\/wp-json\/wp\/v2\/comments?post=15369"}],"version-history":[{"count":0,"href":"https:\/\/www.manabi.gob.ec\/index.php\/wp-json\/wp\/v2\/posts\/15369\/revisions"}],"wp:featuredmedia":[{"embeddable":true,"href":"https:\/\/www.manabi.gob.ec\/index.php\/wp-json\/"}],"wp:attachment":[{"href":"https:\/\/www.manabi.gob.ec\/index.php\/wp-json\/wp\/v2\/media?parent=15369"}],"wp:term":[{"taxonomy":"category","embeddable":true,"href":"https:\/\/www.manabi.gob.ec\/index.php\/wp-json\/wp\/v2\/categories?post=15369"},{"taxonomy":"post_tag","embeddable":true,"href":"https:\/\/www.manabi.gob.ec\/index.php\/wp-json\/wp\/v2\/tags?post=15369"}],"curies":[{"name":"wp","href":"https:\/\/api.w.org\/{rel}","templated":true}]}}