{"id":15376,"date":"2020-12-16T15:07:48","date_gmt":"2020-12-16T20:07:48","guid":{"rendered":"https:\/\/www.manabi.gob.ec\/?p=14825"},"modified":"2020-12-16T15:07:48","modified_gmt":"2020-12-16T20:07:48","slug":"nueva-via-rural-en-pajan-integra-a-5-comunidades","status":"publish","type":"post","link":"https:\/\/www.manabi.gob.ec\/index.php\/nueva-via-rural-en-pajan-integra-a-5-comunidades\/","title":{"rendered":"Nueva v\u00eda rural en Paj\u00e1n integra a 5 comunidades"},"content":{"rendered":"<p style=\"font-weight: 400; text-align: justify;\">Nuevas v\u00edas rurales son aperturadas por el Gobierno de Manab\u00ed\u00a0 en Paj\u00e1n,\u00a0 lo que entusiasma a los habitantes; cant\u00f3n donde actualmente se trabaja en la arteria de Colimes a Cerro Bravo, en un tramo de 3.5 kil\u00f3metros.<\/p>\n<p style=\"font-weight: 400; text-align: justify;\">\n<p style=\"font-weight: 400; text-align: justify;\">La v\u00eda fue recorrida por\u00a0 la viceprefecta de Manab\u00ed, Kelly Buenaventura,\u00a0 quien\u00a0 dialog\u00f3 con los habitantes y explic\u00f3 sobre el\u00a0\u00a0 proyecto vial de 12 kil\u00f3metros a nivel de mejoramiento, que integrar\u00e1 a comunidades\u00a0 como\u00a0 Esperanza, Colimes, Libertad, Los Amarillos y Cerro Bravo del cant\u00f3n Paj\u00e1n.<\/p>\n<p style=\"font-weight: 400; text-align: justify;\">\n<p style=\"font-weight: 400; text-align: justify;\">Los habitantes de las comunidades agradecieron a la Viceprefecta\u00a0 y al Prefecto por incluirlos en el plan\u00a0 vial que desarrollan en la provincia, porque la v\u00eda\u00a0 Colimes \u2013Cerro Bravo ha sido el anhelo de todos, desde hace muchos a\u00f1os, dijeron.<\/p>\n<p style=\"font-weight: 400; text-align: justify;\">\n<p style=\"font-weight: 400; text-align: justify;\">\u201cPor m\u00e1s de 20 a\u00f1os ped\u00edamos que nos abrieran esta v\u00eda y ahora fuimos escuchados\u201d dijo Daniel Rodr\u00edguez, habitante de Cerro Bravo, quien habl\u00f3 de la necesidad de que se ampl\u00ede el trabajo hacia otras comunidades aleda\u00f1as.<\/p>\n<p style=\"font-weight: 400; text-align: justify;\">\n<p style=\"font-weight: 400; text-align: justify;\">\u00a0\u201cPara nosotros no hay mejor recompensa que ver a nuestros agricultores con esa sonrisa por lo que hacemos como Gobierno Provincial, gracias a un equipo que no descansa. Leonardo Orlando cumple esos sue\u00f1os de los campesinos\u201d, destac\u00f3\u00a0 Kelly Buenaventura,\u00a0 en los di\u00e1logos\u00a0 que\u00a0 mantuvo con los habitantes.<\/p>\n<p style=\"font-weight: 400; text-align: justify;\">\n<p style=\"font-weight: 400; text-align: justify;\">C\u00e9sar Merch\u00e1n agradeci\u00f3 por los trabajos, quien observaba de cerca los trabajos que ejecutaba\u00a0 la m\u00e1quina. \u201cEn todos los a\u00f1os que tengo es la primera vez que nos llega una\u00a0 obra y al fin nos atienden\u201d, afirm\u00f3.<\/p>\n","protected":false},"excerpt":{"rendered":"<p>Nuevas v\u00edas rurales son aperturadas por el Gobierno de Manab\u00ed\u00a0 en Paj\u00e1n,\u00a0 lo que entusiasma a los habitantes; cant\u00f3n donde actualmente se trabaja en la arteria de Colimes a Cerro Bravo, en un tramo de 3.5 kil\u00f3metros. La v\u00eda fue recorrida por\u00a0 la viceprefecta de Manab\u00ed, Kelly Buenaventura,\u00a0 quien\u00a0 dialog\u00f3 con los habitantes y explic\u00f3 [&hellip;]<\/p>\n","protected":false},"author":1,"featured_media":14826,"comment_status":"open","ping_status":"open","sticky":false,"template":"","format":"standard","meta":{"_joinchat":[],"footnotes":""},"categories":[92,91],"tags":[],"class_list":["post-15376","post","type-post","status-publish","format-standard","has-post-thumbnail","hentry","category-noticias-manabi","category-todas"],"yoast_head":"<!-- This site is optimized with the Yoast SEO plugin v27.4 - https:\/\/yoast.com\/product\/yoast-seo-wordpress\/ -->\n<title>Nueva v\u00eda rural en Paj\u00e1n integra a 5 comunidades - Prefectura de Manab\u00ed<\/title>\n<meta name=\"robots\" content=\"index, follow, max-snippet:-1, max-image-preview:large, max-video-preview:-1\" \/>\n<link rel=\"canonical\" href=\"https:\/\/www.manabi.gob.ec\/index.php\/nueva-via-rural-en-pajan-integra-a-5-comunidades\/\" \/>\n<meta property=\"og:locale\" content=\"es_ES\" \/>\n<meta property=\"og:type\" content=\"article\" \/>\n<meta property=\"og:title\" content=\"Nueva v\u00eda rural en Paj\u00e1n integra a 5 comunidades - Prefectura de Manab\u00ed\" \/>\n<meta property=\"og:description\" content=\"Nuevas v\u00edas rurales son aperturadas por el Gobierno de Manab\u00ed\u00a0 en Paj\u00e1n,\u00a0 lo que entusiasma a los habitantes; cant\u00f3n donde actualmente se trabaja en la arteria de Colimes a Cerro Bravo, en un tramo de 3.5 kil\u00f3metros. La v\u00eda fue recorrida por\u00a0 la viceprefecta de Manab\u00ed, Kelly Buenaventura,\u00a0 quien\u00a0 dialog\u00f3 con los habitantes y explic\u00f3 [&hellip;]\" \/>\n<meta property=\"og:url\" content=\"https:\/\/www.manabi.gob.ec\/index.php\/nueva-via-rural-en-pajan-integra-a-5-comunidades\/\" \/>\n<meta property=\"og:site_name\" content=\"Prefectura de Manab\u00ed\" \/>\n<meta property=\"article:published_time\" content=\"2020-12-16T20:07:48+00:00\" \/>\n<meta name=\"author\" content=\"admin\" \/>\n<meta name=\"twitter:card\" content=\"summary_large_image\" \/>\n<meta name=\"twitter:label1\" content=\"Escrito por\" \/>\n\t<meta name=\"twitter:data1\" content=\"admin\" \/>\n\t<meta name=\"twitter:label2\" content=\"Tiempo de lectura\" \/>\n\t<meta name=\"twitter:data2\" content=\"1 minuto\" \/>\n<script type=\"application\/ld+json\" class=\"yoast-schema-graph\">{\"@context\":\"https:\\\/\\\/schema.org\",\"@graph\":[{\"@type\":\"Article\",\"@id\":\"https:\\\/\\\/www.manabi.gob.ec\\\/index.php\\\/nueva-via-rural-en-pajan-integra-a-5-comunidades\\\/#article\",\"isPartOf\":{\"@id\":\"https:\\\/\\\/www.manabi.gob.ec\\\/index.php\\\/nueva-via-rural-en-pajan-integra-a-5-comunidades\\\/\"},\"author\":{\"name\":\"admin\",\"@id\":\"https:\\\/\\\/www.manabi.gob.ec\\\/#\\\/schema\\\/person\\\/cfc71bd68fe2703b779edcc292a49722\"},\"headline\":\"Nueva v\u00eda rural en Paj\u00e1n integra a 5 comunidades\",\"datePublished\":\"2020-12-16T20:07:48+00:00\",\"mainEntityOfPage\":{\"@id\":\"https:\\\/\\\/www.manabi.gob.ec\\\/index.php\\\/nueva-via-rural-en-pajan-integra-a-5-comunidades\\\/\"},\"wordCount\":273,\"commentCount\":0,\"image\":{\"@id\":\"https:\\\/\\\/www.manabi.gob.ec\\\/index.php\\\/nueva-via-rural-en-pajan-integra-a-5-comunidades\\\/#primaryimage\"},\"thumbnailUrl\":\"\",\"articleSection\":[\"Noticias\",\"Todas\"],\"inLanguage\":\"es\",\"potentialAction\":[{\"@type\":\"CommentAction\",\"name\":\"Comment\",\"target\":[\"https:\\\/\\\/www.manabi.gob.ec\\\/index.php\\\/nueva-via-rural-en-pajan-integra-a-5-comunidades\\\/#respond\"]}]},{\"@type\":\"WebPage\",\"@id\":\"https:\\\/\\\/www.manabi.gob.ec\\\/index.php\\\/nueva-via-rural-en-pajan-integra-a-5-comunidades\\\/\",\"url\":\"https:\\\/\\\/www.manabi.gob.ec\\\/index.php\\\/nueva-via-rural-en-pajan-integra-a-5-comunidades\\\/\",\"name\":\"Nueva v\u00eda rural en Paj\u00e1n integra a 5 comunidades - Prefectura de Manab\u00ed\",\"isPartOf\":{\"@id\":\"https:\\\/\\\/www.manabi.gob.ec\\\/#website\"},\"primaryImageOfPage\":{\"@id\":\"https:\\\/\\\/www.manabi.gob.ec\\\/index.php\\\/nueva-via-rural-en-pajan-integra-a-5-comunidades\\\/#primaryimage\"},\"image\":{\"@id\":\"https:\\\/\\\/www.manabi.gob.ec\\\/index.php\\\/nueva-via-rural-en-pajan-integra-a-5-comunidades\\\/#primaryimage\"},\"thumbnailUrl\":\"\",\"datePublished\":\"2020-12-16T20:07:48+00:00\",\"author\":{\"@id\":\"https:\\\/\\\/www.manabi.gob.ec\\\/#\\\/schema\\\/person\\\/cfc71bd68fe2703b779edcc292a49722\"},\"breadcrumb\":{\"@id\":\"https:\\\/\\\/www.manabi.gob.ec\\\/index.php\\\/nueva-via-rural-en-pajan-integra-a-5-comunidades\\\/#breadcrumb\"},\"inLanguage\":\"es\",\"potentialAction\":[{\"@type\":\"ReadAction\",\"target\":[\"https:\\\/\\\/www.manabi.gob.ec\\\/index.php\\\/nueva-via-rural-en-pajan-integra-a-5-comunidades\\\/\"]}]},{\"@type\":\"ImageObject\",\"inLanguage\":\"es\",\"@id\":\"https:\\\/\\\/www.manabi.gob.ec\\\/index.php\\\/nueva-via-rural-en-pajan-integra-a-5-comunidades\\\/#primaryimage\",\"url\":\"\",\"contentUrl\":\"\"},{\"@type\":\"BreadcrumbList\",\"@id\":\"https:\\\/\\\/www.manabi.gob.ec\\\/index.php\\\/nueva-via-rural-en-pajan-integra-a-5-comunidades\\\/#breadcrumb\",\"itemListElement\":[{\"@type\":\"ListItem\",\"position\":1,\"name\":\"Portada\",\"item\":\"https:\\\/\\\/www.manabi.gob.ec\\\/\"},{\"@type\":\"ListItem\",\"position\":2,\"name\":\"Nueva v\u00eda rural en Paj\u00e1n integra a 5 comunidades\"}]},{\"@type\":\"WebSite\",\"@id\":\"https:\\\/\\\/www.manabi.gob.ec\\\/#website\",\"url\":\"https:\\\/\\\/www.manabi.gob.ec\\\/\",\"name\":\"Prefectura de Manab\u00ed\",\"description\":\"P\u00e1gina web de la prefectura\",\"potentialAction\":[{\"@type\":\"SearchAction\",\"target\":{\"@type\":\"EntryPoint\",\"urlTemplate\":\"https:\\\/\\\/www.manabi.gob.ec\\\/?s={search_term_string}\"},\"query-input\":{\"@type\":\"PropertyValueSpecification\",\"valueRequired\":true,\"valueName\":\"search_term_string\"}}],\"inLanguage\":\"es\"},{\"@type\":\"Person\",\"@id\":\"https:\\\/\\\/www.manabi.gob.ec\\\/#\\\/schema\\\/person\\\/cfc71bd68fe2703b779edcc292a49722\",\"name\":\"admin\",\"image\":{\"@type\":\"ImageObject\",\"inLanguage\":\"es\",\"@id\":\"https:\\\/\\\/secure.gravatar.com\\\/avatar\\\/23e9f919492b0a2f65aa168e0d8c5c867ea853b61deffbadf08c7031e15b8d78?s=96&d=mm&r=g\",\"url\":\"https:\\\/\\\/secure.gravatar.com\\\/avatar\\\/23e9f919492b0a2f65aa168e0d8c5c867ea853b61deffbadf08c7031e15b8d78?s=96&d=mm&r=g\",\"contentUrl\":\"https:\\\/\\\/secure.gravatar.com\\\/avatar\\\/23e9f919492b0a2f65aa168e0d8c5c867ea853b61deffbadf08c7031e15b8d78?s=96&d=mm&r=g\",\"caption\":\"admin\"},\"sameAs\":[\"http:\\\/\\\/www.manabi.gob.ec\"],\"url\":\"https:\\\/\\\/www.manabi.gob.ec\\\/index.php\\\/author\\\/admin\\\/\"}]}<\/script>\n<!-- \/ Yoast SEO plugin. -->","yoast_head_json":{"title":"Nueva v\u00eda rural en Paj\u00e1n integra a 5 comunidades - Prefectura de Manab\u00ed","robots":{"index":"index","follow":"follow","max-snippet":"max-snippet:-1","max-image-preview":"max-image-preview:large","max-video-preview":"max-video-preview:-1"},"canonical":"https:\/\/www.manabi.gob.ec\/index.php\/nueva-via-rural-en-pajan-integra-a-5-comunidades\/","og_locale":"es_ES","og_type":"article","og_title":"Nueva v\u00eda rural en Paj\u00e1n integra a 5 comunidades - Prefectura de Manab\u00ed","og_description":"Nuevas v\u00edas rurales son aperturadas por el Gobierno de Manab\u00ed\u00a0 en Paj\u00e1n,\u00a0 lo que entusiasma a los habitantes; cant\u00f3n donde actualmente se trabaja en la arteria de Colimes a Cerro Bravo, en un tramo de 3.5 kil\u00f3metros. La v\u00eda fue recorrida por\u00a0 la viceprefecta de Manab\u00ed, Kelly Buenaventura,\u00a0 quien\u00a0 dialog\u00f3 con los habitantes y explic\u00f3 [&hellip;]","og_url":"https:\/\/www.manabi.gob.ec\/index.php\/nueva-via-rural-en-pajan-integra-a-5-comunidades\/","og_site_name":"Prefectura de Manab\u00ed","article_published_time":"2020-12-16T20:07:48+00:00","author":"admin","twitter_card":"summary_large_image","twitter_misc":{"Escrito por":"admin","Tiempo de lectura":"1 minuto"},"schema":{"@context":"https:\/\/schema.org","@graph":[{"@type":"Article","@id":"https:\/\/www.manabi.gob.ec\/index.php\/nueva-via-rural-en-pajan-integra-a-5-comunidades\/#article","isPartOf":{"@id":"https:\/\/www.manabi.gob.ec\/index.php\/nueva-via-rural-en-pajan-integra-a-5-comunidades\/"},"author":{"name":"admin","@id":"https:\/\/www.manabi.gob.ec\/#\/schema\/person\/cfc71bd68fe2703b779edcc292a49722"},"headline":"Nueva v\u00eda rural en Paj\u00e1n integra a 5 comunidades","datePublished":"2020-12-16T20:07:48+00:00","mainEntityOfPage":{"@id":"https:\/\/www.manabi.gob.ec\/index.php\/nueva-via-rural-en-pajan-integra-a-5-comunidades\/"},"wordCount":273,"commentCount":0,"image":{"@id":"https:\/\/www.manabi.gob.ec\/index.php\/nueva-via-rural-en-pajan-integra-a-5-comunidades\/#primaryimage"},"thumbnailUrl":"","articleSection":["Noticias","Todas"],"inLanguage":"es","potentialAction":[{"@type":"CommentAction","name":"Comment","target":["https:\/\/www.manabi.gob.ec\/index.php\/nueva-via-rural-en-pajan-integra-a-5-comunidades\/#respond"]}]},{"@type":"WebPage","@id":"https:\/\/www.manabi.gob.ec\/index.php\/nueva-via-rural-en-pajan-integra-a-5-comunidades\/","url":"https:\/\/www.manabi.gob.ec\/index.php\/nueva-via-rural-en-pajan-integra-a-5-comunidades\/","name":"Nueva v\u00eda rural en Paj\u00e1n integra a 5 comunidades - Prefectura de Manab\u00ed","isPartOf":{"@id":"https:\/\/www.manabi.gob.ec\/#website"},"primaryImageOfPage":{"@id":"https:\/\/www.manabi.gob.ec\/index.php\/nueva-via-rural-en-pajan-integra-a-5-comunidades\/#primaryimage"},"image":{"@id":"https:\/\/www.manabi.gob.ec\/index.php\/nueva-via-rural-en-pajan-integra-a-5-comunidades\/#primaryimage"},"thumbnailUrl":"","datePublished":"2020-12-16T20:07:48+00:00","author":{"@id":"https:\/\/www.manabi.gob.ec\/#\/schema\/person\/cfc71bd68fe2703b779edcc292a49722"},"breadcrumb":{"@id":"https:\/\/www.manabi.gob.ec\/index.php\/nueva-via-rural-en-pajan-integra-a-5-comunidades\/#breadcrumb"},"inLanguage":"es","potentialAction":[{"@type":"ReadAction","target":["https:\/\/www.manabi.gob.ec\/index.php\/nueva-via-rural-en-pajan-integra-a-5-comunidades\/"]}]},{"@type":"ImageObject","inLanguage":"es","@id":"https:\/\/www.manabi.gob.ec\/index.php\/nueva-via-rural-en-pajan-integra-a-5-comunidades\/#primaryimage","url":"","contentUrl":""},{"@type":"BreadcrumbList","@id":"https:\/\/www.manabi.gob.ec\/index.php\/nueva-via-rural-en-pajan-integra-a-5-comunidades\/#breadcrumb","itemListElement":[{"@type":"ListItem","position":1,"name":"Portada","item":"https:\/\/www.manabi.gob.ec\/"},{"@type":"ListItem","position":2,"name":"Nueva v\u00eda rural en Paj\u00e1n integra a 5 comunidades"}]},{"@type":"WebSite","@id":"https:\/\/www.manabi.gob.ec\/#website","url":"https:\/\/www.manabi.gob.ec\/","name":"Prefectura de Manab\u00ed","description":"P\u00e1gina web de la prefectura","potentialAction":[{"@type":"SearchAction","target":{"@type":"EntryPoint","urlTemplate":"https:\/\/www.manabi.gob.ec\/?s={search_term_string}"},"query-input":{"@type":"PropertyValueSpecification","valueRequired":true,"valueName":"search_term_string"}}],"inLanguage":"es"},{"@type":"Person","@id":"https:\/\/www.manabi.gob.ec\/#\/schema\/person\/cfc71bd68fe2703b779edcc292a49722","name":"admin","image":{"@type":"ImageObject","inLanguage":"es","@id":"https:\/\/secure.gravatar.com\/avatar\/23e9f919492b0a2f65aa168e0d8c5c867ea853b61deffbadf08c7031e15b8d78?s=96&d=mm&r=g","url":"https:\/\/secure.gravatar.com\/avatar\/23e9f919492b0a2f65aa168e0d8c5c867ea853b61deffbadf08c7031e15b8d78?s=96&d=mm&r=g","contentUrl":"https:\/\/secure.gravatar.com\/avatar\/23e9f919492b0a2f65aa168e0d8c5c867ea853b61deffbadf08c7031e15b8d78?s=96&d=mm&r=g","caption":"admin"},"sameAs":["http:\/\/www.manabi.gob.ec"],"url":"https:\/\/www.manabi.gob.ec\/index.php\/author\/admin\/"}]}},"jetpack_featured_media_url":"","_links":{"self":[{"href":"https:\/\/www.manabi.gob.ec\/index.php\/wp-json\/wp\/v2\/posts\/15376","targetHints":{"allow":["GET"]}}],"collection":[{"href":"https:\/\/www.manabi.gob.ec\/index.php\/wp-json\/wp\/v2\/posts"}],"about":[{"href":"https:\/\/www.manabi.gob.ec\/index.php\/wp-json\/wp\/v2\/types\/post"}],"author":[{"embeddable":true,"href":"https:\/\/www.manabi.gob.ec\/index.php\/wp-json\/wp\/v2\/users\/1"}],"replies":[{"embeddable":true,"href":"https:\/\/www.manabi.gob.ec\/index.php\/wp-json\/wp\/v2\/comments?post=15376"}],"version-history":[{"count":0,"href":"https:\/\/www.manabi.gob.ec\/index.php\/wp-json\/wp\/v2\/posts\/15376\/revisions"}],"wp:featuredmedia":[{"embeddable":true,"href":"https:\/\/www.manabi.gob.ec\/index.php\/wp-json\/"}],"wp:attachment":[{"href":"https:\/\/www.manabi.gob.ec\/index.php\/wp-json\/wp\/v2\/media?parent=15376"}],"wp:term":[{"taxonomy":"category","embeddable":true,"href":"https:\/\/www.manabi.gob.ec\/index.php\/wp-json\/wp\/v2\/categories?post=15376"},{"taxonomy":"post_tag","embeddable":true,"href":"https:\/\/www.manabi.gob.ec\/index.php\/wp-json\/wp\/v2\/tags?post=15376"}],"curies":[{"name":"wp","href":"https:\/\/api.w.org\/{rel}","templated":true}]}}