{"id":15380,"date":"2020-12-21T08:17:46","date_gmt":"2020-12-21T13:17:46","guid":{"rendered":"https:\/\/www.manabi.gob.ec\/?p=14873"},"modified":"2020-12-21T08:17:46","modified_gmt":"2020-12-21T13:17:46","slug":"presentan-ofertas-para-rehabilitar-via-los-arenales-la-boca-de-crucita","status":"publish","type":"post","link":"https:\/\/www.manabi.gob.ec\/index.php\/presentan-ofertas-para-rehabilitar-via-los-arenales-la-boca-de-crucita\/","title":{"rendered":"PRESENTAN OFERTAS PARA  REHABILITAR V\u00cdA LOS ARENALES \u2013 LA BOCA DE CRUCITA"},"content":{"rendered":"<p style=\"font-weight: 400; text-align: justify;\">La rehabilitaci\u00f3n de la v\u00eda Los Arenales &#8211; Los Ranchos &#8211; Las Gilces &#8211; La Boca, de 7.2 kil\u00f3metros, de la parroquia Crucita de Portoviejo,\u00a0 es un hecho.\u00a0 El proceso de contrataci\u00f3n concluir\u00eda los primeros d\u00edas de enero.\u00a0El prefecto, Leonardo Orlando,\u00a0 inform\u00f3 que el proceso precontractual est\u00e1 en fase de calificaci\u00f3n de ofertas,\u00a0 y que 8 oferentes han presentado sus propuestas t\u00e9cnicas y econ\u00f3micas.<\/p>\n<p style=\"font-weight: 400; text-align: justify;\">\u201cEsperamos que su proceso de adjudicaci\u00f3n pueda concluirse este mismo a\u00f1o, o a m\u00e1s tardar la primera semana de enero\u201d, manifest\u00f3 el Prefecto, en\u00a0 entrevista en un medio de comunicaci\u00f3n radial. Leonardo Orlando, detall\u00f3 que este proyecto tiene un presupuesto referencial de 2 millones 48 mil d\u00f3lares, y entre muchas otras mejoras contempla\u00a0 ciclov\u00eda, en el tramo final desde Las Gilces hacia La Boca.<\/p>\n<p style=\"font-weight: 400; text-align: justify;\">La obra cuenta con financiamiento del Banco de Desarrollo del Ecuador, a trav\u00e9s del convenio FINGAD II, con cargo a los recursos adeudados por el Gobierno central por la devoluci\u00f3n del IVA.<\/p>\n<p style=\"font-weight: 400; text-align: justify;\"><strong>V\u00eda La Sequita \u2013 Correagua<\/strong><\/p>\n<p style=\"font-weight: 400; text-align: justify;\">Otra de las obras que\u00a0 contratar\u00e1 la Prefectura\u00a0 es la rehabilitaci\u00f3n v\u00eda La Sequita \u2013 Correagua. La\u00a0 documentaci\u00f3n est\u00e1 lista para subirse al\u00a0 portal de Compras P\u00fablicas e iniciar el proceso. Esta v\u00eda es un eje de integraci\u00f3n\u00a0 entre las parroquias Crucita de Portoviejo y Charapot\u00f3\u00a0 del cant\u00f3n Sucre, que registra un movimiento vehicular permanente, tanto de car\u00e1cter comercial como tur\u00edstico. La obra tiene un presupuesto referencial de 2 millones 80 mil d\u00f3lares. Incluye la\u00a0 construcci\u00f3n de un puente de hormig\u00f3n de dos carriles,\u00a0 que reemplazar\u00e1 a la infraestructura met\u00e1lica existente.<\/p>\n","protected":false},"excerpt":{"rendered":"<p>La rehabilitaci\u00f3n de la v\u00eda Los Arenales &#8211; Los Ranchos &#8211; Las Gilces &#8211; La Boca, de 7.2 kil\u00f3metros, de la parroquia Crucita de Portoviejo,\u00a0 es un hecho.\u00a0 El proceso de contrataci\u00f3n concluir\u00eda los primeros d\u00edas de enero.\u00a0El prefecto, Leonardo Orlando,\u00a0 inform\u00f3 que el proceso precontractual est\u00e1 en fase de calificaci\u00f3n de ofertas,\u00a0 y que [&hellip;]<\/p>\n","protected":false},"author":1,"featured_media":14874,"comment_status":"open","ping_status":"open","sticky":false,"template":"","format":"standard","meta":{"_joinchat":[],"footnotes":""},"categories":[92,91],"tags":[],"class_list":["post-15380","post","type-post","status-publish","format-standard","has-post-thumbnail","hentry","category-noticias-manabi","category-todas"],"yoast_head":"<!-- This site is optimized with the Yoast SEO plugin v27.4 - https:\/\/yoast.com\/product\/yoast-seo-wordpress\/ -->\n<title>PRESENTAN OFERTAS PARA REHABILITAR V\u00cdA LOS ARENALES \u2013 LA BOCA DE CRUCITA - Prefectura de Manab\u00ed<\/title>\n<meta name=\"robots\" content=\"index, follow, max-snippet:-1, max-image-preview:large, max-video-preview:-1\" \/>\n<link rel=\"canonical\" href=\"https:\/\/www.manabi.gob.ec\/index.php\/presentan-ofertas-para-rehabilitar-via-los-arenales-la-boca-de-crucita\/\" \/>\n<meta property=\"og:locale\" content=\"es_ES\" \/>\n<meta property=\"og:type\" content=\"article\" \/>\n<meta property=\"og:title\" content=\"PRESENTAN OFERTAS PARA REHABILITAR V\u00cdA LOS ARENALES \u2013 LA BOCA DE CRUCITA - Prefectura de Manab\u00ed\" \/>\n<meta property=\"og:description\" content=\"La rehabilitaci\u00f3n de la v\u00eda Los Arenales &#8211; Los Ranchos &#8211; Las Gilces &#8211; La Boca, de 7.2 kil\u00f3metros, de la parroquia Crucita de Portoviejo,\u00a0 es un hecho.\u00a0 El proceso de contrataci\u00f3n concluir\u00eda los primeros d\u00edas de enero.\u00a0El prefecto, Leonardo Orlando,\u00a0 inform\u00f3 que el proceso precontractual est\u00e1 en fase de calificaci\u00f3n de ofertas,\u00a0 y que [&hellip;]\" \/>\n<meta property=\"og:url\" content=\"https:\/\/www.manabi.gob.ec\/index.php\/presentan-ofertas-para-rehabilitar-via-los-arenales-la-boca-de-crucita\/\" \/>\n<meta property=\"og:site_name\" content=\"Prefectura de Manab\u00ed\" \/>\n<meta property=\"article:published_time\" content=\"2020-12-21T13:17:46+00:00\" \/>\n<meta property=\"og:image\" content=\"https:\/\/www.manabi.gob.ec\/wp-content\/uploads\/2020\/07\/Asset-4@2x.png\" \/>\n\t<meta property=\"og:image:width\" content=\"850\" \/>\n\t<meta property=\"og:image:height\" content=\"441\" \/>\n\t<meta property=\"og:image:type\" content=\"image\/png\" \/>\n<meta name=\"author\" content=\"admin\" \/>\n<meta name=\"twitter:card\" content=\"summary_large_image\" \/>\n<meta name=\"twitter:label1\" content=\"Escrito por\" \/>\n\t<meta name=\"twitter:data1\" content=\"admin\" \/>\n\t<meta name=\"twitter:label2\" content=\"Tiempo de lectura\" \/>\n\t<meta name=\"twitter:data2\" content=\"1 minuto\" \/>\n<script type=\"application\/ld+json\" class=\"yoast-schema-graph\">{\"@context\":\"https:\\\/\\\/schema.org\",\"@graph\":[{\"@type\":\"Article\",\"@id\":\"https:\\\/\\\/www.manabi.gob.ec\\\/index.php\\\/presentan-ofertas-para-rehabilitar-via-los-arenales-la-boca-de-crucita\\\/#article\",\"isPartOf\":{\"@id\":\"https:\\\/\\\/www.manabi.gob.ec\\\/index.php\\\/presentan-ofertas-para-rehabilitar-via-los-arenales-la-boca-de-crucita\\\/\"},\"author\":{\"name\":\"admin\",\"@id\":\"https:\\\/\\\/www.manabi.gob.ec\\\/#\\\/schema\\\/person\\\/cfc71bd68fe2703b779edcc292a49722\"},\"headline\":\"PRESENTAN OFERTAS PARA REHABILITAR V\u00cdA LOS ARENALES \u2013 LA BOCA DE CRUCITA\",\"datePublished\":\"2020-12-21T13:17:46+00:00\",\"mainEntityOfPage\":{\"@id\":\"https:\\\/\\\/www.manabi.gob.ec\\\/index.php\\\/presentan-ofertas-para-rehabilitar-via-los-arenales-la-boca-de-crucita\\\/\"},\"wordCount\":292,\"commentCount\":0,\"image\":{\"@id\":\"https:\\\/\\\/www.manabi.gob.ec\\\/index.php\\\/presentan-ofertas-para-rehabilitar-via-los-arenales-la-boca-de-crucita\\\/#primaryimage\"},\"thumbnailUrl\":\"https:\\\/\\\/www.manabi.gob.ec\\\/wp-content\\\/uploads\\\/2020\\\/07\\\/Asset-4@2x.png\",\"articleSection\":[\"Noticias\",\"Todas\"],\"inLanguage\":\"es\",\"potentialAction\":[{\"@type\":\"CommentAction\",\"name\":\"Comment\",\"target\":[\"https:\\\/\\\/www.manabi.gob.ec\\\/index.php\\\/presentan-ofertas-para-rehabilitar-via-los-arenales-la-boca-de-crucita\\\/#respond\"]}]},{\"@type\":\"WebPage\",\"@id\":\"https:\\\/\\\/www.manabi.gob.ec\\\/index.php\\\/presentan-ofertas-para-rehabilitar-via-los-arenales-la-boca-de-crucita\\\/\",\"url\":\"https:\\\/\\\/www.manabi.gob.ec\\\/index.php\\\/presentan-ofertas-para-rehabilitar-via-los-arenales-la-boca-de-crucita\\\/\",\"name\":\"PRESENTAN OFERTAS PARA REHABILITAR V\u00cdA LOS ARENALES \u2013 LA BOCA DE CRUCITA - Prefectura de Manab\u00ed\",\"isPartOf\":{\"@id\":\"https:\\\/\\\/www.manabi.gob.ec\\\/#website\"},\"primaryImageOfPage\":{\"@id\":\"https:\\\/\\\/www.manabi.gob.ec\\\/index.php\\\/presentan-ofertas-para-rehabilitar-via-los-arenales-la-boca-de-crucita\\\/#primaryimage\"},\"image\":{\"@id\":\"https:\\\/\\\/www.manabi.gob.ec\\\/index.php\\\/presentan-ofertas-para-rehabilitar-via-los-arenales-la-boca-de-crucita\\\/#primaryimage\"},\"thumbnailUrl\":\"https:\\\/\\\/www.manabi.gob.ec\\\/wp-content\\\/uploads\\\/2020\\\/07\\\/Asset-4@2x.png\",\"datePublished\":\"2020-12-21T13:17:46+00:00\",\"author\":{\"@id\":\"https:\\\/\\\/www.manabi.gob.ec\\\/#\\\/schema\\\/person\\\/cfc71bd68fe2703b779edcc292a49722\"},\"breadcrumb\":{\"@id\":\"https:\\\/\\\/www.manabi.gob.ec\\\/index.php\\\/presentan-ofertas-para-rehabilitar-via-los-arenales-la-boca-de-crucita\\\/#breadcrumb\"},\"inLanguage\":\"es\",\"potentialAction\":[{\"@type\":\"ReadAction\",\"target\":[\"https:\\\/\\\/www.manabi.gob.ec\\\/index.php\\\/presentan-ofertas-para-rehabilitar-via-los-arenales-la-boca-de-crucita\\\/\"]}]},{\"@type\":\"ImageObject\",\"inLanguage\":\"es\",\"@id\":\"https:\\\/\\\/www.manabi.gob.ec\\\/index.php\\\/presentan-ofertas-para-rehabilitar-via-los-arenales-la-boca-de-crucita\\\/#primaryimage\",\"url\":\"https:\\\/\\\/www.manabi.gob.ec\\\/wp-content\\\/uploads\\\/2020\\\/07\\\/Asset-4@2x.png\",\"contentUrl\":\"https:\\\/\\\/www.manabi.gob.ec\\\/wp-content\\\/uploads\\\/2020\\\/07\\\/Asset-4@2x.png\",\"width\":850,\"height\":441},{\"@type\":\"BreadcrumbList\",\"@id\":\"https:\\\/\\\/www.manabi.gob.ec\\\/index.php\\\/presentan-ofertas-para-rehabilitar-via-los-arenales-la-boca-de-crucita\\\/#breadcrumb\",\"itemListElement\":[{\"@type\":\"ListItem\",\"position\":1,\"name\":\"Portada\",\"item\":\"https:\\\/\\\/www.manabi.gob.ec\\\/\"},{\"@type\":\"ListItem\",\"position\":2,\"name\":\"PRESENTAN OFERTAS PARA REHABILITAR V\u00cdA LOS ARENALES \u2013 LA BOCA DE CRUCITA\"}]},{\"@type\":\"WebSite\",\"@id\":\"https:\\\/\\\/www.manabi.gob.ec\\\/#website\",\"url\":\"https:\\\/\\\/www.manabi.gob.ec\\\/\",\"name\":\"Prefectura de Manab\u00ed\",\"description\":\"P\u00e1gina web de la prefectura\",\"potentialAction\":[{\"@type\":\"SearchAction\",\"target\":{\"@type\":\"EntryPoint\",\"urlTemplate\":\"https:\\\/\\\/www.manabi.gob.ec\\\/?s={search_term_string}\"},\"query-input\":{\"@type\":\"PropertyValueSpecification\",\"valueRequired\":true,\"valueName\":\"search_term_string\"}}],\"inLanguage\":\"es\"},{\"@type\":\"Person\",\"@id\":\"https:\\\/\\\/www.manabi.gob.ec\\\/#\\\/schema\\\/person\\\/cfc71bd68fe2703b779edcc292a49722\",\"name\":\"admin\",\"image\":{\"@type\":\"ImageObject\",\"inLanguage\":\"es\",\"@id\":\"https:\\\/\\\/secure.gravatar.com\\\/avatar\\\/23e9f919492b0a2f65aa168e0d8c5c867ea853b61deffbadf08c7031e15b8d78?s=96&d=mm&r=g\",\"url\":\"https:\\\/\\\/secure.gravatar.com\\\/avatar\\\/23e9f919492b0a2f65aa168e0d8c5c867ea853b61deffbadf08c7031e15b8d78?s=96&d=mm&r=g\",\"contentUrl\":\"https:\\\/\\\/secure.gravatar.com\\\/avatar\\\/23e9f919492b0a2f65aa168e0d8c5c867ea853b61deffbadf08c7031e15b8d78?s=96&d=mm&r=g\",\"caption\":\"admin\"},\"sameAs\":[\"http:\\\/\\\/www.manabi.gob.ec\"],\"url\":\"https:\\\/\\\/www.manabi.gob.ec\\\/index.php\\\/author\\\/admin\\\/\"}]}<\/script>\n<!-- \/ Yoast SEO plugin. -->","yoast_head_json":{"title":"PRESENTAN OFERTAS PARA REHABILITAR V\u00cdA LOS ARENALES \u2013 LA BOCA DE CRUCITA - Prefectura de Manab\u00ed","robots":{"index":"index","follow":"follow","max-snippet":"max-snippet:-1","max-image-preview":"max-image-preview:large","max-video-preview":"max-video-preview:-1"},"canonical":"https:\/\/www.manabi.gob.ec\/index.php\/presentan-ofertas-para-rehabilitar-via-los-arenales-la-boca-de-crucita\/","og_locale":"es_ES","og_type":"article","og_title":"PRESENTAN OFERTAS PARA REHABILITAR V\u00cdA LOS ARENALES \u2013 LA BOCA DE CRUCITA - Prefectura de Manab\u00ed","og_description":"La rehabilitaci\u00f3n de la v\u00eda Los Arenales &#8211; Los Ranchos &#8211; Las Gilces &#8211; La Boca, de 7.2 kil\u00f3metros, de la parroquia Crucita de Portoviejo,\u00a0 es un hecho.\u00a0 El proceso de contrataci\u00f3n concluir\u00eda los primeros d\u00edas de enero.\u00a0El prefecto, Leonardo Orlando,\u00a0 inform\u00f3 que el proceso precontractual est\u00e1 en fase de calificaci\u00f3n de ofertas,\u00a0 y que [&hellip;]","og_url":"https:\/\/www.manabi.gob.ec\/index.php\/presentan-ofertas-para-rehabilitar-via-los-arenales-la-boca-de-crucita\/","og_site_name":"Prefectura de Manab\u00ed","article_published_time":"2020-12-21T13:17:46+00:00","og_image":[{"width":850,"height":441,"url":"https:\/\/www.manabi.gob.ec\/wp-content\/uploads\/2020\/07\/Asset-4@2x.png","type":"image\/png"}],"author":"admin","twitter_card":"summary_large_image","twitter_misc":{"Escrito por":"admin","Tiempo de lectura":"1 minuto"},"schema":{"@context":"https:\/\/schema.org","@graph":[{"@type":"Article","@id":"https:\/\/www.manabi.gob.ec\/index.php\/presentan-ofertas-para-rehabilitar-via-los-arenales-la-boca-de-crucita\/#article","isPartOf":{"@id":"https:\/\/www.manabi.gob.ec\/index.php\/presentan-ofertas-para-rehabilitar-via-los-arenales-la-boca-de-crucita\/"},"author":{"name":"admin","@id":"https:\/\/www.manabi.gob.ec\/#\/schema\/person\/cfc71bd68fe2703b779edcc292a49722"},"headline":"PRESENTAN OFERTAS PARA REHABILITAR V\u00cdA LOS ARENALES \u2013 LA BOCA DE CRUCITA","datePublished":"2020-12-21T13:17:46+00:00","mainEntityOfPage":{"@id":"https:\/\/www.manabi.gob.ec\/index.php\/presentan-ofertas-para-rehabilitar-via-los-arenales-la-boca-de-crucita\/"},"wordCount":292,"commentCount":0,"image":{"@id":"https:\/\/www.manabi.gob.ec\/index.php\/presentan-ofertas-para-rehabilitar-via-los-arenales-la-boca-de-crucita\/#primaryimage"},"thumbnailUrl":"https:\/\/www.manabi.gob.ec\/wp-content\/uploads\/2020\/07\/Asset-4@2x.png","articleSection":["Noticias","Todas"],"inLanguage":"es","potentialAction":[{"@type":"CommentAction","name":"Comment","target":["https:\/\/www.manabi.gob.ec\/index.php\/presentan-ofertas-para-rehabilitar-via-los-arenales-la-boca-de-crucita\/#respond"]}]},{"@type":"WebPage","@id":"https:\/\/www.manabi.gob.ec\/index.php\/presentan-ofertas-para-rehabilitar-via-los-arenales-la-boca-de-crucita\/","url":"https:\/\/www.manabi.gob.ec\/index.php\/presentan-ofertas-para-rehabilitar-via-los-arenales-la-boca-de-crucita\/","name":"PRESENTAN OFERTAS PARA REHABILITAR V\u00cdA LOS ARENALES \u2013 LA BOCA DE CRUCITA - Prefectura de Manab\u00ed","isPartOf":{"@id":"https:\/\/www.manabi.gob.ec\/#website"},"primaryImageOfPage":{"@id":"https:\/\/www.manabi.gob.ec\/index.php\/presentan-ofertas-para-rehabilitar-via-los-arenales-la-boca-de-crucita\/#primaryimage"},"image":{"@id":"https:\/\/www.manabi.gob.ec\/index.php\/presentan-ofertas-para-rehabilitar-via-los-arenales-la-boca-de-crucita\/#primaryimage"},"thumbnailUrl":"https:\/\/www.manabi.gob.ec\/wp-content\/uploads\/2020\/07\/Asset-4@2x.png","datePublished":"2020-12-21T13:17:46+00:00","author":{"@id":"https:\/\/www.manabi.gob.ec\/#\/schema\/person\/cfc71bd68fe2703b779edcc292a49722"},"breadcrumb":{"@id":"https:\/\/www.manabi.gob.ec\/index.php\/presentan-ofertas-para-rehabilitar-via-los-arenales-la-boca-de-crucita\/#breadcrumb"},"inLanguage":"es","potentialAction":[{"@type":"ReadAction","target":["https:\/\/www.manabi.gob.ec\/index.php\/presentan-ofertas-para-rehabilitar-via-los-arenales-la-boca-de-crucita\/"]}]},{"@type":"ImageObject","inLanguage":"es","@id":"https:\/\/www.manabi.gob.ec\/index.php\/presentan-ofertas-para-rehabilitar-via-los-arenales-la-boca-de-crucita\/#primaryimage","url":"https:\/\/www.manabi.gob.ec\/wp-content\/uploads\/2020\/07\/Asset-4@2x.png","contentUrl":"https:\/\/www.manabi.gob.ec\/wp-content\/uploads\/2020\/07\/Asset-4@2x.png","width":850,"height":441},{"@type":"BreadcrumbList","@id":"https:\/\/www.manabi.gob.ec\/index.php\/presentan-ofertas-para-rehabilitar-via-los-arenales-la-boca-de-crucita\/#breadcrumb","itemListElement":[{"@type":"ListItem","position":1,"name":"Portada","item":"https:\/\/www.manabi.gob.ec\/"},{"@type":"ListItem","position":2,"name":"PRESENTAN OFERTAS PARA REHABILITAR V\u00cdA LOS ARENALES \u2013 LA BOCA DE CRUCITA"}]},{"@type":"WebSite","@id":"https:\/\/www.manabi.gob.ec\/#website","url":"https:\/\/www.manabi.gob.ec\/","name":"Prefectura de Manab\u00ed","description":"P\u00e1gina web de la prefectura","potentialAction":[{"@type":"SearchAction","target":{"@type":"EntryPoint","urlTemplate":"https:\/\/www.manabi.gob.ec\/?s={search_term_string}"},"query-input":{"@type":"PropertyValueSpecification","valueRequired":true,"valueName":"search_term_string"}}],"inLanguage":"es"},{"@type":"Person","@id":"https:\/\/www.manabi.gob.ec\/#\/schema\/person\/cfc71bd68fe2703b779edcc292a49722","name":"admin","image":{"@type":"ImageObject","inLanguage":"es","@id":"https:\/\/secure.gravatar.com\/avatar\/23e9f919492b0a2f65aa168e0d8c5c867ea853b61deffbadf08c7031e15b8d78?s=96&d=mm&r=g","url":"https:\/\/secure.gravatar.com\/avatar\/23e9f919492b0a2f65aa168e0d8c5c867ea853b61deffbadf08c7031e15b8d78?s=96&d=mm&r=g","contentUrl":"https:\/\/secure.gravatar.com\/avatar\/23e9f919492b0a2f65aa168e0d8c5c867ea853b61deffbadf08c7031e15b8d78?s=96&d=mm&r=g","caption":"admin"},"sameAs":["http:\/\/www.manabi.gob.ec"],"url":"https:\/\/www.manabi.gob.ec\/index.php\/author\/admin\/"}]}},"jetpack_featured_media_url":"https:\/\/www.manabi.gob.ec\/wp-content\/uploads\/2020\/07\/Asset-4@2x.png","_links":{"self":[{"href":"https:\/\/www.manabi.gob.ec\/index.php\/wp-json\/wp\/v2\/posts\/15380","targetHints":{"allow":["GET"]}}],"collection":[{"href":"https:\/\/www.manabi.gob.ec\/index.php\/wp-json\/wp\/v2\/posts"}],"about":[{"href":"https:\/\/www.manabi.gob.ec\/index.php\/wp-json\/wp\/v2\/types\/post"}],"author":[{"embeddable":true,"href":"https:\/\/www.manabi.gob.ec\/index.php\/wp-json\/wp\/v2\/users\/1"}],"replies":[{"embeddable":true,"href":"https:\/\/www.manabi.gob.ec\/index.php\/wp-json\/wp\/v2\/comments?post=15380"}],"version-history":[{"count":0,"href":"https:\/\/www.manabi.gob.ec\/index.php\/wp-json\/wp\/v2\/posts\/15380\/revisions"}],"wp:featuredmedia":[{"embeddable":true,"href":"https:\/\/www.manabi.gob.ec\/index.php\/wp-json\/wp\/v2\/media\/14874"}],"wp:attachment":[{"href":"https:\/\/www.manabi.gob.ec\/index.php\/wp-json\/wp\/v2\/media?parent=15380"}],"wp:term":[{"taxonomy":"category","embeddable":true,"href":"https:\/\/www.manabi.gob.ec\/index.php\/wp-json\/wp\/v2\/categories?post=15380"},{"taxonomy":"post_tag","embeddable":true,"href":"https:\/\/www.manabi.gob.ec\/index.php\/wp-json\/wp\/v2\/tags?post=15380"}],"curies":[{"name":"wp","href":"https:\/\/api.w.org\/{rel}","templated":true}]}}