{"id":15480,"date":"2021-01-08T08:50:40","date_gmt":"2021-01-08T13:50:40","guid":{"rendered":"https:\/\/www.manabi.gob.ec\/?p=14932"},"modified":"2021-01-08T08:50:40","modified_gmt":"2021-01-08T13:50:40","slug":"gobireno-de-manabi-da-mano-solidaria-a-familia-de-calderon","status":"publish","type":"post","link":"https:\/\/www.manabi.gob.ec\/index.php\/gobireno-de-manabi-da-mano-solidaria-a-familia-de-calderon\/","title":{"rendered":"GOBIERNO DE MANABI DA MANO SOLIDARIA A FAMILIA DE CALDERON"},"content":{"rendered":"<p style=\"font-weight: 400;\">Personal del \u00a0Gobierno de Manab\u00ed visit\u00f3, el \u00a031 de diciembre, a\u00a0 la familia Rezavala Yosa para llevarle no solo ayuda material sino tambi\u00e9n servicios en salud y, especialmente,\u00a0 darles esa mano amiga para que pueda salir del momento dif\u00edcil que vive.<\/p>\n<p style=\"font-weight: 400;\">La\u00a0 familia Rezavala Yoza, que la integran 2 adultos y 2 ni\u00f1os,\u00a0\u00a0 vive en la Quebrada\u00a0 de Guillem de la parroquia Calder\u00f3n de Portoviejo donde un incendio acab\u00f3 con sus bienes materiales, pero no con sus esperanzas, porque asi como el Gobierno Provincial lleg\u00f3 con ayuda,\u00a0 muchos manabitas han llegado con su solidaridad.<\/p>\n<p style=\"font-weight: 400;\">Ellos fueron atendidos por una brigada m\u00e9dica de la entidad provincial que adem\u00e1s de valorar el estado de salud de los ni\u00f1os y de\u00a0 sus padres, se les entreg\u00f3 complementos nutricionales,\u00a0 kits de aseo, alimentos no perecibles; adem\u00e1s 2 camas con colchones, s\u00e1banas y almohadas.<\/p>\n<p style=\"font-weight: 400;\">Esta administraci\u00f3n provincial no solo trabaja por las obras f\u00edsicas que se necesitan para el desarrollo de la provincia, tambi\u00e9n est\u00e1 preocupada por brindar el apoyo social, econ\u00f3mico y\u00a0 salud de los manabitas, como en el caso de la familia Rezavala Yoza, a quien no dejaremos sola porque seguiremos a su lado para que recuperen sus condiciones de vida.<\/p>\n","protected":false},"excerpt":{"rendered":"<p>Personal del \u00a0Gobierno de Manab\u00ed visit\u00f3, el \u00a031 de diciembre, a\u00a0 la familia Rezavala Yosa para llevarle no solo ayuda material sino tambi\u00e9n servicios en salud y, especialmente,\u00a0 darles esa mano amiga para que pueda salir del momento dif\u00edcil que vive. La\u00a0 familia Rezavala Yoza, que la integran 2 adultos y 2 ni\u00f1os,\u00a0\u00a0 vive en [&hellip;]<\/p>\n","protected":false},"author":1,"featured_media":14933,"comment_status":"open","ping_status":"open","sticky":false,"template":"","format":"standard","meta":{"_joinchat":[],"footnotes":""},"categories":[92,91],"tags":[],"class_list":["post-15480","post","type-post","status-publish","format-standard","has-post-thumbnail","hentry","category-noticias-manabi","category-todas"],"yoast_head":"<!-- This site is optimized with the Yoast SEO plugin v27.4 - https:\/\/yoast.com\/product\/yoast-seo-wordpress\/ -->\n<title>GOBIERNO DE MANABI DA MANO SOLIDARIA A FAMILIA DE CALDERON - Prefectura de Manab\u00ed<\/title>\n<meta name=\"robots\" content=\"index, follow, max-snippet:-1, max-image-preview:large, max-video-preview:-1\" \/>\n<link rel=\"canonical\" href=\"https:\/\/www.manabi.gob.ec\/index.php\/gobireno-de-manabi-da-mano-solidaria-a-familia-de-calderon\/\" \/>\n<meta property=\"og:locale\" content=\"es_ES\" \/>\n<meta property=\"og:type\" content=\"article\" \/>\n<meta property=\"og:title\" content=\"GOBIERNO DE MANABI DA MANO SOLIDARIA A FAMILIA DE CALDERON - Prefectura de Manab\u00ed\" \/>\n<meta property=\"og:description\" content=\"Personal del \u00a0Gobierno de Manab\u00ed visit\u00f3, el \u00a031 de diciembre, a\u00a0 la familia Rezavala Yosa para llevarle no solo ayuda material sino tambi\u00e9n servicios en salud y, especialmente,\u00a0 darles esa mano amiga para que pueda salir del momento dif\u00edcil que vive. La\u00a0 familia Rezavala Yoza, que la integran 2 adultos y 2 ni\u00f1os,\u00a0\u00a0 vive en [&hellip;]\" \/>\n<meta property=\"og:url\" content=\"https:\/\/www.manabi.gob.ec\/index.php\/gobireno-de-manabi-da-mano-solidaria-a-familia-de-calderon\/\" \/>\n<meta property=\"og:site_name\" content=\"Prefectura de Manab\u00ed\" \/>\n<meta property=\"article:published_time\" content=\"2021-01-08T13:50:40+00:00\" \/>\n<meta property=\"og:image\" content=\"https:\/\/www.manabi.gob.ec\/wp-content\/uploads\/2020\/08\/montecristi.jpg\" \/>\n\t<meta property=\"og:image:width\" content=\"326\" \/>\n\t<meta property=\"og:image:height\" content=\"123\" \/>\n\t<meta property=\"og:image:type\" content=\"image\/jpeg\" \/>\n<meta name=\"author\" content=\"admin\" \/>\n<meta name=\"twitter:card\" content=\"summary_large_image\" \/>\n<meta name=\"twitter:label1\" content=\"Escrito por\" \/>\n\t<meta name=\"twitter:data1\" content=\"admin\" \/>\n\t<meta name=\"twitter:label2\" content=\"Tiempo de lectura\" \/>\n\t<meta name=\"twitter:data2\" content=\"1 minuto\" \/>\n<script type=\"application\/ld+json\" class=\"yoast-schema-graph\">{\"@context\":\"https:\\\/\\\/schema.org\",\"@graph\":[{\"@type\":\"Article\",\"@id\":\"https:\\\/\\\/www.manabi.gob.ec\\\/index.php\\\/gobireno-de-manabi-da-mano-solidaria-a-familia-de-calderon\\\/#article\",\"isPartOf\":{\"@id\":\"https:\\\/\\\/www.manabi.gob.ec\\\/index.php\\\/gobireno-de-manabi-da-mano-solidaria-a-familia-de-calderon\\\/\"},\"author\":{\"name\":\"admin\",\"@id\":\"https:\\\/\\\/www.manabi.gob.ec\\\/#\\\/schema\\\/person\\\/cfc71bd68fe2703b779edcc292a49722\"},\"headline\":\"GOBIERNO DE MANABI DA MANO SOLIDARIA A FAMILIA DE CALDERON\",\"datePublished\":\"2021-01-08T13:50:40+00:00\",\"mainEntityOfPage\":{\"@id\":\"https:\\\/\\\/www.manabi.gob.ec\\\/index.php\\\/gobireno-de-manabi-da-mano-solidaria-a-familia-de-calderon\\\/\"},\"wordCount\":217,\"commentCount\":0,\"image\":{\"@id\":\"https:\\\/\\\/www.manabi.gob.ec\\\/index.php\\\/gobireno-de-manabi-da-mano-solidaria-a-familia-de-calderon\\\/#primaryimage\"},\"thumbnailUrl\":\"https:\\\/\\\/www.manabi.gob.ec\\\/wp-content\\\/uploads\\\/2020\\\/08\\\/montecristi.jpg\",\"articleSection\":[\"Noticias\",\"Todas\"],\"inLanguage\":\"es\",\"potentialAction\":[{\"@type\":\"CommentAction\",\"name\":\"Comment\",\"target\":[\"https:\\\/\\\/www.manabi.gob.ec\\\/index.php\\\/gobireno-de-manabi-da-mano-solidaria-a-familia-de-calderon\\\/#respond\"]}]},{\"@type\":\"WebPage\",\"@id\":\"https:\\\/\\\/www.manabi.gob.ec\\\/index.php\\\/gobireno-de-manabi-da-mano-solidaria-a-familia-de-calderon\\\/\",\"url\":\"https:\\\/\\\/www.manabi.gob.ec\\\/index.php\\\/gobireno-de-manabi-da-mano-solidaria-a-familia-de-calderon\\\/\",\"name\":\"GOBIERNO DE MANABI DA MANO SOLIDARIA A FAMILIA DE CALDERON - Prefectura de Manab\u00ed\",\"isPartOf\":{\"@id\":\"https:\\\/\\\/www.manabi.gob.ec\\\/#website\"},\"primaryImageOfPage\":{\"@id\":\"https:\\\/\\\/www.manabi.gob.ec\\\/index.php\\\/gobireno-de-manabi-da-mano-solidaria-a-familia-de-calderon\\\/#primaryimage\"},\"image\":{\"@id\":\"https:\\\/\\\/www.manabi.gob.ec\\\/index.php\\\/gobireno-de-manabi-da-mano-solidaria-a-familia-de-calderon\\\/#primaryimage\"},\"thumbnailUrl\":\"https:\\\/\\\/www.manabi.gob.ec\\\/wp-content\\\/uploads\\\/2020\\\/08\\\/montecristi.jpg\",\"datePublished\":\"2021-01-08T13:50:40+00:00\",\"author\":{\"@id\":\"https:\\\/\\\/www.manabi.gob.ec\\\/#\\\/schema\\\/person\\\/cfc71bd68fe2703b779edcc292a49722\"},\"breadcrumb\":{\"@id\":\"https:\\\/\\\/www.manabi.gob.ec\\\/index.php\\\/gobireno-de-manabi-da-mano-solidaria-a-familia-de-calderon\\\/#breadcrumb\"},\"inLanguage\":\"es\",\"potentialAction\":[{\"@type\":\"ReadAction\",\"target\":[\"https:\\\/\\\/www.manabi.gob.ec\\\/index.php\\\/gobireno-de-manabi-da-mano-solidaria-a-familia-de-calderon\\\/\"]}]},{\"@type\":\"ImageObject\",\"inLanguage\":\"es\",\"@id\":\"https:\\\/\\\/www.manabi.gob.ec\\\/index.php\\\/gobireno-de-manabi-da-mano-solidaria-a-familia-de-calderon\\\/#primaryimage\",\"url\":\"https:\\\/\\\/www.manabi.gob.ec\\\/wp-content\\\/uploads\\\/2020\\\/08\\\/montecristi.jpg\",\"contentUrl\":\"https:\\\/\\\/www.manabi.gob.ec\\\/wp-content\\\/uploads\\\/2020\\\/08\\\/montecristi.jpg\",\"width\":326,\"height\":123},{\"@type\":\"BreadcrumbList\",\"@id\":\"https:\\\/\\\/www.manabi.gob.ec\\\/index.php\\\/gobireno-de-manabi-da-mano-solidaria-a-familia-de-calderon\\\/#breadcrumb\",\"itemListElement\":[{\"@type\":\"ListItem\",\"position\":1,\"name\":\"Portada\",\"item\":\"https:\\\/\\\/www.manabi.gob.ec\\\/\"},{\"@type\":\"ListItem\",\"position\":2,\"name\":\"GOBIERNO DE MANABI DA MANO SOLIDARIA A FAMILIA DE CALDERON\"}]},{\"@type\":\"WebSite\",\"@id\":\"https:\\\/\\\/www.manabi.gob.ec\\\/#website\",\"url\":\"https:\\\/\\\/www.manabi.gob.ec\\\/\",\"name\":\"Prefectura de Manab\u00ed\",\"description\":\"P\u00e1gina web de la prefectura\",\"potentialAction\":[{\"@type\":\"SearchAction\",\"target\":{\"@type\":\"EntryPoint\",\"urlTemplate\":\"https:\\\/\\\/www.manabi.gob.ec\\\/?s={search_term_string}\"},\"query-input\":{\"@type\":\"PropertyValueSpecification\",\"valueRequired\":true,\"valueName\":\"search_term_string\"}}],\"inLanguage\":\"es\"},{\"@type\":\"Person\",\"@id\":\"https:\\\/\\\/www.manabi.gob.ec\\\/#\\\/schema\\\/person\\\/cfc71bd68fe2703b779edcc292a49722\",\"name\":\"admin\",\"image\":{\"@type\":\"ImageObject\",\"inLanguage\":\"es\",\"@id\":\"https:\\\/\\\/secure.gravatar.com\\\/avatar\\\/23e9f919492b0a2f65aa168e0d8c5c867ea853b61deffbadf08c7031e15b8d78?s=96&d=mm&r=g\",\"url\":\"https:\\\/\\\/secure.gravatar.com\\\/avatar\\\/23e9f919492b0a2f65aa168e0d8c5c867ea853b61deffbadf08c7031e15b8d78?s=96&d=mm&r=g\",\"contentUrl\":\"https:\\\/\\\/secure.gravatar.com\\\/avatar\\\/23e9f919492b0a2f65aa168e0d8c5c867ea853b61deffbadf08c7031e15b8d78?s=96&d=mm&r=g\",\"caption\":\"admin\"},\"sameAs\":[\"http:\\\/\\\/www.manabi.gob.ec\"],\"url\":\"https:\\\/\\\/www.manabi.gob.ec\\\/index.php\\\/author\\\/admin\\\/\"}]}<\/script>\n<!-- \/ Yoast SEO plugin. -->","yoast_head_json":{"title":"GOBIERNO DE MANABI DA MANO SOLIDARIA A FAMILIA DE CALDERON - Prefectura de Manab\u00ed","robots":{"index":"index","follow":"follow","max-snippet":"max-snippet:-1","max-image-preview":"max-image-preview:large","max-video-preview":"max-video-preview:-1"},"canonical":"https:\/\/www.manabi.gob.ec\/index.php\/gobireno-de-manabi-da-mano-solidaria-a-familia-de-calderon\/","og_locale":"es_ES","og_type":"article","og_title":"GOBIERNO DE MANABI DA MANO SOLIDARIA A FAMILIA DE CALDERON - Prefectura de Manab\u00ed","og_description":"Personal del \u00a0Gobierno de Manab\u00ed visit\u00f3, el \u00a031 de diciembre, a\u00a0 la familia Rezavala Yosa para llevarle no solo ayuda material sino tambi\u00e9n servicios en salud y, especialmente,\u00a0 darles esa mano amiga para que pueda salir del momento dif\u00edcil que vive. La\u00a0 familia Rezavala Yoza, que la integran 2 adultos y 2 ni\u00f1os,\u00a0\u00a0 vive en [&hellip;]","og_url":"https:\/\/www.manabi.gob.ec\/index.php\/gobireno-de-manabi-da-mano-solidaria-a-familia-de-calderon\/","og_site_name":"Prefectura de Manab\u00ed","article_published_time":"2021-01-08T13:50:40+00:00","og_image":[{"width":326,"height":123,"url":"https:\/\/www.manabi.gob.ec\/wp-content\/uploads\/2020\/08\/montecristi.jpg","type":"image\/jpeg"}],"author":"admin","twitter_card":"summary_large_image","twitter_misc":{"Escrito por":"admin","Tiempo de lectura":"1 minuto"},"schema":{"@context":"https:\/\/schema.org","@graph":[{"@type":"Article","@id":"https:\/\/www.manabi.gob.ec\/index.php\/gobireno-de-manabi-da-mano-solidaria-a-familia-de-calderon\/#article","isPartOf":{"@id":"https:\/\/www.manabi.gob.ec\/index.php\/gobireno-de-manabi-da-mano-solidaria-a-familia-de-calderon\/"},"author":{"name":"admin","@id":"https:\/\/www.manabi.gob.ec\/#\/schema\/person\/cfc71bd68fe2703b779edcc292a49722"},"headline":"GOBIERNO DE MANABI DA MANO SOLIDARIA A FAMILIA DE CALDERON","datePublished":"2021-01-08T13:50:40+00:00","mainEntityOfPage":{"@id":"https:\/\/www.manabi.gob.ec\/index.php\/gobireno-de-manabi-da-mano-solidaria-a-familia-de-calderon\/"},"wordCount":217,"commentCount":0,"image":{"@id":"https:\/\/www.manabi.gob.ec\/index.php\/gobireno-de-manabi-da-mano-solidaria-a-familia-de-calderon\/#primaryimage"},"thumbnailUrl":"https:\/\/www.manabi.gob.ec\/wp-content\/uploads\/2020\/08\/montecristi.jpg","articleSection":["Noticias","Todas"],"inLanguage":"es","potentialAction":[{"@type":"CommentAction","name":"Comment","target":["https:\/\/www.manabi.gob.ec\/index.php\/gobireno-de-manabi-da-mano-solidaria-a-familia-de-calderon\/#respond"]}]},{"@type":"WebPage","@id":"https:\/\/www.manabi.gob.ec\/index.php\/gobireno-de-manabi-da-mano-solidaria-a-familia-de-calderon\/","url":"https:\/\/www.manabi.gob.ec\/index.php\/gobireno-de-manabi-da-mano-solidaria-a-familia-de-calderon\/","name":"GOBIERNO DE MANABI DA MANO SOLIDARIA A FAMILIA DE CALDERON - Prefectura de Manab\u00ed","isPartOf":{"@id":"https:\/\/www.manabi.gob.ec\/#website"},"primaryImageOfPage":{"@id":"https:\/\/www.manabi.gob.ec\/index.php\/gobireno-de-manabi-da-mano-solidaria-a-familia-de-calderon\/#primaryimage"},"image":{"@id":"https:\/\/www.manabi.gob.ec\/index.php\/gobireno-de-manabi-da-mano-solidaria-a-familia-de-calderon\/#primaryimage"},"thumbnailUrl":"https:\/\/www.manabi.gob.ec\/wp-content\/uploads\/2020\/08\/montecristi.jpg","datePublished":"2021-01-08T13:50:40+00:00","author":{"@id":"https:\/\/www.manabi.gob.ec\/#\/schema\/person\/cfc71bd68fe2703b779edcc292a49722"},"breadcrumb":{"@id":"https:\/\/www.manabi.gob.ec\/index.php\/gobireno-de-manabi-da-mano-solidaria-a-familia-de-calderon\/#breadcrumb"},"inLanguage":"es","potentialAction":[{"@type":"ReadAction","target":["https:\/\/www.manabi.gob.ec\/index.php\/gobireno-de-manabi-da-mano-solidaria-a-familia-de-calderon\/"]}]},{"@type":"ImageObject","inLanguage":"es","@id":"https:\/\/www.manabi.gob.ec\/index.php\/gobireno-de-manabi-da-mano-solidaria-a-familia-de-calderon\/#primaryimage","url":"https:\/\/www.manabi.gob.ec\/wp-content\/uploads\/2020\/08\/montecristi.jpg","contentUrl":"https:\/\/www.manabi.gob.ec\/wp-content\/uploads\/2020\/08\/montecristi.jpg","width":326,"height":123},{"@type":"BreadcrumbList","@id":"https:\/\/www.manabi.gob.ec\/index.php\/gobireno-de-manabi-da-mano-solidaria-a-familia-de-calderon\/#breadcrumb","itemListElement":[{"@type":"ListItem","position":1,"name":"Portada","item":"https:\/\/www.manabi.gob.ec\/"},{"@type":"ListItem","position":2,"name":"GOBIERNO DE MANABI DA MANO SOLIDARIA A FAMILIA DE CALDERON"}]},{"@type":"WebSite","@id":"https:\/\/www.manabi.gob.ec\/#website","url":"https:\/\/www.manabi.gob.ec\/","name":"Prefectura de Manab\u00ed","description":"P\u00e1gina web de la prefectura","potentialAction":[{"@type":"SearchAction","target":{"@type":"EntryPoint","urlTemplate":"https:\/\/www.manabi.gob.ec\/?s={search_term_string}"},"query-input":{"@type":"PropertyValueSpecification","valueRequired":true,"valueName":"search_term_string"}}],"inLanguage":"es"},{"@type":"Person","@id":"https:\/\/www.manabi.gob.ec\/#\/schema\/person\/cfc71bd68fe2703b779edcc292a49722","name":"admin","image":{"@type":"ImageObject","inLanguage":"es","@id":"https:\/\/secure.gravatar.com\/avatar\/23e9f919492b0a2f65aa168e0d8c5c867ea853b61deffbadf08c7031e15b8d78?s=96&d=mm&r=g","url":"https:\/\/secure.gravatar.com\/avatar\/23e9f919492b0a2f65aa168e0d8c5c867ea853b61deffbadf08c7031e15b8d78?s=96&d=mm&r=g","contentUrl":"https:\/\/secure.gravatar.com\/avatar\/23e9f919492b0a2f65aa168e0d8c5c867ea853b61deffbadf08c7031e15b8d78?s=96&d=mm&r=g","caption":"admin"},"sameAs":["http:\/\/www.manabi.gob.ec"],"url":"https:\/\/www.manabi.gob.ec\/index.php\/author\/admin\/"}]}},"jetpack_featured_media_url":"https:\/\/www.manabi.gob.ec\/wp-content\/uploads\/2020\/08\/montecristi.jpg","_links":{"self":[{"href":"https:\/\/www.manabi.gob.ec\/index.php\/wp-json\/wp\/v2\/posts\/15480","targetHints":{"allow":["GET"]}}],"collection":[{"href":"https:\/\/www.manabi.gob.ec\/index.php\/wp-json\/wp\/v2\/posts"}],"about":[{"href":"https:\/\/www.manabi.gob.ec\/index.php\/wp-json\/wp\/v2\/types\/post"}],"author":[{"embeddable":true,"href":"https:\/\/www.manabi.gob.ec\/index.php\/wp-json\/wp\/v2\/users\/1"}],"replies":[{"embeddable":true,"href":"https:\/\/www.manabi.gob.ec\/index.php\/wp-json\/wp\/v2\/comments?post=15480"}],"version-history":[{"count":0,"href":"https:\/\/www.manabi.gob.ec\/index.php\/wp-json\/wp\/v2\/posts\/15480\/revisions"}],"wp:featuredmedia":[{"embeddable":true,"href":"https:\/\/www.manabi.gob.ec\/index.php\/wp-json\/wp\/v2\/media\/14933"}],"wp:attachment":[{"href":"https:\/\/www.manabi.gob.ec\/index.php\/wp-json\/wp\/v2\/media?parent=15480"}],"wp:term":[{"taxonomy":"category","embeddable":true,"href":"https:\/\/www.manabi.gob.ec\/index.php\/wp-json\/wp\/v2\/categories?post=15480"},{"taxonomy":"post_tag","embeddable":true,"href":"https:\/\/www.manabi.gob.ec\/index.php\/wp-json\/wp\/v2\/tags?post=15480"}],"curies":[{"name":"wp","href":"https:\/\/api.w.org\/{rel}","templated":true}]}}