{"id":15491,"date":"2021-01-12T15:34:34","date_gmt":"2021-01-12T20:34:34","guid":{"rendered":"https:\/\/www.manabi.gob.ec\/?p=14958"},"modified":"2021-01-12T15:34:34","modified_gmt":"2021-01-12T20:34:34","slug":"180-personas-vuelven-a-la-vida-a-traves-del-programa-de-protesis","status":"publish","type":"post","link":"https:\/\/www.manabi.gob.ec\/index.php\/180-personas-vuelven-a-la-vida-a-traves-del-programa-de-protesis\/","title":{"rendered":"180 personas \u00abvuelven a la vida\u00bb a trav\u00e9s del programa de pr\u00f3tesis"},"content":{"rendered":"<p style=\"font-weight: 400;\">Daniel Rodr\u00edguez perdi\u00f3 una de sus piernas como consecuencia de un accidente laboral ocurrido hace 4 a\u00f1os. Hoy su condici\u00f3n ha mejorado gracias a la pr\u00f3tesis que recibi\u00f3 de la Fundaci\u00f3n el Rostro de Jes\u00fas, con sede en Manta, y el apoyo del Gobierno de Manab\u00ed.<\/p>\n<p style=\"font-weight: 400;\">\n<p style=\"font-weight: 400;\">El accidente que vivi\u00f3 Rodr\u00edguez le provoc\u00f3 la amputaci\u00f3n de su extremidad lo que fue un golpe duro para \u00e9l, ya que perdi\u00f3 su trabajo y decay\u00f3 su estado an\u00edmico y emocional, pero hoy\u00a0\u00a0 tiene nuevas esperanzas,\u00a0 gracias a la pr\u00f3tesis recibida.<\/p>\n<p style=\"font-weight: 400;\">\n<p style=\"font-weight: 400;\">\u201cDespu\u00e9s que me cortaron la pierna yo ya no era nadie. Afortunadamente recib\u00ed consejos de personas que me dieron \u00e1nimo para seguir adelante\u201d, manifest\u00f3 Rodr\u00edguez, de 42 a\u00f1os.<\/p>\n<p style=\"font-weight: 400;\">\n<p style=\"font-weight: 400;\">Otro beneficiario de estas ayudas es Alex Zambrano quien coment\u00f3 su historia.\u00a0\u00a0 \u201cAhora mi condici\u00f3n ha mejorado, porque ya camino mi ratito. Ya no estoy con el dolor a la espalda, ni estoy tanto con ese dolor a la nuca que ten\u00eda por estar todo el d\u00eda acostado. Eso me produc\u00eda m\u00e1s desaliento. Ya no quer\u00eda ni vivir\u201d, record\u00f3.<\/p>\n<p style=\"font-weight: 400;\">\n<p style=\"font-weight: 400;\">Estas ayudas se entregan a trav\u00e9s del Proyecto para el Fortalecimiento Integral a Personas con Discapacidad, Terapia F\u00edsica y Rehabilitaci\u00f3n, que se ejecuta mediante convenio entre el Gobierno de Manab\u00ed y la Fundaci\u00f3n El Rostro de Jes\u00fas.<\/p>\n<p style=\"font-weight: 400;\">\n<p style=\"font-weight: 400;\">A mediados de diciembre, tambi\u00e9n recibieron ayuda Mirian Pico, Dar\u00edo Jaramillo, y Juan David Ch\u00f3ez.<\/p>\n<p style=\"font-weight: 400;\">\n<p style=\"font-weight: 400;\">El prefecto, Leonardo Orlando, realiz\u00f3 la entrega formal de estas pr\u00f3tesis, el jueves 7 de enero. All\u00ed se comprometi\u00f3 a seguir apoyando estas iniciativas, en el marco de la pol\u00edtica institucional de atenci\u00f3n integral a los grupos vulnerables.<\/p>\n<p style=\"font-weight: 400;\">\n<p style=\"font-weight: 400;\">\u201cNos sentimos honrados de apoyar estas manos manabitas. Manos solidarias, que construyen pr\u00f3tesis y \u00f3rtesis para devolverles la esperanza a hermanos que perdieron una extremidad, un brazo, una pierna, y que hoy pueden valerse por s\u00ed mismo y pueden incorporarse a actividades productivas, acad\u00e9micas y deportivas\u201d, destac\u00f3 Leonardo Orlando.<\/p>\n<p style=\"font-weight: 400;\">\n<p style=\"font-weight: 400;\">M\u00e1s de 180 personas se benefician de este proyecto, que tiene una inversi\u00f3n de $22.460, de los cuales el GPM aporta $13.500.Portoviejo, 8 de Enero de 2020<\/p>\n","protected":false},"excerpt":{"rendered":"<p>Daniel Rodr\u00edguez perdi\u00f3 una de sus piernas como consecuencia de un accidente laboral ocurrido hace 4 a\u00f1os. Hoy su condici\u00f3n ha mejorado gracias a la pr\u00f3tesis que recibi\u00f3 de la Fundaci\u00f3n el Rostro de Jes\u00fas, con sede en Manta, y el apoyo del Gobierno de Manab\u00ed. El accidente que vivi\u00f3 Rodr\u00edguez le provoc\u00f3 la amputaci\u00f3n [&hellip;]<\/p>\n","protected":false},"author":1,"featured_media":14959,"comment_status":"open","ping_status":"open","sticky":false,"template":"","format":"standard","meta":{"_joinchat":[],"footnotes":""},"categories":[92,91],"tags":[],"class_list":["post-15491","post","type-post","status-publish","format-standard","has-post-thumbnail","hentry","category-noticias-manabi","category-todas"],"yoast_head":"<!-- This site is optimized with the Yoast SEO plugin v27.4 - https:\/\/yoast.com\/product\/yoast-seo-wordpress\/ -->\n<title>180 personas &quot;vuelven a la vida&quot; a trav\u00e9s del programa de pr\u00f3tesis - Prefectura de Manab\u00ed<\/title>\n<meta name=\"robots\" content=\"index, follow, max-snippet:-1, max-image-preview:large, max-video-preview:-1\" \/>\n<link rel=\"canonical\" href=\"https:\/\/www.manabi.gob.ec\/index.php\/180-personas-vuelven-a-la-vida-a-traves-del-programa-de-protesis\/\" \/>\n<meta property=\"og:locale\" content=\"es_ES\" \/>\n<meta property=\"og:type\" content=\"article\" \/>\n<meta property=\"og:title\" content=\"180 personas &quot;vuelven a la vida&quot; a trav\u00e9s del programa de pr\u00f3tesis - Prefectura de Manab\u00ed\" \/>\n<meta property=\"og:description\" content=\"Daniel Rodr\u00edguez perdi\u00f3 una de sus piernas como consecuencia de un accidente laboral ocurrido hace 4 a\u00f1os. Hoy su condici\u00f3n ha mejorado gracias a la pr\u00f3tesis que recibi\u00f3 de la Fundaci\u00f3n el Rostro de Jes\u00fas, con sede en Manta, y el apoyo del Gobierno de Manab\u00ed. El accidente que vivi\u00f3 Rodr\u00edguez le provoc\u00f3 la amputaci\u00f3n [&hellip;]\" \/>\n<meta property=\"og:url\" content=\"https:\/\/www.manabi.gob.ec\/index.php\/180-personas-vuelven-a-la-vida-a-traves-del-programa-de-protesis\/\" \/>\n<meta property=\"og:site_name\" content=\"Prefectura de Manab\u00ed\" \/>\n<meta property=\"article:published_time\" content=\"2021-01-12T20:34:34+00:00\" \/>\n<meta name=\"author\" content=\"admin\" \/>\n<meta name=\"twitter:card\" content=\"summary_large_image\" \/>\n<meta name=\"twitter:label1\" content=\"Escrito por\" \/>\n\t<meta name=\"twitter:data1\" content=\"admin\" \/>\n\t<meta name=\"twitter:label2\" content=\"Tiempo de lectura\" \/>\n\t<meta name=\"twitter:data2\" content=\"2 minutos\" \/>\n<script type=\"application\/ld+json\" class=\"yoast-schema-graph\">{\"@context\":\"https:\\\/\\\/schema.org\",\"@graph\":[{\"@type\":\"Article\",\"@id\":\"https:\\\/\\\/www.manabi.gob.ec\\\/index.php\\\/180-personas-vuelven-a-la-vida-a-traves-del-programa-de-protesis\\\/#article\",\"isPartOf\":{\"@id\":\"https:\\\/\\\/www.manabi.gob.ec\\\/index.php\\\/180-personas-vuelven-a-la-vida-a-traves-del-programa-de-protesis\\\/\"},\"author\":{\"name\":\"admin\",\"@id\":\"https:\\\/\\\/www.manabi.gob.ec\\\/#\\\/schema\\\/person\\\/cfc71bd68fe2703b779edcc292a49722\"},\"headline\":\"180 personas \u00abvuelven a la vida\u00bb a trav\u00e9s del programa de pr\u00f3tesis\",\"datePublished\":\"2021-01-12T20:34:34+00:00\",\"mainEntityOfPage\":{\"@id\":\"https:\\\/\\\/www.manabi.gob.ec\\\/index.php\\\/180-personas-vuelven-a-la-vida-a-traves-del-programa-de-protesis\\\/\"},\"wordCount\":381,\"commentCount\":0,\"image\":{\"@id\":\"https:\\\/\\\/www.manabi.gob.ec\\\/index.php\\\/180-personas-vuelven-a-la-vida-a-traves-del-programa-de-protesis\\\/#primaryimage\"},\"thumbnailUrl\":\"\",\"articleSection\":[\"Noticias\",\"Todas\"],\"inLanguage\":\"es\",\"potentialAction\":[{\"@type\":\"CommentAction\",\"name\":\"Comment\",\"target\":[\"https:\\\/\\\/www.manabi.gob.ec\\\/index.php\\\/180-personas-vuelven-a-la-vida-a-traves-del-programa-de-protesis\\\/#respond\"]}]},{\"@type\":\"WebPage\",\"@id\":\"https:\\\/\\\/www.manabi.gob.ec\\\/index.php\\\/180-personas-vuelven-a-la-vida-a-traves-del-programa-de-protesis\\\/\",\"url\":\"https:\\\/\\\/www.manabi.gob.ec\\\/index.php\\\/180-personas-vuelven-a-la-vida-a-traves-del-programa-de-protesis\\\/\",\"name\":\"180 personas \\\"vuelven a la vida\\\" a trav\u00e9s del programa de pr\u00f3tesis - Prefectura de Manab\u00ed\",\"isPartOf\":{\"@id\":\"https:\\\/\\\/www.manabi.gob.ec\\\/#website\"},\"primaryImageOfPage\":{\"@id\":\"https:\\\/\\\/www.manabi.gob.ec\\\/index.php\\\/180-personas-vuelven-a-la-vida-a-traves-del-programa-de-protesis\\\/#primaryimage\"},\"image\":{\"@id\":\"https:\\\/\\\/www.manabi.gob.ec\\\/index.php\\\/180-personas-vuelven-a-la-vida-a-traves-del-programa-de-protesis\\\/#primaryimage\"},\"thumbnailUrl\":\"\",\"datePublished\":\"2021-01-12T20:34:34+00:00\",\"author\":{\"@id\":\"https:\\\/\\\/www.manabi.gob.ec\\\/#\\\/schema\\\/person\\\/cfc71bd68fe2703b779edcc292a49722\"},\"breadcrumb\":{\"@id\":\"https:\\\/\\\/www.manabi.gob.ec\\\/index.php\\\/180-personas-vuelven-a-la-vida-a-traves-del-programa-de-protesis\\\/#breadcrumb\"},\"inLanguage\":\"es\",\"potentialAction\":[{\"@type\":\"ReadAction\",\"target\":[\"https:\\\/\\\/www.manabi.gob.ec\\\/index.php\\\/180-personas-vuelven-a-la-vida-a-traves-del-programa-de-protesis\\\/\"]}]},{\"@type\":\"ImageObject\",\"inLanguage\":\"es\",\"@id\":\"https:\\\/\\\/www.manabi.gob.ec\\\/index.php\\\/180-personas-vuelven-a-la-vida-a-traves-del-programa-de-protesis\\\/#primaryimage\",\"url\":\"\",\"contentUrl\":\"\"},{\"@type\":\"BreadcrumbList\",\"@id\":\"https:\\\/\\\/www.manabi.gob.ec\\\/index.php\\\/180-personas-vuelven-a-la-vida-a-traves-del-programa-de-protesis\\\/#breadcrumb\",\"itemListElement\":[{\"@type\":\"ListItem\",\"position\":1,\"name\":\"Portada\",\"item\":\"https:\\\/\\\/www.manabi.gob.ec\\\/\"},{\"@type\":\"ListItem\",\"position\":2,\"name\":\"180 personas \u00abvuelven a la vida\u00bb a trav\u00e9s del programa de pr\u00f3tesis\"}]},{\"@type\":\"WebSite\",\"@id\":\"https:\\\/\\\/www.manabi.gob.ec\\\/#website\",\"url\":\"https:\\\/\\\/www.manabi.gob.ec\\\/\",\"name\":\"Prefectura de Manab\u00ed\",\"description\":\"P\u00e1gina web de la prefectura\",\"potentialAction\":[{\"@type\":\"SearchAction\",\"target\":{\"@type\":\"EntryPoint\",\"urlTemplate\":\"https:\\\/\\\/www.manabi.gob.ec\\\/?s={search_term_string}\"},\"query-input\":{\"@type\":\"PropertyValueSpecification\",\"valueRequired\":true,\"valueName\":\"search_term_string\"}}],\"inLanguage\":\"es\"},{\"@type\":\"Person\",\"@id\":\"https:\\\/\\\/www.manabi.gob.ec\\\/#\\\/schema\\\/person\\\/cfc71bd68fe2703b779edcc292a49722\",\"name\":\"admin\",\"image\":{\"@type\":\"ImageObject\",\"inLanguage\":\"es\",\"@id\":\"https:\\\/\\\/secure.gravatar.com\\\/avatar\\\/23e9f919492b0a2f65aa168e0d8c5c867ea853b61deffbadf08c7031e15b8d78?s=96&d=mm&r=g\",\"url\":\"https:\\\/\\\/secure.gravatar.com\\\/avatar\\\/23e9f919492b0a2f65aa168e0d8c5c867ea853b61deffbadf08c7031e15b8d78?s=96&d=mm&r=g\",\"contentUrl\":\"https:\\\/\\\/secure.gravatar.com\\\/avatar\\\/23e9f919492b0a2f65aa168e0d8c5c867ea853b61deffbadf08c7031e15b8d78?s=96&d=mm&r=g\",\"caption\":\"admin\"},\"sameAs\":[\"http:\\\/\\\/www.manabi.gob.ec\"],\"url\":\"https:\\\/\\\/www.manabi.gob.ec\\\/index.php\\\/author\\\/admin\\\/\"}]}<\/script>\n<!-- \/ Yoast SEO plugin. -->","yoast_head_json":{"title":"180 personas \"vuelven a la vida\" a trav\u00e9s del programa de pr\u00f3tesis - Prefectura de Manab\u00ed","robots":{"index":"index","follow":"follow","max-snippet":"max-snippet:-1","max-image-preview":"max-image-preview:large","max-video-preview":"max-video-preview:-1"},"canonical":"https:\/\/www.manabi.gob.ec\/index.php\/180-personas-vuelven-a-la-vida-a-traves-del-programa-de-protesis\/","og_locale":"es_ES","og_type":"article","og_title":"180 personas \"vuelven a la vida\" a trav\u00e9s del programa de pr\u00f3tesis - Prefectura de Manab\u00ed","og_description":"Daniel Rodr\u00edguez perdi\u00f3 una de sus piernas como consecuencia de un accidente laboral ocurrido hace 4 a\u00f1os. Hoy su condici\u00f3n ha mejorado gracias a la pr\u00f3tesis que recibi\u00f3 de la Fundaci\u00f3n el Rostro de Jes\u00fas, con sede en Manta, y el apoyo del Gobierno de Manab\u00ed. El accidente que vivi\u00f3 Rodr\u00edguez le provoc\u00f3 la amputaci\u00f3n [&hellip;]","og_url":"https:\/\/www.manabi.gob.ec\/index.php\/180-personas-vuelven-a-la-vida-a-traves-del-programa-de-protesis\/","og_site_name":"Prefectura de Manab\u00ed","article_published_time":"2021-01-12T20:34:34+00:00","author":"admin","twitter_card":"summary_large_image","twitter_misc":{"Escrito por":"admin","Tiempo de lectura":"2 minutos"},"schema":{"@context":"https:\/\/schema.org","@graph":[{"@type":"Article","@id":"https:\/\/www.manabi.gob.ec\/index.php\/180-personas-vuelven-a-la-vida-a-traves-del-programa-de-protesis\/#article","isPartOf":{"@id":"https:\/\/www.manabi.gob.ec\/index.php\/180-personas-vuelven-a-la-vida-a-traves-del-programa-de-protesis\/"},"author":{"name":"admin","@id":"https:\/\/www.manabi.gob.ec\/#\/schema\/person\/cfc71bd68fe2703b779edcc292a49722"},"headline":"180 personas \u00abvuelven a la vida\u00bb a trav\u00e9s del programa de pr\u00f3tesis","datePublished":"2021-01-12T20:34:34+00:00","mainEntityOfPage":{"@id":"https:\/\/www.manabi.gob.ec\/index.php\/180-personas-vuelven-a-la-vida-a-traves-del-programa-de-protesis\/"},"wordCount":381,"commentCount":0,"image":{"@id":"https:\/\/www.manabi.gob.ec\/index.php\/180-personas-vuelven-a-la-vida-a-traves-del-programa-de-protesis\/#primaryimage"},"thumbnailUrl":"","articleSection":["Noticias","Todas"],"inLanguage":"es","potentialAction":[{"@type":"CommentAction","name":"Comment","target":["https:\/\/www.manabi.gob.ec\/index.php\/180-personas-vuelven-a-la-vida-a-traves-del-programa-de-protesis\/#respond"]}]},{"@type":"WebPage","@id":"https:\/\/www.manabi.gob.ec\/index.php\/180-personas-vuelven-a-la-vida-a-traves-del-programa-de-protesis\/","url":"https:\/\/www.manabi.gob.ec\/index.php\/180-personas-vuelven-a-la-vida-a-traves-del-programa-de-protesis\/","name":"180 personas \"vuelven a la vida\" a trav\u00e9s del programa de pr\u00f3tesis - Prefectura de Manab\u00ed","isPartOf":{"@id":"https:\/\/www.manabi.gob.ec\/#website"},"primaryImageOfPage":{"@id":"https:\/\/www.manabi.gob.ec\/index.php\/180-personas-vuelven-a-la-vida-a-traves-del-programa-de-protesis\/#primaryimage"},"image":{"@id":"https:\/\/www.manabi.gob.ec\/index.php\/180-personas-vuelven-a-la-vida-a-traves-del-programa-de-protesis\/#primaryimage"},"thumbnailUrl":"","datePublished":"2021-01-12T20:34:34+00:00","author":{"@id":"https:\/\/www.manabi.gob.ec\/#\/schema\/person\/cfc71bd68fe2703b779edcc292a49722"},"breadcrumb":{"@id":"https:\/\/www.manabi.gob.ec\/index.php\/180-personas-vuelven-a-la-vida-a-traves-del-programa-de-protesis\/#breadcrumb"},"inLanguage":"es","potentialAction":[{"@type":"ReadAction","target":["https:\/\/www.manabi.gob.ec\/index.php\/180-personas-vuelven-a-la-vida-a-traves-del-programa-de-protesis\/"]}]},{"@type":"ImageObject","inLanguage":"es","@id":"https:\/\/www.manabi.gob.ec\/index.php\/180-personas-vuelven-a-la-vida-a-traves-del-programa-de-protesis\/#primaryimage","url":"","contentUrl":""},{"@type":"BreadcrumbList","@id":"https:\/\/www.manabi.gob.ec\/index.php\/180-personas-vuelven-a-la-vida-a-traves-del-programa-de-protesis\/#breadcrumb","itemListElement":[{"@type":"ListItem","position":1,"name":"Portada","item":"https:\/\/www.manabi.gob.ec\/"},{"@type":"ListItem","position":2,"name":"180 personas \u00abvuelven a la vida\u00bb a trav\u00e9s del programa de pr\u00f3tesis"}]},{"@type":"WebSite","@id":"https:\/\/www.manabi.gob.ec\/#website","url":"https:\/\/www.manabi.gob.ec\/","name":"Prefectura de Manab\u00ed","description":"P\u00e1gina web de la prefectura","potentialAction":[{"@type":"SearchAction","target":{"@type":"EntryPoint","urlTemplate":"https:\/\/www.manabi.gob.ec\/?s={search_term_string}"},"query-input":{"@type":"PropertyValueSpecification","valueRequired":true,"valueName":"search_term_string"}}],"inLanguage":"es"},{"@type":"Person","@id":"https:\/\/www.manabi.gob.ec\/#\/schema\/person\/cfc71bd68fe2703b779edcc292a49722","name":"admin","image":{"@type":"ImageObject","inLanguage":"es","@id":"https:\/\/secure.gravatar.com\/avatar\/23e9f919492b0a2f65aa168e0d8c5c867ea853b61deffbadf08c7031e15b8d78?s=96&d=mm&r=g","url":"https:\/\/secure.gravatar.com\/avatar\/23e9f919492b0a2f65aa168e0d8c5c867ea853b61deffbadf08c7031e15b8d78?s=96&d=mm&r=g","contentUrl":"https:\/\/secure.gravatar.com\/avatar\/23e9f919492b0a2f65aa168e0d8c5c867ea853b61deffbadf08c7031e15b8d78?s=96&d=mm&r=g","caption":"admin"},"sameAs":["http:\/\/www.manabi.gob.ec"],"url":"https:\/\/www.manabi.gob.ec\/index.php\/author\/admin\/"}]}},"jetpack_featured_media_url":"","_links":{"self":[{"href":"https:\/\/www.manabi.gob.ec\/index.php\/wp-json\/wp\/v2\/posts\/15491","targetHints":{"allow":["GET"]}}],"collection":[{"href":"https:\/\/www.manabi.gob.ec\/index.php\/wp-json\/wp\/v2\/posts"}],"about":[{"href":"https:\/\/www.manabi.gob.ec\/index.php\/wp-json\/wp\/v2\/types\/post"}],"author":[{"embeddable":true,"href":"https:\/\/www.manabi.gob.ec\/index.php\/wp-json\/wp\/v2\/users\/1"}],"replies":[{"embeddable":true,"href":"https:\/\/www.manabi.gob.ec\/index.php\/wp-json\/wp\/v2\/comments?post=15491"}],"version-history":[{"count":0,"href":"https:\/\/www.manabi.gob.ec\/index.php\/wp-json\/wp\/v2\/posts\/15491\/revisions"}],"wp:featuredmedia":[{"embeddable":true,"href":"https:\/\/www.manabi.gob.ec\/index.php\/wp-json\/"}],"wp:attachment":[{"href":"https:\/\/www.manabi.gob.ec\/index.php\/wp-json\/wp\/v2\/media?parent=15491"}],"wp:term":[{"taxonomy":"category","embeddable":true,"href":"https:\/\/www.manabi.gob.ec\/index.php\/wp-json\/wp\/v2\/categories?post=15491"},{"taxonomy":"post_tag","embeddable":true,"href":"https:\/\/www.manabi.gob.ec\/index.php\/wp-json\/wp\/v2\/tags?post=15491"}],"curies":[{"name":"wp","href":"https:\/\/api.w.org\/{rel}","templated":true}]}}