{"id":15493,"date":"2021-01-21T15:06:00","date_gmt":"2021-01-21T20:06:00","guid":{"rendered":"https:\/\/www.manabi.gob.ec\/?p=14983"},"modified":"2021-01-21T15:06:00","modified_gmt":"2021-01-21T20:06:00","slug":"se-cristaliza-el-sueno-de-los-habitantes-de-crucita","status":"publish","type":"post","link":"https:\/\/www.manabi.gob.ec\/index.php\/se-cristaliza-el-sueno-de-los-habitantes-de-crucita\/","title":{"rendered":"Se cristaliza el sue\u00f1o de los habitantes de  Crucita"},"content":{"rendered":"<p style=\"font-weight: 400;\">El 12 de enero\u00a0 de 2021 marca el inicio de un sue\u00f1o hecho realidad para los\u00a0 habitantes de Crucita. Este d\u00eda se firm\u00f3 el contrato e inmediatamente se\u00a0 iniciaron los trabajos\u00a0 de rehabilitaci\u00f3n de La v\u00eda Los Arenales \u2013La Boca.<\/p>\n<p style=\"font-weight: 400;\">\n<p style=\"font-weight: 400;\">\u201c\u00c9ste va a ser el a\u00f1o de Crucita\u00a0 en sus obras viales\u201d dijo el Prefecto, Leonardo Orlando.<\/p>\n<p style=\"font-weight: 400;\">\n<p style=\"font-weight: 400;\">La obra fue contratada, este d\u00eda,\u00a0 por el Gobierno de Manab\u00ed\u00a0 con el Consorcio\u00a0 Los Ranchos,\u00a0 que inmediatamente iniciaron los trabajos que deber\u00e1n estar terminados en 8 meses.<\/p>\n<p style=\"font-weight: 400;\">\n<p style=\"font-weight: 400;\">\u00a0\u201cPor m\u00e1s de 40 a\u00f1os y m\u00e1s de 6 administraciones de gobierno provinciales, de gobiernos parroquiales, por fin el pueblo crucitense\u00a0 tendr\u00e1\u00a0 una obra digna\u00a0 de\u00a0 grabar en la historia y de recordar a\u00a0 Leonardo Orlando,\u00a0 como el Prefecto que\u00a0 trajo salud, equidad, econom\u00eda y desarrollo a Crucita\u201d dijo la presidenta del Gobierno Parroquial de Crucita, Andrea Delgado.<\/p>\n<p style=\"font-weight: 400;\">\n<p style=\"font-weight: 400;\">\u201cLa poblaci\u00f3n,\u00a0 que va desde los Arenales hacia la Boca, hemos estado respirando polvo\u00a0 todos los d\u00edas del a\u00f1o, y ahora va cambiar esta realidad\u201d\u00a0 destac\u00f3 uno de sus habitantes.<\/p>\n<p style=\"font-weight: 400;\">\n<p style=\"font-weight: 400;\">Son 7.12 kil\u00f3metros de v\u00eda que ser\u00e1n rehabilitados, con una inversi\u00f3n de 1.8 millones de d\u00f3lares. La v\u00eda quedar\u00e1 a\u00a0 nivel de carpeta asf\u00e1ltica, de 9 metros de ancho, en la parte urbana y de acceso al muelle; y, 9.40 metros en el tramo desde Las Gilces\u00a0 hasta la Boca, incluida\u00a0 una ciclov\u00eda\u00a0\u00a0 de 2, 20 metros de ancho.<\/p>\n<p style=\"font-weight: 400;\">\n<p style=\"font-weight: 400;\">Jhon Castro presidente de la Asociaci\u00f3n de Tricimotos de Crucita se mostr\u00f3 optimista \u00a0frente al nuevo estado que tendr\u00e1 la\u00a0 v\u00eda Crucita- Boca, pues dijo que cada uno de los 85 socios\u00a0 invirtieron\u00a0 6.500 d\u00f3lares\u00a0 en sus unidades\u00a0 que est\u00e1n da\u00f1\u00e1ndose por las malas condiciones que ha tenido esta arteria de movilidad. \u201cEl sue\u00f1o de cada uno de ustedes se va a cristalizar\u201d.<\/p>\n<p style=\"font-weight: 400;\">\n<p style=\"font-weight: 400;\">Bol\u00edvar Arangundi, coordinador de la comunidad La Boca, habl\u00f3 sobre las mejoras que traer\u00e1 la v\u00eda. \u201cEstamos\u00a0 seguros\u00a0 y convencidos que esta importante obra\u00a0 desarrollar\u00e1 las cadenas productivas, la calidad de vida, \u00a0nuestra\u00a0 situaci\u00f3n econ\u00f3mica y sin lugar a dudas serremos pr\u00f3speros en un futuro.<\/p>\n<p style=\"font-weight: 400;\">\n<p style=\"font-weight: 400;\">M\u00e1s de 26 mil personas se benefician de\u00a0 esta obra\u00a0 que fortalecer\u00e1 el potencial tur\u00edstico\u00a0 y productivo de esta parroquia,\u00a0 v\u00eda que es parte del circuito integrado por los cantones Portoviejo, Rocafuerte y Sucre.<\/p>\n","protected":false},"excerpt":{"rendered":"<p>El 12 de enero\u00a0 de 2021 marca el inicio de un sue\u00f1o hecho realidad para los\u00a0 habitantes de Crucita. Este d\u00eda se firm\u00f3 el contrato e inmediatamente se\u00a0 iniciaron los trabajos\u00a0 de rehabilitaci\u00f3n de La v\u00eda Los Arenales \u2013La Boca. \u201c\u00c9ste va a ser el a\u00f1o de Crucita\u00a0 en sus obras viales\u201d dijo el Prefecto, [&hellip;]<\/p>\n","protected":false},"author":1,"featured_media":14985,"comment_status":"open","ping_status":"open","sticky":false,"template":"","format":"standard","meta":{"_joinchat":[],"footnotes":""},"categories":[92,91],"tags":[124,105],"class_list":["post-15493","post","type-post","status-publish","format-standard","has-post-thumbnail","hentry","category-noticias-manabi","category-todas","tag-crucita","tag-portoviejo"],"yoast_head":"<!-- This site is optimized with the Yoast SEO plugin v27.4 - https:\/\/yoast.com\/product\/yoast-seo-wordpress\/ -->\n<title>Se cristaliza el sue\u00f1o de los habitantes de Crucita - Prefectura de Manab\u00ed<\/title>\n<meta name=\"robots\" content=\"index, follow, max-snippet:-1, max-image-preview:large, max-video-preview:-1\" \/>\n<link rel=\"canonical\" href=\"https:\/\/www.manabi.gob.ec\/index.php\/se-cristaliza-el-sueno-de-los-habitantes-de-crucita\/\" \/>\n<meta property=\"og:locale\" content=\"es_ES\" \/>\n<meta property=\"og:type\" content=\"article\" \/>\n<meta property=\"og:title\" content=\"Se cristaliza el sue\u00f1o de los habitantes de Crucita - Prefectura de Manab\u00ed\" \/>\n<meta property=\"og:description\" content=\"El 12 de enero\u00a0 de 2021 marca el inicio de un sue\u00f1o hecho realidad para los\u00a0 habitantes de Crucita. Este d\u00eda se firm\u00f3 el contrato e inmediatamente se\u00a0 iniciaron los trabajos\u00a0 de rehabilitaci\u00f3n de La v\u00eda Los Arenales \u2013La Boca. \u201c\u00c9ste va a ser el a\u00f1o de Crucita\u00a0 en sus obras viales\u201d dijo el Prefecto, [&hellip;]\" \/>\n<meta property=\"og:url\" content=\"https:\/\/www.manabi.gob.ec\/index.php\/se-cristaliza-el-sueno-de-los-habitantes-de-crucita\/\" \/>\n<meta property=\"og:site_name\" content=\"Prefectura de Manab\u00ed\" \/>\n<meta property=\"article:published_time\" content=\"2021-01-21T20:06:00+00:00\" \/>\n<meta name=\"author\" content=\"admin\" \/>\n<meta name=\"twitter:card\" content=\"summary_large_image\" \/>\n<meta name=\"twitter:label1\" content=\"Escrito por\" \/>\n\t<meta name=\"twitter:data1\" content=\"admin\" \/>\n\t<meta name=\"twitter:label2\" content=\"Tiempo de lectura\" \/>\n\t<meta name=\"twitter:data2\" content=\"2 minutos\" \/>\n<script type=\"application\/ld+json\" class=\"yoast-schema-graph\">{\"@context\":\"https:\\\/\\\/schema.org\",\"@graph\":[{\"@type\":\"Article\",\"@id\":\"https:\\\/\\\/www.manabi.gob.ec\\\/index.php\\\/se-cristaliza-el-sueno-de-los-habitantes-de-crucita\\\/#article\",\"isPartOf\":{\"@id\":\"https:\\\/\\\/www.manabi.gob.ec\\\/index.php\\\/se-cristaliza-el-sueno-de-los-habitantes-de-crucita\\\/\"},\"author\":{\"name\":\"admin\",\"@id\":\"https:\\\/\\\/www.manabi.gob.ec\\\/#\\\/schema\\\/person\\\/cfc71bd68fe2703b779edcc292a49722\"},\"headline\":\"Se cristaliza el sue\u00f1o de los habitantes de Crucita\",\"datePublished\":\"2021-01-21T20:06:00+00:00\",\"mainEntityOfPage\":{\"@id\":\"https:\\\/\\\/www.manabi.gob.ec\\\/index.php\\\/se-cristaliza-el-sueno-de-los-habitantes-de-crucita\\\/\"},\"wordCount\":406,\"commentCount\":0,\"image\":{\"@id\":\"https:\\\/\\\/www.manabi.gob.ec\\\/index.php\\\/se-cristaliza-el-sueno-de-los-habitantes-de-crucita\\\/#primaryimage\"},\"thumbnailUrl\":\"\",\"keywords\":[\"crucita\",\"Portoviejo\"],\"articleSection\":[\"Noticias\",\"Todas\"],\"inLanguage\":\"es\",\"potentialAction\":[{\"@type\":\"CommentAction\",\"name\":\"Comment\",\"target\":[\"https:\\\/\\\/www.manabi.gob.ec\\\/index.php\\\/se-cristaliza-el-sueno-de-los-habitantes-de-crucita\\\/#respond\"]}]},{\"@type\":\"WebPage\",\"@id\":\"https:\\\/\\\/www.manabi.gob.ec\\\/index.php\\\/se-cristaliza-el-sueno-de-los-habitantes-de-crucita\\\/\",\"url\":\"https:\\\/\\\/www.manabi.gob.ec\\\/index.php\\\/se-cristaliza-el-sueno-de-los-habitantes-de-crucita\\\/\",\"name\":\"Se cristaliza el sue\u00f1o de los habitantes de Crucita - Prefectura de Manab\u00ed\",\"isPartOf\":{\"@id\":\"https:\\\/\\\/www.manabi.gob.ec\\\/#website\"},\"primaryImageOfPage\":{\"@id\":\"https:\\\/\\\/www.manabi.gob.ec\\\/index.php\\\/se-cristaliza-el-sueno-de-los-habitantes-de-crucita\\\/#primaryimage\"},\"image\":{\"@id\":\"https:\\\/\\\/www.manabi.gob.ec\\\/index.php\\\/se-cristaliza-el-sueno-de-los-habitantes-de-crucita\\\/#primaryimage\"},\"thumbnailUrl\":\"\",\"datePublished\":\"2021-01-21T20:06:00+00:00\",\"author\":{\"@id\":\"https:\\\/\\\/www.manabi.gob.ec\\\/#\\\/schema\\\/person\\\/cfc71bd68fe2703b779edcc292a49722\"},\"breadcrumb\":{\"@id\":\"https:\\\/\\\/www.manabi.gob.ec\\\/index.php\\\/se-cristaliza-el-sueno-de-los-habitantes-de-crucita\\\/#breadcrumb\"},\"inLanguage\":\"es\",\"potentialAction\":[{\"@type\":\"ReadAction\",\"target\":[\"https:\\\/\\\/www.manabi.gob.ec\\\/index.php\\\/se-cristaliza-el-sueno-de-los-habitantes-de-crucita\\\/\"]}]},{\"@type\":\"ImageObject\",\"inLanguage\":\"es\",\"@id\":\"https:\\\/\\\/www.manabi.gob.ec\\\/index.php\\\/se-cristaliza-el-sueno-de-los-habitantes-de-crucita\\\/#primaryimage\",\"url\":\"\",\"contentUrl\":\"\"},{\"@type\":\"BreadcrumbList\",\"@id\":\"https:\\\/\\\/www.manabi.gob.ec\\\/index.php\\\/se-cristaliza-el-sueno-de-los-habitantes-de-crucita\\\/#breadcrumb\",\"itemListElement\":[{\"@type\":\"ListItem\",\"position\":1,\"name\":\"Portada\",\"item\":\"https:\\\/\\\/www.manabi.gob.ec\\\/\"},{\"@type\":\"ListItem\",\"position\":2,\"name\":\"Se cristaliza el sue\u00f1o de los habitantes de Crucita\"}]},{\"@type\":\"WebSite\",\"@id\":\"https:\\\/\\\/www.manabi.gob.ec\\\/#website\",\"url\":\"https:\\\/\\\/www.manabi.gob.ec\\\/\",\"name\":\"Prefectura de Manab\u00ed\",\"description\":\"P\u00e1gina web de la prefectura\",\"potentialAction\":[{\"@type\":\"SearchAction\",\"target\":{\"@type\":\"EntryPoint\",\"urlTemplate\":\"https:\\\/\\\/www.manabi.gob.ec\\\/?s={search_term_string}\"},\"query-input\":{\"@type\":\"PropertyValueSpecification\",\"valueRequired\":true,\"valueName\":\"search_term_string\"}}],\"inLanguage\":\"es\"},{\"@type\":\"Person\",\"@id\":\"https:\\\/\\\/www.manabi.gob.ec\\\/#\\\/schema\\\/person\\\/cfc71bd68fe2703b779edcc292a49722\",\"name\":\"admin\",\"image\":{\"@type\":\"ImageObject\",\"inLanguage\":\"es\",\"@id\":\"https:\\\/\\\/secure.gravatar.com\\\/avatar\\\/23e9f919492b0a2f65aa168e0d8c5c867ea853b61deffbadf08c7031e15b8d78?s=96&d=mm&r=g\",\"url\":\"https:\\\/\\\/secure.gravatar.com\\\/avatar\\\/23e9f919492b0a2f65aa168e0d8c5c867ea853b61deffbadf08c7031e15b8d78?s=96&d=mm&r=g\",\"contentUrl\":\"https:\\\/\\\/secure.gravatar.com\\\/avatar\\\/23e9f919492b0a2f65aa168e0d8c5c867ea853b61deffbadf08c7031e15b8d78?s=96&d=mm&r=g\",\"caption\":\"admin\"},\"sameAs\":[\"http:\\\/\\\/www.manabi.gob.ec\"],\"url\":\"https:\\\/\\\/www.manabi.gob.ec\\\/index.php\\\/author\\\/admin\\\/\"}]}<\/script>\n<!-- \/ Yoast SEO plugin. -->","yoast_head_json":{"title":"Se cristaliza el sue\u00f1o de los habitantes de Crucita - Prefectura de Manab\u00ed","robots":{"index":"index","follow":"follow","max-snippet":"max-snippet:-1","max-image-preview":"max-image-preview:large","max-video-preview":"max-video-preview:-1"},"canonical":"https:\/\/www.manabi.gob.ec\/index.php\/se-cristaliza-el-sueno-de-los-habitantes-de-crucita\/","og_locale":"es_ES","og_type":"article","og_title":"Se cristaliza el sue\u00f1o de los habitantes de Crucita - Prefectura de Manab\u00ed","og_description":"El 12 de enero\u00a0 de 2021 marca el inicio de un sue\u00f1o hecho realidad para los\u00a0 habitantes de Crucita. Este d\u00eda se firm\u00f3 el contrato e inmediatamente se\u00a0 iniciaron los trabajos\u00a0 de rehabilitaci\u00f3n de La v\u00eda Los Arenales \u2013La Boca. \u201c\u00c9ste va a ser el a\u00f1o de Crucita\u00a0 en sus obras viales\u201d dijo el Prefecto, [&hellip;]","og_url":"https:\/\/www.manabi.gob.ec\/index.php\/se-cristaliza-el-sueno-de-los-habitantes-de-crucita\/","og_site_name":"Prefectura de Manab\u00ed","article_published_time":"2021-01-21T20:06:00+00:00","author":"admin","twitter_card":"summary_large_image","twitter_misc":{"Escrito por":"admin","Tiempo de lectura":"2 minutos"},"schema":{"@context":"https:\/\/schema.org","@graph":[{"@type":"Article","@id":"https:\/\/www.manabi.gob.ec\/index.php\/se-cristaliza-el-sueno-de-los-habitantes-de-crucita\/#article","isPartOf":{"@id":"https:\/\/www.manabi.gob.ec\/index.php\/se-cristaliza-el-sueno-de-los-habitantes-de-crucita\/"},"author":{"name":"admin","@id":"https:\/\/www.manabi.gob.ec\/#\/schema\/person\/cfc71bd68fe2703b779edcc292a49722"},"headline":"Se cristaliza el sue\u00f1o de los habitantes de Crucita","datePublished":"2021-01-21T20:06:00+00:00","mainEntityOfPage":{"@id":"https:\/\/www.manabi.gob.ec\/index.php\/se-cristaliza-el-sueno-de-los-habitantes-de-crucita\/"},"wordCount":406,"commentCount":0,"image":{"@id":"https:\/\/www.manabi.gob.ec\/index.php\/se-cristaliza-el-sueno-de-los-habitantes-de-crucita\/#primaryimage"},"thumbnailUrl":"","keywords":["crucita","Portoviejo"],"articleSection":["Noticias","Todas"],"inLanguage":"es","potentialAction":[{"@type":"CommentAction","name":"Comment","target":["https:\/\/www.manabi.gob.ec\/index.php\/se-cristaliza-el-sueno-de-los-habitantes-de-crucita\/#respond"]}]},{"@type":"WebPage","@id":"https:\/\/www.manabi.gob.ec\/index.php\/se-cristaliza-el-sueno-de-los-habitantes-de-crucita\/","url":"https:\/\/www.manabi.gob.ec\/index.php\/se-cristaliza-el-sueno-de-los-habitantes-de-crucita\/","name":"Se cristaliza el sue\u00f1o de los habitantes de Crucita - Prefectura de Manab\u00ed","isPartOf":{"@id":"https:\/\/www.manabi.gob.ec\/#website"},"primaryImageOfPage":{"@id":"https:\/\/www.manabi.gob.ec\/index.php\/se-cristaliza-el-sueno-de-los-habitantes-de-crucita\/#primaryimage"},"image":{"@id":"https:\/\/www.manabi.gob.ec\/index.php\/se-cristaliza-el-sueno-de-los-habitantes-de-crucita\/#primaryimage"},"thumbnailUrl":"","datePublished":"2021-01-21T20:06:00+00:00","author":{"@id":"https:\/\/www.manabi.gob.ec\/#\/schema\/person\/cfc71bd68fe2703b779edcc292a49722"},"breadcrumb":{"@id":"https:\/\/www.manabi.gob.ec\/index.php\/se-cristaliza-el-sueno-de-los-habitantes-de-crucita\/#breadcrumb"},"inLanguage":"es","potentialAction":[{"@type":"ReadAction","target":["https:\/\/www.manabi.gob.ec\/index.php\/se-cristaliza-el-sueno-de-los-habitantes-de-crucita\/"]}]},{"@type":"ImageObject","inLanguage":"es","@id":"https:\/\/www.manabi.gob.ec\/index.php\/se-cristaliza-el-sueno-de-los-habitantes-de-crucita\/#primaryimage","url":"","contentUrl":""},{"@type":"BreadcrumbList","@id":"https:\/\/www.manabi.gob.ec\/index.php\/se-cristaliza-el-sueno-de-los-habitantes-de-crucita\/#breadcrumb","itemListElement":[{"@type":"ListItem","position":1,"name":"Portada","item":"https:\/\/www.manabi.gob.ec\/"},{"@type":"ListItem","position":2,"name":"Se cristaliza el sue\u00f1o de los habitantes de Crucita"}]},{"@type":"WebSite","@id":"https:\/\/www.manabi.gob.ec\/#website","url":"https:\/\/www.manabi.gob.ec\/","name":"Prefectura de Manab\u00ed","description":"P\u00e1gina web de la prefectura","potentialAction":[{"@type":"SearchAction","target":{"@type":"EntryPoint","urlTemplate":"https:\/\/www.manabi.gob.ec\/?s={search_term_string}"},"query-input":{"@type":"PropertyValueSpecification","valueRequired":true,"valueName":"search_term_string"}}],"inLanguage":"es"},{"@type":"Person","@id":"https:\/\/www.manabi.gob.ec\/#\/schema\/person\/cfc71bd68fe2703b779edcc292a49722","name":"admin","image":{"@type":"ImageObject","inLanguage":"es","@id":"https:\/\/secure.gravatar.com\/avatar\/23e9f919492b0a2f65aa168e0d8c5c867ea853b61deffbadf08c7031e15b8d78?s=96&d=mm&r=g","url":"https:\/\/secure.gravatar.com\/avatar\/23e9f919492b0a2f65aa168e0d8c5c867ea853b61deffbadf08c7031e15b8d78?s=96&d=mm&r=g","contentUrl":"https:\/\/secure.gravatar.com\/avatar\/23e9f919492b0a2f65aa168e0d8c5c867ea853b61deffbadf08c7031e15b8d78?s=96&d=mm&r=g","caption":"admin"},"sameAs":["http:\/\/www.manabi.gob.ec"],"url":"https:\/\/www.manabi.gob.ec\/index.php\/author\/admin\/"}]}},"jetpack_featured_media_url":"","_links":{"self":[{"href":"https:\/\/www.manabi.gob.ec\/index.php\/wp-json\/wp\/v2\/posts\/15493","targetHints":{"allow":["GET"]}}],"collection":[{"href":"https:\/\/www.manabi.gob.ec\/index.php\/wp-json\/wp\/v2\/posts"}],"about":[{"href":"https:\/\/www.manabi.gob.ec\/index.php\/wp-json\/wp\/v2\/types\/post"}],"author":[{"embeddable":true,"href":"https:\/\/www.manabi.gob.ec\/index.php\/wp-json\/wp\/v2\/users\/1"}],"replies":[{"embeddable":true,"href":"https:\/\/www.manabi.gob.ec\/index.php\/wp-json\/wp\/v2\/comments?post=15493"}],"version-history":[{"count":0,"href":"https:\/\/www.manabi.gob.ec\/index.php\/wp-json\/wp\/v2\/posts\/15493\/revisions"}],"wp:featuredmedia":[{"embeddable":true,"href":"https:\/\/www.manabi.gob.ec\/index.php\/wp-json\/"}],"wp:attachment":[{"href":"https:\/\/www.manabi.gob.ec\/index.php\/wp-json\/wp\/v2\/media?parent=15493"}],"wp:term":[{"taxonomy":"category","embeddable":true,"href":"https:\/\/www.manabi.gob.ec\/index.php\/wp-json\/wp\/v2\/categories?post=15493"},{"taxonomy":"post_tag","embeddable":true,"href":"https:\/\/www.manabi.gob.ec\/index.php\/wp-json\/wp\/v2\/tags?post=15493"}],"curies":[{"name":"wp","href":"https:\/\/api.w.org\/{rel}","templated":true}]}}