{"id":15497,"date":"2021-01-22T09:01:08","date_gmt":"2021-01-22T14:01:08","guid":{"rendered":"https:\/\/www.manabi.gob.ec\/?p=14997"},"modified":"2021-01-22T09:01:08","modified_gmt":"2021-01-22T14:01:08","slug":"huertas-de-esperanzas-para-mujeres-privadas-de-libertad-2","status":"publish","type":"post","link":"https:\/\/www.manabi.gob.ec\/index.php\/huertas-de-esperanzas-para-mujeres-privadas-de-libertad-2\/","title":{"rendered":"Huertas de esperanzas para mujeres privadas de libertad"},"content":{"rendered":"<p style=\"font-weight: 400;\">130 mujeres que se encuentran privadas de libertad en el Centro de Rehabilitaci\u00f3n Social Femenino de Portoviejo ser\u00e1n beneficiadas con la implementaci\u00f3n del proyecto de Soberan\u00eda Alimentaria y Nutrici\u00f3n Saludable denominado \u201cSembrando Huertas de Esperanza\u201d.<\/p>\n<p style=\"font-weight: 400;\">Este proyecton es una iniciativa del Gobierno de Manab\u00ed, que invertir\u00e1 m\u00e1s de 4 mil d\u00f3lares en este programa de car\u00e1cter social, sobre la base de un convenio suscrito entre el prefecto, Leonardo Orlando, y la directora del centro penitenciario, Laura Fuente.<\/p>\n<p style=\"font-weight: 400;\">Este proyecto se aplicar\u00e1 durante 4 meses,\u00a0 tiempo en el que se implementar\u00e1\u00a0 una huerta ecol\u00f3gica y medicinal con la intervenci\u00f3n de las\u00a0 privadas de libertad.<\/p>\n<p style=\"font-weight: 400;\">\u00a0La propuesta se convierte en una oportunidad para que las beneficiarias fortalezcan sus derechos, autoestima y dignidad, con el aprendizaje de un oficio.<\/p>\n<p style=\"font-weight: 400;\">\u201cSon mujeres que est\u00e1n privadas de libertad pero no privadas de sus sue\u00f1os\u201d, manifest\u00f3 el Prefecto<\/p>\n","protected":false},"excerpt":{"rendered":"<p>130 mujeres que se encuentran privadas de libertad en el Centro de Rehabilitaci\u00f3n Social Femenino de Portoviejo ser\u00e1n beneficiadas con la implementaci\u00f3n del proyecto de Soberan\u00eda Alimentaria y Nutrici\u00f3n Saludable denominado \u201cSembrando Huertas de Esperanza\u201d. Este proyecton es una iniciativa del Gobierno de Manab\u00ed, que invertir\u00e1 m\u00e1s de 4 mil d\u00f3lares en este programa de [&hellip;]<\/p>\n","protected":false},"author":1,"featured_media":0,"comment_status":"open","ping_status":"open","sticky":false,"template":"","format":"standard","meta":{"_joinchat":[],"footnotes":""},"categories":[132,91],"tags":[134],"class_list":["post-15497","post","type-post","status-publish","format-standard","hentry","category-portoviejo","category-todas","tag-desarrollo-social"],"yoast_head":"<!-- This site is optimized with the Yoast SEO plugin v27.4 - https:\/\/yoast.com\/product\/yoast-seo-wordpress\/ -->\n<title>Huertas de esperanzas para mujeres privadas de libertad - Prefectura de Manab\u00ed<\/title>\n<meta name=\"robots\" content=\"index, follow, max-snippet:-1, max-image-preview:large, max-video-preview:-1\" \/>\n<link rel=\"canonical\" href=\"https:\/\/www.manabi.gob.ec\/index.php\/huertas-de-esperanzas-para-mujeres-privadas-de-libertad-2\/\" \/>\n<meta property=\"og:locale\" content=\"es_ES\" \/>\n<meta property=\"og:type\" content=\"article\" \/>\n<meta property=\"og:title\" content=\"Huertas de esperanzas para mujeres privadas de libertad - Prefectura de Manab\u00ed\" \/>\n<meta property=\"og:description\" content=\"130 mujeres que se encuentran privadas de libertad en el Centro de Rehabilitaci\u00f3n Social Femenino de Portoviejo ser\u00e1n beneficiadas con la implementaci\u00f3n del proyecto de Soberan\u00eda Alimentaria y Nutrici\u00f3n Saludable denominado \u201cSembrando Huertas de Esperanza\u201d. Este proyecton es una iniciativa del Gobierno de Manab\u00ed, que invertir\u00e1 m\u00e1s de 4 mil d\u00f3lares en este programa de [&hellip;]\" \/>\n<meta property=\"og:url\" content=\"https:\/\/www.manabi.gob.ec\/index.php\/huertas-de-esperanzas-para-mujeres-privadas-de-libertad-2\/\" \/>\n<meta property=\"og:site_name\" content=\"Prefectura de Manab\u00ed\" \/>\n<meta property=\"article:published_time\" content=\"2021-01-22T14:01:08+00:00\" \/>\n<meta name=\"author\" content=\"admin\" \/>\n<meta name=\"twitter:card\" content=\"summary_large_image\" \/>\n<meta name=\"twitter:label1\" content=\"Escrito por\" \/>\n\t<meta name=\"twitter:data1\" content=\"admin\" \/>\n\t<meta name=\"twitter:label2\" content=\"Tiempo de lectura\" \/>\n\t<meta name=\"twitter:data2\" content=\"1 minuto\" \/>\n<script type=\"application\/ld+json\" class=\"yoast-schema-graph\">{\"@context\":\"https:\\\/\\\/schema.org\",\"@graph\":[{\"@type\":\"Article\",\"@id\":\"https:\\\/\\\/www.manabi.gob.ec\\\/index.php\\\/huertas-de-esperanzas-para-mujeres-privadas-de-libertad-2\\\/#article\",\"isPartOf\":{\"@id\":\"https:\\\/\\\/www.manabi.gob.ec\\\/index.php\\\/huertas-de-esperanzas-para-mujeres-privadas-de-libertad-2\\\/\"},\"author\":{\"name\":\"admin\",\"@id\":\"https:\\\/\\\/www.manabi.gob.ec\\\/#\\\/schema\\\/person\\\/cfc71bd68fe2703b779edcc292a49722\"},\"headline\":\"Huertas de esperanzas para mujeres privadas de libertad\",\"datePublished\":\"2021-01-22T14:01:08+00:00\",\"mainEntityOfPage\":{\"@id\":\"https:\\\/\\\/www.manabi.gob.ec\\\/index.php\\\/huertas-de-esperanzas-para-mujeres-privadas-de-libertad-2\\\/\"},\"wordCount\":159,\"commentCount\":0,\"keywords\":[\"Desarrollo Social\"],\"articleSection\":[\"Portoviejo\",\"Todas\"],\"inLanguage\":\"es\",\"potentialAction\":[{\"@type\":\"CommentAction\",\"name\":\"Comment\",\"target\":[\"https:\\\/\\\/www.manabi.gob.ec\\\/index.php\\\/huertas-de-esperanzas-para-mujeres-privadas-de-libertad-2\\\/#respond\"]}]},{\"@type\":\"WebPage\",\"@id\":\"https:\\\/\\\/www.manabi.gob.ec\\\/index.php\\\/huertas-de-esperanzas-para-mujeres-privadas-de-libertad-2\\\/\",\"url\":\"https:\\\/\\\/www.manabi.gob.ec\\\/index.php\\\/huertas-de-esperanzas-para-mujeres-privadas-de-libertad-2\\\/\",\"name\":\"Huertas de esperanzas para mujeres privadas de libertad - Prefectura de Manab\u00ed\",\"isPartOf\":{\"@id\":\"https:\\\/\\\/www.manabi.gob.ec\\\/#website\"},\"datePublished\":\"2021-01-22T14:01:08+00:00\",\"author\":{\"@id\":\"https:\\\/\\\/www.manabi.gob.ec\\\/#\\\/schema\\\/person\\\/cfc71bd68fe2703b779edcc292a49722\"},\"breadcrumb\":{\"@id\":\"https:\\\/\\\/www.manabi.gob.ec\\\/index.php\\\/huertas-de-esperanzas-para-mujeres-privadas-de-libertad-2\\\/#breadcrumb\"},\"inLanguage\":\"es\",\"potentialAction\":[{\"@type\":\"ReadAction\",\"target\":[\"https:\\\/\\\/www.manabi.gob.ec\\\/index.php\\\/huertas-de-esperanzas-para-mujeres-privadas-de-libertad-2\\\/\"]}]},{\"@type\":\"BreadcrumbList\",\"@id\":\"https:\\\/\\\/www.manabi.gob.ec\\\/index.php\\\/huertas-de-esperanzas-para-mujeres-privadas-de-libertad-2\\\/#breadcrumb\",\"itemListElement\":[{\"@type\":\"ListItem\",\"position\":1,\"name\":\"Portada\",\"item\":\"https:\\\/\\\/www.manabi.gob.ec\\\/\"},{\"@type\":\"ListItem\",\"position\":2,\"name\":\"Huertas de esperanzas para mujeres privadas de libertad\"}]},{\"@type\":\"WebSite\",\"@id\":\"https:\\\/\\\/www.manabi.gob.ec\\\/#website\",\"url\":\"https:\\\/\\\/www.manabi.gob.ec\\\/\",\"name\":\"Prefectura de Manab\u00ed\",\"description\":\"P\u00e1gina web de la prefectura\",\"potentialAction\":[{\"@type\":\"SearchAction\",\"target\":{\"@type\":\"EntryPoint\",\"urlTemplate\":\"https:\\\/\\\/www.manabi.gob.ec\\\/?s={search_term_string}\"},\"query-input\":{\"@type\":\"PropertyValueSpecification\",\"valueRequired\":true,\"valueName\":\"search_term_string\"}}],\"inLanguage\":\"es\"},{\"@type\":\"Person\",\"@id\":\"https:\\\/\\\/www.manabi.gob.ec\\\/#\\\/schema\\\/person\\\/cfc71bd68fe2703b779edcc292a49722\",\"name\":\"admin\",\"image\":{\"@type\":\"ImageObject\",\"inLanguage\":\"es\",\"@id\":\"https:\\\/\\\/secure.gravatar.com\\\/avatar\\\/23e9f919492b0a2f65aa168e0d8c5c867ea853b61deffbadf08c7031e15b8d78?s=96&d=mm&r=g\",\"url\":\"https:\\\/\\\/secure.gravatar.com\\\/avatar\\\/23e9f919492b0a2f65aa168e0d8c5c867ea853b61deffbadf08c7031e15b8d78?s=96&d=mm&r=g\",\"contentUrl\":\"https:\\\/\\\/secure.gravatar.com\\\/avatar\\\/23e9f919492b0a2f65aa168e0d8c5c867ea853b61deffbadf08c7031e15b8d78?s=96&d=mm&r=g\",\"caption\":\"admin\"},\"sameAs\":[\"http:\\\/\\\/www.manabi.gob.ec\"],\"url\":\"https:\\\/\\\/www.manabi.gob.ec\\\/index.php\\\/author\\\/admin\\\/\"}]}<\/script>\n<!-- \/ Yoast SEO plugin. -->","yoast_head_json":{"title":"Huertas de esperanzas para mujeres privadas de libertad - Prefectura de Manab\u00ed","robots":{"index":"index","follow":"follow","max-snippet":"max-snippet:-1","max-image-preview":"max-image-preview:large","max-video-preview":"max-video-preview:-1"},"canonical":"https:\/\/www.manabi.gob.ec\/index.php\/huertas-de-esperanzas-para-mujeres-privadas-de-libertad-2\/","og_locale":"es_ES","og_type":"article","og_title":"Huertas de esperanzas para mujeres privadas de libertad - Prefectura de Manab\u00ed","og_description":"130 mujeres que se encuentran privadas de libertad en el Centro de Rehabilitaci\u00f3n Social Femenino de Portoviejo ser\u00e1n beneficiadas con la implementaci\u00f3n del proyecto de Soberan\u00eda Alimentaria y Nutrici\u00f3n Saludable denominado \u201cSembrando Huertas de Esperanza\u201d. Este proyecton es una iniciativa del Gobierno de Manab\u00ed, que invertir\u00e1 m\u00e1s de 4 mil d\u00f3lares en este programa de [&hellip;]","og_url":"https:\/\/www.manabi.gob.ec\/index.php\/huertas-de-esperanzas-para-mujeres-privadas-de-libertad-2\/","og_site_name":"Prefectura de Manab\u00ed","article_published_time":"2021-01-22T14:01:08+00:00","author":"admin","twitter_card":"summary_large_image","twitter_misc":{"Escrito por":"admin","Tiempo de lectura":"1 minuto"},"schema":{"@context":"https:\/\/schema.org","@graph":[{"@type":"Article","@id":"https:\/\/www.manabi.gob.ec\/index.php\/huertas-de-esperanzas-para-mujeres-privadas-de-libertad-2\/#article","isPartOf":{"@id":"https:\/\/www.manabi.gob.ec\/index.php\/huertas-de-esperanzas-para-mujeres-privadas-de-libertad-2\/"},"author":{"name":"admin","@id":"https:\/\/www.manabi.gob.ec\/#\/schema\/person\/cfc71bd68fe2703b779edcc292a49722"},"headline":"Huertas de esperanzas para mujeres privadas de libertad","datePublished":"2021-01-22T14:01:08+00:00","mainEntityOfPage":{"@id":"https:\/\/www.manabi.gob.ec\/index.php\/huertas-de-esperanzas-para-mujeres-privadas-de-libertad-2\/"},"wordCount":159,"commentCount":0,"keywords":["Desarrollo Social"],"articleSection":["Portoviejo","Todas"],"inLanguage":"es","potentialAction":[{"@type":"CommentAction","name":"Comment","target":["https:\/\/www.manabi.gob.ec\/index.php\/huertas-de-esperanzas-para-mujeres-privadas-de-libertad-2\/#respond"]}]},{"@type":"WebPage","@id":"https:\/\/www.manabi.gob.ec\/index.php\/huertas-de-esperanzas-para-mujeres-privadas-de-libertad-2\/","url":"https:\/\/www.manabi.gob.ec\/index.php\/huertas-de-esperanzas-para-mujeres-privadas-de-libertad-2\/","name":"Huertas de esperanzas para mujeres privadas de libertad - Prefectura de Manab\u00ed","isPartOf":{"@id":"https:\/\/www.manabi.gob.ec\/#website"},"datePublished":"2021-01-22T14:01:08+00:00","author":{"@id":"https:\/\/www.manabi.gob.ec\/#\/schema\/person\/cfc71bd68fe2703b779edcc292a49722"},"breadcrumb":{"@id":"https:\/\/www.manabi.gob.ec\/index.php\/huertas-de-esperanzas-para-mujeres-privadas-de-libertad-2\/#breadcrumb"},"inLanguage":"es","potentialAction":[{"@type":"ReadAction","target":["https:\/\/www.manabi.gob.ec\/index.php\/huertas-de-esperanzas-para-mujeres-privadas-de-libertad-2\/"]}]},{"@type":"BreadcrumbList","@id":"https:\/\/www.manabi.gob.ec\/index.php\/huertas-de-esperanzas-para-mujeres-privadas-de-libertad-2\/#breadcrumb","itemListElement":[{"@type":"ListItem","position":1,"name":"Portada","item":"https:\/\/www.manabi.gob.ec\/"},{"@type":"ListItem","position":2,"name":"Huertas de esperanzas para mujeres privadas de libertad"}]},{"@type":"WebSite","@id":"https:\/\/www.manabi.gob.ec\/#website","url":"https:\/\/www.manabi.gob.ec\/","name":"Prefectura de Manab\u00ed","description":"P\u00e1gina web de la prefectura","potentialAction":[{"@type":"SearchAction","target":{"@type":"EntryPoint","urlTemplate":"https:\/\/www.manabi.gob.ec\/?s={search_term_string}"},"query-input":{"@type":"PropertyValueSpecification","valueRequired":true,"valueName":"search_term_string"}}],"inLanguage":"es"},{"@type":"Person","@id":"https:\/\/www.manabi.gob.ec\/#\/schema\/person\/cfc71bd68fe2703b779edcc292a49722","name":"admin","image":{"@type":"ImageObject","inLanguage":"es","@id":"https:\/\/secure.gravatar.com\/avatar\/23e9f919492b0a2f65aa168e0d8c5c867ea853b61deffbadf08c7031e15b8d78?s=96&d=mm&r=g","url":"https:\/\/secure.gravatar.com\/avatar\/23e9f919492b0a2f65aa168e0d8c5c867ea853b61deffbadf08c7031e15b8d78?s=96&d=mm&r=g","contentUrl":"https:\/\/secure.gravatar.com\/avatar\/23e9f919492b0a2f65aa168e0d8c5c867ea853b61deffbadf08c7031e15b8d78?s=96&d=mm&r=g","caption":"admin"},"sameAs":["http:\/\/www.manabi.gob.ec"],"url":"https:\/\/www.manabi.gob.ec\/index.php\/author\/admin\/"}]}},"jetpack_featured_media_url":"","_links":{"self":[{"href":"https:\/\/www.manabi.gob.ec\/index.php\/wp-json\/wp\/v2\/posts\/15497","targetHints":{"allow":["GET"]}}],"collection":[{"href":"https:\/\/www.manabi.gob.ec\/index.php\/wp-json\/wp\/v2\/posts"}],"about":[{"href":"https:\/\/www.manabi.gob.ec\/index.php\/wp-json\/wp\/v2\/types\/post"}],"author":[{"embeddable":true,"href":"https:\/\/www.manabi.gob.ec\/index.php\/wp-json\/wp\/v2\/users\/1"}],"replies":[{"embeddable":true,"href":"https:\/\/www.manabi.gob.ec\/index.php\/wp-json\/wp\/v2\/comments?post=15497"}],"version-history":[{"count":0,"href":"https:\/\/www.manabi.gob.ec\/index.php\/wp-json\/wp\/v2\/posts\/15497\/revisions"}],"wp:attachment":[{"href":"https:\/\/www.manabi.gob.ec\/index.php\/wp-json\/wp\/v2\/media?parent=15497"}],"wp:term":[{"taxonomy":"category","embeddable":true,"href":"https:\/\/www.manabi.gob.ec\/index.php\/wp-json\/wp\/v2\/categories?post=15497"},{"taxonomy":"post_tag","embeddable":true,"href":"https:\/\/www.manabi.gob.ec\/index.php\/wp-json\/wp\/v2\/tags?post=15497"}],"curies":[{"name":"wp","href":"https:\/\/api.w.org\/{rel}","templated":true}]}}