{"id":15504,"date":"2021-01-26T22:51:15","date_gmt":"2021-01-27T03:51:15","guid":{"rendered":"https:\/\/www.manabi.gob.ec\/?p=15010"},"modified":"2021-01-26T22:51:15","modified_gmt":"2021-01-27T03:51:15","slug":"15010-2","status":"publish","type":"post","link":"https:\/\/www.manabi.gob.ec\/index.php\/15010-2\/","title":{"rendered":"Con obras devolvemos la esperanza a Jun\u00edn"},"content":{"rendered":"<p style=\"font-weight: 400;\">Con carteles de agradecimiento fue recibido el prefecto,\u00a0 Leonardo Orlando,\u00a0 y el alcalde de Jun\u00edn\u00a0 Jon\u00e1s Intriago, en la comunidad Indost\u00e1n;\u00a0 donde el Gobierno de Manab\u00ed construye un puente de hormig\u00f3n armado de 16 metros de longitud.<\/p>\n<p style=\"font-weight: 400;\">M\u00e1s de 100 familias de Indost\u00e1n se beneficiar\u00e1n con este viaducto, de una inversi\u00f3n\u00a0 superior a 107 mil d\u00f3lares.<\/p>\n<p style=\"font-weight: 400;\">Tambi\u00e9n se beneficia habitantes de las comunidades Agua Fr\u00eda, Patagonia, Mocorita, Maicito, El Caucho y Guabal; poblaciones productoras de currincho, panela y alfe\u00f1ique.<\/p>\n<p style=\"font-weight: 400;\">Estrella Cede\u00f1o, de la comunidad Indost\u00e1n \u00a0dice que este puente\u00a0 mejorar\u00e1 la movilidad de todos. \u201cEn \u00e9poca invernal era muy complicado salir porque el r\u00edo crec\u00eda mucho. Estamos contentos porque este puente nos traer\u00e1 progreso\u201d manifest\u00f3.<\/p>\n<p style=\"font-weight: 400;\">Muchos dudaban de la ejecuci\u00f3n del puente, dijo Kl\u00e9ver Berm\u00fadez, quien\u00a0 tambi\u00e9n\u00a0 vive en la\u00a0 zona de Indost\u00e1n. \u201cSe hab\u00eda perdido la confianza. Ahora con los trabajos que se realizan los sue\u00f1os vuelven y ser\u00e1n una realidad\u201d, dijo<\/p>\n<p style=\"font-weight: 400;\">Inspecci\u00f3n de puente<\/p>\n<p style=\"font-weight: 400;\">El Prefecto tambi\u00e9n supervis\u00f3 la construcci\u00f3n del puente met\u00e1lico, tipo bailey, que se construye\u00a0 en la comunidad Higuer\u00f3n,\u00a0 sobre el r\u00edo Mosca.<\/p>\n<p style=\"font-weight: 400;\">La inversi\u00f3n destinada a esta importante obra es de 259.845,13 d\u00f3lares.\u00a0 El viaducto \u00a0tiene 36 metros de longitud y 9.80 metros de ancho y es construido por el Consorcio Puente Jun\u00edn.<\/p>\n<p style=\"font-weight: 400;\">Esta edificaci\u00f3n brindar\u00e1 servicio directo \u00a0a los estudiantes de la unidad educativa Francisco Daza y ser\u00e1 una ruta alterna de ingreso hacia el cant\u00f3n Jun\u00edn.<\/p>\n","protected":false},"excerpt":{"rendered":"<p>Con carteles de agradecimiento fue recibido el prefecto,\u00a0 Leonardo Orlando,\u00a0 y el alcalde de Jun\u00edn\u00a0 Jon\u00e1s Intriago, en la comunidad Indost\u00e1n;\u00a0 donde el Gobierno de Manab\u00ed construye un puente de hormig\u00f3n armado de 16 metros de longitud. M\u00e1s de 100 familias de Indost\u00e1n se beneficiar\u00e1n con este viaducto, de una inversi\u00f3n\u00a0 superior a 107 mil [&hellip;]<\/p>\n","protected":false},"author":1,"featured_media":15011,"comment_status":"open","ping_status":"open","sticky":false,"template":"","format":"standard","meta":{"_joinchat":[],"footnotes":""},"categories":[143,127],"tags":[144],"class_list":["post-15504","post","type-post","status-publish","format-standard","has-post-thumbnail","hentry","category-junin","category-vialidad","tag-puente"],"yoast_head":"<!-- This site is optimized with the Yoast SEO plugin v27.4 - https:\/\/yoast.com\/product\/yoast-seo-wordpress\/ -->\n<title>Con obras devolvemos la esperanza a Jun\u00edn - Prefectura de Manab\u00ed<\/title>\n<meta name=\"robots\" content=\"index, follow, max-snippet:-1, max-image-preview:large, max-video-preview:-1\" \/>\n<link rel=\"canonical\" href=\"https:\/\/www.manabi.gob.ec\/index.php\/15010-2\/\" \/>\n<meta property=\"og:locale\" content=\"es_ES\" \/>\n<meta property=\"og:type\" content=\"article\" \/>\n<meta property=\"og:title\" content=\"Con obras devolvemos la esperanza a Jun\u00edn - Prefectura de Manab\u00ed\" \/>\n<meta property=\"og:description\" content=\"Con carteles de agradecimiento fue recibido el prefecto,\u00a0 Leonardo Orlando,\u00a0 y el alcalde de Jun\u00edn\u00a0 Jon\u00e1s Intriago, en la comunidad Indost\u00e1n;\u00a0 donde el Gobierno de Manab\u00ed construye un puente de hormig\u00f3n armado de 16 metros de longitud. M\u00e1s de 100 familias de Indost\u00e1n se beneficiar\u00e1n con este viaducto, de una inversi\u00f3n\u00a0 superior a 107 mil [&hellip;]\" \/>\n<meta property=\"og:url\" content=\"https:\/\/www.manabi.gob.ec\/index.php\/15010-2\/\" \/>\n<meta property=\"og:site_name\" content=\"Prefectura de Manab\u00ed\" \/>\n<meta property=\"article:published_time\" content=\"2021-01-27T03:51:15+00:00\" \/>\n<meta name=\"author\" content=\"admin\" \/>\n<meta name=\"twitter:card\" content=\"summary_large_image\" \/>\n<meta name=\"twitter:label1\" content=\"Escrito por\" \/>\n\t<meta name=\"twitter:data1\" content=\"admin\" \/>\n\t<meta name=\"twitter:label2\" content=\"Tiempo de lectura\" \/>\n\t<meta name=\"twitter:data2\" content=\"2 minutos\" \/>\n<script type=\"application\/ld+json\" class=\"yoast-schema-graph\">{\"@context\":\"https:\\\/\\\/schema.org\",\"@graph\":[{\"@type\":\"Article\",\"@id\":\"https:\\\/\\\/www.manabi.gob.ec\\\/index.php\\\/15010-2\\\/#article\",\"isPartOf\":{\"@id\":\"https:\\\/\\\/www.manabi.gob.ec\\\/index.php\\\/15010-2\\\/\"},\"author\":{\"name\":\"admin\",\"@id\":\"https:\\\/\\\/www.manabi.gob.ec\\\/#\\\/schema\\\/person\\\/cfc71bd68fe2703b779edcc292a49722\"},\"headline\":\"Con obras devolvemos la esperanza a Jun\u00edn\",\"datePublished\":\"2021-01-27T03:51:15+00:00\",\"mainEntityOfPage\":{\"@id\":\"https:\\\/\\\/www.manabi.gob.ec\\\/index.php\\\/15010-2\\\/\"},\"wordCount\":272,\"commentCount\":0,\"image\":{\"@id\":\"https:\\\/\\\/www.manabi.gob.ec\\\/index.php\\\/15010-2\\\/#primaryimage\"},\"thumbnailUrl\":\"\",\"keywords\":[\"Puente\"],\"articleSection\":[\"Jun\u00edn\",\"Vialidad\"],\"inLanguage\":\"es\",\"potentialAction\":[{\"@type\":\"CommentAction\",\"name\":\"Comment\",\"target\":[\"https:\\\/\\\/www.manabi.gob.ec\\\/index.php\\\/15010-2\\\/#respond\"]}]},{\"@type\":\"WebPage\",\"@id\":\"https:\\\/\\\/www.manabi.gob.ec\\\/index.php\\\/15010-2\\\/\",\"url\":\"https:\\\/\\\/www.manabi.gob.ec\\\/index.php\\\/15010-2\\\/\",\"name\":\"Con obras devolvemos la esperanza a Jun\u00edn - Prefectura de Manab\u00ed\",\"isPartOf\":{\"@id\":\"https:\\\/\\\/www.manabi.gob.ec\\\/#website\"},\"primaryImageOfPage\":{\"@id\":\"https:\\\/\\\/www.manabi.gob.ec\\\/index.php\\\/15010-2\\\/#primaryimage\"},\"image\":{\"@id\":\"https:\\\/\\\/www.manabi.gob.ec\\\/index.php\\\/15010-2\\\/#primaryimage\"},\"thumbnailUrl\":\"\",\"datePublished\":\"2021-01-27T03:51:15+00:00\",\"author\":{\"@id\":\"https:\\\/\\\/www.manabi.gob.ec\\\/#\\\/schema\\\/person\\\/cfc71bd68fe2703b779edcc292a49722\"},\"breadcrumb\":{\"@id\":\"https:\\\/\\\/www.manabi.gob.ec\\\/index.php\\\/15010-2\\\/#breadcrumb\"},\"inLanguage\":\"es\",\"potentialAction\":[{\"@type\":\"ReadAction\",\"target\":[\"https:\\\/\\\/www.manabi.gob.ec\\\/index.php\\\/15010-2\\\/\"]}]},{\"@type\":\"ImageObject\",\"inLanguage\":\"es\",\"@id\":\"https:\\\/\\\/www.manabi.gob.ec\\\/index.php\\\/15010-2\\\/#primaryimage\",\"url\":\"\",\"contentUrl\":\"\"},{\"@type\":\"BreadcrumbList\",\"@id\":\"https:\\\/\\\/www.manabi.gob.ec\\\/index.php\\\/15010-2\\\/#breadcrumb\",\"itemListElement\":[{\"@type\":\"ListItem\",\"position\":1,\"name\":\"Portada\",\"item\":\"https:\\\/\\\/www.manabi.gob.ec\\\/\"},{\"@type\":\"ListItem\",\"position\":2,\"name\":\"Con obras devolvemos la esperanza a Jun\u00edn\"}]},{\"@type\":\"WebSite\",\"@id\":\"https:\\\/\\\/www.manabi.gob.ec\\\/#website\",\"url\":\"https:\\\/\\\/www.manabi.gob.ec\\\/\",\"name\":\"Prefectura de Manab\u00ed\",\"description\":\"P\u00e1gina web de la prefectura\",\"potentialAction\":[{\"@type\":\"SearchAction\",\"target\":{\"@type\":\"EntryPoint\",\"urlTemplate\":\"https:\\\/\\\/www.manabi.gob.ec\\\/?s={search_term_string}\"},\"query-input\":{\"@type\":\"PropertyValueSpecification\",\"valueRequired\":true,\"valueName\":\"search_term_string\"}}],\"inLanguage\":\"es\"},{\"@type\":\"Person\",\"@id\":\"https:\\\/\\\/www.manabi.gob.ec\\\/#\\\/schema\\\/person\\\/cfc71bd68fe2703b779edcc292a49722\",\"name\":\"admin\",\"image\":{\"@type\":\"ImageObject\",\"inLanguage\":\"es\",\"@id\":\"https:\\\/\\\/secure.gravatar.com\\\/avatar\\\/23e9f919492b0a2f65aa168e0d8c5c867ea853b61deffbadf08c7031e15b8d78?s=96&d=mm&r=g\",\"url\":\"https:\\\/\\\/secure.gravatar.com\\\/avatar\\\/23e9f919492b0a2f65aa168e0d8c5c867ea853b61deffbadf08c7031e15b8d78?s=96&d=mm&r=g\",\"contentUrl\":\"https:\\\/\\\/secure.gravatar.com\\\/avatar\\\/23e9f919492b0a2f65aa168e0d8c5c867ea853b61deffbadf08c7031e15b8d78?s=96&d=mm&r=g\",\"caption\":\"admin\"},\"sameAs\":[\"http:\\\/\\\/www.manabi.gob.ec\"],\"url\":\"https:\\\/\\\/www.manabi.gob.ec\\\/index.php\\\/author\\\/admin\\\/\"}]}<\/script>\n<!-- \/ Yoast SEO plugin. -->","yoast_head_json":{"title":"Con obras devolvemos la esperanza a Jun\u00edn - Prefectura de Manab\u00ed","robots":{"index":"index","follow":"follow","max-snippet":"max-snippet:-1","max-image-preview":"max-image-preview:large","max-video-preview":"max-video-preview:-1"},"canonical":"https:\/\/www.manabi.gob.ec\/index.php\/15010-2\/","og_locale":"es_ES","og_type":"article","og_title":"Con obras devolvemos la esperanza a Jun\u00edn - Prefectura de Manab\u00ed","og_description":"Con carteles de agradecimiento fue recibido el prefecto,\u00a0 Leonardo Orlando,\u00a0 y el alcalde de Jun\u00edn\u00a0 Jon\u00e1s Intriago, en la comunidad Indost\u00e1n;\u00a0 donde el Gobierno de Manab\u00ed construye un puente de hormig\u00f3n armado de 16 metros de longitud. M\u00e1s de 100 familias de Indost\u00e1n se beneficiar\u00e1n con este viaducto, de una inversi\u00f3n\u00a0 superior a 107 mil [&hellip;]","og_url":"https:\/\/www.manabi.gob.ec\/index.php\/15010-2\/","og_site_name":"Prefectura de Manab\u00ed","article_published_time":"2021-01-27T03:51:15+00:00","author":"admin","twitter_card":"summary_large_image","twitter_misc":{"Escrito por":"admin","Tiempo de lectura":"2 minutos"},"schema":{"@context":"https:\/\/schema.org","@graph":[{"@type":"Article","@id":"https:\/\/www.manabi.gob.ec\/index.php\/15010-2\/#article","isPartOf":{"@id":"https:\/\/www.manabi.gob.ec\/index.php\/15010-2\/"},"author":{"name":"admin","@id":"https:\/\/www.manabi.gob.ec\/#\/schema\/person\/cfc71bd68fe2703b779edcc292a49722"},"headline":"Con obras devolvemos la esperanza a Jun\u00edn","datePublished":"2021-01-27T03:51:15+00:00","mainEntityOfPage":{"@id":"https:\/\/www.manabi.gob.ec\/index.php\/15010-2\/"},"wordCount":272,"commentCount":0,"image":{"@id":"https:\/\/www.manabi.gob.ec\/index.php\/15010-2\/#primaryimage"},"thumbnailUrl":"","keywords":["Puente"],"articleSection":["Jun\u00edn","Vialidad"],"inLanguage":"es","potentialAction":[{"@type":"CommentAction","name":"Comment","target":["https:\/\/www.manabi.gob.ec\/index.php\/15010-2\/#respond"]}]},{"@type":"WebPage","@id":"https:\/\/www.manabi.gob.ec\/index.php\/15010-2\/","url":"https:\/\/www.manabi.gob.ec\/index.php\/15010-2\/","name":"Con obras devolvemos la esperanza a Jun\u00edn - Prefectura de Manab\u00ed","isPartOf":{"@id":"https:\/\/www.manabi.gob.ec\/#website"},"primaryImageOfPage":{"@id":"https:\/\/www.manabi.gob.ec\/index.php\/15010-2\/#primaryimage"},"image":{"@id":"https:\/\/www.manabi.gob.ec\/index.php\/15010-2\/#primaryimage"},"thumbnailUrl":"","datePublished":"2021-01-27T03:51:15+00:00","author":{"@id":"https:\/\/www.manabi.gob.ec\/#\/schema\/person\/cfc71bd68fe2703b779edcc292a49722"},"breadcrumb":{"@id":"https:\/\/www.manabi.gob.ec\/index.php\/15010-2\/#breadcrumb"},"inLanguage":"es","potentialAction":[{"@type":"ReadAction","target":["https:\/\/www.manabi.gob.ec\/index.php\/15010-2\/"]}]},{"@type":"ImageObject","inLanguage":"es","@id":"https:\/\/www.manabi.gob.ec\/index.php\/15010-2\/#primaryimage","url":"","contentUrl":""},{"@type":"BreadcrumbList","@id":"https:\/\/www.manabi.gob.ec\/index.php\/15010-2\/#breadcrumb","itemListElement":[{"@type":"ListItem","position":1,"name":"Portada","item":"https:\/\/www.manabi.gob.ec\/"},{"@type":"ListItem","position":2,"name":"Con obras devolvemos la esperanza a Jun\u00edn"}]},{"@type":"WebSite","@id":"https:\/\/www.manabi.gob.ec\/#website","url":"https:\/\/www.manabi.gob.ec\/","name":"Prefectura de Manab\u00ed","description":"P\u00e1gina web de la prefectura","potentialAction":[{"@type":"SearchAction","target":{"@type":"EntryPoint","urlTemplate":"https:\/\/www.manabi.gob.ec\/?s={search_term_string}"},"query-input":{"@type":"PropertyValueSpecification","valueRequired":true,"valueName":"search_term_string"}}],"inLanguage":"es"},{"@type":"Person","@id":"https:\/\/www.manabi.gob.ec\/#\/schema\/person\/cfc71bd68fe2703b779edcc292a49722","name":"admin","image":{"@type":"ImageObject","inLanguage":"es","@id":"https:\/\/secure.gravatar.com\/avatar\/23e9f919492b0a2f65aa168e0d8c5c867ea853b61deffbadf08c7031e15b8d78?s=96&d=mm&r=g","url":"https:\/\/secure.gravatar.com\/avatar\/23e9f919492b0a2f65aa168e0d8c5c867ea853b61deffbadf08c7031e15b8d78?s=96&d=mm&r=g","contentUrl":"https:\/\/secure.gravatar.com\/avatar\/23e9f919492b0a2f65aa168e0d8c5c867ea853b61deffbadf08c7031e15b8d78?s=96&d=mm&r=g","caption":"admin"},"sameAs":["http:\/\/www.manabi.gob.ec"],"url":"https:\/\/www.manabi.gob.ec\/index.php\/author\/admin\/"}]}},"jetpack_featured_media_url":"","_links":{"self":[{"href":"https:\/\/www.manabi.gob.ec\/index.php\/wp-json\/wp\/v2\/posts\/15504","targetHints":{"allow":["GET"]}}],"collection":[{"href":"https:\/\/www.manabi.gob.ec\/index.php\/wp-json\/wp\/v2\/posts"}],"about":[{"href":"https:\/\/www.manabi.gob.ec\/index.php\/wp-json\/wp\/v2\/types\/post"}],"author":[{"embeddable":true,"href":"https:\/\/www.manabi.gob.ec\/index.php\/wp-json\/wp\/v2\/users\/1"}],"replies":[{"embeddable":true,"href":"https:\/\/www.manabi.gob.ec\/index.php\/wp-json\/wp\/v2\/comments?post=15504"}],"version-history":[{"count":0,"href":"https:\/\/www.manabi.gob.ec\/index.php\/wp-json\/wp\/v2\/posts\/15504\/revisions"}],"wp:featuredmedia":[{"embeddable":true,"href":"https:\/\/www.manabi.gob.ec\/index.php\/wp-json\/"}],"wp:attachment":[{"href":"https:\/\/www.manabi.gob.ec\/index.php\/wp-json\/wp\/v2\/media?parent=15504"}],"wp:term":[{"taxonomy":"category","embeddable":true,"href":"https:\/\/www.manabi.gob.ec\/index.php\/wp-json\/wp\/v2\/categories?post=15504"},{"taxonomy":"post_tag","embeddable":true,"href":"https:\/\/www.manabi.gob.ec\/index.php\/wp-json\/wp\/v2\/tags?post=15504"}],"curies":[{"name":"wp","href":"https:\/\/api.w.org\/{rel}","templated":true}]}}