{"id":15506,"date":"2021-01-27T07:53:54","date_gmt":"2021-01-27T12:53:54","guid":{"rendered":"https:\/\/www.manabi.gob.ec\/?p=15015"},"modified":"2021-01-27T07:53:54","modified_gmt":"2021-01-27T12:53:54","slug":"apoyamos-el-desarrollo-y-bienestar-de-los-ninos-de-riochico","status":"publish","type":"post","link":"https:\/\/www.manabi.gob.ec\/index.php\/apoyamos-el-desarrollo-y-bienestar-de-los-ninos-de-riochico\/","title":{"rendered":"APOYAMOS EL DESARROLLO Y BIENESTAR DE LOS NI\u00d1OS DE RIOCHICO"},"content":{"rendered":"<p>Madres de familias de la comunidad Playa Prieta, celebraron alborozados junto al prefecto Leonardo Orlando y a la presidenta del Gobierno Parroquial de Riochico, Mar\u00eda del Carmen Aray, la inauguraci\u00f3n del Centro de Desarrollo Infantil \u201cLunita\u201d.<\/p>\n<p>\u201cEstamos dejando todo, alma, coraz\u00f3n y vida por entregar obras de dignidad. Vamos a seguir construyendo obras de infraestructura, proyectos sociales y tur\u00edsticos para convertir a Manab\u00ed, en un territorio m\u00e1s bonito y productivo; pero sobre todo m\u00e1s justo, solidario, equitativo y m\u00e1s humano \u201c, manifest\u00f3 el prefecto Leonardo Orlando, en el acto de inauguraci\u00f3n que se desarroll\u00f3 el 15 de enero.<\/p>\n<p>\u201cEsta obra es muy buena, porque beneficia a nuestros hijos. Aqu\u00ed les ense\u00f1an a desarrollar sus habilidades y destrezas\u201d, dijo Marielena Moreira, madre de familia.<\/p>\n<p>Alrededor de 45 ni\u00f1os y ni\u00f1as, en edades comprendidas de 1 a 3 a\u00f1os, de Playa Prieta y de otras comunidades como: EL Bejuco, El Rodeo, Santa Martha y de las parroquias Pueblo Nuevo y Calder\u00f3n; reciben un aprendizaje de calidad que aporta a su formaci\u00f3n al desarrollo de sus habilidades y destrezas.<\/p>\n<p>La presidenta del GAD de Riochico, Mar\u00eda del Carmen Aray, considera que se debe invertir para fortalecer el lado humano de los ni\u00f1os y j\u00f3venes, para que se conviertan en seres de bien. \u201cPrefecto, celebro su voluntad pol\u00edtica y decisi\u00f3n por invertir no solo en la construcci\u00f3n de esta infraestructura, sino por lo que representa para el desarrollo integral de los peque\u00f1os\u201d, dijo.<\/p>\n<p>El CDI, fue construido por el Gobierno de Manab\u00ed y el GAD de Riochico. La Prefectura asign\u00f3 104 mil 967 d\u00f3lares y el GAD Riochico aport\u00f3 16 mil 719 d\u00f3lares.<\/p>\n","protected":false},"excerpt":{"rendered":"<p>Madres de familias de la comunidad Playa Prieta, celebraron alborozados junto al prefecto Leonardo Orlando y a la presidenta del Gobierno Parroquial de Riochico, Mar\u00eda del Carmen Aray, la inauguraci\u00f3n del Centro de Desarrollo Infantil \u201cLunita\u201d. \u201cEstamos dejando todo, alma, coraz\u00f3n y vida por entregar obras de dignidad. Vamos a seguir construyendo obras de infraestructura, [&hellip;]<\/p>\n","protected":false},"author":1,"featured_media":15017,"comment_status":"open","ping_status":"open","sticky":false,"template":"","format":"standard","meta":{"_joinchat":[],"footnotes":""},"categories":[142,132],"tags":[146,147],"class_list":["post-15506","post","type-post","status-publish","format-standard","has-post-thumbnail","hentry","category-desarrollo-social","category-portoviejo","tag-cdi","tag-playa-prieta"],"yoast_head":"<!-- This site is optimized with the Yoast SEO plugin v27.4 - https:\/\/yoast.com\/product\/yoast-seo-wordpress\/ -->\n<title>APOYAMOS EL DESARROLLO Y BIENESTAR DE LOS NI\u00d1OS DE RIOCHICO - Prefectura de Manab\u00ed<\/title>\n<meta name=\"robots\" content=\"index, follow, max-snippet:-1, max-image-preview:large, max-video-preview:-1\" \/>\n<link rel=\"canonical\" href=\"https:\/\/www.manabi.gob.ec\/index.php\/apoyamos-el-desarrollo-y-bienestar-de-los-ninos-de-riochico\/\" \/>\n<meta property=\"og:locale\" content=\"es_ES\" \/>\n<meta property=\"og:type\" content=\"article\" \/>\n<meta property=\"og:title\" content=\"APOYAMOS EL DESARROLLO Y BIENESTAR DE LOS NI\u00d1OS DE RIOCHICO - Prefectura de Manab\u00ed\" \/>\n<meta property=\"og:description\" content=\"Madres de familias de la comunidad Playa Prieta, celebraron alborozados junto al prefecto Leonardo Orlando y a la presidenta del Gobierno Parroquial de Riochico, Mar\u00eda del Carmen Aray, la inauguraci\u00f3n del Centro de Desarrollo Infantil \u201cLunita\u201d. \u201cEstamos dejando todo, alma, coraz\u00f3n y vida por entregar obras de dignidad. Vamos a seguir construyendo obras de infraestructura, [&hellip;]\" \/>\n<meta property=\"og:url\" content=\"https:\/\/www.manabi.gob.ec\/index.php\/apoyamos-el-desarrollo-y-bienestar-de-los-ninos-de-riochico\/\" \/>\n<meta property=\"og:site_name\" content=\"Prefectura de Manab\u00ed\" \/>\n<meta property=\"article:published_time\" content=\"2021-01-27T12:53:54+00:00\" \/>\n<meta property=\"og:image\" content=\"https:\/\/www.manabi.gob.ec\/wp-content\/uploads\/2020\/08\/escudo-de-flavio-alfaro.gif\" \/>\n\t<meta property=\"og:image:width\" content=\"120\" \/>\n\t<meta property=\"og:image:height\" content=\"136\" \/>\n\t<meta property=\"og:image:type\" content=\"image\/gif\" \/>\n<meta name=\"author\" content=\"admin\" \/>\n<meta name=\"twitter:card\" content=\"summary_large_image\" \/>\n<meta name=\"twitter:label1\" content=\"Escrito por\" \/>\n\t<meta name=\"twitter:data1\" content=\"admin\" \/>\n\t<meta name=\"twitter:label2\" content=\"Tiempo de lectura\" \/>\n\t<meta name=\"twitter:data2\" content=\"2 minutos\" \/>\n<script type=\"application\/ld+json\" class=\"yoast-schema-graph\">{\"@context\":\"https:\\\/\\\/schema.org\",\"@graph\":[{\"@type\":\"Article\",\"@id\":\"https:\\\/\\\/www.manabi.gob.ec\\\/index.php\\\/apoyamos-el-desarrollo-y-bienestar-de-los-ninos-de-riochico\\\/#article\",\"isPartOf\":{\"@id\":\"https:\\\/\\\/www.manabi.gob.ec\\\/index.php\\\/apoyamos-el-desarrollo-y-bienestar-de-los-ninos-de-riochico\\\/\"},\"author\":{\"name\":\"admin\",\"@id\":\"https:\\\/\\\/www.manabi.gob.ec\\\/#\\\/schema\\\/person\\\/cfc71bd68fe2703b779edcc292a49722\"},\"headline\":\"APOYAMOS EL DESARROLLO Y BIENESTAR DE LOS NI\u00d1OS DE RIOCHICO\",\"datePublished\":\"2021-01-27T12:53:54+00:00\",\"mainEntityOfPage\":{\"@id\":\"https:\\\/\\\/www.manabi.gob.ec\\\/index.php\\\/apoyamos-el-desarrollo-y-bienestar-de-los-ninos-de-riochico\\\/\"},\"wordCount\":294,\"commentCount\":0,\"image\":{\"@id\":\"https:\\\/\\\/www.manabi.gob.ec\\\/index.php\\\/apoyamos-el-desarrollo-y-bienestar-de-los-ninos-de-riochico\\\/#primaryimage\"},\"thumbnailUrl\":\"https:\\\/\\\/www.manabi.gob.ec\\\/wp-content\\\/uploads\\\/2020\\\/08\\\/escudo-de-flavio-alfaro.gif\",\"keywords\":[\"CDI\",\"Playa Prieta\"],\"articleSection\":[\"Desarrollo Social\",\"Portoviejo\"],\"inLanguage\":\"es\",\"potentialAction\":[{\"@type\":\"CommentAction\",\"name\":\"Comment\",\"target\":[\"https:\\\/\\\/www.manabi.gob.ec\\\/index.php\\\/apoyamos-el-desarrollo-y-bienestar-de-los-ninos-de-riochico\\\/#respond\"]}]},{\"@type\":\"WebPage\",\"@id\":\"https:\\\/\\\/www.manabi.gob.ec\\\/index.php\\\/apoyamos-el-desarrollo-y-bienestar-de-los-ninos-de-riochico\\\/\",\"url\":\"https:\\\/\\\/www.manabi.gob.ec\\\/index.php\\\/apoyamos-el-desarrollo-y-bienestar-de-los-ninos-de-riochico\\\/\",\"name\":\"APOYAMOS EL DESARROLLO Y BIENESTAR DE LOS NI\u00d1OS DE RIOCHICO - Prefectura de Manab\u00ed\",\"isPartOf\":{\"@id\":\"https:\\\/\\\/www.manabi.gob.ec\\\/#website\"},\"primaryImageOfPage\":{\"@id\":\"https:\\\/\\\/www.manabi.gob.ec\\\/index.php\\\/apoyamos-el-desarrollo-y-bienestar-de-los-ninos-de-riochico\\\/#primaryimage\"},\"image\":{\"@id\":\"https:\\\/\\\/www.manabi.gob.ec\\\/index.php\\\/apoyamos-el-desarrollo-y-bienestar-de-los-ninos-de-riochico\\\/#primaryimage\"},\"thumbnailUrl\":\"https:\\\/\\\/www.manabi.gob.ec\\\/wp-content\\\/uploads\\\/2020\\\/08\\\/escudo-de-flavio-alfaro.gif\",\"datePublished\":\"2021-01-27T12:53:54+00:00\",\"author\":{\"@id\":\"https:\\\/\\\/www.manabi.gob.ec\\\/#\\\/schema\\\/person\\\/cfc71bd68fe2703b779edcc292a49722\"},\"breadcrumb\":{\"@id\":\"https:\\\/\\\/www.manabi.gob.ec\\\/index.php\\\/apoyamos-el-desarrollo-y-bienestar-de-los-ninos-de-riochico\\\/#breadcrumb\"},\"inLanguage\":\"es\",\"potentialAction\":[{\"@type\":\"ReadAction\",\"target\":[\"https:\\\/\\\/www.manabi.gob.ec\\\/index.php\\\/apoyamos-el-desarrollo-y-bienestar-de-los-ninos-de-riochico\\\/\"]}]},{\"@type\":\"ImageObject\",\"inLanguage\":\"es\",\"@id\":\"https:\\\/\\\/www.manabi.gob.ec\\\/index.php\\\/apoyamos-el-desarrollo-y-bienestar-de-los-ninos-de-riochico\\\/#primaryimage\",\"url\":\"https:\\\/\\\/www.manabi.gob.ec\\\/wp-content\\\/uploads\\\/2020\\\/08\\\/escudo-de-flavio-alfaro.gif\",\"contentUrl\":\"https:\\\/\\\/www.manabi.gob.ec\\\/wp-content\\\/uploads\\\/2020\\\/08\\\/escudo-de-flavio-alfaro.gif\",\"width\":120,\"height\":136},{\"@type\":\"BreadcrumbList\",\"@id\":\"https:\\\/\\\/www.manabi.gob.ec\\\/index.php\\\/apoyamos-el-desarrollo-y-bienestar-de-los-ninos-de-riochico\\\/#breadcrumb\",\"itemListElement\":[{\"@type\":\"ListItem\",\"position\":1,\"name\":\"Portada\",\"item\":\"https:\\\/\\\/www.manabi.gob.ec\\\/\"},{\"@type\":\"ListItem\",\"position\":2,\"name\":\"APOYAMOS EL DESARROLLO Y BIENESTAR DE LOS NI\u00d1OS DE RIOCHICO\"}]},{\"@type\":\"WebSite\",\"@id\":\"https:\\\/\\\/www.manabi.gob.ec\\\/#website\",\"url\":\"https:\\\/\\\/www.manabi.gob.ec\\\/\",\"name\":\"Prefectura de Manab\u00ed\",\"description\":\"P\u00e1gina web de la prefectura\",\"potentialAction\":[{\"@type\":\"SearchAction\",\"target\":{\"@type\":\"EntryPoint\",\"urlTemplate\":\"https:\\\/\\\/www.manabi.gob.ec\\\/?s={search_term_string}\"},\"query-input\":{\"@type\":\"PropertyValueSpecification\",\"valueRequired\":true,\"valueName\":\"search_term_string\"}}],\"inLanguage\":\"es\"},{\"@type\":\"Person\",\"@id\":\"https:\\\/\\\/www.manabi.gob.ec\\\/#\\\/schema\\\/person\\\/cfc71bd68fe2703b779edcc292a49722\",\"name\":\"admin\",\"image\":{\"@type\":\"ImageObject\",\"inLanguage\":\"es\",\"@id\":\"https:\\\/\\\/secure.gravatar.com\\\/avatar\\\/23e9f919492b0a2f65aa168e0d8c5c867ea853b61deffbadf08c7031e15b8d78?s=96&d=mm&r=g\",\"url\":\"https:\\\/\\\/secure.gravatar.com\\\/avatar\\\/23e9f919492b0a2f65aa168e0d8c5c867ea853b61deffbadf08c7031e15b8d78?s=96&d=mm&r=g\",\"contentUrl\":\"https:\\\/\\\/secure.gravatar.com\\\/avatar\\\/23e9f919492b0a2f65aa168e0d8c5c867ea853b61deffbadf08c7031e15b8d78?s=96&d=mm&r=g\",\"caption\":\"admin\"},\"sameAs\":[\"http:\\\/\\\/www.manabi.gob.ec\"],\"url\":\"https:\\\/\\\/www.manabi.gob.ec\\\/index.php\\\/author\\\/admin\\\/\"}]}<\/script>\n<!-- \/ Yoast SEO plugin. -->","yoast_head_json":{"title":"APOYAMOS EL DESARROLLO Y BIENESTAR DE LOS NI\u00d1OS DE RIOCHICO - Prefectura de Manab\u00ed","robots":{"index":"index","follow":"follow","max-snippet":"max-snippet:-1","max-image-preview":"max-image-preview:large","max-video-preview":"max-video-preview:-1"},"canonical":"https:\/\/www.manabi.gob.ec\/index.php\/apoyamos-el-desarrollo-y-bienestar-de-los-ninos-de-riochico\/","og_locale":"es_ES","og_type":"article","og_title":"APOYAMOS EL DESARROLLO Y BIENESTAR DE LOS NI\u00d1OS DE RIOCHICO - Prefectura de Manab\u00ed","og_description":"Madres de familias de la comunidad Playa Prieta, celebraron alborozados junto al prefecto Leonardo Orlando y a la presidenta del Gobierno Parroquial de Riochico, Mar\u00eda del Carmen Aray, la inauguraci\u00f3n del Centro de Desarrollo Infantil \u201cLunita\u201d. \u201cEstamos dejando todo, alma, coraz\u00f3n y vida por entregar obras de dignidad. Vamos a seguir construyendo obras de infraestructura, [&hellip;]","og_url":"https:\/\/www.manabi.gob.ec\/index.php\/apoyamos-el-desarrollo-y-bienestar-de-los-ninos-de-riochico\/","og_site_name":"Prefectura de Manab\u00ed","article_published_time":"2021-01-27T12:53:54+00:00","og_image":[{"width":120,"height":136,"url":"https:\/\/www.manabi.gob.ec\/wp-content\/uploads\/2020\/08\/escudo-de-flavio-alfaro.gif","type":"image\/gif"}],"author":"admin","twitter_card":"summary_large_image","twitter_misc":{"Escrito por":"admin","Tiempo de lectura":"2 minutos"},"schema":{"@context":"https:\/\/schema.org","@graph":[{"@type":"Article","@id":"https:\/\/www.manabi.gob.ec\/index.php\/apoyamos-el-desarrollo-y-bienestar-de-los-ninos-de-riochico\/#article","isPartOf":{"@id":"https:\/\/www.manabi.gob.ec\/index.php\/apoyamos-el-desarrollo-y-bienestar-de-los-ninos-de-riochico\/"},"author":{"name":"admin","@id":"https:\/\/www.manabi.gob.ec\/#\/schema\/person\/cfc71bd68fe2703b779edcc292a49722"},"headline":"APOYAMOS EL DESARROLLO Y BIENESTAR DE LOS NI\u00d1OS DE RIOCHICO","datePublished":"2021-01-27T12:53:54+00:00","mainEntityOfPage":{"@id":"https:\/\/www.manabi.gob.ec\/index.php\/apoyamos-el-desarrollo-y-bienestar-de-los-ninos-de-riochico\/"},"wordCount":294,"commentCount":0,"image":{"@id":"https:\/\/www.manabi.gob.ec\/index.php\/apoyamos-el-desarrollo-y-bienestar-de-los-ninos-de-riochico\/#primaryimage"},"thumbnailUrl":"https:\/\/www.manabi.gob.ec\/wp-content\/uploads\/2020\/08\/escudo-de-flavio-alfaro.gif","keywords":["CDI","Playa Prieta"],"articleSection":["Desarrollo Social","Portoviejo"],"inLanguage":"es","potentialAction":[{"@type":"CommentAction","name":"Comment","target":["https:\/\/www.manabi.gob.ec\/index.php\/apoyamos-el-desarrollo-y-bienestar-de-los-ninos-de-riochico\/#respond"]}]},{"@type":"WebPage","@id":"https:\/\/www.manabi.gob.ec\/index.php\/apoyamos-el-desarrollo-y-bienestar-de-los-ninos-de-riochico\/","url":"https:\/\/www.manabi.gob.ec\/index.php\/apoyamos-el-desarrollo-y-bienestar-de-los-ninos-de-riochico\/","name":"APOYAMOS EL DESARROLLO Y BIENESTAR DE LOS NI\u00d1OS DE RIOCHICO - Prefectura de Manab\u00ed","isPartOf":{"@id":"https:\/\/www.manabi.gob.ec\/#website"},"primaryImageOfPage":{"@id":"https:\/\/www.manabi.gob.ec\/index.php\/apoyamos-el-desarrollo-y-bienestar-de-los-ninos-de-riochico\/#primaryimage"},"image":{"@id":"https:\/\/www.manabi.gob.ec\/index.php\/apoyamos-el-desarrollo-y-bienestar-de-los-ninos-de-riochico\/#primaryimage"},"thumbnailUrl":"https:\/\/www.manabi.gob.ec\/wp-content\/uploads\/2020\/08\/escudo-de-flavio-alfaro.gif","datePublished":"2021-01-27T12:53:54+00:00","author":{"@id":"https:\/\/www.manabi.gob.ec\/#\/schema\/person\/cfc71bd68fe2703b779edcc292a49722"},"breadcrumb":{"@id":"https:\/\/www.manabi.gob.ec\/index.php\/apoyamos-el-desarrollo-y-bienestar-de-los-ninos-de-riochico\/#breadcrumb"},"inLanguage":"es","potentialAction":[{"@type":"ReadAction","target":["https:\/\/www.manabi.gob.ec\/index.php\/apoyamos-el-desarrollo-y-bienestar-de-los-ninos-de-riochico\/"]}]},{"@type":"ImageObject","inLanguage":"es","@id":"https:\/\/www.manabi.gob.ec\/index.php\/apoyamos-el-desarrollo-y-bienestar-de-los-ninos-de-riochico\/#primaryimage","url":"https:\/\/www.manabi.gob.ec\/wp-content\/uploads\/2020\/08\/escudo-de-flavio-alfaro.gif","contentUrl":"https:\/\/www.manabi.gob.ec\/wp-content\/uploads\/2020\/08\/escudo-de-flavio-alfaro.gif","width":120,"height":136},{"@type":"BreadcrumbList","@id":"https:\/\/www.manabi.gob.ec\/index.php\/apoyamos-el-desarrollo-y-bienestar-de-los-ninos-de-riochico\/#breadcrumb","itemListElement":[{"@type":"ListItem","position":1,"name":"Portada","item":"https:\/\/www.manabi.gob.ec\/"},{"@type":"ListItem","position":2,"name":"APOYAMOS EL DESARROLLO Y BIENESTAR DE LOS NI\u00d1OS DE RIOCHICO"}]},{"@type":"WebSite","@id":"https:\/\/www.manabi.gob.ec\/#website","url":"https:\/\/www.manabi.gob.ec\/","name":"Prefectura de Manab\u00ed","description":"P\u00e1gina web de la prefectura","potentialAction":[{"@type":"SearchAction","target":{"@type":"EntryPoint","urlTemplate":"https:\/\/www.manabi.gob.ec\/?s={search_term_string}"},"query-input":{"@type":"PropertyValueSpecification","valueRequired":true,"valueName":"search_term_string"}}],"inLanguage":"es"},{"@type":"Person","@id":"https:\/\/www.manabi.gob.ec\/#\/schema\/person\/cfc71bd68fe2703b779edcc292a49722","name":"admin","image":{"@type":"ImageObject","inLanguage":"es","@id":"https:\/\/secure.gravatar.com\/avatar\/23e9f919492b0a2f65aa168e0d8c5c867ea853b61deffbadf08c7031e15b8d78?s=96&d=mm&r=g","url":"https:\/\/secure.gravatar.com\/avatar\/23e9f919492b0a2f65aa168e0d8c5c867ea853b61deffbadf08c7031e15b8d78?s=96&d=mm&r=g","contentUrl":"https:\/\/secure.gravatar.com\/avatar\/23e9f919492b0a2f65aa168e0d8c5c867ea853b61deffbadf08c7031e15b8d78?s=96&d=mm&r=g","caption":"admin"},"sameAs":["http:\/\/www.manabi.gob.ec"],"url":"https:\/\/www.manabi.gob.ec\/index.php\/author\/admin\/"}]}},"jetpack_featured_media_url":"https:\/\/www.manabi.gob.ec\/wp-content\/uploads\/2020\/08\/escudo-de-flavio-alfaro.gif","_links":{"self":[{"href":"https:\/\/www.manabi.gob.ec\/index.php\/wp-json\/wp\/v2\/posts\/15506","targetHints":{"allow":["GET"]}}],"collection":[{"href":"https:\/\/www.manabi.gob.ec\/index.php\/wp-json\/wp\/v2\/posts"}],"about":[{"href":"https:\/\/www.manabi.gob.ec\/index.php\/wp-json\/wp\/v2\/types\/post"}],"author":[{"embeddable":true,"href":"https:\/\/www.manabi.gob.ec\/index.php\/wp-json\/wp\/v2\/users\/1"}],"replies":[{"embeddable":true,"href":"https:\/\/www.manabi.gob.ec\/index.php\/wp-json\/wp\/v2\/comments?post=15506"}],"version-history":[{"count":0,"href":"https:\/\/www.manabi.gob.ec\/index.php\/wp-json\/wp\/v2\/posts\/15506\/revisions"}],"wp:featuredmedia":[{"embeddable":true,"href":"https:\/\/www.manabi.gob.ec\/index.php\/wp-json\/wp\/v2\/media\/15017"}],"wp:attachment":[{"href":"https:\/\/www.manabi.gob.ec\/index.php\/wp-json\/wp\/v2\/media?parent=15506"}],"wp:term":[{"taxonomy":"category","embeddable":true,"href":"https:\/\/www.manabi.gob.ec\/index.php\/wp-json\/wp\/v2\/categories?post=15506"},{"taxonomy":"post_tag","embeddable":true,"href":"https:\/\/www.manabi.gob.ec\/index.php\/wp-json\/wp\/v2\/tags?post=15506"}],"curies":[{"name":"wp","href":"https:\/\/api.w.org\/{rel}","templated":true}]}}