{"id":15517,"date":"2021-01-29T09:50:56","date_gmt":"2021-01-29T14:50:56","guid":{"rendered":"https:\/\/www.manabi.gob.ec\/?p=15033"},"modified":"2021-01-29T09:50:56","modified_gmt":"2021-01-29T14:50:56","slug":"se-impulsa-desarrollo-productivo-y-turistico-de-las-parroquias-de-portoviejo","status":"publish","type":"post","link":"https:\/\/www.manabi.gob.ec\/index.php\/se-impulsa-desarrollo-productivo-y-turistico-de-las-parroquias-de-portoviejo\/","title":{"rendered":"Se impulsa desarrollo productivo y tur\u00edstico de las parroquias de Portoviejo"},"content":{"rendered":"<p style=\"font-weight: 400;\">El prefecto, Leonardo Orlando, supervis\u00f3 los proyectos viales que se ejecutan en las parroquias Chirijo, Alajuela, Calder\u00f3n y Riochico del cant\u00f3n Portoviejo, obras que contribuyen al desarrollo productivo y tur\u00edstico de esta zona de la provincia.<\/p>\n<p style=\"font-weight: 400;\">En Chirijo, el Prefecto inspeccion\u00f3 \u00a0la \u00a0rehabilitaci\u00f3n, en 500 metros lineales, \u00a0que se \u00a0ejecuta en la comunidad Jes\u00fas Mar\u00eda, en el sector El Milagro que lleva\u00a0 un avance del 70 %. La obra \u00a0beneficia a m\u00e1s de 15\u00a0 familias.<\/p>\n<p style=\"font-weight: 400;\">En esta parroquia la EP Manab\u00ed Vial realiza un bacheo asf\u00e1ltico, en tramos puntuales, \u00a0en 12 Km, \u00a0desde la entrada a Chirijo hasta El Tigre.<\/p>\n<p style=\"font-weight: 400;\">Tambi\u00e9n se inspeccion\u00f3 \u00a0el trabajo en la v\u00eda Cerro Tablada-El Tigre, donde se coloca carpeta asf\u00e1ltica de 2 pulgadas en m\u00e1s de 2 km.\u00a0 Actualmente se trabaja en las cunetas revestidas de hormig\u00f3n armado y en la se\u00f1al\u00e9tica horizontal y vertical. El costo total de esta obra supera los 400 mil d\u00f3lares.<\/p>\n<p style=\"font-weight: 400;\">La rehabilitaci\u00f3n de La Tablada-El Tigre, beneficia a comunidades como: La Rinconada, Tres Caminos, La Victoria, Las Lozas, San Miguel y otras. Esta v\u00eda conecta \u00a0con la parroquia San Pl\u00e1cido.<\/p>\n<p style=\"font-weight: 400;\">En Alajuela se constat\u00f3 la rehabilitaci\u00f3n \u00a0hecha \u00a0en \u00a0el sitio El Achiote. Aqu\u00ed se coloc\u00f3 material de\u00a0 mejoramiento, en 426 metros lineales, \u00a0desde\u00a0 el callej\u00f3n de acceso hac\u00eda el r\u00edo Chamotete.<\/p>\n<p style=\"font-weight: 400;\">En Calder\u00f3n la Prefectura construye un puente de hormig\u00f3n en la comunidad Miguelillo de Cruz Alta, obra que \u00a0tambi\u00e9n fue visita por el Prefecto. El \u00a0viaducto tiene 12 metros de largo \u00a0por \u00a07,20 metros de ancho y \u00a0tiene un avance del 90%<\/p>\n<p style=\"font-weight: 400;\">Este viaducto beneficia a Cruz Alta, La Paja y Sac\u00f3n; y, \u00a0otras comunidades que se dedican a la producci\u00f3n agr\u00edcola.<\/p>\n<p style=\"font-weight: 400;\">En esta parroquia se rehabilita\u00a0 la Entrada al\u00a0 Hormiguero, en una distancia de 3.5 km.<\/p>\n<p style=\"font-weight: 400;\">Actualmente se ampl\u00eda el eje vial que integrar\u00e1 a Calder\u00f3n \u00a0con la parroquia Pueblo Nuevo, donde se trabaja en la construcci\u00f3n del terrapl\u00e9n que conectar\u00eda a \u00a0El Gramal &#8211; El Hormiguero Adentro, \u00a06.8 km.<\/p>\n<p style=\"font-weight: 400;\">En Riochico \u00a0el prefecto, Leonardo Orlando, entreg\u00f3 \u00a0la resoluci\u00f3n de adjudicaci\u00f3n para la construcci\u00f3n de la v\u00eda Corozo 2, a cargo de la EP. Manab\u00ed Vial. Se har\u00e1 \u00a0rehabilitaci\u00f3n \u00a0a nivel de doble riego en 720 metros lineales, con una inversi\u00f3n de \u00a096. 786,09 d\u00f3lares.<\/p>\n<p style=\"font-weight: 400;\">Tambi\u00e9n se firm\u00f3 el contrato con el Consorcio Embec Construcciones para la edificaci\u00f3n de un ducto caj\u00f3n en la comunidad Corozo 1 y Zapote, que tiene un valor de 47 mil 840 d\u00f3lares.<\/p>\n","protected":false},"excerpt":{"rendered":"<p>El prefecto, Leonardo Orlando, supervis\u00f3 los proyectos viales que se ejecutan en las parroquias Chirijo, Alajuela, Calder\u00f3n y Riochico del cant\u00f3n Portoviejo, obras que contribuyen al desarrollo productivo y tur\u00edstico de esta zona de la provincia. En Chirijo, el Prefecto inspeccion\u00f3 \u00a0la \u00a0rehabilitaci\u00f3n, en 500 metros lineales, \u00a0que se \u00a0ejecuta en la comunidad Jes\u00fas Mar\u00eda, [&hellip;]<\/p>\n","protected":false},"author":1,"featured_media":15034,"comment_status":"open","ping_status":"open","sticky":false,"template":"","format":"standard","meta":{"_joinchat":[],"footnotes":""},"categories":[170,132,127],"tags":[],"class_list":["post-15517","post","type-post","status-publish","format-standard","has-post-thumbnail","hentry","category-manabi-vial","category-portoviejo","category-vialidad"],"yoast_head":"<!-- This site is optimized with the Yoast SEO plugin v27.4 - https:\/\/yoast.com\/product\/yoast-seo-wordpress\/ -->\n<title>Se impulsa desarrollo productivo y tur\u00edstico de las parroquias de Portoviejo - Prefectura de Manab\u00ed<\/title>\n<meta name=\"robots\" content=\"index, follow, max-snippet:-1, max-image-preview:large, max-video-preview:-1\" \/>\n<link rel=\"canonical\" href=\"https:\/\/www.manabi.gob.ec\/index.php\/se-impulsa-desarrollo-productivo-y-turistico-de-las-parroquias-de-portoviejo\/\" \/>\n<meta property=\"og:locale\" content=\"es_ES\" \/>\n<meta property=\"og:type\" content=\"article\" \/>\n<meta property=\"og:title\" content=\"Se impulsa desarrollo productivo y tur\u00edstico de las parroquias de Portoviejo - Prefectura de Manab\u00ed\" \/>\n<meta property=\"og:description\" content=\"El prefecto, Leonardo Orlando, supervis\u00f3 los proyectos viales que se ejecutan en las parroquias Chirijo, Alajuela, Calder\u00f3n y Riochico del cant\u00f3n Portoviejo, obras que contribuyen al desarrollo productivo y tur\u00edstico de esta zona de la provincia. En Chirijo, el Prefecto inspeccion\u00f3 \u00a0la \u00a0rehabilitaci\u00f3n, en 500 metros lineales, \u00a0que se \u00a0ejecuta en la comunidad Jes\u00fas Mar\u00eda, [&hellip;]\" \/>\n<meta property=\"og:url\" content=\"https:\/\/www.manabi.gob.ec\/index.php\/se-impulsa-desarrollo-productivo-y-turistico-de-las-parroquias-de-portoviejo\/\" \/>\n<meta property=\"og:site_name\" content=\"Prefectura de Manab\u00ed\" \/>\n<meta property=\"article:published_time\" content=\"2021-01-29T14:50:56+00:00\" \/>\n<meta property=\"og:image\" content=\"https:\/\/www.manabi.gob.ec\/wp-content\/uploads\/2020\/08\/bandera-de-jipijapa.gif\" \/>\n\t<meta property=\"og:image:width\" content=\"120\" \/>\n\t<meta property=\"og:image:height\" content=\"136\" \/>\n\t<meta property=\"og:image:type\" content=\"image\/gif\" \/>\n<meta name=\"author\" content=\"admin\" \/>\n<meta name=\"twitter:card\" content=\"summary_large_image\" \/>\n<meta name=\"twitter:label1\" content=\"Escrito por\" \/>\n\t<meta name=\"twitter:data1\" content=\"admin\" \/>\n\t<meta name=\"twitter:label2\" content=\"Tiempo de lectura\" \/>\n\t<meta name=\"twitter:data2\" content=\"2 minutos\" \/>\n<script type=\"application\/ld+json\" class=\"yoast-schema-graph\">{\"@context\":\"https:\\\/\\\/schema.org\",\"@graph\":[{\"@type\":\"Article\",\"@id\":\"https:\\\/\\\/www.manabi.gob.ec\\\/index.php\\\/se-impulsa-desarrollo-productivo-y-turistico-de-las-parroquias-de-portoviejo\\\/#article\",\"isPartOf\":{\"@id\":\"https:\\\/\\\/www.manabi.gob.ec\\\/index.php\\\/se-impulsa-desarrollo-productivo-y-turistico-de-las-parroquias-de-portoviejo\\\/\"},\"author\":{\"name\":\"admin\",\"@id\":\"https:\\\/\\\/www.manabi.gob.ec\\\/#\\\/schema\\\/person\\\/cfc71bd68fe2703b779edcc292a49722\"},\"headline\":\"Se impulsa desarrollo productivo y tur\u00edstico de las parroquias de Portoviejo\",\"datePublished\":\"2021-01-29T14:50:56+00:00\",\"mainEntityOfPage\":{\"@id\":\"https:\\\/\\\/www.manabi.gob.ec\\\/index.php\\\/se-impulsa-desarrollo-productivo-y-turistico-de-las-parroquias-de-portoviejo\\\/\"},\"wordCount\":438,\"commentCount\":0,\"image\":{\"@id\":\"https:\\\/\\\/www.manabi.gob.ec\\\/index.php\\\/se-impulsa-desarrollo-productivo-y-turistico-de-las-parroquias-de-portoviejo\\\/#primaryimage\"},\"thumbnailUrl\":\"https:\\\/\\\/www.manabi.gob.ec\\\/wp-content\\\/uploads\\\/2020\\\/08\\\/bandera-de-jipijapa.gif\",\"articleSection\":[\"Manab\u00ed Vial\",\"Portoviejo\",\"Vialidad\"],\"inLanguage\":\"es\",\"potentialAction\":[{\"@type\":\"CommentAction\",\"name\":\"Comment\",\"target\":[\"https:\\\/\\\/www.manabi.gob.ec\\\/index.php\\\/se-impulsa-desarrollo-productivo-y-turistico-de-las-parroquias-de-portoviejo\\\/#respond\"]}]},{\"@type\":\"WebPage\",\"@id\":\"https:\\\/\\\/www.manabi.gob.ec\\\/index.php\\\/se-impulsa-desarrollo-productivo-y-turistico-de-las-parroquias-de-portoviejo\\\/\",\"url\":\"https:\\\/\\\/www.manabi.gob.ec\\\/index.php\\\/se-impulsa-desarrollo-productivo-y-turistico-de-las-parroquias-de-portoviejo\\\/\",\"name\":\"Se impulsa desarrollo productivo y tur\u00edstico de las parroquias de Portoviejo - Prefectura de Manab\u00ed\",\"isPartOf\":{\"@id\":\"https:\\\/\\\/www.manabi.gob.ec\\\/#website\"},\"primaryImageOfPage\":{\"@id\":\"https:\\\/\\\/www.manabi.gob.ec\\\/index.php\\\/se-impulsa-desarrollo-productivo-y-turistico-de-las-parroquias-de-portoviejo\\\/#primaryimage\"},\"image\":{\"@id\":\"https:\\\/\\\/www.manabi.gob.ec\\\/index.php\\\/se-impulsa-desarrollo-productivo-y-turistico-de-las-parroquias-de-portoviejo\\\/#primaryimage\"},\"thumbnailUrl\":\"https:\\\/\\\/www.manabi.gob.ec\\\/wp-content\\\/uploads\\\/2020\\\/08\\\/bandera-de-jipijapa.gif\",\"datePublished\":\"2021-01-29T14:50:56+00:00\",\"author\":{\"@id\":\"https:\\\/\\\/www.manabi.gob.ec\\\/#\\\/schema\\\/person\\\/cfc71bd68fe2703b779edcc292a49722\"},\"breadcrumb\":{\"@id\":\"https:\\\/\\\/www.manabi.gob.ec\\\/index.php\\\/se-impulsa-desarrollo-productivo-y-turistico-de-las-parroquias-de-portoviejo\\\/#breadcrumb\"},\"inLanguage\":\"es\",\"potentialAction\":[{\"@type\":\"ReadAction\",\"target\":[\"https:\\\/\\\/www.manabi.gob.ec\\\/index.php\\\/se-impulsa-desarrollo-productivo-y-turistico-de-las-parroquias-de-portoviejo\\\/\"]}]},{\"@type\":\"ImageObject\",\"inLanguage\":\"es\",\"@id\":\"https:\\\/\\\/www.manabi.gob.ec\\\/index.php\\\/se-impulsa-desarrollo-productivo-y-turistico-de-las-parroquias-de-portoviejo\\\/#primaryimage\",\"url\":\"https:\\\/\\\/www.manabi.gob.ec\\\/wp-content\\\/uploads\\\/2020\\\/08\\\/bandera-de-jipijapa.gif\",\"contentUrl\":\"https:\\\/\\\/www.manabi.gob.ec\\\/wp-content\\\/uploads\\\/2020\\\/08\\\/bandera-de-jipijapa.gif\",\"width\":120,\"height\":136},{\"@type\":\"BreadcrumbList\",\"@id\":\"https:\\\/\\\/www.manabi.gob.ec\\\/index.php\\\/se-impulsa-desarrollo-productivo-y-turistico-de-las-parroquias-de-portoviejo\\\/#breadcrumb\",\"itemListElement\":[{\"@type\":\"ListItem\",\"position\":1,\"name\":\"Portada\",\"item\":\"https:\\\/\\\/www.manabi.gob.ec\\\/\"},{\"@type\":\"ListItem\",\"position\":2,\"name\":\"Se impulsa desarrollo productivo y tur\u00edstico de las parroquias de Portoviejo\"}]},{\"@type\":\"WebSite\",\"@id\":\"https:\\\/\\\/www.manabi.gob.ec\\\/#website\",\"url\":\"https:\\\/\\\/www.manabi.gob.ec\\\/\",\"name\":\"Prefectura de Manab\u00ed\",\"description\":\"P\u00e1gina web de la prefectura\",\"potentialAction\":[{\"@type\":\"SearchAction\",\"target\":{\"@type\":\"EntryPoint\",\"urlTemplate\":\"https:\\\/\\\/www.manabi.gob.ec\\\/?s={search_term_string}\"},\"query-input\":{\"@type\":\"PropertyValueSpecification\",\"valueRequired\":true,\"valueName\":\"search_term_string\"}}],\"inLanguage\":\"es\"},{\"@type\":\"Person\",\"@id\":\"https:\\\/\\\/www.manabi.gob.ec\\\/#\\\/schema\\\/person\\\/cfc71bd68fe2703b779edcc292a49722\",\"name\":\"admin\",\"image\":{\"@type\":\"ImageObject\",\"inLanguage\":\"es\",\"@id\":\"https:\\\/\\\/secure.gravatar.com\\\/avatar\\\/23e9f919492b0a2f65aa168e0d8c5c867ea853b61deffbadf08c7031e15b8d78?s=96&d=mm&r=g\",\"url\":\"https:\\\/\\\/secure.gravatar.com\\\/avatar\\\/23e9f919492b0a2f65aa168e0d8c5c867ea853b61deffbadf08c7031e15b8d78?s=96&d=mm&r=g\",\"contentUrl\":\"https:\\\/\\\/secure.gravatar.com\\\/avatar\\\/23e9f919492b0a2f65aa168e0d8c5c867ea853b61deffbadf08c7031e15b8d78?s=96&d=mm&r=g\",\"caption\":\"admin\"},\"sameAs\":[\"http:\\\/\\\/www.manabi.gob.ec\"],\"url\":\"https:\\\/\\\/www.manabi.gob.ec\\\/index.php\\\/author\\\/admin\\\/\"}]}<\/script>\n<!-- \/ Yoast SEO plugin. -->","yoast_head_json":{"title":"Se impulsa desarrollo productivo y tur\u00edstico de las parroquias de Portoviejo - Prefectura de Manab\u00ed","robots":{"index":"index","follow":"follow","max-snippet":"max-snippet:-1","max-image-preview":"max-image-preview:large","max-video-preview":"max-video-preview:-1"},"canonical":"https:\/\/www.manabi.gob.ec\/index.php\/se-impulsa-desarrollo-productivo-y-turistico-de-las-parroquias-de-portoviejo\/","og_locale":"es_ES","og_type":"article","og_title":"Se impulsa desarrollo productivo y tur\u00edstico de las parroquias de Portoviejo - Prefectura de Manab\u00ed","og_description":"El prefecto, Leonardo Orlando, supervis\u00f3 los proyectos viales que se ejecutan en las parroquias Chirijo, Alajuela, Calder\u00f3n y Riochico del cant\u00f3n Portoviejo, obras que contribuyen al desarrollo productivo y tur\u00edstico de esta zona de la provincia. En Chirijo, el Prefecto inspeccion\u00f3 \u00a0la \u00a0rehabilitaci\u00f3n, en 500 metros lineales, \u00a0que se \u00a0ejecuta en la comunidad Jes\u00fas Mar\u00eda, [&hellip;]","og_url":"https:\/\/www.manabi.gob.ec\/index.php\/se-impulsa-desarrollo-productivo-y-turistico-de-las-parroquias-de-portoviejo\/","og_site_name":"Prefectura de Manab\u00ed","article_published_time":"2021-01-29T14:50:56+00:00","og_image":[{"width":120,"height":136,"url":"https:\/\/www.manabi.gob.ec\/wp-content\/uploads\/2020\/08\/bandera-de-jipijapa.gif","type":"image\/gif"}],"author":"admin","twitter_card":"summary_large_image","twitter_misc":{"Escrito por":"admin","Tiempo de lectura":"2 minutos"},"schema":{"@context":"https:\/\/schema.org","@graph":[{"@type":"Article","@id":"https:\/\/www.manabi.gob.ec\/index.php\/se-impulsa-desarrollo-productivo-y-turistico-de-las-parroquias-de-portoviejo\/#article","isPartOf":{"@id":"https:\/\/www.manabi.gob.ec\/index.php\/se-impulsa-desarrollo-productivo-y-turistico-de-las-parroquias-de-portoviejo\/"},"author":{"name":"admin","@id":"https:\/\/www.manabi.gob.ec\/#\/schema\/person\/cfc71bd68fe2703b779edcc292a49722"},"headline":"Se impulsa desarrollo productivo y tur\u00edstico de las parroquias de Portoviejo","datePublished":"2021-01-29T14:50:56+00:00","mainEntityOfPage":{"@id":"https:\/\/www.manabi.gob.ec\/index.php\/se-impulsa-desarrollo-productivo-y-turistico-de-las-parroquias-de-portoviejo\/"},"wordCount":438,"commentCount":0,"image":{"@id":"https:\/\/www.manabi.gob.ec\/index.php\/se-impulsa-desarrollo-productivo-y-turistico-de-las-parroquias-de-portoviejo\/#primaryimage"},"thumbnailUrl":"https:\/\/www.manabi.gob.ec\/wp-content\/uploads\/2020\/08\/bandera-de-jipijapa.gif","articleSection":["Manab\u00ed Vial","Portoviejo","Vialidad"],"inLanguage":"es","potentialAction":[{"@type":"CommentAction","name":"Comment","target":["https:\/\/www.manabi.gob.ec\/index.php\/se-impulsa-desarrollo-productivo-y-turistico-de-las-parroquias-de-portoviejo\/#respond"]}]},{"@type":"WebPage","@id":"https:\/\/www.manabi.gob.ec\/index.php\/se-impulsa-desarrollo-productivo-y-turistico-de-las-parroquias-de-portoviejo\/","url":"https:\/\/www.manabi.gob.ec\/index.php\/se-impulsa-desarrollo-productivo-y-turistico-de-las-parroquias-de-portoviejo\/","name":"Se impulsa desarrollo productivo y tur\u00edstico de las parroquias de Portoviejo - Prefectura de Manab\u00ed","isPartOf":{"@id":"https:\/\/www.manabi.gob.ec\/#website"},"primaryImageOfPage":{"@id":"https:\/\/www.manabi.gob.ec\/index.php\/se-impulsa-desarrollo-productivo-y-turistico-de-las-parroquias-de-portoviejo\/#primaryimage"},"image":{"@id":"https:\/\/www.manabi.gob.ec\/index.php\/se-impulsa-desarrollo-productivo-y-turistico-de-las-parroquias-de-portoviejo\/#primaryimage"},"thumbnailUrl":"https:\/\/www.manabi.gob.ec\/wp-content\/uploads\/2020\/08\/bandera-de-jipijapa.gif","datePublished":"2021-01-29T14:50:56+00:00","author":{"@id":"https:\/\/www.manabi.gob.ec\/#\/schema\/person\/cfc71bd68fe2703b779edcc292a49722"},"breadcrumb":{"@id":"https:\/\/www.manabi.gob.ec\/index.php\/se-impulsa-desarrollo-productivo-y-turistico-de-las-parroquias-de-portoviejo\/#breadcrumb"},"inLanguage":"es","potentialAction":[{"@type":"ReadAction","target":["https:\/\/www.manabi.gob.ec\/index.php\/se-impulsa-desarrollo-productivo-y-turistico-de-las-parroquias-de-portoviejo\/"]}]},{"@type":"ImageObject","inLanguage":"es","@id":"https:\/\/www.manabi.gob.ec\/index.php\/se-impulsa-desarrollo-productivo-y-turistico-de-las-parroquias-de-portoviejo\/#primaryimage","url":"https:\/\/www.manabi.gob.ec\/wp-content\/uploads\/2020\/08\/bandera-de-jipijapa.gif","contentUrl":"https:\/\/www.manabi.gob.ec\/wp-content\/uploads\/2020\/08\/bandera-de-jipijapa.gif","width":120,"height":136},{"@type":"BreadcrumbList","@id":"https:\/\/www.manabi.gob.ec\/index.php\/se-impulsa-desarrollo-productivo-y-turistico-de-las-parroquias-de-portoviejo\/#breadcrumb","itemListElement":[{"@type":"ListItem","position":1,"name":"Portada","item":"https:\/\/www.manabi.gob.ec\/"},{"@type":"ListItem","position":2,"name":"Se impulsa desarrollo productivo y tur\u00edstico de las parroquias de Portoviejo"}]},{"@type":"WebSite","@id":"https:\/\/www.manabi.gob.ec\/#website","url":"https:\/\/www.manabi.gob.ec\/","name":"Prefectura de Manab\u00ed","description":"P\u00e1gina web de la prefectura","potentialAction":[{"@type":"SearchAction","target":{"@type":"EntryPoint","urlTemplate":"https:\/\/www.manabi.gob.ec\/?s={search_term_string}"},"query-input":{"@type":"PropertyValueSpecification","valueRequired":true,"valueName":"search_term_string"}}],"inLanguage":"es"},{"@type":"Person","@id":"https:\/\/www.manabi.gob.ec\/#\/schema\/person\/cfc71bd68fe2703b779edcc292a49722","name":"admin","image":{"@type":"ImageObject","inLanguage":"es","@id":"https:\/\/secure.gravatar.com\/avatar\/23e9f919492b0a2f65aa168e0d8c5c867ea853b61deffbadf08c7031e15b8d78?s=96&d=mm&r=g","url":"https:\/\/secure.gravatar.com\/avatar\/23e9f919492b0a2f65aa168e0d8c5c867ea853b61deffbadf08c7031e15b8d78?s=96&d=mm&r=g","contentUrl":"https:\/\/secure.gravatar.com\/avatar\/23e9f919492b0a2f65aa168e0d8c5c867ea853b61deffbadf08c7031e15b8d78?s=96&d=mm&r=g","caption":"admin"},"sameAs":["http:\/\/www.manabi.gob.ec"],"url":"https:\/\/www.manabi.gob.ec\/index.php\/author\/admin\/"}]}},"jetpack_featured_media_url":"https:\/\/www.manabi.gob.ec\/wp-content\/uploads\/2020\/08\/bandera-de-jipijapa.gif","_links":{"self":[{"href":"https:\/\/www.manabi.gob.ec\/index.php\/wp-json\/wp\/v2\/posts\/15517","targetHints":{"allow":["GET"]}}],"collection":[{"href":"https:\/\/www.manabi.gob.ec\/index.php\/wp-json\/wp\/v2\/posts"}],"about":[{"href":"https:\/\/www.manabi.gob.ec\/index.php\/wp-json\/wp\/v2\/types\/post"}],"author":[{"embeddable":true,"href":"https:\/\/www.manabi.gob.ec\/index.php\/wp-json\/wp\/v2\/users\/1"}],"replies":[{"embeddable":true,"href":"https:\/\/www.manabi.gob.ec\/index.php\/wp-json\/wp\/v2\/comments?post=15517"}],"version-history":[{"count":0,"href":"https:\/\/www.manabi.gob.ec\/index.php\/wp-json\/wp\/v2\/posts\/15517\/revisions"}],"wp:featuredmedia":[{"embeddable":true,"href":"https:\/\/www.manabi.gob.ec\/index.php\/wp-json\/wp\/v2\/media\/15034"}],"wp:attachment":[{"href":"https:\/\/www.manabi.gob.ec\/index.php\/wp-json\/wp\/v2\/media?parent=15517"}],"wp:term":[{"taxonomy":"category","embeddable":true,"href":"https:\/\/www.manabi.gob.ec\/index.php\/wp-json\/wp\/v2\/categories?post=15517"},{"taxonomy":"post_tag","embeddable":true,"href":"https:\/\/www.manabi.gob.ec\/index.php\/wp-json\/wp\/v2\/tags?post=15517"}],"curies":[{"name":"wp","href":"https:\/\/api.w.org\/{rel}","templated":true}]}}