{"id":15524,"date":"2021-01-29T11:48:33","date_gmt":"2021-01-29T16:48:33","guid":{"rendered":"https:\/\/www.manabi.gob.ec\/?p=15047"},"modified":"2021-01-31T07:14:18","modified_gmt":"2021-01-31T07:14:18","slug":"viceprefecta-llega-con-ayudas-a-personas-vulnerables-de-el-carmen","status":"publish","type":"post","link":"https:\/\/www.manabi.gob.ec\/index.php\/viceprefecta-llega-con-ayudas-a-personas-vulnerables-de-el-carmen\/","title":{"rendered":"VICEPREFECTA LLEGA CON AYUDAS A PERSONAS VULNERABLES DE EL CARMEN"},"content":{"rendered":"<p style=\"font-weight: 400;\">La viceprefecta de Manab\u00ed, &nbsp;Kelly Buenaventura &nbsp;Moreira, &nbsp;visit\u00f3 &nbsp;la casa de Begniflor &nbsp;Giler, en el barrio Los Rosales del cant\u00f3n El Carmen, para entregarle una en nombre del Gobierno de Manab\u00ed ayuda destinada a su esposo, Silverio Holgu\u00edn, &nbsp;un adulto mayor que padece de insuficiencia renal quien adem\u00e1s se &nbsp;encuentra &nbsp;desempleado<\/p>\n<p style=\"font-weight: 400;\">\u00abMi esposo est\u00e1 en el hospital realiz\u00e1ndose las di\u00e1lisis en este momento, yo estoy muy agradecida por la ayuda que nos dan\u00bb mencion\u00f3 Begniflor, Giler.<\/p>\n<p style=\"font-weight: 400;\">Se&nbsp; entreg\u00f3 hojas de zinc, camas, colchones, almohadas y&nbsp;s\u00e1banas, son parte de la ayuda humanitaria que se entreg\u00f3a 6 familias de escasos recursos en el cant\u00f3n El Carmen, entre ellas a Silverio Holgu\u00edn.<\/p>\n<p style=\"font-weight: 400;\">Situaciones similares de vulnerabilidad &nbsp;viven las familias de Mercy Mu\u00f1oz, Jannan Ram\u00edrez, Gabino Saldarriaga, Jos\u00e9 Bustamante y Di\u00f3genes Ram\u00edrez, quienes se beneficiaron tambi\u00e9n de esta ayuda.<\/p>\n<p style=\"font-weight: 400;\">\u00abAhora en el invierno nos cae agua dentro de la casa y no hay dinero para comer, mucho menos para comprar un zinc. Gracias a la prefectura por mejorarnos nuestra condici\u00f3n de vida\u00bb, mencion\u00f3 Mercy Mu\u00f1oz.<\/p>\n<p style=\"font-weight: 400;\">\u00abVivimos la necesidad de cada persona como nuestra. Junto a Leonardo Orlando llegamos con esa mano solidaria donde las personas m\u00e1s necesitadas\u00bb, manifest\u00f3 Kelly Buenaventura Moreira, viceprefecta de Manab\u00ed.<\/p>\n","protected":false},"excerpt":{"rendered":"<p>La viceprefecta de Manab\u00ed, &nbsp;Kelly Buenaventura &nbsp;Moreira, &nbsp;visit\u00f3 &nbsp;la casa de Begniflor &nbsp;Giler, en el barrio Los Rosales del cant\u00f3n El Carmen, para entregarle una en nombre del Gobierno de Manab\u00ed ayuda destinada a su esposo, Silverio Holgu\u00edn, &nbsp;un adulto mayor que padece de insuficiencia renal quien adem\u00e1s se &nbsp;encuentra &nbsp;desempleado \u00abMi esposo est\u00e1 en [&hellip;]<\/p>\n","protected":false},"author":1,"featured_media":15596,"comment_status":"open","ping_status":"open","sticky":false,"template":"","format":"standard","meta":{"_joinchat":[],"footnotes":""},"categories":[91],"tags":[176],"class_list":["post-15524","post","type-post","status-publish","format-standard","has-post-thumbnail","hentry","category-todas","tag-vicepefectura"],"yoast_head":"<!-- This site is optimized with the Yoast SEO plugin v27.4 - https:\/\/yoast.com\/product\/yoast-seo-wordpress\/ -->\n<title>VICEPREFECTA LLEGA CON AYUDAS A PERSONAS VULNERABLES DE EL CARMEN - Prefectura de Manab\u00ed<\/title>\n<meta name=\"robots\" content=\"index, follow, max-snippet:-1, max-image-preview:large, max-video-preview:-1\" \/>\n<link rel=\"canonical\" href=\"https:\/\/www.manabi.gob.ec\/index.php\/viceprefecta-llega-con-ayudas-a-personas-vulnerables-de-el-carmen\/\" \/>\n<meta property=\"og:locale\" content=\"es_ES\" \/>\n<meta property=\"og:type\" content=\"article\" \/>\n<meta property=\"og:title\" content=\"VICEPREFECTA LLEGA CON AYUDAS A PERSONAS VULNERABLES DE EL CARMEN - Prefectura de Manab\u00ed\" \/>\n<meta property=\"og:description\" content=\"La viceprefecta de Manab\u00ed, &nbsp;Kelly Buenaventura &nbsp;Moreira, &nbsp;visit\u00f3 &nbsp;la casa de Begniflor &nbsp;Giler, en el barrio Los Rosales del cant\u00f3n El Carmen, para entregarle una en nombre del Gobierno de Manab\u00ed ayuda destinada a su esposo, Silverio Holgu\u00edn, &nbsp;un adulto mayor que padece de insuficiencia renal quien adem\u00e1s se &nbsp;encuentra &nbsp;desempleado \u00abMi esposo est\u00e1 en [&hellip;]\" \/>\n<meta property=\"og:url\" content=\"https:\/\/www.manabi.gob.ec\/index.php\/viceprefecta-llega-con-ayudas-a-personas-vulnerables-de-el-carmen\/\" \/>\n<meta property=\"og:site_name\" content=\"Prefectura de Manab\u00ed\" \/>\n<meta property=\"article:published_time\" content=\"2021-01-29T16:48:33+00:00\" \/>\n<meta property=\"article:modified_time\" content=\"2021-01-31T07:14:18+00:00\" \/>\n<meta property=\"og:image\" content=\"https:\/\/www.manabi.gob.ec\/wp-content\/uploads\/2021\/01\/Se-entrega-ayuda-en-El-Carmen-3.jpeg\" \/>\n\t<meta property=\"og:image:width\" content=\"1280\" \/>\n\t<meta property=\"og:image:height\" content=\"853\" \/>\n\t<meta property=\"og:image:type\" content=\"image\/jpeg\" \/>\n<meta name=\"author\" content=\"admin\" \/>\n<meta name=\"twitter:card\" content=\"summary_large_image\" \/>\n<meta name=\"twitter:label1\" content=\"Escrito por\" \/>\n\t<meta name=\"twitter:data1\" content=\"admin\" \/>\n\t<meta name=\"twitter:label2\" content=\"Tiempo de lectura\" \/>\n\t<meta name=\"twitter:data2\" content=\"1 minuto\" \/>\n<script type=\"application\/ld+json\" class=\"yoast-schema-graph\">{\"@context\":\"https:\\\/\\\/schema.org\",\"@graph\":[{\"@type\":\"Article\",\"@id\":\"https:\\\/\\\/www.manabi.gob.ec\\\/index.php\\\/viceprefecta-llega-con-ayudas-a-personas-vulnerables-de-el-carmen\\\/#article\",\"isPartOf\":{\"@id\":\"https:\\\/\\\/www.manabi.gob.ec\\\/index.php\\\/viceprefecta-llega-con-ayudas-a-personas-vulnerables-de-el-carmen\\\/\"},\"author\":{\"name\":\"admin\",\"@id\":\"https:\\\/\\\/www.manabi.gob.ec\\\/#\\\/schema\\\/person\\\/cfc71bd68fe2703b779edcc292a49722\"},\"headline\":\"VICEPREFECTA LLEGA CON AYUDAS A PERSONAS VULNERABLES DE EL CARMEN\",\"datePublished\":\"2021-01-29T16:48:33+00:00\",\"dateModified\":\"2021-01-31T07:14:18+00:00\",\"mainEntityOfPage\":{\"@id\":\"https:\\\/\\\/www.manabi.gob.ec\\\/index.php\\\/viceprefecta-llega-con-ayudas-a-personas-vulnerables-de-el-carmen\\\/\"},\"wordCount\":238,\"commentCount\":0,\"image\":{\"@id\":\"https:\\\/\\\/www.manabi.gob.ec\\\/index.php\\\/viceprefecta-llega-con-ayudas-a-personas-vulnerables-de-el-carmen\\\/#primaryimage\"},\"thumbnailUrl\":\"https:\\\/\\\/www.manabi.gob.ec\\\/wp-content\\\/uploads\\\/2021\\\/01\\\/Se-entrega-ayuda-en-El-Carmen-3.jpeg\",\"keywords\":[\"Vicepefectura\"],\"articleSection\":[\"Todas\"],\"inLanguage\":\"es\",\"potentialAction\":[{\"@type\":\"CommentAction\",\"name\":\"Comment\",\"target\":[\"https:\\\/\\\/www.manabi.gob.ec\\\/index.php\\\/viceprefecta-llega-con-ayudas-a-personas-vulnerables-de-el-carmen\\\/#respond\"]}]},{\"@type\":\"WebPage\",\"@id\":\"https:\\\/\\\/www.manabi.gob.ec\\\/index.php\\\/viceprefecta-llega-con-ayudas-a-personas-vulnerables-de-el-carmen\\\/\",\"url\":\"https:\\\/\\\/www.manabi.gob.ec\\\/index.php\\\/viceprefecta-llega-con-ayudas-a-personas-vulnerables-de-el-carmen\\\/\",\"name\":\"VICEPREFECTA LLEGA CON AYUDAS A PERSONAS VULNERABLES DE EL CARMEN - Prefectura de Manab\u00ed\",\"isPartOf\":{\"@id\":\"https:\\\/\\\/www.manabi.gob.ec\\\/#website\"},\"primaryImageOfPage\":{\"@id\":\"https:\\\/\\\/www.manabi.gob.ec\\\/index.php\\\/viceprefecta-llega-con-ayudas-a-personas-vulnerables-de-el-carmen\\\/#primaryimage\"},\"image\":{\"@id\":\"https:\\\/\\\/www.manabi.gob.ec\\\/index.php\\\/viceprefecta-llega-con-ayudas-a-personas-vulnerables-de-el-carmen\\\/#primaryimage\"},\"thumbnailUrl\":\"https:\\\/\\\/www.manabi.gob.ec\\\/wp-content\\\/uploads\\\/2021\\\/01\\\/Se-entrega-ayuda-en-El-Carmen-3.jpeg\",\"datePublished\":\"2021-01-29T16:48:33+00:00\",\"dateModified\":\"2021-01-31T07:14:18+00:00\",\"author\":{\"@id\":\"https:\\\/\\\/www.manabi.gob.ec\\\/#\\\/schema\\\/person\\\/cfc71bd68fe2703b779edcc292a49722\"},\"breadcrumb\":{\"@id\":\"https:\\\/\\\/www.manabi.gob.ec\\\/index.php\\\/viceprefecta-llega-con-ayudas-a-personas-vulnerables-de-el-carmen\\\/#breadcrumb\"},\"inLanguage\":\"es\",\"potentialAction\":[{\"@type\":\"ReadAction\",\"target\":[\"https:\\\/\\\/www.manabi.gob.ec\\\/index.php\\\/viceprefecta-llega-con-ayudas-a-personas-vulnerables-de-el-carmen\\\/\"]}]},{\"@type\":\"ImageObject\",\"inLanguage\":\"es\",\"@id\":\"https:\\\/\\\/www.manabi.gob.ec\\\/index.php\\\/viceprefecta-llega-con-ayudas-a-personas-vulnerables-de-el-carmen\\\/#primaryimage\",\"url\":\"https:\\\/\\\/www.manabi.gob.ec\\\/wp-content\\\/uploads\\\/2021\\\/01\\\/Se-entrega-ayuda-en-El-Carmen-3.jpeg\",\"contentUrl\":\"https:\\\/\\\/www.manabi.gob.ec\\\/wp-content\\\/uploads\\\/2021\\\/01\\\/Se-entrega-ayuda-en-El-Carmen-3.jpeg\",\"width\":1280,\"height\":853},{\"@type\":\"BreadcrumbList\",\"@id\":\"https:\\\/\\\/www.manabi.gob.ec\\\/index.php\\\/viceprefecta-llega-con-ayudas-a-personas-vulnerables-de-el-carmen\\\/#breadcrumb\",\"itemListElement\":[{\"@type\":\"ListItem\",\"position\":1,\"name\":\"Portada\",\"item\":\"https:\\\/\\\/www.manabi.gob.ec\\\/\"},{\"@type\":\"ListItem\",\"position\":2,\"name\":\"VICEPREFECTA LLEGA CON AYUDAS A PERSONAS VULNERABLES DE EL CARMEN\"}]},{\"@type\":\"WebSite\",\"@id\":\"https:\\\/\\\/www.manabi.gob.ec\\\/#website\",\"url\":\"https:\\\/\\\/www.manabi.gob.ec\\\/\",\"name\":\"Prefectura de Manab\u00ed\",\"description\":\"P\u00e1gina web de la prefectura\",\"potentialAction\":[{\"@type\":\"SearchAction\",\"target\":{\"@type\":\"EntryPoint\",\"urlTemplate\":\"https:\\\/\\\/www.manabi.gob.ec\\\/?s={search_term_string}\"},\"query-input\":{\"@type\":\"PropertyValueSpecification\",\"valueRequired\":true,\"valueName\":\"search_term_string\"}}],\"inLanguage\":\"es\"},{\"@type\":\"Person\",\"@id\":\"https:\\\/\\\/www.manabi.gob.ec\\\/#\\\/schema\\\/person\\\/cfc71bd68fe2703b779edcc292a49722\",\"name\":\"admin\",\"image\":{\"@type\":\"ImageObject\",\"inLanguage\":\"es\",\"@id\":\"https:\\\/\\\/secure.gravatar.com\\\/avatar\\\/23e9f919492b0a2f65aa168e0d8c5c867ea853b61deffbadf08c7031e15b8d78?s=96&d=mm&r=g\",\"url\":\"https:\\\/\\\/secure.gravatar.com\\\/avatar\\\/23e9f919492b0a2f65aa168e0d8c5c867ea853b61deffbadf08c7031e15b8d78?s=96&d=mm&r=g\",\"contentUrl\":\"https:\\\/\\\/secure.gravatar.com\\\/avatar\\\/23e9f919492b0a2f65aa168e0d8c5c867ea853b61deffbadf08c7031e15b8d78?s=96&d=mm&r=g\",\"caption\":\"admin\"},\"sameAs\":[\"http:\\\/\\\/www.manabi.gob.ec\"],\"url\":\"https:\\\/\\\/www.manabi.gob.ec\\\/index.php\\\/author\\\/admin\\\/\"}]}<\/script>\n<!-- \/ Yoast SEO plugin. -->","yoast_head_json":{"title":"VICEPREFECTA LLEGA CON AYUDAS A PERSONAS VULNERABLES DE EL CARMEN - Prefectura de Manab\u00ed","robots":{"index":"index","follow":"follow","max-snippet":"max-snippet:-1","max-image-preview":"max-image-preview:large","max-video-preview":"max-video-preview:-1"},"canonical":"https:\/\/www.manabi.gob.ec\/index.php\/viceprefecta-llega-con-ayudas-a-personas-vulnerables-de-el-carmen\/","og_locale":"es_ES","og_type":"article","og_title":"VICEPREFECTA LLEGA CON AYUDAS A PERSONAS VULNERABLES DE EL CARMEN - Prefectura de Manab\u00ed","og_description":"La viceprefecta de Manab\u00ed, &nbsp;Kelly Buenaventura &nbsp;Moreira, &nbsp;visit\u00f3 &nbsp;la casa de Begniflor &nbsp;Giler, en el barrio Los Rosales del cant\u00f3n El Carmen, para entregarle una en nombre del Gobierno de Manab\u00ed ayuda destinada a su esposo, Silverio Holgu\u00edn, &nbsp;un adulto mayor que padece de insuficiencia renal quien adem\u00e1s se &nbsp;encuentra &nbsp;desempleado \u00abMi esposo est\u00e1 en [&hellip;]","og_url":"https:\/\/www.manabi.gob.ec\/index.php\/viceprefecta-llega-con-ayudas-a-personas-vulnerables-de-el-carmen\/","og_site_name":"Prefectura de Manab\u00ed","article_published_time":"2021-01-29T16:48:33+00:00","article_modified_time":"2021-01-31T07:14:18+00:00","og_image":[{"width":1280,"height":853,"url":"https:\/\/www.manabi.gob.ec\/wp-content\/uploads\/2021\/01\/Se-entrega-ayuda-en-El-Carmen-3.jpeg","type":"image\/jpeg"}],"author":"admin","twitter_card":"summary_large_image","twitter_misc":{"Escrito por":"admin","Tiempo de lectura":"1 minuto"},"schema":{"@context":"https:\/\/schema.org","@graph":[{"@type":"Article","@id":"https:\/\/www.manabi.gob.ec\/index.php\/viceprefecta-llega-con-ayudas-a-personas-vulnerables-de-el-carmen\/#article","isPartOf":{"@id":"https:\/\/www.manabi.gob.ec\/index.php\/viceprefecta-llega-con-ayudas-a-personas-vulnerables-de-el-carmen\/"},"author":{"name":"admin","@id":"https:\/\/www.manabi.gob.ec\/#\/schema\/person\/cfc71bd68fe2703b779edcc292a49722"},"headline":"VICEPREFECTA LLEGA CON AYUDAS A PERSONAS VULNERABLES DE EL CARMEN","datePublished":"2021-01-29T16:48:33+00:00","dateModified":"2021-01-31T07:14:18+00:00","mainEntityOfPage":{"@id":"https:\/\/www.manabi.gob.ec\/index.php\/viceprefecta-llega-con-ayudas-a-personas-vulnerables-de-el-carmen\/"},"wordCount":238,"commentCount":0,"image":{"@id":"https:\/\/www.manabi.gob.ec\/index.php\/viceprefecta-llega-con-ayudas-a-personas-vulnerables-de-el-carmen\/#primaryimage"},"thumbnailUrl":"https:\/\/www.manabi.gob.ec\/wp-content\/uploads\/2021\/01\/Se-entrega-ayuda-en-El-Carmen-3.jpeg","keywords":["Vicepefectura"],"articleSection":["Todas"],"inLanguage":"es","potentialAction":[{"@type":"CommentAction","name":"Comment","target":["https:\/\/www.manabi.gob.ec\/index.php\/viceprefecta-llega-con-ayudas-a-personas-vulnerables-de-el-carmen\/#respond"]}]},{"@type":"WebPage","@id":"https:\/\/www.manabi.gob.ec\/index.php\/viceprefecta-llega-con-ayudas-a-personas-vulnerables-de-el-carmen\/","url":"https:\/\/www.manabi.gob.ec\/index.php\/viceprefecta-llega-con-ayudas-a-personas-vulnerables-de-el-carmen\/","name":"VICEPREFECTA LLEGA CON AYUDAS A PERSONAS VULNERABLES DE EL CARMEN - Prefectura de Manab\u00ed","isPartOf":{"@id":"https:\/\/www.manabi.gob.ec\/#website"},"primaryImageOfPage":{"@id":"https:\/\/www.manabi.gob.ec\/index.php\/viceprefecta-llega-con-ayudas-a-personas-vulnerables-de-el-carmen\/#primaryimage"},"image":{"@id":"https:\/\/www.manabi.gob.ec\/index.php\/viceprefecta-llega-con-ayudas-a-personas-vulnerables-de-el-carmen\/#primaryimage"},"thumbnailUrl":"https:\/\/www.manabi.gob.ec\/wp-content\/uploads\/2021\/01\/Se-entrega-ayuda-en-El-Carmen-3.jpeg","datePublished":"2021-01-29T16:48:33+00:00","dateModified":"2021-01-31T07:14:18+00:00","author":{"@id":"https:\/\/www.manabi.gob.ec\/#\/schema\/person\/cfc71bd68fe2703b779edcc292a49722"},"breadcrumb":{"@id":"https:\/\/www.manabi.gob.ec\/index.php\/viceprefecta-llega-con-ayudas-a-personas-vulnerables-de-el-carmen\/#breadcrumb"},"inLanguage":"es","potentialAction":[{"@type":"ReadAction","target":["https:\/\/www.manabi.gob.ec\/index.php\/viceprefecta-llega-con-ayudas-a-personas-vulnerables-de-el-carmen\/"]}]},{"@type":"ImageObject","inLanguage":"es","@id":"https:\/\/www.manabi.gob.ec\/index.php\/viceprefecta-llega-con-ayudas-a-personas-vulnerables-de-el-carmen\/#primaryimage","url":"https:\/\/www.manabi.gob.ec\/wp-content\/uploads\/2021\/01\/Se-entrega-ayuda-en-El-Carmen-3.jpeg","contentUrl":"https:\/\/www.manabi.gob.ec\/wp-content\/uploads\/2021\/01\/Se-entrega-ayuda-en-El-Carmen-3.jpeg","width":1280,"height":853},{"@type":"BreadcrumbList","@id":"https:\/\/www.manabi.gob.ec\/index.php\/viceprefecta-llega-con-ayudas-a-personas-vulnerables-de-el-carmen\/#breadcrumb","itemListElement":[{"@type":"ListItem","position":1,"name":"Portada","item":"https:\/\/www.manabi.gob.ec\/"},{"@type":"ListItem","position":2,"name":"VICEPREFECTA LLEGA CON AYUDAS A PERSONAS VULNERABLES DE EL CARMEN"}]},{"@type":"WebSite","@id":"https:\/\/www.manabi.gob.ec\/#website","url":"https:\/\/www.manabi.gob.ec\/","name":"Prefectura de Manab\u00ed","description":"P\u00e1gina web de la prefectura","potentialAction":[{"@type":"SearchAction","target":{"@type":"EntryPoint","urlTemplate":"https:\/\/www.manabi.gob.ec\/?s={search_term_string}"},"query-input":{"@type":"PropertyValueSpecification","valueRequired":true,"valueName":"search_term_string"}}],"inLanguage":"es"},{"@type":"Person","@id":"https:\/\/www.manabi.gob.ec\/#\/schema\/person\/cfc71bd68fe2703b779edcc292a49722","name":"admin","image":{"@type":"ImageObject","inLanguage":"es","@id":"https:\/\/secure.gravatar.com\/avatar\/23e9f919492b0a2f65aa168e0d8c5c867ea853b61deffbadf08c7031e15b8d78?s=96&d=mm&r=g","url":"https:\/\/secure.gravatar.com\/avatar\/23e9f919492b0a2f65aa168e0d8c5c867ea853b61deffbadf08c7031e15b8d78?s=96&d=mm&r=g","contentUrl":"https:\/\/secure.gravatar.com\/avatar\/23e9f919492b0a2f65aa168e0d8c5c867ea853b61deffbadf08c7031e15b8d78?s=96&d=mm&r=g","caption":"admin"},"sameAs":["http:\/\/www.manabi.gob.ec"],"url":"https:\/\/www.manabi.gob.ec\/index.php\/author\/admin\/"}]}},"jetpack_featured_media_url":"https:\/\/www.manabi.gob.ec\/wp-content\/uploads\/2021\/01\/Se-entrega-ayuda-en-El-Carmen-3.jpeg","_links":{"self":[{"href":"https:\/\/www.manabi.gob.ec\/index.php\/wp-json\/wp\/v2\/posts\/15524","targetHints":{"allow":["GET"]}}],"collection":[{"href":"https:\/\/www.manabi.gob.ec\/index.php\/wp-json\/wp\/v2\/posts"}],"about":[{"href":"https:\/\/www.manabi.gob.ec\/index.php\/wp-json\/wp\/v2\/types\/post"}],"author":[{"embeddable":true,"href":"https:\/\/www.manabi.gob.ec\/index.php\/wp-json\/wp\/v2\/users\/1"}],"replies":[{"embeddable":true,"href":"https:\/\/www.manabi.gob.ec\/index.php\/wp-json\/wp\/v2\/comments?post=15524"}],"version-history":[{"count":0,"href":"https:\/\/www.manabi.gob.ec\/index.php\/wp-json\/wp\/v2\/posts\/15524\/revisions"}],"wp:featuredmedia":[{"embeddable":true,"href":"https:\/\/www.manabi.gob.ec\/index.php\/wp-json\/wp\/v2\/media\/15596"}],"wp:attachment":[{"href":"https:\/\/www.manabi.gob.ec\/index.php\/wp-json\/wp\/v2\/media?parent=15524"}],"wp:term":[{"taxonomy":"category","embeddable":true,"href":"https:\/\/www.manabi.gob.ec\/index.php\/wp-json\/wp\/v2\/categories?post=15524"},{"taxonomy":"post_tag","embeddable":true,"href":"https:\/\/www.manabi.gob.ec\/index.php\/wp-json\/wp\/v2\/tags?post=15524"}],"curies":[{"name":"wp","href":"https:\/\/api.w.org\/{rel}","templated":true}]}}