{"id":15840,"date":"2021-02-17T16:18:06","date_gmt":"2021-02-17T21:18:06","guid":{"rendered":"https:\/\/www.manabi.gob.ec\/?p=15087"},"modified":"2021-02-17T16:18:06","modified_gmt":"2021-02-17T21:18:06","slug":"se-entrego-implementos-de-siembras-a-mujeres-victimas-de-violencia","status":"publish","type":"post","link":"https:\/\/www.manabi.gob.ec\/index.php\/se-entrego-implementos-de-siembras-a-mujeres-victimas-de-violencia\/","title":{"rendered":"Se entreg\u00f3 implementos de siembras a mujeres v\u00edctimas de violencia"},"content":{"rendered":"<p style=\"font-weight: 400;\">En la parroquia Convento, del cant\u00f3n Chone, 25 mujeres recibieron implementos del programa de soberan\u00eda alimentaria y nutrici\u00f3n saludable para mujeres v\u00edctimas de violencia denominado \u00abSembrado huertas de esperanza\u00bb.<\/p>\n<p style=\"font-weight: 400;\">\n<p style=\"font-weight: 400;\">El \u00a0programa \u00abSembrado huertas de esperanza\u00bb \u00a0busca \u00a0que las mujeres trabajen en un nuevo oficios que les fortaleza su econom\u00eda;\u00a0 adem\u00e1s que promuevan, a bajo costo, productos frescos y saludables\u00a0 libres de contaminantes y de m\u00faltiples beneficios en nutrici\u00f3n y salud.<\/p>\n<p style=\"font-weight: 400;\">\n<p style=\"font-weight: 400;\">La entrega la realiz\u00f3 el prefecto de Manab\u00ed, Leonardo Orlando Arteaga, y comprende herramientas e insumos para la siembra como palas, rastrillos, biol, bombas para fumigaci\u00f3n, semillas de cebolla y hortalizas, entre otros.<\/p>\n<p style=\"font-weight: 400;\">\n<p style=\"font-weight: 400;\">Del proyecto \u00a0dise\u00f1ado para toda la provincia, se benefician 100 mujeres de las comunidades San Juan del B\u00faa, Pueblo Seco, Chibunga, Cerro Bejucal, del cant\u00f3n Chone; \u00a0dirigido fortalecer la Soberan\u00eda Alimentaria y Nutrici\u00f3n Saludable de mujeres v\u00edctimas de violencia de g\u00e9nero.<\/p>\n<p style=\"font-weight: 400;\">\n<p style=\"font-weight: 400;\">Este proyecto tiene el apoyo del Gobierno de Manab\u00ed, la Arquidi\u00f3cesis de Portoviejo y la Fundaci\u00f3n Santa Marta,\u00a0 cuyos representantes\u00a0 firmaron un convenio de cooperaci\u00f3n\u00a0 en el marco de la celebraci\u00f3n del 25 de noviembre D\u00eda Internacional de la Eliminaci\u00f3n de la Violencia contra la Mujer, decretado por la ONU.<\/p>\n","protected":false},"excerpt":{"rendered":"<p>En la parroquia Convento, del cant\u00f3n Chone, 25 mujeres recibieron implementos del programa de soberan\u00eda alimentaria y nutrici\u00f3n saludable para mujeres v\u00edctimas de violencia denominado \u00abSembrado huertas de esperanza\u00bb. El \u00a0programa \u00abSembrado huertas de esperanza\u00bb \u00a0busca \u00a0que las mujeres trabajen en un nuevo oficios que les fortaleza su econom\u00eda;\u00a0 adem\u00e1s que promuevan, a bajo costo, [&hellip;]<\/p>\n","protected":false},"author":1,"featured_media":15088,"comment_status":"open","ping_status":"open","sticky":false,"template":"","format":"standard","meta":{"_joinchat":[],"footnotes":""},"categories":[92],"tags":[],"class_list":["post-15840","post","type-post","status-publish","format-standard","has-post-thumbnail","hentry","category-noticias-manabi"],"yoast_head":"<!-- This site is optimized with the Yoast SEO plugin v27.4 - https:\/\/yoast.com\/product\/yoast-seo-wordpress\/ -->\n<title>Se entreg\u00f3 implementos de siembras a mujeres v\u00edctimas de violencia - Prefectura de Manab\u00ed<\/title>\n<meta name=\"robots\" content=\"index, follow, max-snippet:-1, max-image-preview:large, max-video-preview:-1\" \/>\n<link rel=\"canonical\" href=\"https:\/\/www.manabi.gob.ec\/index.php\/se-entrego-implementos-de-siembras-a-mujeres-victimas-de-violencia\/\" \/>\n<meta property=\"og:locale\" content=\"es_ES\" \/>\n<meta property=\"og:type\" content=\"article\" \/>\n<meta property=\"og:title\" content=\"Se entreg\u00f3 implementos de siembras a mujeres v\u00edctimas de violencia - Prefectura de Manab\u00ed\" \/>\n<meta property=\"og:description\" content=\"En la parroquia Convento, del cant\u00f3n Chone, 25 mujeres recibieron implementos del programa de soberan\u00eda alimentaria y nutrici\u00f3n saludable para mujeres v\u00edctimas de violencia denominado \u00abSembrado huertas de esperanza\u00bb. El \u00a0programa \u00abSembrado huertas de esperanza\u00bb \u00a0busca \u00a0que las mujeres trabajen en un nuevo oficios que les fortaleza su econom\u00eda;\u00a0 adem\u00e1s que promuevan, a bajo costo, [&hellip;]\" \/>\n<meta property=\"og:url\" content=\"https:\/\/www.manabi.gob.ec\/index.php\/se-entrego-implementos-de-siembras-a-mujeres-victimas-de-violencia\/\" \/>\n<meta property=\"og:site_name\" content=\"Prefectura de Manab\u00ed\" \/>\n<meta property=\"article:published_time\" content=\"2021-02-17T21:18:06+00:00\" \/>\n<meta name=\"author\" content=\"admin\" \/>\n<meta name=\"twitter:card\" content=\"summary_large_image\" \/>\n<meta name=\"twitter:label1\" content=\"Escrito por\" \/>\n\t<meta name=\"twitter:data1\" content=\"admin\" \/>\n\t<meta name=\"twitter:label2\" content=\"Tiempo de lectura\" \/>\n\t<meta name=\"twitter:data2\" content=\"1 minuto\" \/>\n<script type=\"application\/ld+json\" class=\"yoast-schema-graph\">{\"@context\":\"https:\\\/\\\/schema.org\",\"@graph\":[{\"@type\":\"Article\",\"@id\":\"https:\\\/\\\/www.manabi.gob.ec\\\/index.php\\\/se-entrego-implementos-de-siembras-a-mujeres-victimas-de-violencia\\\/#article\",\"isPartOf\":{\"@id\":\"https:\\\/\\\/www.manabi.gob.ec\\\/index.php\\\/se-entrego-implementos-de-siembras-a-mujeres-victimas-de-violencia\\\/\"},\"author\":{\"name\":\"admin\",\"@id\":\"https:\\\/\\\/www.manabi.gob.ec\\\/#\\\/schema\\\/person\\\/cfc71bd68fe2703b779edcc292a49722\"},\"headline\":\"Se entreg\u00f3 implementos de siembras a mujeres v\u00edctimas de violencia\",\"datePublished\":\"2021-02-17T21:18:06+00:00\",\"mainEntityOfPage\":{\"@id\":\"https:\\\/\\\/www.manabi.gob.ec\\\/index.php\\\/se-entrego-implementos-de-siembras-a-mujeres-victimas-de-violencia\\\/\"},\"wordCount\":224,\"commentCount\":0,\"image\":{\"@id\":\"https:\\\/\\\/www.manabi.gob.ec\\\/index.php\\\/se-entrego-implementos-de-siembras-a-mujeres-victimas-de-violencia\\\/#primaryimage\"},\"thumbnailUrl\":\"\",\"articleSection\":[\"Noticias\"],\"inLanguage\":\"es\",\"potentialAction\":[{\"@type\":\"CommentAction\",\"name\":\"Comment\",\"target\":[\"https:\\\/\\\/www.manabi.gob.ec\\\/index.php\\\/se-entrego-implementos-de-siembras-a-mujeres-victimas-de-violencia\\\/#respond\"]}]},{\"@type\":\"WebPage\",\"@id\":\"https:\\\/\\\/www.manabi.gob.ec\\\/index.php\\\/se-entrego-implementos-de-siembras-a-mujeres-victimas-de-violencia\\\/\",\"url\":\"https:\\\/\\\/www.manabi.gob.ec\\\/index.php\\\/se-entrego-implementos-de-siembras-a-mujeres-victimas-de-violencia\\\/\",\"name\":\"Se entreg\u00f3 implementos de siembras a mujeres v\u00edctimas de violencia - Prefectura de Manab\u00ed\",\"isPartOf\":{\"@id\":\"https:\\\/\\\/www.manabi.gob.ec\\\/#website\"},\"primaryImageOfPage\":{\"@id\":\"https:\\\/\\\/www.manabi.gob.ec\\\/index.php\\\/se-entrego-implementos-de-siembras-a-mujeres-victimas-de-violencia\\\/#primaryimage\"},\"image\":{\"@id\":\"https:\\\/\\\/www.manabi.gob.ec\\\/index.php\\\/se-entrego-implementos-de-siembras-a-mujeres-victimas-de-violencia\\\/#primaryimage\"},\"thumbnailUrl\":\"\",\"datePublished\":\"2021-02-17T21:18:06+00:00\",\"author\":{\"@id\":\"https:\\\/\\\/www.manabi.gob.ec\\\/#\\\/schema\\\/person\\\/cfc71bd68fe2703b779edcc292a49722\"},\"breadcrumb\":{\"@id\":\"https:\\\/\\\/www.manabi.gob.ec\\\/index.php\\\/se-entrego-implementos-de-siembras-a-mujeres-victimas-de-violencia\\\/#breadcrumb\"},\"inLanguage\":\"es\",\"potentialAction\":[{\"@type\":\"ReadAction\",\"target\":[\"https:\\\/\\\/www.manabi.gob.ec\\\/index.php\\\/se-entrego-implementos-de-siembras-a-mujeres-victimas-de-violencia\\\/\"]}]},{\"@type\":\"ImageObject\",\"inLanguage\":\"es\",\"@id\":\"https:\\\/\\\/www.manabi.gob.ec\\\/index.php\\\/se-entrego-implementos-de-siembras-a-mujeres-victimas-de-violencia\\\/#primaryimage\",\"url\":\"\",\"contentUrl\":\"\"},{\"@type\":\"BreadcrumbList\",\"@id\":\"https:\\\/\\\/www.manabi.gob.ec\\\/index.php\\\/se-entrego-implementos-de-siembras-a-mujeres-victimas-de-violencia\\\/#breadcrumb\",\"itemListElement\":[{\"@type\":\"ListItem\",\"position\":1,\"name\":\"Portada\",\"item\":\"https:\\\/\\\/www.manabi.gob.ec\\\/\"},{\"@type\":\"ListItem\",\"position\":2,\"name\":\"Se entreg\u00f3 implementos de siembras a mujeres v\u00edctimas de violencia\"}]},{\"@type\":\"WebSite\",\"@id\":\"https:\\\/\\\/www.manabi.gob.ec\\\/#website\",\"url\":\"https:\\\/\\\/www.manabi.gob.ec\\\/\",\"name\":\"Prefectura de Manab\u00ed\",\"description\":\"P\u00e1gina web de la prefectura\",\"potentialAction\":[{\"@type\":\"SearchAction\",\"target\":{\"@type\":\"EntryPoint\",\"urlTemplate\":\"https:\\\/\\\/www.manabi.gob.ec\\\/?s={search_term_string}\"},\"query-input\":{\"@type\":\"PropertyValueSpecification\",\"valueRequired\":true,\"valueName\":\"search_term_string\"}}],\"inLanguage\":\"es\"},{\"@type\":\"Person\",\"@id\":\"https:\\\/\\\/www.manabi.gob.ec\\\/#\\\/schema\\\/person\\\/cfc71bd68fe2703b779edcc292a49722\",\"name\":\"admin\",\"image\":{\"@type\":\"ImageObject\",\"inLanguage\":\"es\",\"@id\":\"https:\\\/\\\/secure.gravatar.com\\\/avatar\\\/23e9f919492b0a2f65aa168e0d8c5c867ea853b61deffbadf08c7031e15b8d78?s=96&d=mm&r=g\",\"url\":\"https:\\\/\\\/secure.gravatar.com\\\/avatar\\\/23e9f919492b0a2f65aa168e0d8c5c867ea853b61deffbadf08c7031e15b8d78?s=96&d=mm&r=g\",\"contentUrl\":\"https:\\\/\\\/secure.gravatar.com\\\/avatar\\\/23e9f919492b0a2f65aa168e0d8c5c867ea853b61deffbadf08c7031e15b8d78?s=96&d=mm&r=g\",\"caption\":\"admin\"},\"sameAs\":[\"http:\\\/\\\/www.manabi.gob.ec\"],\"url\":\"https:\\\/\\\/www.manabi.gob.ec\\\/index.php\\\/author\\\/admin\\\/\"}]}<\/script>\n<!-- \/ Yoast SEO plugin. -->","yoast_head_json":{"title":"Se entreg\u00f3 implementos de siembras a mujeres v\u00edctimas de violencia - Prefectura de Manab\u00ed","robots":{"index":"index","follow":"follow","max-snippet":"max-snippet:-1","max-image-preview":"max-image-preview:large","max-video-preview":"max-video-preview:-1"},"canonical":"https:\/\/www.manabi.gob.ec\/index.php\/se-entrego-implementos-de-siembras-a-mujeres-victimas-de-violencia\/","og_locale":"es_ES","og_type":"article","og_title":"Se entreg\u00f3 implementos de siembras a mujeres v\u00edctimas de violencia - Prefectura de Manab\u00ed","og_description":"En la parroquia Convento, del cant\u00f3n Chone, 25 mujeres recibieron implementos del programa de soberan\u00eda alimentaria y nutrici\u00f3n saludable para mujeres v\u00edctimas de violencia denominado \u00abSembrado huertas de esperanza\u00bb. El \u00a0programa \u00abSembrado huertas de esperanza\u00bb \u00a0busca \u00a0que las mujeres trabajen en un nuevo oficios que les fortaleza su econom\u00eda;\u00a0 adem\u00e1s que promuevan, a bajo costo, [&hellip;]","og_url":"https:\/\/www.manabi.gob.ec\/index.php\/se-entrego-implementos-de-siembras-a-mujeres-victimas-de-violencia\/","og_site_name":"Prefectura de Manab\u00ed","article_published_time":"2021-02-17T21:18:06+00:00","author":"admin","twitter_card":"summary_large_image","twitter_misc":{"Escrito por":"admin","Tiempo de lectura":"1 minuto"},"schema":{"@context":"https:\/\/schema.org","@graph":[{"@type":"Article","@id":"https:\/\/www.manabi.gob.ec\/index.php\/se-entrego-implementos-de-siembras-a-mujeres-victimas-de-violencia\/#article","isPartOf":{"@id":"https:\/\/www.manabi.gob.ec\/index.php\/se-entrego-implementos-de-siembras-a-mujeres-victimas-de-violencia\/"},"author":{"name":"admin","@id":"https:\/\/www.manabi.gob.ec\/#\/schema\/person\/cfc71bd68fe2703b779edcc292a49722"},"headline":"Se entreg\u00f3 implementos de siembras a mujeres v\u00edctimas de violencia","datePublished":"2021-02-17T21:18:06+00:00","mainEntityOfPage":{"@id":"https:\/\/www.manabi.gob.ec\/index.php\/se-entrego-implementos-de-siembras-a-mujeres-victimas-de-violencia\/"},"wordCount":224,"commentCount":0,"image":{"@id":"https:\/\/www.manabi.gob.ec\/index.php\/se-entrego-implementos-de-siembras-a-mujeres-victimas-de-violencia\/#primaryimage"},"thumbnailUrl":"","articleSection":["Noticias"],"inLanguage":"es","potentialAction":[{"@type":"CommentAction","name":"Comment","target":["https:\/\/www.manabi.gob.ec\/index.php\/se-entrego-implementos-de-siembras-a-mujeres-victimas-de-violencia\/#respond"]}]},{"@type":"WebPage","@id":"https:\/\/www.manabi.gob.ec\/index.php\/se-entrego-implementos-de-siembras-a-mujeres-victimas-de-violencia\/","url":"https:\/\/www.manabi.gob.ec\/index.php\/se-entrego-implementos-de-siembras-a-mujeres-victimas-de-violencia\/","name":"Se entreg\u00f3 implementos de siembras a mujeres v\u00edctimas de violencia - Prefectura de Manab\u00ed","isPartOf":{"@id":"https:\/\/www.manabi.gob.ec\/#website"},"primaryImageOfPage":{"@id":"https:\/\/www.manabi.gob.ec\/index.php\/se-entrego-implementos-de-siembras-a-mujeres-victimas-de-violencia\/#primaryimage"},"image":{"@id":"https:\/\/www.manabi.gob.ec\/index.php\/se-entrego-implementos-de-siembras-a-mujeres-victimas-de-violencia\/#primaryimage"},"thumbnailUrl":"","datePublished":"2021-02-17T21:18:06+00:00","author":{"@id":"https:\/\/www.manabi.gob.ec\/#\/schema\/person\/cfc71bd68fe2703b779edcc292a49722"},"breadcrumb":{"@id":"https:\/\/www.manabi.gob.ec\/index.php\/se-entrego-implementos-de-siembras-a-mujeres-victimas-de-violencia\/#breadcrumb"},"inLanguage":"es","potentialAction":[{"@type":"ReadAction","target":["https:\/\/www.manabi.gob.ec\/index.php\/se-entrego-implementos-de-siembras-a-mujeres-victimas-de-violencia\/"]}]},{"@type":"ImageObject","inLanguage":"es","@id":"https:\/\/www.manabi.gob.ec\/index.php\/se-entrego-implementos-de-siembras-a-mujeres-victimas-de-violencia\/#primaryimage","url":"","contentUrl":""},{"@type":"BreadcrumbList","@id":"https:\/\/www.manabi.gob.ec\/index.php\/se-entrego-implementos-de-siembras-a-mujeres-victimas-de-violencia\/#breadcrumb","itemListElement":[{"@type":"ListItem","position":1,"name":"Portada","item":"https:\/\/www.manabi.gob.ec\/"},{"@type":"ListItem","position":2,"name":"Se entreg\u00f3 implementos de siembras a mujeres v\u00edctimas de violencia"}]},{"@type":"WebSite","@id":"https:\/\/www.manabi.gob.ec\/#website","url":"https:\/\/www.manabi.gob.ec\/","name":"Prefectura de Manab\u00ed","description":"P\u00e1gina web de la prefectura","potentialAction":[{"@type":"SearchAction","target":{"@type":"EntryPoint","urlTemplate":"https:\/\/www.manabi.gob.ec\/?s={search_term_string}"},"query-input":{"@type":"PropertyValueSpecification","valueRequired":true,"valueName":"search_term_string"}}],"inLanguage":"es"},{"@type":"Person","@id":"https:\/\/www.manabi.gob.ec\/#\/schema\/person\/cfc71bd68fe2703b779edcc292a49722","name":"admin","image":{"@type":"ImageObject","inLanguage":"es","@id":"https:\/\/secure.gravatar.com\/avatar\/23e9f919492b0a2f65aa168e0d8c5c867ea853b61deffbadf08c7031e15b8d78?s=96&d=mm&r=g","url":"https:\/\/secure.gravatar.com\/avatar\/23e9f919492b0a2f65aa168e0d8c5c867ea853b61deffbadf08c7031e15b8d78?s=96&d=mm&r=g","contentUrl":"https:\/\/secure.gravatar.com\/avatar\/23e9f919492b0a2f65aa168e0d8c5c867ea853b61deffbadf08c7031e15b8d78?s=96&d=mm&r=g","caption":"admin"},"sameAs":["http:\/\/www.manabi.gob.ec"],"url":"https:\/\/www.manabi.gob.ec\/index.php\/author\/admin\/"}]}},"jetpack_featured_media_url":"","_links":{"self":[{"href":"https:\/\/www.manabi.gob.ec\/index.php\/wp-json\/wp\/v2\/posts\/15840","targetHints":{"allow":["GET"]}}],"collection":[{"href":"https:\/\/www.manabi.gob.ec\/index.php\/wp-json\/wp\/v2\/posts"}],"about":[{"href":"https:\/\/www.manabi.gob.ec\/index.php\/wp-json\/wp\/v2\/types\/post"}],"author":[{"embeddable":true,"href":"https:\/\/www.manabi.gob.ec\/index.php\/wp-json\/wp\/v2\/users\/1"}],"replies":[{"embeddable":true,"href":"https:\/\/www.manabi.gob.ec\/index.php\/wp-json\/wp\/v2\/comments?post=15840"}],"version-history":[{"count":0,"href":"https:\/\/www.manabi.gob.ec\/index.php\/wp-json\/wp\/v2\/posts\/15840\/revisions"}],"wp:featuredmedia":[{"embeddable":true,"href":"https:\/\/www.manabi.gob.ec\/index.php\/wp-json\/wp\/v2\/posts\/15088"}],"wp:attachment":[{"href":"https:\/\/www.manabi.gob.ec\/index.php\/wp-json\/wp\/v2\/media?parent=15840"}],"wp:term":[{"taxonomy":"category","embeddable":true,"href":"https:\/\/www.manabi.gob.ec\/index.php\/wp-json\/wp\/v2\/categories?post=15840"},{"taxonomy":"post_tag","embeddable":true,"href":"https:\/\/www.manabi.gob.ec\/index.php\/wp-json\/wp\/v2\/tags?post=15840"}],"curies":[{"name":"wp","href":"https:\/\/api.w.org\/{rel}","templated":true}]}}