{"id":15844,"date":"2021-02-18T11:04:00","date_gmt":"2021-02-18T16:04:00","guid":{"rendered":"https:\/\/www.manabi.gob.ec\/?p=15096"},"modified":"2021-02-18T11:04:00","modified_gmt":"2021-02-18T16:04:00","slug":"la-fuerza-productiva-que-posiciona-manabi-magico-y-diverso","status":"publish","type":"post","link":"https:\/\/www.manabi.gob.ec\/index.php\/la-fuerza-productiva-que-posiciona-manabi-magico-y-diverso\/","title":{"rendered":"La fuerza productiva que posiciona  Manab\u00ed m\u00e1gico y diverso"},"content":{"rendered":"<p style=\"font-weight: 400;\">Los promotores tur\u00edsticos se convierten en los mejores embajadores de la marca \u201cManab\u00ed M\u00e1gico y Diverso\u201d. Esta importante fuerza productiva nos representa y posiciona\u00a0 brindando el mejor servicio a quienes\u00a0 visitan las hermosas playas manabitas.<\/p>\n<p style=\"font-weight: 400;\">\n<p style=\"font-weight: 400;\">El Gobierno de Manab\u00ed entreg\u00f3, el pasado 2 de febrero, \u00a0\u00a0buzos, gorras y chalecos con distintivos de la marca Manab\u00ed m\u00e1gico y diverso, para beneficio de vendedores ambulantes de los balnearios del cant\u00f3n Sucre.<\/p>\n<p style=\"font-weight: 400;\">\n<p style=\"font-weight: 400;\">\u00abEl sector tur\u00edstico y comercial en las zonas costeras est\u00e1 muy afectado y tenemos que fortalecerlo. Debemos en conjunto promover un turismo seguro, sostenible y responsable\u00bb, dijo el prefecto, Leonardo Orlando Arteaga, en los actos de entrega de esta indumentaria.<\/p>\n<p style=\"font-weight: 400;\">\n<p style=\"font-weight: 400;\">Los beneficiarios est\u00e1n organizados en la Asociaci\u00f3n de Vendedores Ambulantes San Clemente \u2013 San Jacinto, y en la Asociaci\u00f3n de J\u00f3venes Emprendedores del Manglar La Boca &#8211; San Jacinto.<\/p>\n","protected":false},"excerpt":{"rendered":"<p>Los promotores tur\u00edsticos se convierten en los mejores embajadores de la marca \u201cManab\u00ed M\u00e1gico y Diverso\u201d. Esta importante fuerza productiva nos representa y posiciona\u00a0 brindando el mejor servicio a quienes\u00a0 visitan las hermosas playas manabitas. El Gobierno de Manab\u00ed entreg\u00f3, el pasado 2 de febrero, \u00a0\u00a0buzos, gorras y chalecos con distintivos de la marca Manab\u00ed [&hellip;]<\/p>\n","protected":false},"author":1,"featured_media":15097,"comment_status":"open","ping_status":"open","sticky":false,"template":"","format":"standard","meta":{"_joinchat":[],"footnotes":""},"categories":[92],"tags":[],"class_list":["post-15844","post","type-post","status-publish","format-standard","has-post-thumbnail","hentry","category-noticias-manabi"],"yoast_head":"<!-- This site is optimized with the Yoast SEO plugin v27.4 - https:\/\/yoast.com\/product\/yoast-seo-wordpress\/ -->\n<title>La fuerza productiva que posiciona Manab\u00ed m\u00e1gico y diverso - Prefectura de Manab\u00ed<\/title>\n<meta name=\"robots\" content=\"index, follow, max-snippet:-1, max-image-preview:large, max-video-preview:-1\" \/>\n<link rel=\"canonical\" href=\"https:\/\/www.manabi.gob.ec\/index.php\/la-fuerza-productiva-que-posiciona-manabi-magico-y-diverso\/\" \/>\n<meta property=\"og:locale\" content=\"es_ES\" \/>\n<meta property=\"og:type\" content=\"article\" \/>\n<meta property=\"og:title\" content=\"La fuerza productiva que posiciona Manab\u00ed m\u00e1gico y diverso - Prefectura de Manab\u00ed\" \/>\n<meta property=\"og:description\" content=\"Los promotores tur\u00edsticos se convierten en los mejores embajadores de la marca \u201cManab\u00ed M\u00e1gico y Diverso\u201d. Esta importante fuerza productiva nos representa y posiciona\u00a0 brindando el mejor servicio a quienes\u00a0 visitan las hermosas playas manabitas. El Gobierno de Manab\u00ed entreg\u00f3, el pasado 2 de febrero, \u00a0\u00a0buzos, gorras y chalecos con distintivos de la marca Manab\u00ed [&hellip;]\" \/>\n<meta property=\"og:url\" content=\"https:\/\/www.manabi.gob.ec\/index.php\/la-fuerza-productiva-que-posiciona-manabi-magico-y-diverso\/\" \/>\n<meta property=\"og:site_name\" content=\"Prefectura de Manab\u00ed\" \/>\n<meta property=\"article:published_time\" content=\"2021-02-18T16:04:00+00:00\" \/>\n<meta name=\"author\" content=\"admin\" \/>\n<meta name=\"twitter:card\" content=\"summary_large_image\" \/>\n<meta name=\"twitter:label1\" content=\"Escrito por\" \/>\n\t<meta name=\"twitter:data1\" content=\"admin\" \/>\n\t<meta name=\"twitter:label2\" content=\"Tiempo de lectura\" \/>\n\t<meta name=\"twitter:data2\" content=\"1 minuto\" \/>\n<script type=\"application\/ld+json\" class=\"yoast-schema-graph\">{\"@context\":\"https:\\\/\\\/schema.org\",\"@graph\":[{\"@type\":\"Article\",\"@id\":\"https:\\\/\\\/www.manabi.gob.ec\\\/index.php\\\/la-fuerza-productiva-que-posiciona-manabi-magico-y-diverso\\\/#article\",\"isPartOf\":{\"@id\":\"https:\\\/\\\/www.manabi.gob.ec\\\/index.php\\\/la-fuerza-productiva-que-posiciona-manabi-magico-y-diverso\\\/\"},\"author\":{\"name\":\"admin\",\"@id\":\"https:\\\/\\\/www.manabi.gob.ec\\\/#\\\/schema\\\/person\\\/cfc71bd68fe2703b779edcc292a49722\"},\"headline\":\"La fuerza productiva que posiciona Manab\u00ed m\u00e1gico y diverso\",\"datePublished\":\"2021-02-18T16:04:00+00:00\",\"mainEntityOfPage\":{\"@id\":\"https:\\\/\\\/www.manabi.gob.ec\\\/index.php\\\/la-fuerza-productiva-que-posiciona-manabi-magico-y-diverso\\\/\"},\"wordCount\":155,\"commentCount\":0,\"image\":{\"@id\":\"https:\\\/\\\/www.manabi.gob.ec\\\/index.php\\\/la-fuerza-productiva-que-posiciona-manabi-magico-y-diverso\\\/#primaryimage\"},\"thumbnailUrl\":\"\",\"articleSection\":[\"Noticias\"],\"inLanguage\":\"es\",\"potentialAction\":[{\"@type\":\"CommentAction\",\"name\":\"Comment\",\"target\":[\"https:\\\/\\\/www.manabi.gob.ec\\\/index.php\\\/la-fuerza-productiva-que-posiciona-manabi-magico-y-diverso\\\/#respond\"]}]},{\"@type\":\"WebPage\",\"@id\":\"https:\\\/\\\/www.manabi.gob.ec\\\/index.php\\\/la-fuerza-productiva-que-posiciona-manabi-magico-y-diverso\\\/\",\"url\":\"https:\\\/\\\/www.manabi.gob.ec\\\/index.php\\\/la-fuerza-productiva-que-posiciona-manabi-magico-y-diverso\\\/\",\"name\":\"La fuerza productiva que posiciona Manab\u00ed m\u00e1gico y diverso - Prefectura de Manab\u00ed\",\"isPartOf\":{\"@id\":\"https:\\\/\\\/www.manabi.gob.ec\\\/#website\"},\"primaryImageOfPage\":{\"@id\":\"https:\\\/\\\/www.manabi.gob.ec\\\/index.php\\\/la-fuerza-productiva-que-posiciona-manabi-magico-y-diverso\\\/#primaryimage\"},\"image\":{\"@id\":\"https:\\\/\\\/www.manabi.gob.ec\\\/index.php\\\/la-fuerza-productiva-que-posiciona-manabi-magico-y-diverso\\\/#primaryimage\"},\"thumbnailUrl\":\"\",\"datePublished\":\"2021-02-18T16:04:00+00:00\",\"author\":{\"@id\":\"https:\\\/\\\/www.manabi.gob.ec\\\/#\\\/schema\\\/person\\\/cfc71bd68fe2703b779edcc292a49722\"},\"breadcrumb\":{\"@id\":\"https:\\\/\\\/www.manabi.gob.ec\\\/index.php\\\/la-fuerza-productiva-que-posiciona-manabi-magico-y-diverso\\\/#breadcrumb\"},\"inLanguage\":\"es\",\"potentialAction\":[{\"@type\":\"ReadAction\",\"target\":[\"https:\\\/\\\/www.manabi.gob.ec\\\/index.php\\\/la-fuerza-productiva-que-posiciona-manabi-magico-y-diverso\\\/\"]}]},{\"@type\":\"ImageObject\",\"inLanguage\":\"es\",\"@id\":\"https:\\\/\\\/www.manabi.gob.ec\\\/index.php\\\/la-fuerza-productiva-que-posiciona-manabi-magico-y-diverso\\\/#primaryimage\",\"url\":\"\",\"contentUrl\":\"\"},{\"@type\":\"BreadcrumbList\",\"@id\":\"https:\\\/\\\/www.manabi.gob.ec\\\/index.php\\\/la-fuerza-productiva-que-posiciona-manabi-magico-y-diverso\\\/#breadcrumb\",\"itemListElement\":[{\"@type\":\"ListItem\",\"position\":1,\"name\":\"Portada\",\"item\":\"https:\\\/\\\/www.manabi.gob.ec\\\/\"},{\"@type\":\"ListItem\",\"position\":2,\"name\":\"La fuerza productiva que posiciona Manab\u00ed m\u00e1gico y diverso\"}]},{\"@type\":\"WebSite\",\"@id\":\"https:\\\/\\\/www.manabi.gob.ec\\\/#website\",\"url\":\"https:\\\/\\\/www.manabi.gob.ec\\\/\",\"name\":\"Prefectura de Manab\u00ed\",\"description\":\"P\u00e1gina web de la prefectura\",\"potentialAction\":[{\"@type\":\"SearchAction\",\"target\":{\"@type\":\"EntryPoint\",\"urlTemplate\":\"https:\\\/\\\/www.manabi.gob.ec\\\/?s={search_term_string}\"},\"query-input\":{\"@type\":\"PropertyValueSpecification\",\"valueRequired\":true,\"valueName\":\"search_term_string\"}}],\"inLanguage\":\"es\"},{\"@type\":\"Person\",\"@id\":\"https:\\\/\\\/www.manabi.gob.ec\\\/#\\\/schema\\\/person\\\/cfc71bd68fe2703b779edcc292a49722\",\"name\":\"admin\",\"image\":{\"@type\":\"ImageObject\",\"inLanguage\":\"es\",\"@id\":\"https:\\\/\\\/secure.gravatar.com\\\/avatar\\\/23e9f919492b0a2f65aa168e0d8c5c867ea853b61deffbadf08c7031e15b8d78?s=96&d=mm&r=g\",\"url\":\"https:\\\/\\\/secure.gravatar.com\\\/avatar\\\/23e9f919492b0a2f65aa168e0d8c5c867ea853b61deffbadf08c7031e15b8d78?s=96&d=mm&r=g\",\"contentUrl\":\"https:\\\/\\\/secure.gravatar.com\\\/avatar\\\/23e9f919492b0a2f65aa168e0d8c5c867ea853b61deffbadf08c7031e15b8d78?s=96&d=mm&r=g\",\"caption\":\"admin\"},\"sameAs\":[\"http:\\\/\\\/www.manabi.gob.ec\"],\"url\":\"https:\\\/\\\/www.manabi.gob.ec\\\/index.php\\\/author\\\/admin\\\/\"}]}<\/script>\n<!-- \/ Yoast SEO plugin. -->","yoast_head_json":{"title":"La fuerza productiva que posiciona Manab\u00ed m\u00e1gico y diverso - Prefectura de Manab\u00ed","robots":{"index":"index","follow":"follow","max-snippet":"max-snippet:-1","max-image-preview":"max-image-preview:large","max-video-preview":"max-video-preview:-1"},"canonical":"https:\/\/www.manabi.gob.ec\/index.php\/la-fuerza-productiva-que-posiciona-manabi-magico-y-diverso\/","og_locale":"es_ES","og_type":"article","og_title":"La fuerza productiva que posiciona Manab\u00ed m\u00e1gico y diverso - Prefectura de Manab\u00ed","og_description":"Los promotores tur\u00edsticos se convierten en los mejores embajadores de la marca \u201cManab\u00ed M\u00e1gico y Diverso\u201d. Esta importante fuerza productiva nos representa y posiciona\u00a0 brindando el mejor servicio a quienes\u00a0 visitan las hermosas playas manabitas. El Gobierno de Manab\u00ed entreg\u00f3, el pasado 2 de febrero, \u00a0\u00a0buzos, gorras y chalecos con distintivos de la marca Manab\u00ed [&hellip;]","og_url":"https:\/\/www.manabi.gob.ec\/index.php\/la-fuerza-productiva-que-posiciona-manabi-magico-y-diverso\/","og_site_name":"Prefectura de Manab\u00ed","article_published_time":"2021-02-18T16:04:00+00:00","author":"admin","twitter_card":"summary_large_image","twitter_misc":{"Escrito por":"admin","Tiempo de lectura":"1 minuto"},"schema":{"@context":"https:\/\/schema.org","@graph":[{"@type":"Article","@id":"https:\/\/www.manabi.gob.ec\/index.php\/la-fuerza-productiva-que-posiciona-manabi-magico-y-diverso\/#article","isPartOf":{"@id":"https:\/\/www.manabi.gob.ec\/index.php\/la-fuerza-productiva-que-posiciona-manabi-magico-y-diverso\/"},"author":{"name":"admin","@id":"https:\/\/www.manabi.gob.ec\/#\/schema\/person\/cfc71bd68fe2703b779edcc292a49722"},"headline":"La fuerza productiva que posiciona Manab\u00ed m\u00e1gico y diverso","datePublished":"2021-02-18T16:04:00+00:00","mainEntityOfPage":{"@id":"https:\/\/www.manabi.gob.ec\/index.php\/la-fuerza-productiva-que-posiciona-manabi-magico-y-diverso\/"},"wordCount":155,"commentCount":0,"image":{"@id":"https:\/\/www.manabi.gob.ec\/index.php\/la-fuerza-productiva-que-posiciona-manabi-magico-y-diverso\/#primaryimage"},"thumbnailUrl":"","articleSection":["Noticias"],"inLanguage":"es","potentialAction":[{"@type":"CommentAction","name":"Comment","target":["https:\/\/www.manabi.gob.ec\/index.php\/la-fuerza-productiva-que-posiciona-manabi-magico-y-diverso\/#respond"]}]},{"@type":"WebPage","@id":"https:\/\/www.manabi.gob.ec\/index.php\/la-fuerza-productiva-que-posiciona-manabi-magico-y-diverso\/","url":"https:\/\/www.manabi.gob.ec\/index.php\/la-fuerza-productiva-que-posiciona-manabi-magico-y-diverso\/","name":"La fuerza productiva que posiciona Manab\u00ed m\u00e1gico y diverso - Prefectura de Manab\u00ed","isPartOf":{"@id":"https:\/\/www.manabi.gob.ec\/#website"},"primaryImageOfPage":{"@id":"https:\/\/www.manabi.gob.ec\/index.php\/la-fuerza-productiva-que-posiciona-manabi-magico-y-diverso\/#primaryimage"},"image":{"@id":"https:\/\/www.manabi.gob.ec\/index.php\/la-fuerza-productiva-que-posiciona-manabi-magico-y-diverso\/#primaryimage"},"thumbnailUrl":"","datePublished":"2021-02-18T16:04:00+00:00","author":{"@id":"https:\/\/www.manabi.gob.ec\/#\/schema\/person\/cfc71bd68fe2703b779edcc292a49722"},"breadcrumb":{"@id":"https:\/\/www.manabi.gob.ec\/index.php\/la-fuerza-productiva-que-posiciona-manabi-magico-y-diverso\/#breadcrumb"},"inLanguage":"es","potentialAction":[{"@type":"ReadAction","target":["https:\/\/www.manabi.gob.ec\/index.php\/la-fuerza-productiva-que-posiciona-manabi-magico-y-diverso\/"]}]},{"@type":"ImageObject","inLanguage":"es","@id":"https:\/\/www.manabi.gob.ec\/index.php\/la-fuerza-productiva-que-posiciona-manabi-magico-y-diverso\/#primaryimage","url":"","contentUrl":""},{"@type":"BreadcrumbList","@id":"https:\/\/www.manabi.gob.ec\/index.php\/la-fuerza-productiva-que-posiciona-manabi-magico-y-diverso\/#breadcrumb","itemListElement":[{"@type":"ListItem","position":1,"name":"Portada","item":"https:\/\/www.manabi.gob.ec\/"},{"@type":"ListItem","position":2,"name":"La fuerza productiva que posiciona Manab\u00ed m\u00e1gico y diverso"}]},{"@type":"WebSite","@id":"https:\/\/www.manabi.gob.ec\/#website","url":"https:\/\/www.manabi.gob.ec\/","name":"Prefectura de Manab\u00ed","description":"P\u00e1gina web de la prefectura","potentialAction":[{"@type":"SearchAction","target":{"@type":"EntryPoint","urlTemplate":"https:\/\/www.manabi.gob.ec\/?s={search_term_string}"},"query-input":{"@type":"PropertyValueSpecification","valueRequired":true,"valueName":"search_term_string"}}],"inLanguage":"es"},{"@type":"Person","@id":"https:\/\/www.manabi.gob.ec\/#\/schema\/person\/cfc71bd68fe2703b779edcc292a49722","name":"admin","image":{"@type":"ImageObject","inLanguage":"es","@id":"https:\/\/secure.gravatar.com\/avatar\/23e9f919492b0a2f65aa168e0d8c5c867ea853b61deffbadf08c7031e15b8d78?s=96&d=mm&r=g","url":"https:\/\/secure.gravatar.com\/avatar\/23e9f919492b0a2f65aa168e0d8c5c867ea853b61deffbadf08c7031e15b8d78?s=96&d=mm&r=g","contentUrl":"https:\/\/secure.gravatar.com\/avatar\/23e9f919492b0a2f65aa168e0d8c5c867ea853b61deffbadf08c7031e15b8d78?s=96&d=mm&r=g","caption":"admin"},"sameAs":["http:\/\/www.manabi.gob.ec"],"url":"https:\/\/www.manabi.gob.ec\/index.php\/author\/admin\/"}]}},"jetpack_featured_media_url":"","_links":{"self":[{"href":"https:\/\/www.manabi.gob.ec\/index.php\/wp-json\/wp\/v2\/posts\/15844","targetHints":{"allow":["GET"]}}],"collection":[{"href":"https:\/\/www.manabi.gob.ec\/index.php\/wp-json\/wp\/v2\/posts"}],"about":[{"href":"https:\/\/www.manabi.gob.ec\/index.php\/wp-json\/wp\/v2\/types\/post"}],"author":[{"embeddable":true,"href":"https:\/\/www.manabi.gob.ec\/index.php\/wp-json\/wp\/v2\/users\/1"}],"replies":[{"embeddable":true,"href":"https:\/\/www.manabi.gob.ec\/index.php\/wp-json\/wp\/v2\/comments?post=15844"}],"version-history":[{"count":0,"href":"https:\/\/www.manabi.gob.ec\/index.php\/wp-json\/wp\/v2\/posts\/15844\/revisions"}],"wp:featuredmedia":[{"embeddable":true,"href":"https:\/\/www.manabi.gob.ec\/index.php\/wp-json\/wp\/v2\/posts\/15097"}],"wp:attachment":[{"href":"https:\/\/www.manabi.gob.ec\/index.php\/wp-json\/wp\/v2\/media?parent=15844"}],"wp:term":[{"taxonomy":"category","embeddable":true,"href":"https:\/\/www.manabi.gob.ec\/index.php\/wp-json\/wp\/v2\/categories?post=15844"},{"taxonomy":"post_tag","embeddable":true,"href":"https:\/\/www.manabi.gob.ec\/index.php\/wp-json\/wp\/v2\/tags?post=15844"}],"curies":[{"name":"wp","href":"https:\/\/api.w.org\/{rel}","templated":true}]}}