{"id":15846,"date":"2021-02-18T11:45:22","date_gmt":"2021-02-18T16:45:22","guid":{"rendered":"https:\/\/www.manabi.gob.ec\/?p=15100"},"modified":"2021-02-18T11:45:22","modified_gmt":"2021-02-18T16:45:22","slug":"capacitacion-para-fortalecer-actividad-gastronomica-en-crucita","status":"publish","type":"post","link":"https:\/\/www.manabi.gob.ec\/index.php\/capacitacion-para-fortalecer-actividad-gastronomica-en-crucita\/","title":{"rendered":"Capacitaci\u00f3n para fortalecer actividad gastron\u00f3mica en Crucita"},"content":{"rendered":"<p style=\"font-weight: 400;\">La comida manabita es reconocida a nivel nacional como una de las mejores del Ecuador, por su rica saz\u00f3n, variedad y sabor.<\/p>\n<p style=\"font-weight: 400;\">\n<p style=\"font-weight: 400;\">El Gobierno de Manab\u00ed, consciente de este m\u00e9rito culinario, anunci\u00f3 el martes 1 de febrero, un ciclo de capacitaciones sobre: Servicio al cliente, protocolo y etiqueta, y emplatado (t\u00e9cnica que consiste en la presentaci\u00f3n de alimentos).<\/p>\n<p style=\"font-weight: 400;\">\n<p style=\"font-weight: 400;\">\u00abEsta iniciativa beneficiar\u00e1 a 80 establecimientos y 160 personas de Crucita. La\u00a0 finalidad es reactivar al sector tur\u00edstico, uno de los gremios\u00a0 productivos m\u00e1s afectados por la pandemia del COVID- 19\u00bb, expres\u00f3 el prefecto Leonardo Orlando,\u00a0 durante su visita al Centro de Interpretaci\u00f3n Ambiental La Boca.<\/p>\n<p style=\"font-weight: 400;\">\n<p style=\"font-weight: 400;\">El chef Carlos Villac\u00eds, t\u00e9cnico de la direcci\u00f3n de turismo del Gobierno Provincial, es el encargado\u00a0 de instruir a los servidores tur\u00edsticos. \u00abUna persona cuando va a un restaurante lo primero que hace es tomarle una fotograf\u00eda al plato, esa foto se convierte en una publicidad gratis para los restaurantes\u00bb, puntualiz\u00f3 Villac\u00eds.<\/p>\n<p style=\"font-weight: 400;\">\n<p style=\"font-weight: 400;\">El a\u00f1o anterior se capacit\u00f3 a la Asociaci\u00f3n Delicias con Rostro de Mujer, en la parroquia Cojim\u00edes del cant\u00f3n Pedernales.<\/p>\n<p style=\"font-weight: 400;\">\n<p style=\"font-weight: 400;\">Estas capacitaciones \u00a0dirigidas\u00a0 al sector tur\u00edstico,\u00a0 el Gobierno de Manab\u00ed\u00a0 las ejecuta de forma permanente como una medida de fortalecimiento a la industria sin chimenea.<\/p>\n<p style=\"font-weight: 400;\">\n","protected":false},"excerpt":{"rendered":"<p>La comida manabita es reconocida a nivel nacional como una de las mejores del Ecuador, por su rica saz\u00f3n, variedad y sabor. El Gobierno de Manab\u00ed, consciente de este m\u00e9rito culinario, anunci\u00f3 el martes 1 de febrero, un ciclo de capacitaciones sobre: Servicio al cliente, protocolo y etiqueta, y emplatado (t\u00e9cnica que consiste en la [&hellip;]<\/p>\n","protected":false},"author":1,"featured_media":15101,"comment_status":"open","ping_status":"open","sticky":false,"template":"","format":"standard","meta":{"_joinchat":[],"footnotes":""},"categories":[92],"tags":[],"class_list":["post-15846","post","type-post","status-publish","format-standard","has-post-thumbnail","hentry","category-noticias-manabi"],"yoast_head":"<!-- This site is optimized with the Yoast SEO plugin v27.4 - https:\/\/yoast.com\/product\/yoast-seo-wordpress\/ -->\n<title>Capacitaci\u00f3n para fortalecer actividad gastron\u00f3mica en Crucita - Prefectura de Manab\u00ed<\/title>\n<meta name=\"robots\" content=\"index, follow, max-snippet:-1, max-image-preview:large, max-video-preview:-1\" \/>\n<link rel=\"canonical\" href=\"https:\/\/www.manabi.gob.ec\/index.php\/capacitacion-para-fortalecer-actividad-gastronomica-en-crucita\/\" \/>\n<meta property=\"og:locale\" content=\"es_ES\" \/>\n<meta property=\"og:type\" content=\"article\" \/>\n<meta property=\"og:title\" content=\"Capacitaci\u00f3n para fortalecer actividad gastron\u00f3mica en Crucita - Prefectura de Manab\u00ed\" \/>\n<meta property=\"og:description\" content=\"La comida manabita es reconocida a nivel nacional como una de las mejores del Ecuador, por su rica saz\u00f3n, variedad y sabor. El Gobierno de Manab\u00ed, consciente de este m\u00e9rito culinario, anunci\u00f3 el martes 1 de febrero, un ciclo de capacitaciones sobre: Servicio al cliente, protocolo y etiqueta, y emplatado (t\u00e9cnica que consiste en la [&hellip;]\" \/>\n<meta property=\"og:url\" content=\"https:\/\/www.manabi.gob.ec\/index.php\/capacitacion-para-fortalecer-actividad-gastronomica-en-crucita\/\" \/>\n<meta property=\"og:site_name\" content=\"Prefectura de Manab\u00ed\" \/>\n<meta property=\"article:published_time\" content=\"2021-02-18T16:45:22+00:00\" \/>\n<meta name=\"author\" content=\"admin\" \/>\n<meta name=\"twitter:card\" content=\"summary_large_image\" \/>\n<meta name=\"twitter:label1\" content=\"Escrito por\" \/>\n\t<meta name=\"twitter:data1\" content=\"admin\" \/>\n\t<meta name=\"twitter:label2\" content=\"Tiempo de lectura\" \/>\n\t<meta name=\"twitter:data2\" content=\"1 minuto\" \/>\n<script type=\"application\/ld+json\" class=\"yoast-schema-graph\">{\"@context\":\"https:\\\/\\\/schema.org\",\"@graph\":[{\"@type\":\"Article\",\"@id\":\"https:\\\/\\\/www.manabi.gob.ec\\\/index.php\\\/capacitacion-para-fortalecer-actividad-gastronomica-en-crucita\\\/#article\",\"isPartOf\":{\"@id\":\"https:\\\/\\\/www.manabi.gob.ec\\\/index.php\\\/capacitacion-para-fortalecer-actividad-gastronomica-en-crucita\\\/\"},\"author\":{\"name\":\"admin\",\"@id\":\"https:\\\/\\\/www.manabi.gob.ec\\\/#\\\/schema\\\/person\\\/cfc71bd68fe2703b779edcc292a49722\"},\"headline\":\"Capacitaci\u00f3n para fortalecer actividad gastron\u00f3mica en Crucita\",\"datePublished\":\"2021-02-18T16:45:22+00:00\",\"mainEntityOfPage\":{\"@id\":\"https:\\\/\\\/www.manabi.gob.ec\\\/index.php\\\/capacitacion-para-fortalecer-actividad-gastronomica-en-crucita\\\/\"},\"wordCount\":224,\"commentCount\":0,\"image\":{\"@id\":\"https:\\\/\\\/www.manabi.gob.ec\\\/index.php\\\/capacitacion-para-fortalecer-actividad-gastronomica-en-crucita\\\/#primaryimage\"},\"thumbnailUrl\":\"\",\"articleSection\":[\"Noticias\"],\"inLanguage\":\"es\",\"potentialAction\":[{\"@type\":\"CommentAction\",\"name\":\"Comment\",\"target\":[\"https:\\\/\\\/www.manabi.gob.ec\\\/index.php\\\/capacitacion-para-fortalecer-actividad-gastronomica-en-crucita\\\/#respond\"]}]},{\"@type\":\"WebPage\",\"@id\":\"https:\\\/\\\/www.manabi.gob.ec\\\/index.php\\\/capacitacion-para-fortalecer-actividad-gastronomica-en-crucita\\\/\",\"url\":\"https:\\\/\\\/www.manabi.gob.ec\\\/index.php\\\/capacitacion-para-fortalecer-actividad-gastronomica-en-crucita\\\/\",\"name\":\"Capacitaci\u00f3n para fortalecer actividad gastron\u00f3mica en Crucita - Prefectura de Manab\u00ed\",\"isPartOf\":{\"@id\":\"https:\\\/\\\/www.manabi.gob.ec\\\/#website\"},\"primaryImageOfPage\":{\"@id\":\"https:\\\/\\\/www.manabi.gob.ec\\\/index.php\\\/capacitacion-para-fortalecer-actividad-gastronomica-en-crucita\\\/#primaryimage\"},\"image\":{\"@id\":\"https:\\\/\\\/www.manabi.gob.ec\\\/index.php\\\/capacitacion-para-fortalecer-actividad-gastronomica-en-crucita\\\/#primaryimage\"},\"thumbnailUrl\":\"\",\"datePublished\":\"2021-02-18T16:45:22+00:00\",\"author\":{\"@id\":\"https:\\\/\\\/www.manabi.gob.ec\\\/#\\\/schema\\\/person\\\/cfc71bd68fe2703b779edcc292a49722\"},\"breadcrumb\":{\"@id\":\"https:\\\/\\\/www.manabi.gob.ec\\\/index.php\\\/capacitacion-para-fortalecer-actividad-gastronomica-en-crucita\\\/#breadcrumb\"},\"inLanguage\":\"es\",\"potentialAction\":[{\"@type\":\"ReadAction\",\"target\":[\"https:\\\/\\\/www.manabi.gob.ec\\\/index.php\\\/capacitacion-para-fortalecer-actividad-gastronomica-en-crucita\\\/\"]}]},{\"@type\":\"ImageObject\",\"inLanguage\":\"es\",\"@id\":\"https:\\\/\\\/www.manabi.gob.ec\\\/index.php\\\/capacitacion-para-fortalecer-actividad-gastronomica-en-crucita\\\/#primaryimage\",\"url\":\"\",\"contentUrl\":\"\"},{\"@type\":\"BreadcrumbList\",\"@id\":\"https:\\\/\\\/www.manabi.gob.ec\\\/index.php\\\/capacitacion-para-fortalecer-actividad-gastronomica-en-crucita\\\/#breadcrumb\",\"itemListElement\":[{\"@type\":\"ListItem\",\"position\":1,\"name\":\"Portada\",\"item\":\"https:\\\/\\\/www.manabi.gob.ec\\\/\"},{\"@type\":\"ListItem\",\"position\":2,\"name\":\"Capacitaci\u00f3n para fortalecer actividad gastron\u00f3mica en Crucita\"}]},{\"@type\":\"WebSite\",\"@id\":\"https:\\\/\\\/www.manabi.gob.ec\\\/#website\",\"url\":\"https:\\\/\\\/www.manabi.gob.ec\\\/\",\"name\":\"Prefectura de Manab\u00ed\",\"description\":\"P\u00e1gina web de la prefectura\",\"potentialAction\":[{\"@type\":\"SearchAction\",\"target\":{\"@type\":\"EntryPoint\",\"urlTemplate\":\"https:\\\/\\\/www.manabi.gob.ec\\\/?s={search_term_string}\"},\"query-input\":{\"@type\":\"PropertyValueSpecification\",\"valueRequired\":true,\"valueName\":\"search_term_string\"}}],\"inLanguage\":\"es\"},{\"@type\":\"Person\",\"@id\":\"https:\\\/\\\/www.manabi.gob.ec\\\/#\\\/schema\\\/person\\\/cfc71bd68fe2703b779edcc292a49722\",\"name\":\"admin\",\"image\":{\"@type\":\"ImageObject\",\"inLanguage\":\"es\",\"@id\":\"https:\\\/\\\/secure.gravatar.com\\\/avatar\\\/23e9f919492b0a2f65aa168e0d8c5c867ea853b61deffbadf08c7031e15b8d78?s=96&d=mm&r=g\",\"url\":\"https:\\\/\\\/secure.gravatar.com\\\/avatar\\\/23e9f919492b0a2f65aa168e0d8c5c867ea853b61deffbadf08c7031e15b8d78?s=96&d=mm&r=g\",\"contentUrl\":\"https:\\\/\\\/secure.gravatar.com\\\/avatar\\\/23e9f919492b0a2f65aa168e0d8c5c867ea853b61deffbadf08c7031e15b8d78?s=96&d=mm&r=g\",\"caption\":\"admin\"},\"sameAs\":[\"http:\\\/\\\/www.manabi.gob.ec\"],\"url\":\"https:\\\/\\\/www.manabi.gob.ec\\\/index.php\\\/author\\\/admin\\\/\"}]}<\/script>\n<!-- \/ Yoast SEO plugin. -->","yoast_head_json":{"title":"Capacitaci\u00f3n para fortalecer actividad gastron\u00f3mica en Crucita - Prefectura de Manab\u00ed","robots":{"index":"index","follow":"follow","max-snippet":"max-snippet:-1","max-image-preview":"max-image-preview:large","max-video-preview":"max-video-preview:-1"},"canonical":"https:\/\/www.manabi.gob.ec\/index.php\/capacitacion-para-fortalecer-actividad-gastronomica-en-crucita\/","og_locale":"es_ES","og_type":"article","og_title":"Capacitaci\u00f3n para fortalecer actividad gastron\u00f3mica en Crucita - Prefectura de Manab\u00ed","og_description":"La comida manabita es reconocida a nivel nacional como una de las mejores del Ecuador, por su rica saz\u00f3n, variedad y sabor. El Gobierno de Manab\u00ed, consciente de este m\u00e9rito culinario, anunci\u00f3 el martes 1 de febrero, un ciclo de capacitaciones sobre: Servicio al cliente, protocolo y etiqueta, y emplatado (t\u00e9cnica que consiste en la [&hellip;]","og_url":"https:\/\/www.manabi.gob.ec\/index.php\/capacitacion-para-fortalecer-actividad-gastronomica-en-crucita\/","og_site_name":"Prefectura de Manab\u00ed","article_published_time":"2021-02-18T16:45:22+00:00","author":"admin","twitter_card":"summary_large_image","twitter_misc":{"Escrito por":"admin","Tiempo de lectura":"1 minuto"},"schema":{"@context":"https:\/\/schema.org","@graph":[{"@type":"Article","@id":"https:\/\/www.manabi.gob.ec\/index.php\/capacitacion-para-fortalecer-actividad-gastronomica-en-crucita\/#article","isPartOf":{"@id":"https:\/\/www.manabi.gob.ec\/index.php\/capacitacion-para-fortalecer-actividad-gastronomica-en-crucita\/"},"author":{"name":"admin","@id":"https:\/\/www.manabi.gob.ec\/#\/schema\/person\/cfc71bd68fe2703b779edcc292a49722"},"headline":"Capacitaci\u00f3n para fortalecer actividad gastron\u00f3mica en Crucita","datePublished":"2021-02-18T16:45:22+00:00","mainEntityOfPage":{"@id":"https:\/\/www.manabi.gob.ec\/index.php\/capacitacion-para-fortalecer-actividad-gastronomica-en-crucita\/"},"wordCount":224,"commentCount":0,"image":{"@id":"https:\/\/www.manabi.gob.ec\/index.php\/capacitacion-para-fortalecer-actividad-gastronomica-en-crucita\/#primaryimage"},"thumbnailUrl":"","articleSection":["Noticias"],"inLanguage":"es","potentialAction":[{"@type":"CommentAction","name":"Comment","target":["https:\/\/www.manabi.gob.ec\/index.php\/capacitacion-para-fortalecer-actividad-gastronomica-en-crucita\/#respond"]}]},{"@type":"WebPage","@id":"https:\/\/www.manabi.gob.ec\/index.php\/capacitacion-para-fortalecer-actividad-gastronomica-en-crucita\/","url":"https:\/\/www.manabi.gob.ec\/index.php\/capacitacion-para-fortalecer-actividad-gastronomica-en-crucita\/","name":"Capacitaci\u00f3n para fortalecer actividad gastron\u00f3mica en Crucita - Prefectura de Manab\u00ed","isPartOf":{"@id":"https:\/\/www.manabi.gob.ec\/#website"},"primaryImageOfPage":{"@id":"https:\/\/www.manabi.gob.ec\/index.php\/capacitacion-para-fortalecer-actividad-gastronomica-en-crucita\/#primaryimage"},"image":{"@id":"https:\/\/www.manabi.gob.ec\/index.php\/capacitacion-para-fortalecer-actividad-gastronomica-en-crucita\/#primaryimage"},"thumbnailUrl":"","datePublished":"2021-02-18T16:45:22+00:00","author":{"@id":"https:\/\/www.manabi.gob.ec\/#\/schema\/person\/cfc71bd68fe2703b779edcc292a49722"},"breadcrumb":{"@id":"https:\/\/www.manabi.gob.ec\/index.php\/capacitacion-para-fortalecer-actividad-gastronomica-en-crucita\/#breadcrumb"},"inLanguage":"es","potentialAction":[{"@type":"ReadAction","target":["https:\/\/www.manabi.gob.ec\/index.php\/capacitacion-para-fortalecer-actividad-gastronomica-en-crucita\/"]}]},{"@type":"ImageObject","inLanguage":"es","@id":"https:\/\/www.manabi.gob.ec\/index.php\/capacitacion-para-fortalecer-actividad-gastronomica-en-crucita\/#primaryimage","url":"","contentUrl":""},{"@type":"BreadcrumbList","@id":"https:\/\/www.manabi.gob.ec\/index.php\/capacitacion-para-fortalecer-actividad-gastronomica-en-crucita\/#breadcrumb","itemListElement":[{"@type":"ListItem","position":1,"name":"Portada","item":"https:\/\/www.manabi.gob.ec\/"},{"@type":"ListItem","position":2,"name":"Capacitaci\u00f3n para fortalecer actividad gastron\u00f3mica en Crucita"}]},{"@type":"WebSite","@id":"https:\/\/www.manabi.gob.ec\/#website","url":"https:\/\/www.manabi.gob.ec\/","name":"Prefectura de Manab\u00ed","description":"P\u00e1gina web de la prefectura","potentialAction":[{"@type":"SearchAction","target":{"@type":"EntryPoint","urlTemplate":"https:\/\/www.manabi.gob.ec\/?s={search_term_string}"},"query-input":{"@type":"PropertyValueSpecification","valueRequired":true,"valueName":"search_term_string"}}],"inLanguage":"es"},{"@type":"Person","@id":"https:\/\/www.manabi.gob.ec\/#\/schema\/person\/cfc71bd68fe2703b779edcc292a49722","name":"admin","image":{"@type":"ImageObject","inLanguage":"es","@id":"https:\/\/secure.gravatar.com\/avatar\/23e9f919492b0a2f65aa168e0d8c5c867ea853b61deffbadf08c7031e15b8d78?s=96&d=mm&r=g","url":"https:\/\/secure.gravatar.com\/avatar\/23e9f919492b0a2f65aa168e0d8c5c867ea853b61deffbadf08c7031e15b8d78?s=96&d=mm&r=g","contentUrl":"https:\/\/secure.gravatar.com\/avatar\/23e9f919492b0a2f65aa168e0d8c5c867ea853b61deffbadf08c7031e15b8d78?s=96&d=mm&r=g","caption":"admin"},"sameAs":["http:\/\/www.manabi.gob.ec"],"url":"https:\/\/www.manabi.gob.ec\/index.php\/author\/admin\/"}]}},"jetpack_featured_media_url":"","_links":{"self":[{"href":"https:\/\/www.manabi.gob.ec\/index.php\/wp-json\/wp\/v2\/posts\/15846","targetHints":{"allow":["GET"]}}],"collection":[{"href":"https:\/\/www.manabi.gob.ec\/index.php\/wp-json\/wp\/v2\/posts"}],"about":[{"href":"https:\/\/www.manabi.gob.ec\/index.php\/wp-json\/wp\/v2\/types\/post"}],"author":[{"embeddable":true,"href":"https:\/\/www.manabi.gob.ec\/index.php\/wp-json\/wp\/v2\/users\/1"}],"replies":[{"embeddable":true,"href":"https:\/\/www.manabi.gob.ec\/index.php\/wp-json\/wp\/v2\/comments?post=15846"}],"version-history":[{"count":0,"href":"https:\/\/www.manabi.gob.ec\/index.php\/wp-json\/wp\/v2\/posts\/15846\/revisions"}],"wp:featuredmedia":[{"embeddable":true,"href":"https:\/\/www.manabi.gob.ec\/index.php\/wp-json\/wp\/v2\/posts\/15101"}],"wp:attachment":[{"href":"https:\/\/www.manabi.gob.ec\/index.php\/wp-json\/wp\/v2\/media?parent=15846"}],"wp:term":[{"taxonomy":"category","embeddable":true,"href":"https:\/\/www.manabi.gob.ec\/index.php\/wp-json\/wp\/v2\/categories?post=15846"},{"taxonomy":"post_tag","embeddable":true,"href":"https:\/\/www.manabi.gob.ec\/index.php\/wp-json\/wp\/v2\/tags?post=15846"}],"curies":[{"name":"wp","href":"https:\/\/api.w.org\/{rel}","templated":true}]}}