{"id":15848,"date":"2021-02-18T11:57:20","date_gmt":"2021-02-18T16:57:20","guid":{"rendered":"https:\/\/www.manabi.gob.ec\/?p=15104"},"modified":"2021-02-18T11:57:20","modified_gmt":"2021-02-18T16:57:20","slug":"rehabilitacion-de-albarradas-renueva-la-esperanza-de-agricultores-de-la-vichola","status":"publish","type":"post","link":"https:\/\/www.manabi.gob.ec\/index.php\/rehabilitacion-de-albarradas-renueva-la-esperanza-de-agricultores-de-la-vichola\/","title":{"rendered":"REHABILITACI\u00d3N  DE ALBARRADAS RENUEVA  LA  ESPERANZA DE  AGRICULTORES DE LA VICHOLA"},"content":{"rendered":"<p style=\"font-weight: 400;\">Luis Zambrano es un habitante de la comunidad La Vichola, del cant\u00f3n Tosagua, que a sus 85 a\u00f1os de edad saca fuerzas para seguir cultivando la tierra, y sacando adelante a su familia.<\/p>\n<p style=\"font-weight: 400;\">\n<p style=\"font-weight: 400;\">\u00abDon Lucho\u00bb,\u00a0 como sus amigos lo conocen, es un convencido de que las 8 albarradas que el Gobierno de Manab\u00ed est\u00e1 rehabilitando desde septiembre del a\u00f1o pasado en su comunidad, son de gran beneficio para los campesinos de la zona.<\/p>\n<p style=\"font-weight: 400;\">\n<p style=\"font-weight: 400;\">En la Vichola viven m\u00e1s de 150 familias, todas dedicadas a las faenas del campo, se\u00f1al\u00f3 Jorge Solorzano productor de maiz,\u00a0 man\u00ed y presidente del sector,\u00a0 quien resalt\u00f3 lo importante que ha sido que el prefecto, Leonardo Orlando, est\u00e9 cumpliendo su palabra de rehabilitar las albarradas, \u00a0que en tiempos de verano son muy beneficiosas para la siembra de cultivo y ganado.<\/p>\n<p style=\"font-weight: 400;\">\n<p style=\"font-weight: 400;\">Sol\u00f3rzano argument\u00f3 que con el mantenimiento que se est\u00e1 dando a las albarradas y con un buen invierno, estas se llenar\u00e1n con facilidad y de \u00e9sta forma\u00a0 aprovechar\u00e1n por mas tiempo el agua retenida una vez terminada la estaci\u00f3n invernal y ya no sufrir\u00e1n las molestias\u00a0 de llevar el agua en camionetas con tanques desde la Estancilla,\u00a0 teniendo que recorrer varios kilometros hasta llegar a su objetivo.<\/p>\n<p style=\"font-weight: 400;\">\n<p style=\"font-weight: 400;\">DESAZOLVE<\/p>\n<p style=\"font-weight: 400;\">El Gobierno de Manab\u00ed tambi\u00e9n trabaja en el desazolve\u00a0 y reconformaci\u00f3n de muros en el\u00a0 estero Moginal de Tosagua,\u00a0que desemboca en el R\u00edo Carrizal.<\/p>\n<p style=\"font-weight: 400;\">\n<p style=\"font-weight: 400;\">Los trabajos que aqu\u00ed se ejecutan sirven para evitar el desbordamiento del estero en \u00e9poca lluviosa y precautelar la integridad de quienes viven en el sector, as\u00ed como tambi\u00e9n la p\u00e9rdida de cultivos.<\/p>\n","protected":false},"excerpt":{"rendered":"<p>Luis Zambrano es un habitante de la comunidad La Vichola, del cant\u00f3n Tosagua, que a sus 85 a\u00f1os de edad saca fuerzas para seguir cultivando la tierra, y sacando adelante a su familia. \u00abDon Lucho\u00bb,\u00a0 como sus amigos lo conocen, es un convencido de que las 8 albarradas que el Gobierno de Manab\u00ed est\u00e1 rehabilitando [&hellip;]<\/p>\n","protected":false},"author":1,"featured_media":15105,"comment_status":"open","ping_status":"open","sticky":false,"template":"","format":"standard","meta":{"_joinchat":[],"footnotes":""},"categories":[92],"tags":[],"class_list":["post-15848","post","type-post","status-publish","format-standard","has-post-thumbnail","hentry","category-noticias-manabi"],"yoast_head":"<!-- This site is optimized with the Yoast SEO plugin v27.4 - https:\/\/yoast.com\/product\/yoast-seo-wordpress\/ -->\n<title>REHABILITACI\u00d3N DE ALBARRADAS RENUEVA LA ESPERANZA DE AGRICULTORES DE LA VICHOLA - Prefectura de Manab\u00ed<\/title>\n<meta name=\"robots\" content=\"index, follow, max-snippet:-1, max-image-preview:large, max-video-preview:-1\" \/>\n<link rel=\"canonical\" href=\"https:\/\/www.manabi.gob.ec\/index.php\/rehabilitacion-de-albarradas-renueva-la-esperanza-de-agricultores-de-la-vichola\/\" \/>\n<meta property=\"og:locale\" content=\"es_ES\" \/>\n<meta property=\"og:type\" content=\"article\" \/>\n<meta property=\"og:title\" content=\"REHABILITACI\u00d3N DE ALBARRADAS RENUEVA LA ESPERANZA DE AGRICULTORES DE LA VICHOLA - Prefectura de Manab\u00ed\" \/>\n<meta property=\"og:description\" content=\"Luis Zambrano es un habitante de la comunidad La Vichola, del cant\u00f3n Tosagua, que a sus 85 a\u00f1os de edad saca fuerzas para seguir cultivando la tierra, y sacando adelante a su familia. \u00abDon Lucho\u00bb,\u00a0 como sus amigos lo conocen, es un convencido de que las 8 albarradas que el Gobierno de Manab\u00ed est\u00e1 rehabilitando [&hellip;]\" \/>\n<meta property=\"og:url\" content=\"https:\/\/www.manabi.gob.ec\/index.php\/rehabilitacion-de-albarradas-renueva-la-esperanza-de-agricultores-de-la-vichola\/\" \/>\n<meta property=\"og:site_name\" content=\"Prefectura de Manab\u00ed\" \/>\n<meta property=\"article:published_time\" content=\"2021-02-18T16:57:20+00:00\" \/>\n<meta name=\"author\" content=\"admin\" \/>\n<meta name=\"twitter:card\" content=\"summary_large_image\" \/>\n<meta name=\"twitter:label1\" content=\"Escrito por\" \/>\n\t<meta name=\"twitter:data1\" content=\"admin\" \/>\n\t<meta name=\"twitter:label2\" content=\"Tiempo de lectura\" \/>\n\t<meta name=\"twitter:data2\" content=\"2 minutos\" \/>\n<script type=\"application\/ld+json\" class=\"yoast-schema-graph\">{\"@context\":\"https:\\\/\\\/schema.org\",\"@graph\":[{\"@type\":\"Article\",\"@id\":\"https:\\\/\\\/www.manabi.gob.ec\\\/index.php\\\/rehabilitacion-de-albarradas-renueva-la-esperanza-de-agricultores-de-la-vichola\\\/#article\",\"isPartOf\":{\"@id\":\"https:\\\/\\\/www.manabi.gob.ec\\\/index.php\\\/rehabilitacion-de-albarradas-renueva-la-esperanza-de-agricultores-de-la-vichola\\\/\"},\"author\":{\"name\":\"admin\",\"@id\":\"https:\\\/\\\/www.manabi.gob.ec\\\/#\\\/schema\\\/person\\\/cfc71bd68fe2703b779edcc292a49722\"},\"headline\":\"REHABILITACI\u00d3N DE ALBARRADAS RENUEVA LA ESPERANZA DE AGRICULTORES DE LA VICHOLA\",\"datePublished\":\"2021-02-18T16:57:20+00:00\",\"mainEntityOfPage\":{\"@id\":\"https:\\\/\\\/www.manabi.gob.ec\\\/index.php\\\/rehabilitacion-de-albarradas-renueva-la-esperanza-de-agricultores-de-la-vichola\\\/\"},\"wordCount\":284,\"commentCount\":0,\"image\":{\"@id\":\"https:\\\/\\\/www.manabi.gob.ec\\\/index.php\\\/rehabilitacion-de-albarradas-renueva-la-esperanza-de-agricultores-de-la-vichola\\\/#primaryimage\"},\"thumbnailUrl\":\"\",\"articleSection\":[\"Noticias\"],\"inLanguage\":\"es\",\"potentialAction\":[{\"@type\":\"CommentAction\",\"name\":\"Comment\",\"target\":[\"https:\\\/\\\/www.manabi.gob.ec\\\/index.php\\\/rehabilitacion-de-albarradas-renueva-la-esperanza-de-agricultores-de-la-vichola\\\/#respond\"]}]},{\"@type\":\"WebPage\",\"@id\":\"https:\\\/\\\/www.manabi.gob.ec\\\/index.php\\\/rehabilitacion-de-albarradas-renueva-la-esperanza-de-agricultores-de-la-vichola\\\/\",\"url\":\"https:\\\/\\\/www.manabi.gob.ec\\\/index.php\\\/rehabilitacion-de-albarradas-renueva-la-esperanza-de-agricultores-de-la-vichola\\\/\",\"name\":\"REHABILITACI\u00d3N DE ALBARRADAS RENUEVA LA ESPERANZA DE AGRICULTORES DE LA VICHOLA - Prefectura de Manab\u00ed\",\"isPartOf\":{\"@id\":\"https:\\\/\\\/www.manabi.gob.ec\\\/#website\"},\"primaryImageOfPage\":{\"@id\":\"https:\\\/\\\/www.manabi.gob.ec\\\/index.php\\\/rehabilitacion-de-albarradas-renueva-la-esperanza-de-agricultores-de-la-vichola\\\/#primaryimage\"},\"image\":{\"@id\":\"https:\\\/\\\/www.manabi.gob.ec\\\/index.php\\\/rehabilitacion-de-albarradas-renueva-la-esperanza-de-agricultores-de-la-vichola\\\/#primaryimage\"},\"thumbnailUrl\":\"\",\"datePublished\":\"2021-02-18T16:57:20+00:00\",\"author\":{\"@id\":\"https:\\\/\\\/www.manabi.gob.ec\\\/#\\\/schema\\\/person\\\/cfc71bd68fe2703b779edcc292a49722\"},\"breadcrumb\":{\"@id\":\"https:\\\/\\\/www.manabi.gob.ec\\\/index.php\\\/rehabilitacion-de-albarradas-renueva-la-esperanza-de-agricultores-de-la-vichola\\\/#breadcrumb\"},\"inLanguage\":\"es\",\"potentialAction\":[{\"@type\":\"ReadAction\",\"target\":[\"https:\\\/\\\/www.manabi.gob.ec\\\/index.php\\\/rehabilitacion-de-albarradas-renueva-la-esperanza-de-agricultores-de-la-vichola\\\/\"]}]},{\"@type\":\"ImageObject\",\"inLanguage\":\"es\",\"@id\":\"https:\\\/\\\/www.manabi.gob.ec\\\/index.php\\\/rehabilitacion-de-albarradas-renueva-la-esperanza-de-agricultores-de-la-vichola\\\/#primaryimage\",\"url\":\"\",\"contentUrl\":\"\"},{\"@type\":\"BreadcrumbList\",\"@id\":\"https:\\\/\\\/www.manabi.gob.ec\\\/index.php\\\/rehabilitacion-de-albarradas-renueva-la-esperanza-de-agricultores-de-la-vichola\\\/#breadcrumb\",\"itemListElement\":[{\"@type\":\"ListItem\",\"position\":1,\"name\":\"Portada\",\"item\":\"https:\\\/\\\/www.manabi.gob.ec\\\/\"},{\"@type\":\"ListItem\",\"position\":2,\"name\":\"REHABILITACI\u00d3N DE ALBARRADAS RENUEVA LA ESPERANZA DE AGRICULTORES DE LA VICHOLA\"}]},{\"@type\":\"WebSite\",\"@id\":\"https:\\\/\\\/www.manabi.gob.ec\\\/#website\",\"url\":\"https:\\\/\\\/www.manabi.gob.ec\\\/\",\"name\":\"Prefectura de Manab\u00ed\",\"description\":\"P\u00e1gina web de la prefectura\",\"potentialAction\":[{\"@type\":\"SearchAction\",\"target\":{\"@type\":\"EntryPoint\",\"urlTemplate\":\"https:\\\/\\\/www.manabi.gob.ec\\\/?s={search_term_string}\"},\"query-input\":{\"@type\":\"PropertyValueSpecification\",\"valueRequired\":true,\"valueName\":\"search_term_string\"}}],\"inLanguage\":\"es\"},{\"@type\":\"Person\",\"@id\":\"https:\\\/\\\/www.manabi.gob.ec\\\/#\\\/schema\\\/person\\\/cfc71bd68fe2703b779edcc292a49722\",\"name\":\"admin\",\"image\":{\"@type\":\"ImageObject\",\"inLanguage\":\"es\",\"@id\":\"https:\\\/\\\/secure.gravatar.com\\\/avatar\\\/23e9f919492b0a2f65aa168e0d8c5c867ea853b61deffbadf08c7031e15b8d78?s=96&d=mm&r=g\",\"url\":\"https:\\\/\\\/secure.gravatar.com\\\/avatar\\\/23e9f919492b0a2f65aa168e0d8c5c867ea853b61deffbadf08c7031e15b8d78?s=96&d=mm&r=g\",\"contentUrl\":\"https:\\\/\\\/secure.gravatar.com\\\/avatar\\\/23e9f919492b0a2f65aa168e0d8c5c867ea853b61deffbadf08c7031e15b8d78?s=96&d=mm&r=g\",\"caption\":\"admin\"},\"sameAs\":[\"http:\\\/\\\/www.manabi.gob.ec\"],\"url\":\"https:\\\/\\\/www.manabi.gob.ec\\\/index.php\\\/author\\\/admin\\\/\"}]}<\/script>\n<!-- \/ Yoast SEO plugin. -->","yoast_head_json":{"title":"REHABILITACI\u00d3N DE ALBARRADAS RENUEVA LA ESPERANZA DE AGRICULTORES DE LA VICHOLA - Prefectura de Manab\u00ed","robots":{"index":"index","follow":"follow","max-snippet":"max-snippet:-1","max-image-preview":"max-image-preview:large","max-video-preview":"max-video-preview:-1"},"canonical":"https:\/\/www.manabi.gob.ec\/index.php\/rehabilitacion-de-albarradas-renueva-la-esperanza-de-agricultores-de-la-vichola\/","og_locale":"es_ES","og_type":"article","og_title":"REHABILITACI\u00d3N DE ALBARRADAS RENUEVA LA ESPERANZA DE AGRICULTORES DE LA VICHOLA - Prefectura de Manab\u00ed","og_description":"Luis Zambrano es un habitante de la comunidad La Vichola, del cant\u00f3n Tosagua, que a sus 85 a\u00f1os de edad saca fuerzas para seguir cultivando la tierra, y sacando adelante a su familia. \u00abDon Lucho\u00bb,\u00a0 como sus amigos lo conocen, es un convencido de que las 8 albarradas que el Gobierno de Manab\u00ed est\u00e1 rehabilitando [&hellip;]","og_url":"https:\/\/www.manabi.gob.ec\/index.php\/rehabilitacion-de-albarradas-renueva-la-esperanza-de-agricultores-de-la-vichola\/","og_site_name":"Prefectura de Manab\u00ed","article_published_time":"2021-02-18T16:57:20+00:00","author":"admin","twitter_card":"summary_large_image","twitter_misc":{"Escrito por":"admin","Tiempo de lectura":"2 minutos"},"schema":{"@context":"https:\/\/schema.org","@graph":[{"@type":"Article","@id":"https:\/\/www.manabi.gob.ec\/index.php\/rehabilitacion-de-albarradas-renueva-la-esperanza-de-agricultores-de-la-vichola\/#article","isPartOf":{"@id":"https:\/\/www.manabi.gob.ec\/index.php\/rehabilitacion-de-albarradas-renueva-la-esperanza-de-agricultores-de-la-vichola\/"},"author":{"name":"admin","@id":"https:\/\/www.manabi.gob.ec\/#\/schema\/person\/cfc71bd68fe2703b779edcc292a49722"},"headline":"REHABILITACI\u00d3N DE ALBARRADAS RENUEVA LA ESPERANZA DE AGRICULTORES DE LA VICHOLA","datePublished":"2021-02-18T16:57:20+00:00","mainEntityOfPage":{"@id":"https:\/\/www.manabi.gob.ec\/index.php\/rehabilitacion-de-albarradas-renueva-la-esperanza-de-agricultores-de-la-vichola\/"},"wordCount":284,"commentCount":0,"image":{"@id":"https:\/\/www.manabi.gob.ec\/index.php\/rehabilitacion-de-albarradas-renueva-la-esperanza-de-agricultores-de-la-vichola\/#primaryimage"},"thumbnailUrl":"","articleSection":["Noticias"],"inLanguage":"es","potentialAction":[{"@type":"CommentAction","name":"Comment","target":["https:\/\/www.manabi.gob.ec\/index.php\/rehabilitacion-de-albarradas-renueva-la-esperanza-de-agricultores-de-la-vichola\/#respond"]}]},{"@type":"WebPage","@id":"https:\/\/www.manabi.gob.ec\/index.php\/rehabilitacion-de-albarradas-renueva-la-esperanza-de-agricultores-de-la-vichola\/","url":"https:\/\/www.manabi.gob.ec\/index.php\/rehabilitacion-de-albarradas-renueva-la-esperanza-de-agricultores-de-la-vichola\/","name":"REHABILITACI\u00d3N DE ALBARRADAS RENUEVA LA ESPERANZA DE AGRICULTORES DE LA VICHOLA - Prefectura de Manab\u00ed","isPartOf":{"@id":"https:\/\/www.manabi.gob.ec\/#website"},"primaryImageOfPage":{"@id":"https:\/\/www.manabi.gob.ec\/index.php\/rehabilitacion-de-albarradas-renueva-la-esperanza-de-agricultores-de-la-vichola\/#primaryimage"},"image":{"@id":"https:\/\/www.manabi.gob.ec\/index.php\/rehabilitacion-de-albarradas-renueva-la-esperanza-de-agricultores-de-la-vichola\/#primaryimage"},"thumbnailUrl":"","datePublished":"2021-02-18T16:57:20+00:00","author":{"@id":"https:\/\/www.manabi.gob.ec\/#\/schema\/person\/cfc71bd68fe2703b779edcc292a49722"},"breadcrumb":{"@id":"https:\/\/www.manabi.gob.ec\/index.php\/rehabilitacion-de-albarradas-renueva-la-esperanza-de-agricultores-de-la-vichola\/#breadcrumb"},"inLanguage":"es","potentialAction":[{"@type":"ReadAction","target":["https:\/\/www.manabi.gob.ec\/index.php\/rehabilitacion-de-albarradas-renueva-la-esperanza-de-agricultores-de-la-vichola\/"]}]},{"@type":"ImageObject","inLanguage":"es","@id":"https:\/\/www.manabi.gob.ec\/index.php\/rehabilitacion-de-albarradas-renueva-la-esperanza-de-agricultores-de-la-vichola\/#primaryimage","url":"","contentUrl":""},{"@type":"BreadcrumbList","@id":"https:\/\/www.manabi.gob.ec\/index.php\/rehabilitacion-de-albarradas-renueva-la-esperanza-de-agricultores-de-la-vichola\/#breadcrumb","itemListElement":[{"@type":"ListItem","position":1,"name":"Portada","item":"https:\/\/www.manabi.gob.ec\/"},{"@type":"ListItem","position":2,"name":"REHABILITACI\u00d3N DE ALBARRADAS RENUEVA LA ESPERANZA DE AGRICULTORES DE LA VICHOLA"}]},{"@type":"WebSite","@id":"https:\/\/www.manabi.gob.ec\/#website","url":"https:\/\/www.manabi.gob.ec\/","name":"Prefectura de Manab\u00ed","description":"P\u00e1gina web de la prefectura","potentialAction":[{"@type":"SearchAction","target":{"@type":"EntryPoint","urlTemplate":"https:\/\/www.manabi.gob.ec\/?s={search_term_string}"},"query-input":{"@type":"PropertyValueSpecification","valueRequired":true,"valueName":"search_term_string"}}],"inLanguage":"es"},{"@type":"Person","@id":"https:\/\/www.manabi.gob.ec\/#\/schema\/person\/cfc71bd68fe2703b779edcc292a49722","name":"admin","image":{"@type":"ImageObject","inLanguage":"es","@id":"https:\/\/secure.gravatar.com\/avatar\/23e9f919492b0a2f65aa168e0d8c5c867ea853b61deffbadf08c7031e15b8d78?s=96&d=mm&r=g","url":"https:\/\/secure.gravatar.com\/avatar\/23e9f919492b0a2f65aa168e0d8c5c867ea853b61deffbadf08c7031e15b8d78?s=96&d=mm&r=g","contentUrl":"https:\/\/secure.gravatar.com\/avatar\/23e9f919492b0a2f65aa168e0d8c5c867ea853b61deffbadf08c7031e15b8d78?s=96&d=mm&r=g","caption":"admin"},"sameAs":["http:\/\/www.manabi.gob.ec"],"url":"https:\/\/www.manabi.gob.ec\/index.php\/author\/admin\/"}]}},"jetpack_featured_media_url":"","_links":{"self":[{"href":"https:\/\/www.manabi.gob.ec\/index.php\/wp-json\/wp\/v2\/posts\/15848","targetHints":{"allow":["GET"]}}],"collection":[{"href":"https:\/\/www.manabi.gob.ec\/index.php\/wp-json\/wp\/v2\/posts"}],"about":[{"href":"https:\/\/www.manabi.gob.ec\/index.php\/wp-json\/wp\/v2\/types\/post"}],"author":[{"embeddable":true,"href":"https:\/\/www.manabi.gob.ec\/index.php\/wp-json\/wp\/v2\/users\/1"}],"replies":[{"embeddable":true,"href":"https:\/\/www.manabi.gob.ec\/index.php\/wp-json\/wp\/v2\/comments?post=15848"}],"version-history":[{"count":0,"href":"https:\/\/www.manabi.gob.ec\/index.php\/wp-json\/wp\/v2\/posts\/15848\/revisions"}],"wp:featuredmedia":[{"embeddable":true,"href":"https:\/\/www.manabi.gob.ec\/index.php\/wp-json\/wp\/v2\/posts\/15105"}],"wp:attachment":[{"href":"https:\/\/www.manabi.gob.ec\/index.php\/wp-json\/wp\/v2\/media?parent=15848"}],"wp:term":[{"taxonomy":"category","embeddable":true,"href":"https:\/\/www.manabi.gob.ec\/index.php\/wp-json\/wp\/v2\/categories?post=15848"},{"taxonomy":"post_tag","embeddable":true,"href":"https:\/\/www.manabi.gob.ec\/index.php\/wp-json\/wp\/v2\/tags?post=15848"}],"curies":[{"name":"wp","href":"https:\/\/api.w.org\/{rel}","templated":true}]}}