{"id":15857,"date":"2021-02-18T12:46:22","date_gmt":"2021-02-18T17:46:22","guid":{"rendered":"https:\/\/www.manabi.gob.ec\/?p=15123"},"modified":"2021-02-18T12:46:22","modified_gmt":"2021-02-18T17:46:22","slug":"se-limpia-canal-de-riego-de-san-roque-y-santa-teresa","status":"publish","type":"post","link":"https:\/\/www.manabi.gob.ec\/index.php\/se-limpia-canal-de-riego-de-san-roque-y-santa-teresa\/","title":{"rendered":"Se limpia canal de riego de San Roque y Santa Teresa"},"content":{"rendered":"<p style=\"font-weight: 400;\">Desde este s\u00e1bado se realiza \u00a0limpieza de plantas acu\u00e1ticas del canal de riego y drenaje que se alimenta del denominado r\u00edo Viejo, ducto que tiene una longitud aproximada de 20 kil\u00f3metros.<\/p>\n<p style=\"font-weight: 400;\">\n<p style=\"font-weight: 400;\">Los trabajos se concentran en el tramo San Roque &#8211; Santa Teresa, donde una excavadora brazo largo del Gobierno de Manab\u00ed desaloja lechuguines y gramalote; plantas acu\u00e1ticas que se desarrollan aceleradamente y que obstruyen el cauce del r\u00edo.<\/p>\n<p style=\"font-weight: 400;\">\n<p style=\"font-weight: 400;\">\u00abEstas acciones emergentes se realizan articuladamente con el GAD municipal de Sucre y el Gobierno parroquial de Charapot\u00f3, labores que benefician a los agricultores que tienen sus sembr\u00edos de arroz en las \u00e1reas colindantes al r\u00edo en aproximadamente 1500 hect\u00e1reas\u00bb, explic\u00f3 Wilson Alc\u00edvar, t\u00e9cnico de la direcci\u00f3n de Riego y Drenaje de la Prefectura.<\/p>\n<p style=\"font-weight: 400;\">\n<p style=\"font-weight: 400;\">Este canal nace en la comunidad San Eloy del cant\u00f3n Rocafuerte y descarga sus aguas en la comunidad Santa Teresa del cant\u00f3n Sucre.<\/p>\n","protected":false},"excerpt":{"rendered":"<p>Desde este s\u00e1bado se realiza \u00a0limpieza de plantas acu\u00e1ticas del canal de riego y drenaje que se alimenta del denominado r\u00edo Viejo, ducto que tiene una longitud aproximada de 20 kil\u00f3metros. Los trabajos se concentran en el tramo San Roque &#8211; Santa Teresa, donde una excavadora brazo largo del Gobierno de Manab\u00ed desaloja lechuguines y [&hellip;]<\/p>\n","protected":false},"author":1,"featured_media":15124,"comment_status":"open","ping_status":"open","sticky":false,"template":"","format":"standard","meta":{"_joinchat":[],"footnotes":""},"categories":[92],"tags":[],"class_list":["post-15857","post","type-post","status-publish","format-standard","has-post-thumbnail","hentry","category-noticias-manabi"],"yoast_head":"<!-- This site is optimized with the Yoast SEO plugin v27.4 - https:\/\/yoast.com\/product\/yoast-seo-wordpress\/ -->\n<title>Se limpia canal de riego de San Roque y Santa Teresa - Prefectura de Manab\u00ed<\/title>\n<meta name=\"robots\" content=\"index, follow, max-snippet:-1, max-image-preview:large, max-video-preview:-1\" \/>\n<link rel=\"canonical\" href=\"https:\/\/www.manabi.gob.ec\/index.php\/se-limpia-canal-de-riego-de-san-roque-y-santa-teresa\/\" \/>\n<meta property=\"og:locale\" content=\"es_ES\" \/>\n<meta property=\"og:type\" content=\"article\" \/>\n<meta property=\"og:title\" content=\"Se limpia canal de riego de San Roque y Santa Teresa - Prefectura de Manab\u00ed\" \/>\n<meta property=\"og:description\" content=\"Desde este s\u00e1bado se realiza \u00a0limpieza de plantas acu\u00e1ticas del canal de riego y drenaje que se alimenta del denominado r\u00edo Viejo, ducto que tiene una longitud aproximada de 20 kil\u00f3metros. Los trabajos se concentran en el tramo San Roque &#8211; Santa Teresa, donde una excavadora brazo largo del Gobierno de Manab\u00ed desaloja lechuguines y [&hellip;]\" \/>\n<meta property=\"og:url\" content=\"https:\/\/www.manabi.gob.ec\/index.php\/se-limpia-canal-de-riego-de-san-roque-y-santa-teresa\/\" \/>\n<meta property=\"og:site_name\" content=\"Prefectura de Manab\u00ed\" \/>\n<meta property=\"article:published_time\" content=\"2021-02-18T17:46:22+00:00\" \/>\n<meta property=\"og:image\" content=\"https:\/\/www.manabi.gob.ec\/wp-content\/uploads\/2020\/08\/foto-2.jpg\" \/>\n\t<meta property=\"og:image:width\" content=\"1280\" \/>\n\t<meta property=\"og:image:height\" content=\"908\" \/>\n\t<meta property=\"og:image:type\" content=\"image\/jpeg\" \/>\n<meta name=\"author\" content=\"admin\" \/>\n<meta name=\"twitter:card\" content=\"summary_large_image\" \/>\n<meta name=\"twitter:label1\" content=\"Escrito por\" \/>\n\t<meta name=\"twitter:data1\" content=\"admin\" \/>\n\t<meta name=\"twitter:label2\" content=\"Tiempo de lectura\" \/>\n\t<meta name=\"twitter:data2\" content=\"1 minuto\" \/>\n<script type=\"application\/ld+json\" class=\"yoast-schema-graph\">{\"@context\":\"https:\\\/\\\/schema.org\",\"@graph\":[{\"@type\":\"Article\",\"@id\":\"https:\\\/\\\/www.manabi.gob.ec\\\/index.php\\\/se-limpia-canal-de-riego-de-san-roque-y-santa-teresa\\\/#article\",\"isPartOf\":{\"@id\":\"https:\\\/\\\/www.manabi.gob.ec\\\/index.php\\\/se-limpia-canal-de-riego-de-san-roque-y-santa-teresa\\\/\"},\"author\":{\"name\":\"admin\",\"@id\":\"https:\\\/\\\/www.manabi.gob.ec\\\/#\\\/schema\\\/person\\\/cfc71bd68fe2703b779edcc292a49722\"},\"headline\":\"Se limpia canal de riego de San Roque y Santa Teresa\",\"datePublished\":\"2021-02-18T17:46:22+00:00\",\"mainEntityOfPage\":{\"@id\":\"https:\\\/\\\/www.manabi.gob.ec\\\/index.php\\\/se-limpia-canal-de-riego-de-san-roque-y-santa-teresa\\\/\"},\"wordCount\":169,\"commentCount\":0,\"image\":{\"@id\":\"https:\\\/\\\/www.manabi.gob.ec\\\/index.php\\\/se-limpia-canal-de-riego-de-san-roque-y-santa-teresa\\\/#primaryimage\"},\"thumbnailUrl\":\"https:\\\/\\\/www.manabi.gob.ec\\\/wp-content\\\/uploads\\\/2020\\\/08\\\/foto-2.jpg\",\"articleSection\":[\"Noticias\"],\"inLanguage\":\"es\",\"potentialAction\":[{\"@type\":\"CommentAction\",\"name\":\"Comment\",\"target\":[\"https:\\\/\\\/www.manabi.gob.ec\\\/index.php\\\/se-limpia-canal-de-riego-de-san-roque-y-santa-teresa\\\/#respond\"]}]},{\"@type\":\"WebPage\",\"@id\":\"https:\\\/\\\/www.manabi.gob.ec\\\/index.php\\\/se-limpia-canal-de-riego-de-san-roque-y-santa-teresa\\\/\",\"url\":\"https:\\\/\\\/www.manabi.gob.ec\\\/index.php\\\/se-limpia-canal-de-riego-de-san-roque-y-santa-teresa\\\/\",\"name\":\"Se limpia canal de riego de San Roque y Santa Teresa - Prefectura de Manab\u00ed\",\"isPartOf\":{\"@id\":\"https:\\\/\\\/www.manabi.gob.ec\\\/#website\"},\"primaryImageOfPage\":{\"@id\":\"https:\\\/\\\/www.manabi.gob.ec\\\/index.php\\\/se-limpia-canal-de-riego-de-san-roque-y-santa-teresa\\\/#primaryimage\"},\"image\":{\"@id\":\"https:\\\/\\\/www.manabi.gob.ec\\\/index.php\\\/se-limpia-canal-de-riego-de-san-roque-y-santa-teresa\\\/#primaryimage\"},\"thumbnailUrl\":\"https:\\\/\\\/www.manabi.gob.ec\\\/wp-content\\\/uploads\\\/2020\\\/08\\\/foto-2.jpg\",\"datePublished\":\"2021-02-18T17:46:22+00:00\",\"author\":{\"@id\":\"https:\\\/\\\/www.manabi.gob.ec\\\/#\\\/schema\\\/person\\\/cfc71bd68fe2703b779edcc292a49722\"},\"breadcrumb\":{\"@id\":\"https:\\\/\\\/www.manabi.gob.ec\\\/index.php\\\/se-limpia-canal-de-riego-de-san-roque-y-santa-teresa\\\/#breadcrumb\"},\"inLanguage\":\"es\",\"potentialAction\":[{\"@type\":\"ReadAction\",\"target\":[\"https:\\\/\\\/www.manabi.gob.ec\\\/index.php\\\/se-limpia-canal-de-riego-de-san-roque-y-santa-teresa\\\/\"]}]},{\"@type\":\"ImageObject\",\"inLanguage\":\"es\",\"@id\":\"https:\\\/\\\/www.manabi.gob.ec\\\/index.php\\\/se-limpia-canal-de-riego-de-san-roque-y-santa-teresa\\\/#primaryimage\",\"url\":\"https:\\\/\\\/www.manabi.gob.ec\\\/wp-content\\\/uploads\\\/2020\\\/08\\\/foto-2.jpg\",\"contentUrl\":\"https:\\\/\\\/www.manabi.gob.ec\\\/wp-content\\\/uploads\\\/2020\\\/08\\\/foto-2.jpg\",\"width\":1280,\"height\":908},{\"@type\":\"BreadcrumbList\",\"@id\":\"https:\\\/\\\/www.manabi.gob.ec\\\/index.php\\\/se-limpia-canal-de-riego-de-san-roque-y-santa-teresa\\\/#breadcrumb\",\"itemListElement\":[{\"@type\":\"ListItem\",\"position\":1,\"name\":\"Portada\",\"item\":\"https:\\\/\\\/www.manabi.gob.ec\\\/\"},{\"@type\":\"ListItem\",\"position\":2,\"name\":\"Se limpia canal de riego de San Roque y Santa Teresa\"}]},{\"@type\":\"WebSite\",\"@id\":\"https:\\\/\\\/www.manabi.gob.ec\\\/#website\",\"url\":\"https:\\\/\\\/www.manabi.gob.ec\\\/\",\"name\":\"Prefectura de Manab\u00ed\",\"description\":\"P\u00e1gina web de la prefectura\",\"potentialAction\":[{\"@type\":\"SearchAction\",\"target\":{\"@type\":\"EntryPoint\",\"urlTemplate\":\"https:\\\/\\\/www.manabi.gob.ec\\\/?s={search_term_string}\"},\"query-input\":{\"@type\":\"PropertyValueSpecification\",\"valueRequired\":true,\"valueName\":\"search_term_string\"}}],\"inLanguage\":\"es\"},{\"@type\":\"Person\",\"@id\":\"https:\\\/\\\/www.manabi.gob.ec\\\/#\\\/schema\\\/person\\\/cfc71bd68fe2703b779edcc292a49722\",\"name\":\"admin\",\"image\":{\"@type\":\"ImageObject\",\"inLanguage\":\"es\",\"@id\":\"https:\\\/\\\/secure.gravatar.com\\\/avatar\\\/23e9f919492b0a2f65aa168e0d8c5c867ea853b61deffbadf08c7031e15b8d78?s=96&d=mm&r=g\",\"url\":\"https:\\\/\\\/secure.gravatar.com\\\/avatar\\\/23e9f919492b0a2f65aa168e0d8c5c867ea853b61deffbadf08c7031e15b8d78?s=96&d=mm&r=g\",\"contentUrl\":\"https:\\\/\\\/secure.gravatar.com\\\/avatar\\\/23e9f919492b0a2f65aa168e0d8c5c867ea853b61deffbadf08c7031e15b8d78?s=96&d=mm&r=g\",\"caption\":\"admin\"},\"sameAs\":[\"http:\\\/\\\/www.manabi.gob.ec\"],\"url\":\"https:\\\/\\\/www.manabi.gob.ec\\\/index.php\\\/author\\\/admin\\\/\"}]}<\/script>\n<!-- \/ Yoast SEO plugin. -->","yoast_head_json":{"title":"Se limpia canal de riego de San Roque y Santa Teresa - Prefectura de Manab\u00ed","robots":{"index":"index","follow":"follow","max-snippet":"max-snippet:-1","max-image-preview":"max-image-preview:large","max-video-preview":"max-video-preview:-1"},"canonical":"https:\/\/www.manabi.gob.ec\/index.php\/se-limpia-canal-de-riego-de-san-roque-y-santa-teresa\/","og_locale":"es_ES","og_type":"article","og_title":"Se limpia canal de riego de San Roque y Santa Teresa - Prefectura de Manab\u00ed","og_description":"Desde este s\u00e1bado se realiza \u00a0limpieza de plantas acu\u00e1ticas del canal de riego y drenaje que se alimenta del denominado r\u00edo Viejo, ducto que tiene una longitud aproximada de 20 kil\u00f3metros. Los trabajos se concentran en el tramo San Roque &#8211; Santa Teresa, donde una excavadora brazo largo del Gobierno de Manab\u00ed desaloja lechuguines y [&hellip;]","og_url":"https:\/\/www.manabi.gob.ec\/index.php\/se-limpia-canal-de-riego-de-san-roque-y-santa-teresa\/","og_site_name":"Prefectura de Manab\u00ed","article_published_time":"2021-02-18T17:46:22+00:00","og_image":[{"width":1280,"height":908,"url":"https:\/\/www.manabi.gob.ec\/wp-content\/uploads\/2020\/08\/foto-2.jpg","type":"image\/jpeg"}],"author":"admin","twitter_card":"summary_large_image","twitter_misc":{"Escrito por":"admin","Tiempo de lectura":"1 minuto"},"schema":{"@context":"https:\/\/schema.org","@graph":[{"@type":"Article","@id":"https:\/\/www.manabi.gob.ec\/index.php\/se-limpia-canal-de-riego-de-san-roque-y-santa-teresa\/#article","isPartOf":{"@id":"https:\/\/www.manabi.gob.ec\/index.php\/se-limpia-canal-de-riego-de-san-roque-y-santa-teresa\/"},"author":{"name":"admin","@id":"https:\/\/www.manabi.gob.ec\/#\/schema\/person\/cfc71bd68fe2703b779edcc292a49722"},"headline":"Se limpia canal de riego de San Roque y Santa Teresa","datePublished":"2021-02-18T17:46:22+00:00","mainEntityOfPage":{"@id":"https:\/\/www.manabi.gob.ec\/index.php\/se-limpia-canal-de-riego-de-san-roque-y-santa-teresa\/"},"wordCount":169,"commentCount":0,"image":{"@id":"https:\/\/www.manabi.gob.ec\/index.php\/se-limpia-canal-de-riego-de-san-roque-y-santa-teresa\/#primaryimage"},"thumbnailUrl":"https:\/\/www.manabi.gob.ec\/wp-content\/uploads\/2020\/08\/foto-2.jpg","articleSection":["Noticias"],"inLanguage":"es","potentialAction":[{"@type":"CommentAction","name":"Comment","target":["https:\/\/www.manabi.gob.ec\/index.php\/se-limpia-canal-de-riego-de-san-roque-y-santa-teresa\/#respond"]}]},{"@type":"WebPage","@id":"https:\/\/www.manabi.gob.ec\/index.php\/se-limpia-canal-de-riego-de-san-roque-y-santa-teresa\/","url":"https:\/\/www.manabi.gob.ec\/index.php\/se-limpia-canal-de-riego-de-san-roque-y-santa-teresa\/","name":"Se limpia canal de riego de San Roque y Santa Teresa - Prefectura de Manab\u00ed","isPartOf":{"@id":"https:\/\/www.manabi.gob.ec\/#website"},"primaryImageOfPage":{"@id":"https:\/\/www.manabi.gob.ec\/index.php\/se-limpia-canal-de-riego-de-san-roque-y-santa-teresa\/#primaryimage"},"image":{"@id":"https:\/\/www.manabi.gob.ec\/index.php\/se-limpia-canal-de-riego-de-san-roque-y-santa-teresa\/#primaryimage"},"thumbnailUrl":"https:\/\/www.manabi.gob.ec\/wp-content\/uploads\/2020\/08\/foto-2.jpg","datePublished":"2021-02-18T17:46:22+00:00","author":{"@id":"https:\/\/www.manabi.gob.ec\/#\/schema\/person\/cfc71bd68fe2703b779edcc292a49722"},"breadcrumb":{"@id":"https:\/\/www.manabi.gob.ec\/index.php\/se-limpia-canal-de-riego-de-san-roque-y-santa-teresa\/#breadcrumb"},"inLanguage":"es","potentialAction":[{"@type":"ReadAction","target":["https:\/\/www.manabi.gob.ec\/index.php\/se-limpia-canal-de-riego-de-san-roque-y-santa-teresa\/"]}]},{"@type":"ImageObject","inLanguage":"es","@id":"https:\/\/www.manabi.gob.ec\/index.php\/se-limpia-canal-de-riego-de-san-roque-y-santa-teresa\/#primaryimage","url":"https:\/\/www.manabi.gob.ec\/wp-content\/uploads\/2020\/08\/foto-2.jpg","contentUrl":"https:\/\/www.manabi.gob.ec\/wp-content\/uploads\/2020\/08\/foto-2.jpg","width":1280,"height":908},{"@type":"BreadcrumbList","@id":"https:\/\/www.manabi.gob.ec\/index.php\/se-limpia-canal-de-riego-de-san-roque-y-santa-teresa\/#breadcrumb","itemListElement":[{"@type":"ListItem","position":1,"name":"Portada","item":"https:\/\/www.manabi.gob.ec\/"},{"@type":"ListItem","position":2,"name":"Se limpia canal de riego de San Roque y Santa Teresa"}]},{"@type":"WebSite","@id":"https:\/\/www.manabi.gob.ec\/#website","url":"https:\/\/www.manabi.gob.ec\/","name":"Prefectura de Manab\u00ed","description":"P\u00e1gina web de la prefectura","potentialAction":[{"@type":"SearchAction","target":{"@type":"EntryPoint","urlTemplate":"https:\/\/www.manabi.gob.ec\/?s={search_term_string}"},"query-input":{"@type":"PropertyValueSpecification","valueRequired":true,"valueName":"search_term_string"}}],"inLanguage":"es"},{"@type":"Person","@id":"https:\/\/www.manabi.gob.ec\/#\/schema\/person\/cfc71bd68fe2703b779edcc292a49722","name":"admin","image":{"@type":"ImageObject","inLanguage":"es","@id":"https:\/\/secure.gravatar.com\/avatar\/23e9f919492b0a2f65aa168e0d8c5c867ea853b61deffbadf08c7031e15b8d78?s=96&d=mm&r=g","url":"https:\/\/secure.gravatar.com\/avatar\/23e9f919492b0a2f65aa168e0d8c5c867ea853b61deffbadf08c7031e15b8d78?s=96&d=mm&r=g","contentUrl":"https:\/\/secure.gravatar.com\/avatar\/23e9f919492b0a2f65aa168e0d8c5c867ea853b61deffbadf08c7031e15b8d78?s=96&d=mm&r=g","caption":"admin"},"sameAs":["http:\/\/www.manabi.gob.ec"],"url":"https:\/\/www.manabi.gob.ec\/index.php\/author\/admin\/"}]}},"jetpack_featured_media_url":"https:\/\/www.manabi.gob.ec\/wp-content\/uploads\/2020\/08\/foto-2.jpg","_links":{"self":[{"href":"https:\/\/www.manabi.gob.ec\/index.php\/wp-json\/wp\/v2\/posts\/15857","targetHints":{"allow":["GET"]}}],"collection":[{"href":"https:\/\/www.manabi.gob.ec\/index.php\/wp-json\/wp\/v2\/posts"}],"about":[{"href":"https:\/\/www.manabi.gob.ec\/index.php\/wp-json\/wp\/v2\/types\/post"}],"author":[{"embeddable":true,"href":"https:\/\/www.manabi.gob.ec\/index.php\/wp-json\/wp\/v2\/users\/1"}],"replies":[{"embeddable":true,"href":"https:\/\/www.manabi.gob.ec\/index.php\/wp-json\/wp\/v2\/comments?post=15857"}],"version-history":[{"count":0,"href":"https:\/\/www.manabi.gob.ec\/index.php\/wp-json\/wp\/v2\/posts\/15857\/revisions"}],"wp:featuredmedia":[{"embeddable":true,"href":"https:\/\/www.manabi.gob.ec\/index.php\/wp-json\/wp\/v2\/media\/15124"}],"wp:attachment":[{"href":"https:\/\/www.manabi.gob.ec\/index.php\/wp-json\/wp\/v2\/media?parent=15857"}],"wp:term":[{"taxonomy":"category","embeddable":true,"href":"https:\/\/www.manabi.gob.ec\/index.php\/wp-json\/wp\/v2\/categories?post=15857"},{"taxonomy":"post_tag","embeddable":true,"href":"https:\/\/www.manabi.gob.ec\/index.php\/wp-json\/wp\/v2\/tags?post=15857"}],"curies":[{"name":"wp","href":"https:\/\/api.w.org\/{rel}","templated":true}]}}