{"id":15872,"date":"2021-02-19T17:09:23","date_gmt":"2021-02-19T22:09:23","guid":{"rendered":"https:\/\/www.manabi.gob.ec\/?p=15157"},"modified":"2021-02-24T16:50:28","modified_gmt":"2021-02-24T16:50:28","slug":"atencion-oftalmologica-y-lentes-gratis-para-ninos-y-adolescentes","status":"publish","type":"post","link":"https:\/\/www.manabi.gob.ec\/index.php\/atencion-oftalmologica-y-lentes-gratis-para-ninos-y-adolescentes\/","title":{"rendered":"ATENCI\u00d3N OFTALMOL\u00d3GICA Y LENTES GRATIS PARA NI\u00d1OS Y ADOLESCENTES"},"content":{"rendered":"<p style=\"font-weight: 400;\">La preocupaci\u00f3n por las horas que pasan sus hijos frente a una pantalla y la falta de recursos econ\u00f3micos para hacerlos atender de un especialista, es una situaci\u00f3n que comparten Gema Morales y Roxana Alc\u00edvar.<\/p>\n<p style=\"font-weight: 400;\">\n<p style=\"font-weight: 400;\">Estas dos madres portovejenses coincidieron, &nbsp;este mi\u00e9rcoles 18 de febrero, &nbsp;en la sede del Club Social \u201cN\u00e1poles\u201d, en la ciudadela \u201cEl Progreso\u201d de Portoviejo, donde se desarroll\u00f3 la novena jornada de atenci\u00f3n ocular gratuita de las \u201cBrigadas Visi\u00f3n con Coraz\u00f3n\u201d, un proyecto de salud visual para ni\u00f1os, ni\u00f1as y adolescentes que se ejecuta, desde hace dos semanas, en convenio &nbsp;con el Gobierno de Manab\u00ed.<\/p>\n<p style=\"font-weight: 400;\">\n<p style=\"font-weight: 400;\">\u201cAhora, en este tiempo no hay trabajo, no hay dinero y un examen visual, cuesta. No hay dinero para comprar los lentes del ni\u00f1o\u201d, manifest\u00f3 Roxana Alc\u00edvar luego de ser atendido su &nbsp;hijo, &nbsp;a quien le recomendaron el uso de lentes, que tambi\u00e9n recibir\u00e1 de &nbsp;manera gratuita.<\/p>\n<p style=\"font-weight: 400;\">\n<p style=\"font-weight: 400;\">Al igual que Roxana Alc\u00edvar, Gema Morales tambi\u00e9n sali\u00f3 satisfecha y agradeci\u00f3 la atenci\u00f3n que recibi\u00f3 su hija, aunque en su caso la ni\u00f1a no necesita el uso de lentes. &nbsp;\u201cPara m\u00ed es muy importante lo que est\u00e1 haciendo la Prefectura, porque somos &nbsp;de escasos recursos. Si mi hija hubiese necesitado lentes aqu\u00ed ya ten\u00eda la ayuda\u201d, manifest\u00f3.<\/p>\n<p style=\"font-weight: 400;\">\n<p style=\"font-weight: 400;\">Herencia de la pandemia<\/p>\n<p style=\"font-weight: 400;\">Franklin V\u00e9lez, de la Direcci\u00f3n de Desarrollo Social del Gobierno de Manab\u00ed, se\u00f1al\u00f3 que han detectado muchos casos de ni\u00f1os con problemas de visi\u00f3n. \u201cComo consecuencia del uso excesivo (exposici\u00f3n a las pantallas) de los aparatos tecnol\u00f3gicos, sobre todo ahora que los estudios se hacen a trav\u00e9s de plataformas digitales\u201d.<\/p>\n<p style=\"font-weight: 400;\">\n<p style=\"font-weight: 400;\">David Loor, oftalm\u00f3logo de la Fundaci\u00f3n Corazones Vivos, comparte la opini\u00f3n de V\u00e9lez, e indic\u00f3 &nbsp;que &nbsp;casi 700 atenciones oculares que realizaron&nbsp; estas dos semanas, a ni\u00f1os y adolescentes, el 40% necesitan lentes correctivos.<\/p>\n<p style=\"font-weight: 400;\">\n<p style=\"font-weight: 400;\">\u201cLo que estamos haciendo es prevenir a tiempo un problema heredado de la pandemia, porque los ni\u00f1os se han involucrado al cien por ciento con la tecnolog\u00eda, que los afecta visualmente\u201d, sostiene Loor.<\/p>\n<p style=\"font-weight: 400;\">\n<p style=\"font-weight: 400;\">En t\u00e9rminos econ\u00f3micos el beneficio para cada paciente, por consulta y unos lentes b\u00e1sicos de protecci\u00f3n, se traduce en un ahorro de 100 d\u00f3lares, en promedio.<\/p>\n","protected":false},"excerpt":{"rendered":"<p>La preocupaci\u00f3n por las horas que pasan sus hijos frente a una pantalla y la falta de recursos econ\u00f3micos para hacerlos atender de un especialista, es una situaci\u00f3n que comparten Gema Morales y Roxana Alc\u00edvar. Estas dos madres portovejenses coincidieron, &nbsp;este mi\u00e9rcoles 18 de febrero, &nbsp;en la sede del Club Social \u201cN\u00e1poles\u201d, en la ciudadela [&hellip;]<\/p>\n","protected":false},"author":1,"featured_media":15811,"comment_status":"closed","ping_status":"closed","sticky":false,"template":"","format":"standard","meta":{"_joinchat":[],"footnotes":""},"categories":[142,92,132],"tags":[],"class_list":["post-15872","post","type-post","status-publish","format-standard","has-post-thumbnail","hentry","category-desarrollo-social","category-noticias-manabi","category-portoviejo"],"yoast_head":"<!-- This site is optimized with the Yoast SEO plugin v27.4 - https:\/\/yoast.com\/product\/yoast-seo-wordpress\/ -->\n<title>ATENCI\u00d3N OFTALMOL\u00d3GICA Y LENTES GRATIS PARA NI\u00d1OS Y ADOLESCENTES - Prefectura de Manab\u00ed<\/title>\n<meta name=\"robots\" content=\"index, follow, max-snippet:-1, max-image-preview:large, max-video-preview:-1\" \/>\n<link rel=\"canonical\" href=\"https:\/\/www.manabi.gob.ec\/index.php\/atencion-oftalmologica-y-lentes-gratis-para-ninos-y-adolescentes\/\" \/>\n<meta property=\"og:locale\" content=\"es_ES\" \/>\n<meta property=\"og:type\" content=\"article\" \/>\n<meta property=\"og:title\" content=\"ATENCI\u00d3N OFTALMOL\u00d3GICA Y LENTES GRATIS PARA NI\u00d1OS Y ADOLESCENTES - Prefectura de Manab\u00ed\" \/>\n<meta property=\"og:description\" content=\"La preocupaci\u00f3n por las horas que pasan sus hijos frente a una pantalla y la falta de recursos econ\u00f3micos para hacerlos atender de un especialista, es una situaci\u00f3n que comparten Gema Morales y Roxana Alc\u00edvar. Estas dos madres portovejenses coincidieron, &nbsp;este mi\u00e9rcoles 18 de febrero, &nbsp;en la sede del Club Social \u201cN\u00e1poles\u201d, en la ciudadela [&hellip;]\" \/>\n<meta property=\"og:url\" content=\"https:\/\/www.manabi.gob.ec\/index.php\/atencion-oftalmologica-y-lentes-gratis-para-ninos-y-adolescentes\/\" \/>\n<meta property=\"og:site_name\" content=\"Prefectura de Manab\u00ed\" \/>\n<meta property=\"article:published_time\" content=\"2021-02-19T22:09:23+00:00\" \/>\n<meta property=\"article:modified_time\" content=\"2021-02-24T16:50:28+00:00\" \/>\n<meta property=\"og:image\" content=\"https:\/\/www.manabi.gob.ec\/wp-content\/uploads\/2021\/02\/Atencion-oftamologica-1.jpeg\" \/>\n\t<meta property=\"og:image:width\" content=\"1032\" \/>\n\t<meta property=\"og:image:height\" content=\"581\" \/>\n\t<meta property=\"og:image:type\" content=\"image\/jpeg\" \/>\n<meta name=\"author\" content=\"admin\" \/>\n<meta name=\"twitter:card\" content=\"summary_large_image\" \/>\n<meta name=\"twitter:label1\" content=\"Escrito por\" \/>\n\t<meta name=\"twitter:data1\" content=\"admin\" \/>\n\t<meta name=\"twitter:label2\" content=\"Tiempo de lectura\" \/>\n\t<meta name=\"twitter:data2\" content=\"2 minutos\" \/>\n<script type=\"application\/ld+json\" class=\"yoast-schema-graph\">{\"@context\":\"https:\\\/\\\/schema.org\",\"@graph\":[{\"@type\":\"Article\",\"@id\":\"https:\\\/\\\/www.manabi.gob.ec\\\/index.php\\\/atencion-oftalmologica-y-lentes-gratis-para-ninos-y-adolescentes\\\/#article\",\"isPartOf\":{\"@id\":\"https:\\\/\\\/www.manabi.gob.ec\\\/index.php\\\/atencion-oftalmologica-y-lentes-gratis-para-ninos-y-adolescentes\\\/\"},\"author\":{\"name\":\"admin\",\"@id\":\"https:\\\/\\\/www.manabi.gob.ec\\\/#\\\/schema\\\/person\\\/cfc71bd68fe2703b779edcc292a49722\"},\"headline\":\"ATENCI\u00d3N OFTALMOL\u00d3GICA Y LENTES GRATIS PARA NI\u00d1OS Y ADOLESCENTES\",\"datePublished\":\"2021-02-19T22:09:23+00:00\",\"dateModified\":\"2021-02-24T16:50:28+00:00\",\"mainEntityOfPage\":{\"@id\":\"https:\\\/\\\/www.manabi.gob.ec\\\/index.php\\\/atencion-oftalmologica-y-lentes-gratis-para-ninos-y-adolescentes\\\/\"},\"wordCount\":409,\"image\":{\"@id\":\"https:\\\/\\\/www.manabi.gob.ec\\\/index.php\\\/atencion-oftalmologica-y-lentes-gratis-para-ninos-y-adolescentes\\\/#primaryimage\"},\"thumbnailUrl\":\"https:\\\/\\\/www.manabi.gob.ec\\\/wp-content\\\/uploads\\\/2021\\\/02\\\/Atencion-oftamologica-1.jpeg\",\"articleSection\":[\"Desarrollo Social\",\"Noticias\",\"Portoviejo\"],\"inLanguage\":\"es\"},{\"@type\":\"WebPage\",\"@id\":\"https:\\\/\\\/www.manabi.gob.ec\\\/index.php\\\/atencion-oftalmologica-y-lentes-gratis-para-ninos-y-adolescentes\\\/\",\"url\":\"https:\\\/\\\/www.manabi.gob.ec\\\/index.php\\\/atencion-oftalmologica-y-lentes-gratis-para-ninos-y-adolescentes\\\/\",\"name\":\"ATENCI\u00d3N OFTALMOL\u00d3GICA Y LENTES GRATIS PARA NI\u00d1OS Y ADOLESCENTES - Prefectura de Manab\u00ed\",\"isPartOf\":{\"@id\":\"https:\\\/\\\/www.manabi.gob.ec\\\/#website\"},\"primaryImageOfPage\":{\"@id\":\"https:\\\/\\\/www.manabi.gob.ec\\\/index.php\\\/atencion-oftalmologica-y-lentes-gratis-para-ninos-y-adolescentes\\\/#primaryimage\"},\"image\":{\"@id\":\"https:\\\/\\\/www.manabi.gob.ec\\\/index.php\\\/atencion-oftalmologica-y-lentes-gratis-para-ninos-y-adolescentes\\\/#primaryimage\"},\"thumbnailUrl\":\"https:\\\/\\\/www.manabi.gob.ec\\\/wp-content\\\/uploads\\\/2021\\\/02\\\/Atencion-oftamologica-1.jpeg\",\"datePublished\":\"2021-02-19T22:09:23+00:00\",\"dateModified\":\"2021-02-24T16:50:28+00:00\",\"author\":{\"@id\":\"https:\\\/\\\/www.manabi.gob.ec\\\/#\\\/schema\\\/person\\\/cfc71bd68fe2703b779edcc292a49722\"},\"breadcrumb\":{\"@id\":\"https:\\\/\\\/www.manabi.gob.ec\\\/index.php\\\/atencion-oftalmologica-y-lentes-gratis-para-ninos-y-adolescentes\\\/#breadcrumb\"},\"inLanguage\":\"es\",\"potentialAction\":[{\"@type\":\"ReadAction\",\"target\":[\"https:\\\/\\\/www.manabi.gob.ec\\\/index.php\\\/atencion-oftalmologica-y-lentes-gratis-para-ninos-y-adolescentes\\\/\"]}]},{\"@type\":\"ImageObject\",\"inLanguage\":\"es\",\"@id\":\"https:\\\/\\\/www.manabi.gob.ec\\\/index.php\\\/atencion-oftalmologica-y-lentes-gratis-para-ninos-y-adolescentes\\\/#primaryimage\",\"url\":\"https:\\\/\\\/www.manabi.gob.ec\\\/wp-content\\\/uploads\\\/2021\\\/02\\\/Atencion-oftamologica-1.jpeg\",\"contentUrl\":\"https:\\\/\\\/www.manabi.gob.ec\\\/wp-content\\\/uploads\\\/2021\\\/02\\\/Atencion-oftamologica-1.jpeg\",\"width\":1032,\"height\":581},{\"@type\":\"BreadcrumbList\",\"@id\":\"https:\\\/\\\/www.manabi.gob.ec\\\/index.php\\\/atencion-oftalmologica-y-lentes-gratis-para-ninos-y-adolescentes\\\/#breadcrumb\",\"itemListElement\":[{\"@type\":\"ListItem\",\"position\":1,\"name\":\"Portada\",\"item\":\"https:\\\/\\\/www.manabi.gob.ec\\\/\"},{\"@type\":\"ListItem\",\"position\":2,\"name\":\"ATENCI\u00d3N OFTALMOL\u00d3GICA Y LENTES GRATIS PARA NI\u00d1OS Y ADOLESCENTES\"}]},{\"@type\":\"WebSite\",\"@id\":\"https:\\\/\\\/www.manabi.gob.ec\\\/#website\",\"url\":\"https:\\\/\\\/www.manabi.gob.ec\\\/\",\"name\":\"Prefectura de Manab\u00ed\",\"description\":\"P\u00e1gina web de la prefectura\",\"potentialAction\":[{\"@type\":\"SearchAction\",\"target\":{\"@type\":\"EntryPoint\",\"urlTemplate\":\"https:\\\/\\\/www.manabi.gob.ec\\\/?s={search_term_string}\"},\"query-input\":{\"@type\":\"PropertyValueSpecification\",\"valueRequired\":true,\"valueName\":\"search_term_string\"}}],\"inLanguage\":\"es\"},{\"@type\":\"Person\",\"@id\":\"https:\\\/\\\/www.manabi.gob.ec\\\/#\\\/schema\\\/person\\\/cfc71bd68fe2703b779edcc292a49722\",\"name\":\"admin\",\"image\":{\"@type\":\"ImageObject\",\"inLanguage\":\"es\",\"@id\":\"https:\\\/\\\/secure.gravatar.com\\\/avatar\\\/23e9f919492b0a2f65aa168e0d8c5c867ea853b61deffbadf08c7031e15b8d78?s=96&d=mm&r=g\",\"url\":\"https:\\\/\\\/secure.gravatar.com\\\/avatar\\\/23e9f919492b0a2f65aa168e0d8c5c867ea853b61deffbadf08c7031e15b8d78?s=96&d=mm&r=g\",\"contentUrl\":\"https:\\\/\\\/secure.gravatar.com\\\/avatar\\\/23e9f919492b0a2f65aa168e0d8c5c867ea853b61deffbadf08c7031e15b8d78?s=96&d=mm&r=g\",\"caption\":\"admin\"},\"sameAs\":[\"http:\\\/\\\/www.manabi.gob.ec\"],\"url\":\"https:\\\/\\\/www.manabi.gob.ec\\\/index.php\\\/author\\\/admin\\\/\"}]}<\/script>\n<!-- \/ Yoast SEO plugin. -->","yoast_head_json":{"title":"ATENCI\u00d3N OFTALMOL\u00d3GICA Y LENTES GRATIS PARA NI\u00d1OS Y ADOLESCENTES - Prefectura de Manab\u00ed","robots":{"index":"index","follow":"follow","max-snippet":"max-snippet:-1","max-image-preview":"max-image-preview:large","max-video-preview":"max-video-preview:-1"},"canonical":"https:\/\/www.manabi.gob.ec\/index.php\/atencion-oftalmologica-y-lentes-gratis-para-ninos-y-adolescentes\/","og_locale":"es_ES","og_type":"article","og_title":"ATENCI\u00d3N OFTALMOL\u00d3GICA Y LENTES GRATIS PARA NI\u00d1OS Y ADOLESCENTES - Prefectura de Manab\u00ed","og_description":"La preocupaci\u00f3n por las horas que pasan sus hijos frente a una pantalla y la falta de recursos econ\u00f3micos para hacerlos atender de un especialista, es una situaci\u00f3n que comparten Gema Morales y Roxana Alc\u00edvar. Estas dos madres portovejenses coincidieron, &nbsp;este mi\u00e9rcoles 18 de febrero, &nbsp;en la sede del Club Social \u201cN\u00e1poles\u201d, en la ciudadela [&hellip;]","og_url":"https:\/\/www.manabi.gob.ec\/index.php\/atencion-oftalmologica-y-lentes-gratis-para-ninos-y-adolescentes\/","og_site_name":"Prefectura de Manab\u00ed","article_published_time":"2021-02-19T22:09:23+00:00","article_modified_time":"2021-02-24T16:50:28+00:00","og_image":[{"width":1032,"height":581,"url":"https:\/\/www.manabi.gob.ec\/wp-content\/uploads\/2021\/02\/Atencion-oftamologica-1.jpeg","type":"image\/jpeg"}],"author":"admin","twitter_card":"summary_large_image","twitter_misc":{"Escrito por":"admin","Tiempo de lectura":"2 minutos"},"schema":{"@context":"https:\/\/schema.org","@graph":[{"@type":"Article","@id":"https:\/\/www.manabi.gob.ec\/index.php\/atencion-oftalmologica-y-lentes-gratis-para-ninos-y-adolescentes\/#article","isPartOf":{"@id":"https:\/\/www.manabi.gob.ec\/index.php\/atencion-oftalmologica-y-lentes-gratis-para-ninos-y-adolescentes\/"},"author":{"name":"admin","@id":"https:\/\/www.manabi.gob.ec\/#\/schema\/person\/cfc71bd68fe2703b779edcc292a49722"},"headline":"ATENCI\u00d3N OFTALMOL\u00d3GICA Y LENTES GRATIS PARA NI\u00d1OS Y ADOLESCENTES","datePublished":"2021-02-19T22:09:23+00:00","dateModified":"2021-02-24T16:50:28+00:00","mainEntityOfPage":{"@id":"https:\/\/www.manabi.gob.ec\/index.php\/atencion-oftalmologica-y-lentes-gratis-para-ninos-y-adolescentes\/"},"wordCount":409,"image":{"@id":"https:\/\/www.manabi.gob.ec\/index.php\/atencion-oftalmologica-y-lentes-gratis-para-ninos-y-adolescentes\/#primaryimage"},"thumbnailUrl":"https:\/\/www.manabi.gob.ec\/wp-content\/uploads\/2021\/02\/Atencion-oftamologica-1.jpeg","articleSection":["Desarrollo Social","Noticias","Portoviejo"],"inLanguage":"es"},{"@type":"WebPage","@id":"https:\/\/www.manabi.gob.ec\/index.php\/atencion-oftalmologica-y-lentes-gratis-para-ninos-y-adolescentes\/","url":"https:\/\/www.manabi.gob.ec\/index.php\/atencion-oftalmologica-y-lentes-gratis-para-ninos-y-adolescentes\/","name":"ATENCI\u00d3N OFTALMOL\u00d3GICA Y LENTES GRATIS PARA NI\u00d1OS Y ADOLESCENTES - Prefectura de Manab\u00ed","isPartOf":{"@id":"https:\/\/www.manabi.gob.ec\/#website"},"primaryImageOfPage":{"@id":"https:\/\/www.manabi.gob.ec\/index.php\/atencion-oftalmologica-y-lentes-gratis-para-ninos-y-adolescentes\/#primaryimage"},"image":{"@id":"https:\/\/www.manabi.gob.ec\/index.php\/atencion-oftalmologica-y-lentes-gratis-para-ninos-y-adolescentes\/#primaryimage"},"thumbnailUrl":"https:\/\/www.manabi.gob.ec\/wp-content\/uploads\/2021\/02\/Atencion-oftamologica-1.jpeg","datePublished":"2021-02-19T22:09:23+00:00","dateModified":"2021-02-24T16:50:28+00:00","author":{"@id":"https:\/\/www.manabi.gob.ec\/#\/schema\/person\/cfc71bd68fe2703b779edcc292a49722"},"breadcrumb":{"@id":"https:\/\/www.manabi.gob.ec\/index.php\/atencion-oftalmologica-y-lentes-gratis-para-ninos-y-adolescentes\/#breadcrumb"},"inLanguage":"es","potentialAction":[{"@type":"ReadAction","target":["https:\/\/www.manabi.gob.ec\/index.php\/atencion-oftalmologica-y-lentes-gratis-para-ninos-y-adolescentes\/"]}]},{"@type":"ImageObject","inLanguage":"es","@id":"https:\/\/www.manabi.gob.ec\/index.php\/atencion-oftalmologica-y-lentes-gratis-para-ninos-y-adolescentes\/#primaryimage","url":"https:\/\/www.manabi.gob.ec\/wp-content\/uploads\/2021\/02\/Atencion-oftamologica-1.jpeg","contentUrl":"https:\/\/www.manabi.gob.ec\/wp-content\/uploads\/2021\/02\/Atencion-oftamologica-1.jpeg","width":1032,"height":581},{"@type":"BreadcrumbList","@id":"https:\/\/www.manabi.gob.ec\/index.php\/atencion-oftalmologica-y-lentes-gratis-para-ninos-y-adolescentes\/#breadcrumb","itemListElement":[{"@type":"ListItem","position":1,"name":"Portada","item":"https:\/\/www.manabi.gob.ec\/"},{"@type":"ListItem","position":2,"name":"ATENCI\u00d3N OFTALMOL\u00d3GICA Y LENTES GRATIS PARA NI\u00d1OS Y ADOLESCENTES"}]},{"@type":"WebSite","@id":"https:\/\/www.manabi.gob.ec\/#website","url":"https:\/\/www.manabi.gob.ec\/","name":"Prefectura de Manab\u00ed","description":"P\u00e1gina web de la prefectura","potentialAction":[{"@type":"SearchAction","target":{"@type":"EntryPoint","urlTemplate":"https:\/\/www.manabi.gob.ec\/?s={search_term_string}"},"query-input":{"@type":"PropertyValueSpecification","valueRequired":true,"valueName":"search_term_string"}}],"inLanguage":"es"},{"@type":"Person","@id":"https:\/\/www.manabi.gob.ec\/#\/schema\/person\/cfc71bd68fe2703b779edcc292a49722","name":"admin","image":{"@type":"ImageObject","inLanguage":"es","@id":"https:\/\/secure.gravatar.com\/avatar\/23e9f919492b0a2f65aa168e0d8c5c867ea853b61deffbadf08c7031e15b8d78?s=96&d=mm&r=g","url":"https:\/\/secure.gravatar.com\/avatar\/23e9f919492b0a2f65aa168e0d8c5c867ea853b61deffbadf08c7031e15b8d78?s=96&d=mm&r=g","contentUrl":"https:\/\/secure.gravatar.com\/avatar\/23e9f919492b0a2f65aa168e0d8c5c867ea853b61deffbadf08c7031e15b8d78?s=96&d=mm&r=g","caption":"admin"},"sameAs":["http:\/\/www.manabi.gob.ec"],"url":"https:\/\/www.manabi.gob.ec\/index.php\/author\/admin\/"}]}},"jetpack_featured_media_url":"https:\/\/www.manabi.gob.ec\/wp-content\/uploads\/2021\/02\/Atencion-oftamologica-1.jpeg","_links":{"self":[{"href":"https:\/\/www.manabi.gob.ec\/index.php\/wp-json\/wp\/v2\/posts\/15872","targetHints":{"allow":["GET"]}}],"collection":[{"href":"https:\/\/www.manabi.gob.ec\/index.php\/wp-json\/wp\/v2\/posts"}],"about":[{"href":"https:\/\/www.manabi.gob.ec\/index.php\/wp-json\/wp\/v2\/types\/post"}],"author":[{"embeddable":true,"href":"https:\/\/www.manabi.gob.ec\/index.php\/wp-json\/wp\/v2\/users\/1"}],"replies":[{"embeddable":true,"href":"https:\/\/www.manabi.gob.ec\/index.php\/wp-json\/wp\/v2\/comments?post=15872"}],"version-history":[{"count":0,"href":"https:\/\/www.manabi.gob.ec\/index.php\/wp-json\/wp\/v2\/posts\/15872\/revisions"}],"wp:featuredmedia":[{"embeddable":true,"href":"https:\/\/www.manabi.gob.ec\/index.php\/wp-json\/wp\/v2\/media\/15811"}],"wp:attachment":[{"href":"https:\/\/www.manabi.gob.ec\/index.php\/wp-json\/wp\/v2\/media?parent=15872"}],"wp:term":[{"taxonomy":"category","embeddable":true,"href":"https:\/\/www.manabi.gob.ec\/index.php\/wp-json\/wp\/v2\/categories?post=15872"},{"taxonomy":"post_tag","embeddable":true,"href":"https:\/\/www.manabi.gob.ec\/index.php\/wp-json\/wp\/v2\/tags?post=15872"}],"curies":[{"name":"wp","href":"https:\/\/api.w.org\/{rel}","templated":true}]}}