{"id":15874,"date":"2021-02-19T17:12:51","date_gmt":"2021-02-19T22:12:51","guid":{"rendered":"https:\/\/www.manabi.gob.ec\/?p=15161"},"modified":"2021-02-24T16:42:36","modified_gmt":"2021-02-24T16:42:36","slug":"abren-escuela-gastronomica-en-zona-norte-de-manabi","status":"publish","type":"post","link":"https:\/\/www.manabi.gob.ec\/index.php\/abren-escuela-gastronomica-en-zona-norte-de-manabi\/","title":{"rendered":"ABREN  ESCUELA GASTRON\u00d3MICA  EN ZONA NORTE DE MANAB\u00cd"},"content":{"rendered":"<p style=\"font-weight: 400;\">Se viene algo genial en Manab\u00ed, especialmente para quienes viven en la zona norte de la provincia, donde se implementar\u00e1 \u00a0la \u201cEscuela de Comida y Hospitalidad ICHE\u201d que ser\u00e1 una gran oportunidad de aprendizaje para quienes busquen desarrollarse en el arte culinario.<\/p>\n<p style=\"font-weight: 400;\">\n<p style=\"font-weight: 400;\">Este proyecto culinario funcionar\u00e1 en el Km 4 de la v\u00eda\u00a0 San Vicente-San Isidro, y naci\u00f3 por iniciativa de la Fundaci\u00f3n Fuegos y cuenta con el respaldo del Fondo \u00cdtalo Ecuatoriano de Desarrollo Sostenible (FIEDS), Gobierno de Manab\u00ed, Universidad Laica Eloy Alfaro de Manab\u00ed (ULEAM), y la Alianza por el Emprendimiento e Innovaci\u00f3n (AEI).<\/p>\n<p style=\"font-weight: 400;\">\n<p style=\"font-weight: 400;\">\u00abQueremos convertir a Manab\u00ed en un destino culinario internacionalmente reconocido\u00bb, expres\u00f3 Orazio Belletine, director Ejecutivo de Fuegos.<\/p>\n<p style=\"font-weight: 400;\">\n<p style=\"font-weight: 400;\">En su primera fase se capacitar\u00e1 a estudiantes de los cantones: Pedernales, Jama, San Vicente y Sucre; quienes contribuir\u00e1n con la creaci\u00f3n de la Ruta Mancomunada de Turismo Gastron\u00f3mico.<\/p>\n<p style=\"font-weight: 400;\">\n<p style=\"font-weight: 400;\">Los aspirantes a ser parte de este proyecto deben ingresar a la p\u00e1gina web:\u00a0<a href=\"http:\/\/www.fuegos.ec\/\" data-saferedirecturl=\"https:\/\/www.google.com\/url?q=http:\/\/www.fuegos.ec&amp;source=gmail&amp;ust=1613857827734000&amp;usg=AFQjCNH0V9XfToPLhwODk_jZdPrutDIUQA\">www.fuegos.ec<\/a>.<\/p>\n<p style=\"font-weight: 400;\">\n<p style=\"font-weight: 400;\">Las inscripciones se receptar\u00e1n hasta el s\u00e1bado 20 de febrero del presente a\u00f1o.<\/p>\n<p style=\"font-weight: 400;\">\u00abQueremos que la identidad gastron\u00f3mica manabita sea un eje de transformaci\u00f3n sostenible para las familias, emprendedores y productores\u00bb, indic\u00f3 Valentina \u00c1lvarez, sous chef de la Escuela de Comida y Hospitalidad ICHE.<\/p>\n<p style=\"font-weight: 400;\">\n","protected":false},"excerpt":{"rendered":"<p>Se viene algo genial en Manab\u00ed, especialmente para quienes viven en la zona norte de la provincia, donde se implementar\u00e1 \u00a0la \u201cEscuela de Comida y Hospitalidad ICHE\u201d que ser\u00e1 una gran oportunidad de aprendizaje para quienes busquen desarrollarse en el arte culinario. Este proyecto culinario funcionar\u00e1 en el Km 4 de la v\u00eda\u00a0 San Vicente-San [&hellip;]<\/p>\n","protected":false},"author":1,"featured_media":15813,"comment_status":"open","ping_status":"open","sticky":false,"template":"","format":"standard","meta":{"_joinchat":[],"footnotes":""},"categories":[92,189],"tags":[],"class_list":["post-15874","post","type-post","status-publish","format-standard","has-post-thumbnail","hentry","category-noticias-manabi","category-san-vicente"],"yoast_head":"<!-- This site is optimized with the Yoast SEO plugin v27.4 - https:\/\/yoast.com\/product\/yoast-seo-wordpress\/ -->\n<title>ABREN ESCUELA GASTRON\u00d3MICA EN ZONA NORTE DE MANAB\u00cd - Prefectura de Manab\u00ed<\/title>\n<meta name=\"robots\" content=\"index, follow, max-snippet:-1, max-image-preview:large, max-video-preview:-1\" \/>\n<link rel=\"canonical\" href=\"https:\/\/www.manabi.gob.ec\/index.php\/abren-escuela-gastronomica-en-zona-norte-de-manabi\/\" \/>\n<meta property=\"og:locale\" content=\"es_ES\" \/>\n<meta property=\"og:type\" content=\"article\" \/>\n<meta property=\"og:title\" content=\"ABREN ESCUELA GASTRON\u00d3MICA EN ZONA NORTE DE MANAB\u00cd - Prefectura de Manab\u00ed\" \/>\n<meta property=\"og:description\" content=\"Se viene algo genial en Manab\u00ed, especialmente para quienes viven en la zona norte de la provincia, donde se implementar\u00e1 \u00a0la \u201cEscuela de Comida y Hospitalidad ICHE\u201d que ser\u00e1 una gran oportunidad de aprendizaje para quienes busquen desarrollarse en el arte culinario. Este proyecto culinario funcionar\u00e1 en el Km 4 de la v\u00eda\u00a0 San Vicente-San [&hellip;]\" \/>\n<meta property=\"og:url\" content=\"https:\/\/www.manabi.gob.ec\/index.php\/abren-escuela-gastronomica-en-zona-norte-de-manabi\/\" \/>\n<meta property=\"og:site_name\" content=\"Prefectura de Manab\u00ed\" \/>\n<meta property=\"article:published_time\" content=\"2021-02-19T22:12:51+00:00\" \/>\n<meta property=\"article:modified_time\" content=\"2021-02-24T16:42:36+00:00\" \/>\n<meta property=\"og:image\" content=\"https:\/\/www.manabi.gob.ec\/wp-content\/uploads\/2021\/02\/Escuela-de-comida-Ichi-2.jpeg\" \/>\n\t<meta property=\"og:image:width\" content=\"1280\" \/>\n\t<meta property=\"og:image:height\" content=\"590\" \/>\n\t<meta property=\"og:image:type\" content=\"image\/jpeg\" \/>\n<meta name=\"author\" content=\"admin\" \/>\n<meta name=\"twitter:card\" content=\"summary_large_image\" \/>\n<meta name=\"twitter:label1\" content=\"Escrito por\" \/>\n\t<meta name=\"twitter:data1\" content=\"admin\" \/>\n\t<meta name=\"twitter:label2\" content=\"Tiempo de lectura\" \/>\n\t<meta name=\"twitter:data2\" content=\"1 minuto\" \/>\n<script type=\"application\/ld+json\" class=\"yoast-schema-graph\">{\"@context\":\"https:\\\/\\\/schema.org\",\"@graph\":[{\"@type\":\"Article\",\"@id\":\"https:\\\/\\\/www.manabi.gob.ec\\\/index.php\\\/abren-escuela-gastronomica-en-zona-norte-de-manabi\\\/#article\",\"isPartOf\":{\"@id\":\"https:\\\/\\\/www.manabi.gob.ec\\\/index.php\\\/abren-escuela-gastronomica-en-zona-norte-de-manabi\\\/\"},\"author\":{\"name\":\"admin\",\"@id\":\"https:\\\/\\\/www.manabi.gob.ec\\\/#\\\/schema\\\/person\\\/cfc71bd68fe2703b779edcc292a49722\"},\"headline\":\"ABREN ESCUELA GASTRON\u00d3MICA EN ZONA NORTE DE MANAB\u00cd\",\"datePublished\":\"2021-02-19T22:12:51+00:00\",\"dateModified\":\"2021-02-24T16:42:36+00:00\",\"mainEntityOfPage\":{\"@id\":\"https:\\\/\\\/www.manabi.gob.ec\\\/index.php\\\/abren-escuela-gastronomica-en-zona-norte-de-manabi\\\/\"},\"wordCount\":222,\"commentCount\":0,\"image\":{\"@id\":\"https:\\\/\\\/www.manabi.gob.ec\\\/index.php\\\/abren-escuela-gastronomica-en-zona-norte-de-manabi\\\/#primaryimage\"},\"thumbnailUrl\":\"https:\\\/\\\/www.manabi.gob.ec\\\/wp-content\\\/uploads\\\/2021\\\/02\\\/Escuela-de-comida-Ichi-2.jpeg\",\"articleSection\":[\"Noticias\",\"San Vicente\"],\"inLanguage\":\"es\",\"potentialAction\":[{\"@type\":\"CommentAction\",\"name\":\"Comment\",\"target\":[\"https:\\\/\\\/www.manabi.gob.ec\\\/index.php\\\/abren-escuela-gastronomica-en-zona-norte-de-manabi\\\/#respond\"]}]},{\"@type\":\"WebPage\",\"@id\":\"https:\\\/\\\/www.manabi.gob.ec\\\/index.php\\\/abren-escuela-gastronomica-en-zona-norte-de-manabi\\\/\",\"url\":\"https:\\\/\\\/www.manabi.gob.ec\\\/index.php\\\/abren-escuela-gastronomica-en-zona-norte-de-manabi\\\/\",\"name\":\"ABREN ESCUELA GASTRON\u00d3MICA EN ZONA NORTE DE MANAB\u00cd - Prefectura de Manab\u00ed\",\"isPartOf\":{\"@id\":\"https:\\\/\\\/www.manabi.gob.ec\\\/#website\"},\"primaryImageOfPage\":{\"@id\":\"https:\\\/\\\/www.manabi.gob.ec\\\/index.php\\\/abren-escuela-gastronomica-en-zona-norte-de-manabi\\\/#primaryimage\"},\"image\":{\"@id\":\"https:\\\/\\\/www.manabi.gob.ec\\\/index.php\\\/abren-escuela-gastronomica-en-zona-norte-de-manabi\\\/#primaryimage\"},\"thumbnailUrl\":\"https:\\\/\\\/www.manabi.gob.ec\\\/wp-content\\\/uploads\\\/2021\\\/02\\\/Escuela-de-comida-Ichi-2.jpeg\",\"datePublished\":\"2021-02-19T22:12:51+00:00\",\"dateModified\":\"2021-02-24T16:42:36+00:00\",\"author\":{\"@id\":\"https:\\\/\\\/www.manabi.gob.ec\\\/#\\\/schema\\\/person\\\/cfc71bd68fe2703b779edcc292a49722\"},\"breadcrumb\":{\"@id\":\"https:\\\/\\\/www.manabi.gob.ec\\\/index.php\\\/abren-escuela-gastronomica-en-zona-norte-de-manabi\\\/#breadcrumb\"},\"inLanguage\":\"es\",\"potentialAction\":[{\"@type\":\"ReadAction\",\"target\":[\"https:\\\/\\\/www.manabi.gob.ec\\\/index.php\\\/abren-escuela-gastronomica-en-zona-norte-de-manabi\\\/\"]}]},{\"@type\":\"ImageObject\",\"inLanguage\":\"es\",\"@id\":\"https:\\\/\\\/www.manabi.gob.ec\\\/index.php\\\/abren-escuela-gastronomica-en-zona-norte-de-manabi\\\/#primaryimage\",\"url\":\"https:\\\/\\\/www.manabi.gob.ec\\\/wp-content\\\/uploads\\\/2021\\\/02\\\/Escuela-de-comida-Ichi-2.jpeg\",\"contentUrl\":\"https:\\\/\\\/www.manabi.gob.ec\\\/wp-content\\\/uploads\\\/2021\\\/02\\\/Escuela-de-comida-Ichi-2.jpeg\",\"width\":1280,\"height\":590},{\"@type\":\"BreadcrumbList\",\"@id\":\"https:\\\/\\\/www.manabi.gob.ec\\\/index.php\\\/abren-escuela-gastronomica-en-zona-norte-de-manabi\\\/#breadcrumb\",\"itemListElement\":[{\"@type\":\"ListItem\",\"position\":1,\"name\":\"Portada\",\"item\":\"https:\\\/\\\/www.manabi.gob.ec\\\/\"},{\"@type\":\"ListItem\",\"position\":2,\"name\":\"ABREN ESCUELA GASTRON\u00d3MICA EN ZONA NORTE DE MANAB\u00cd\"}]},{\"@type\":\"WebSite\",\"@id\":\"https:\\\/\\\/www.manabi.gob.ec\\\/#website\",\"url\":\"https:\\\/\\\/www.manabi.gob.ec\\\/\",\"name\":\"Prefectura de Manab\u00ed\",\"description\":\"P\u00e1gina web de la prefectura\",\"potentialAction\":[{\"@type\":\"SearchAction\",\"target\":{\"@type\":\"EntryPoint\",\"urlTemplate\":\"https:\\\/\\\/www.manabi.gob.ec\\\/?s={search_term_string}\"},\"query-input\":{\"@type\":\"PropertyValueSpecification\",\"valueRequired\":true,\"valueName\":\"search_term_string\"}}],\"inLanguage\":\"es\"},{\"@type\":\"Person\",\"@id\":\"https:\\\/\\\/www.manabi.gob.ec\\\/#\\\/schema\\\/person\\\/cfc71bd68fe2703b779edcc292a49722\",\"name\":\"admin\",\"image\":{\"@type\":\"ImageObject\",\"inLanguage\":\"es\",\"@id\":\"https:\\\/\\\/secure.gravatar.com\\\/avatar\\\/23e9f919492b0a2f65aa168e0d8c5c867ea853b61deffbadf08c7031e15b8d78?s=96&d=mm&r=g\",\"url\":\"https:\\\/\\\/secure.gravatar.com\\\/avatar\\\/23e9f919492b0a2f65aa168e0d8c5c867ea853b61deffbadf08c7031e15b8d78?s=96&d=mm&r=g\",\"contentUrl\":\"https:\\\/\\\/secure.gravatar.com\\\/avatar\\\/23e9f919492b0a2f65aa168e0d8c5c867ea853b61deffbadf08c7031e15b8d78?s=96&d=mm&r=g\",\"caption\":\"admin\"},\"sameAs\":[\"http:\\\/\\\/www.manabi.gob.ec\"],\"url\":\"https:\\\/\\\/www.manabi.gob.ec\\\/index.php\\\/author\\\/admin\\\/\"}]}<\/script>\n<!-- \/ Yoast SEO plugin. -->","yoast_head_json":{"title":"ABREN ESCUELA GASTRON\u00d3MICA EN ZONA NORTE DE MANAB\u00cd - Prefectura de Manab\u00ed","robots":{"index":"index","follow":"follow","max-snippet":"max-snippet:-1","max-image-preview":"max-image-preview:large","max-video-preview":"max-video-preview:-1"},"canonical":"https:\/\/www.manabi.gob.ec\/index.php\/abren-escuela-gastronomica-en-zona-norte-de-manabi\/","og_locale":"es_ES","og_type":"article","og_title":"ABREN ESCUELA GASTRON\u00d3MICA EN ZONA NORTE DE MANAB\u00cd - Prefectura de Manab\u00ed","og_description":"Se viene algo genial en Manab\u00ed, especialmente para quienes viven en la zona norte de la provincia, donde se implementar\u00e1 \u00a0la \u201cEscuela de Comida y Hospitalidad ICHE\u201d que ser\u00e1 una gran oportunidad de aprendizaje para quienes busquen desarrollarse en el arte culinario. Este proyecto culinario funcionar\u00e1 en el Km 4 de la v\u00eda\u00a0 San Vicente-San [&hellip;]","og_url":"https:\/\/www.manabi.gob.ec\/index.php\/abren-escuela-gastronomica-en-zona-norte-de-manabi\/","og_site_name":"Prefectura de Manab\u00ed","article_published_time":"2021-02-19T22:12:51+00:00","article_modified_time":"2021-02-24T16:42:36+00:00","og_image":[{"width":1280,"height":590,"url":"https:\/\/www.manabi.gob.ec\/wp-content\/uploads\/2021\/02\/Escuela-de-comida-Ichi-2.jpeg","type":"image\/jpeg"}],"author":"admin","twitter_card":"summary_large_image","twitter_misc":{"Escrito por":"admin","Tiempo de lectura":"1 minuto"},"schema":{"@context":"https:\/\/schema.org","@graph":[{"@type":"Article","@id":"https:\/\/www.manabi.gob.ec\/index.php\/abren-escuela-gastronomica-en-zona-norte-de-manabi\/#article","isPartOf":{"@id":"https:\/\/www.manabi.gob.ec\/index.php\/abren-escuela-gastronomica-en-zona-norte-de-manabi\/"},"author":{"name":"admin","@id":"https:\/\/www.manabi.gob.ec\/#\/schema\/person\/cfc71bd68fe2703b779edcc292a49722"},"headline":"ABREN ESCUELA GASTRON\u00d3MICA EN ZONA NORTE DE MANAB\u00cd","datePublished":"2021-02-19T22:12:51+00:00","dateModified":"2021-02-24T16:42:36+00:00","mainEntityOfPage":{"@id":"https:\/\/www.manabi.gob.ec\/index.php\/abren-escuela-gastronomica-en-zona-norte-de-manabi\/"},"wordCount":222,"commentCount":0,"image":{"@id":"https:\/\/www.manabi.gob.ec\/index.php\/abren-escuela-gastronomica-en-zona-norte-de-manabi\/#primaryimage"},"thumbnailUrl":"https:\/\/www.manabi.gob.ec\/wp-content\/uploads\/2021\/02\/Escuela-de-comida-Ichi-2.jpeg","articleSection":["Noticias","San Vicente"],"inLanguage":"es","potentialAction":[{"@type":"CommentAction","name":"Comment","target":["https:\/\/www.manabi.gob.ec\/index.php\/abren-escuela-gastronomica-en-zona-norte-de-manabi\/#respond"]}]},{"@type":"WebPage","@id":"https:\/\/www.manabi.gob.ec\/index.php\/abren-escuela-gastronomica-en-zona-norte-de-manabi\/","url":"https:\/\/www.manabi.gob.ec\/index.php\/abren-escuela-gastronomica-en-zona-norte-de-manabi\/","name":"ABREN ESCUELA GASTRON\u00d3MICA EN ZONA NORTE DE MANAB\u00cd - Prefectura de Manab\u00ed","isPartOf":{"@id":"https:\/\/www.manabi.gob.ec\/#website"},"primaryImageOfPage":{"@id":"https:\/\/www.manabi.gob.ec\/index.php\/abren-escuela-gastronomica-en-zona-norte-de-manabi\/#primaryimage"},"image":{"@id":"https:\/\/www.manabi.gob.ec\/index.php\/abren-escuela-gastronomica-en-zona-norte-de-manabi\/#primaryimage"},"thumbnailUrl":"https:\/\/www.manabi.gob.ec\/wp-content\/uploads\/2021\/02\/Escuela-de-comida-Ichi-2.jpeg","datePublished":"2021-02-19T22:12:51+00:00","dateModified":"2021-02-24T16:42:36+00:00","author":{"@id":"https:\/\/www.manabi.gob.ec\/#\/schema\/person\/cfc71bd68fe2703b779edcc292a49722"},"breadcrumb":{"@id":"https:\/\/www.manabi.gob.ec\/index.php\/abren-escuela-gastronomica-en-zona-norte-de-manabi\/#breadcrumb"},"inLanguage":"es","potentialAction":[{"@type":"ReadAction","target":["https:\/\/www.manabi.gob.ec\/index.php\/abren-escuela-gastronomica-en-zona-norte-de-manabi\/"]}]},{"@type":"ImageObject","inLanguage":"es","@id":"https:\/\/www.manabi.gob.ec\/index.php\/abren-escuela-gastronomica-en-zona-norte-de-manabi\/#primaryimage","url":"https:\/\/www.manabi.gob.ec\/wp-content\/uploads\/2021\/02\/Escuela-de-comida-Ichi-2.jpeg","contentUrl":"https:\/\/www.manabi.gob.ec\/wp-content\/uploads\/2021\/02\/Escuela-de-comida-Ichi-2.jpeg","width":1280,"height":590},{"@type":"BreadcrumbList","@id":"https:\/\/www.manabi.gob.ec\/index.php\/abren-escuela-gastronomica-en-zona-norte-de-manabi\/#breadcrumb","itemListElement":[{"@type":"ListItem","position":1,"name":"Portada","item":"https:\/\/www.manabi.gob.ec\/"},{"@type":"ListItem","position":2,"name":"ABREN ESCUELA GASTRON\u00d3MICA EN ZONA NORTE DE MANAB\u00cd"}]},{"@type":"WebSite","@id":"https:\/\/www.manabi.gob.ec\/#website","url":"https:\/\/www.manabi.gob.ec\/","name":"Prefectura de Manab\u00ed","description":"P\u00e1gina web de la prefectura","potentialAction":[{"@type":"SearchAction","target":{"@type":"EntryPoint","urlTemplate":"https:\/\/www.manabi.gob.ec\/?s={search_term_string}"},"query-input":{"@type":"PropertyValueSpecification","valueRequired":true,"valueName":"search_term_string"}}],"inLanguage":"es"},{"@type":"Person","@id":"https:\/\/www.manabi.gob.ec\/#\/schema\/person\/cfc71bd68fe2703b779edcc292a49722","name":"admin","image":{"@type":"ImageObject","inLanguage":"es","@id":"https:\/\/secure.gravatar.com\/avatar\/23e9f919492b0a2f65aa168e0d8c5c867ea853b61deffbadf08c7031e15b8d78?s=96&d=mm&r=g","url":"https:\/\/secure.gravatar.com\/avatar\/23e9f919492b0a2f65aa168e0d8c5c867ea853b61deffbadf08c7031e15b8d78?s=96&d=mm&r=g","contentUrl":"https:\/\/secure.gravatar.com\/avatar\/23e9f919492b0a2f65aa168e0d8c5c867ea853b61deffbadf08c7031e15b8d78?s=96&d=mm&r=g","caption":"admin"},"sameAs":["http:\/\/www.manabi.gob.ec"],"url":"https:\/\/www.manabi.gob.ec\/index.php\/author\/admin\/"}]}},"jetpack_featured_media_url":"https:\/\/www.manabi.gob.ec\/wp-content\/uploads\/2021\/02\/Escuela-de-comida-Ichi-2.jpeg","_links":{"self":[{"href":"https:\/\/www.manabi.gob.ec\/index.php\/wp-json\/wp\/v2\/posts\/15874","targetHints":{"allow":["GET"]}}],"collection":[{"href":"https:\/\/www.manabi.gob.ec\/index.php\/wp-json\/wp\/v2\/posts"}],"about":[{"href":"https:\/\/www.manabi.gob.ec\/index.php\/wp-json\/wp\/v2\/types\/post"}],"author":[{"embeddable":true,"href":"https:\/\/www.manabi.gob.ec\/index.php\/wp-json\/wp\/v2\/users\/1"}],"replies":[{"embeddable":true,"href":"https:\/\/www.manabi.gob.ec\/index.php\/wp-json\/wp\/v2\/comments?post=15874"}],"version-history":[{"count":0,"href":"https:\/\/www.manabi.gob.ec\/index.php\/wp-json\/wp\/v2\/posts\/15874\/revisions"}],"wp:featuredmedia":[{"embeddable":true,"href":"https:\/\/www.manabi.gob.ec\/index.php\/wp-json\/wp\/v2\/media\/15813"}],"wp:attachment":[{"href":"https:\/\/www.manabi.gob.ec\/index.php\/wp-json\/wp\/v2\/media?parent=15874"}],"wp:term":[{"taxonomy":"category","embeddable":true,"href":"https:\/\/www.manabi.gob.ec\/index.php\/wp-json\/wp\/v2\/categories?post=15874"},{"taxonomy":"post_tag","embeddable":true,"href":"https:\/\/www.manabi.gob.ec\/index.php\/wp-json\/wp\/v2\/tags?post=15874"}],"curies":[{"name":"wp","href":"https:\/\/api.w.org\/{rel}","templated":true}]}}