{"id":15879,"date":"2021-02-22T10:13:14","date_gmt":"2021-02-22T15:13:14","guid":{"rendered":"https:\/\/www.manabi.gob.ec\/?p=15173"},"modified":"2021-02-24T16:19:40","modified_gmt":"2021-02-24T16:19:40","slug":"jipijapa-y-24-de-mayo-se-integran-al-desarrollo","status":"publish","type":"post","link":"https:\/\/www.manabi.gob.ec\/index.php\/jipijapa-y-24-de-mayo-se-integran-al-desarrollo\/","title":{"rendered":"Jipijapa y 24 de Mayo se integran al desarrollo"},"content":{"rendered":"<p style=\"font-weight: 400;\">Un 77 % de avance registra la rehabilitaci\u00f3n de la v\u00eda Jipijapa &#8211; Noboa, &nbsp;eje vial de 30 km de longitud, &nbsp;que integra a los cantones Jipijapa y 24 de Mayo.<\/p>\n<p style=\"font-weight: 400;\">\n<p style=\"font-weight: 400;\">Este s\u00e1bado 20 de febrero, el prefecto Leonardo Orlando, supervis\u00f3 y recorri\u00f3 junto a t\u00e9cnicos del Gobierno Provincial de Manab\u00ed, las labores realizadas hasta el momento.<\/p>\n<p style=\"font-weight: 400;\">\n<p style=\"font-weight: 400;\">\u00abEst\u00e1 v\u00eda es desarrollo e integra a dos parroquias hermanas La Uni\u00f3n y Noboa. Se han presentado ciertos contratiempos, pero estamos trabajando para entregar esta obra lo m\u00e1s pronto posible\u00bb, dijo el prefecto Orlando durante el recorrido.<\/p>\n<p style=\"font-weight: 400;\">\n<p style=\"font-weight: 400;\">La rehabilitaci\u00f3n de esta v\u00eda la realiza la Constructora Ciudad Rodrigo. Se financia con un cr\u00e9dito del Banco de Desarrollo del Ecuador, con una inversi\u00f3n de 6\u2019879.437,14 d\u00f3lares.<\/p>\n<p style=\"font-weight: 400;\">\n<p style=\"font-weight: 400;\">\u00bb Inicialmente la ejecuci\u00f3n de la obra ten\u00eda un plazo de 360 d\u00edas, pero se ampli\u00f3 en 230 d\u00edas m\u00e1s por los adicionales de obra contrato complementario\u00bb, indic\u00f3 el ingeniero Roberto S\u00e1nchez, administrador del contrato y t\u00e9cnico del Gobierno Provincial.<\/p>\n<p style=\"font-weight: 400;\">En 23 kil\u00f3metros se observa que ya existe carpeta asf\u00e1ltica de 2 pulgadas. Al momento se trabaja en la colocaci\u00f3n de sub base y base en varios tramos de la calzada.<\/p>\n<p style=\"font-weight: 400;\">\n<p style=\"font-weight: 400;\">Las obras de drenajes como: alcantarillas tubulares de hormig\u00f3n armado, alcantarillas tipo ducto caj\u00f3n y subdrenes ya se construyeron. Al igual que los muros de gavi\u00f3n y muros de refuerzo de piedra escollera, uno de estos \u00faltimos est\u00e1 en proceso de construcci\u00f3n en el km 20.<\/p>\n<p style=\"font-weight: 400;\">\n<p style=\"font-weight: 400;\">\u00c1ngel Quiroz, presidente del GAD parroquial de Noboa, quien tambi\u00e9n particip\u00f3 del recorrido, considera que la rehabilitaci\u00f3n de esta v\u00eda significa vida y progreso. \u00abEs la arteria principal de nuestra parroquia, el 80% de los habitantes utilizan este camino, principalmente los estudiantes que se dirigen a la UNESUM\u00bb, expres\u00f3 Quiroz.<\/p>\n","protected":false},"excerpt":{"rendered":"<p>Un 77 % de avance registra la rehabilitaci\u00f3n de la v\u00eda Jipijapa &#8211; Noboa, &nbsp;eje vial de 30 km de longitud, &nbsp;que integra a los cantones Jipijapa y 24 de Mayo. Este s\u00e1bado 20 de febrero, el prefecto Leonardo Orlando, supervis\u00f3 y recorri\u00f3 junto a t\u00e9cnicos del Gobierno Provincial de Manab\u00ed, las labores realizadas hasta [&hellip;]<\/p>\n","protected":false},"author":1,"featured_media":15819,"comment_status":"open","ping_status":"open","sticky":false,"template":"","format":"standard","meta":{"_joinchat":[],"footnotes":""},"categories":[138,123,92],"tags":[],"class_list":["post-15879","post","type-post","status-publish","format-standard","has-post-thumbnail","hentry","category-24-de-mayo","category-jipijapa","category-noticias-manabi"],"yoast_head":"<!-- This site is optimized with the Yoast SEO plugin v27.4 - https:\/\/yoast.com\/product\/yoast-seo-wordpress\/ -->\n<title>Jipijapa y 24 de Mayo se integran al desarrollo - Prefectura de Manab\u00ed<\/title>\n<meta name=\"robots\" content=\"index, follow, max-snippet:-1, max-image-preview:large, max-video-preview:-1\" \/>\n<link rel=\"canonical\" href=\"https:\/\/www.manabi.gob.ec\/index.php\/jipijapa-y-24-de-mayo-se-integran-al-desarrollo\/\" \/>\n<meta property=\"og:locale\" content=\"es_ES\" \/>\n<meta property=\"og:type\" content=\"article\" \/>\n<meta property=\"og:title\" content=\"Jipijapa y 24 de Mayo se integran al desarrollo - Prefectura de Manab\u00ed\" \/>\n<meta property=\"og:description\" content=\"Un 77 % de avance registra la rehabilitaci\u00f3n de la v\u00eda Jipijapa &#8211; Noboa, &nbsp;eje vial de 30 km de longitud, &nbsp;que integra a los cantones Jipijapa y 24 de Mayo. Este s\u00e1bado 20 de febrero, el prefecto Leonardo Orlando, supervis\u00f3 y recorri\u00f3 junto a t\u00e9cnicos del Gobierno Provincial de Manab\u00ed, las labores realizadas hasta [&hellip;]\" \/>\n<meta property=\"og:url\" content=\"https:\/\/www.manabi.gob.ec\/index.php\/jipijapa-y-24-de-mayo-se-integran-al-desarrollo\/\" \/>\n<meta property=\"og:site_name\" content=\"Prefectura de Manab\u00ed\" \/>\n<meta property=\"article:published_time\" content=\"2021-02-22T15:13:14+00:00\" \/>\n<meta property=\"article:modified_time\" content=\"2021-02-24T16:19:40+00:00\" \/>\n<meta property=\"og:image\" content=\"https:\/\/www.manabi.gob.ec\/wp-content\/uploads\/2021\/02\/Via-Jipijapa-24-de-Mayo-3.jpeg\" \/>\n\t<meta property=\"og:image:width\" content=\"1280\" \/>\n\t<meta property=\"og:image:height\" content=\"853\" \/>\n\t<meta property=\"og:image:type\" content=\"image\/jpeg\" \/>\n<meta name=\"author\" content=\"admin\" \/>\n<meta name=\"twitter:card\" content=\"summary_large_image\" \/>\n<meta name=\"twitter:label1\" content=\"Escrito por\" \/>\n\t<meta name=\"twitter:data1\" content=\"admin\" \/>\n\t<meta name=\"twitter:label2\" content=\"Tiempo de lectura\" \/>\n\t<meta name=\"twitter:data2\" content=\"2 minutos\" \/>\n<script type=\"application\/ld+json\" class=\"yoast-schema-graph\">{\"@context\":\"https:\\\/\\\/schema.org\",\"@graph\":[{\"@type\":\"Article\",\"@id\":\"https:\\\/\\\/www.manabi.gob.ec\\\/index.php\\\/jipijapa-y-24-de-mayo-se-integran-al-desarrollo\\\/#article\",\"isPartOf\":{\"@id\":\"https:\\\/\\\/www.manabi.gob.ec\\\/index.php\\\/jipijapa-y-24-de-mayo-se-integran-al-desarrollo\\\/\"},\"author\":{\"name\":\"admin\",\"@id\":\"https:\\\/\\\/www.manabi.gob.ec\\\/#\\\/schema\\\/person\\\/cfc71bd68fe2703b779edcc292a49722\"},\"headline\":\"Jipijapa y 24 de Mayo se integran al desarrollo\",\"datePublished\":\"2021-02-22T15:13:14+00:00\",\"dateModified\":\"2021-02-24T16:19:40+00:00\",\"mainEntityOfPage\":{\"@id\":\"https:\\\/\\\/www.manabi.gob.ec\\\/index.php\\\/jipijapa-y-24-de-mayo-se-integran-al-desarrollo\\\/\"},\"wordCount\":315,\"commentCount\":0,\"image\":{\"@id\":\"https:\\\/\\\/www.manabi.gob.ec\\\/index.php\\\/jipijapa-y-24-de-mayo-se-integran-al-desarrollo\\\/#primaryimage\"},\"thumbnailUrl\":\"https:\\\/\\\/www.manabi.gob.ec\\\/wp-content\\\/uploads\\\/2021\\\/02\\\/Via-Jipijapa-24-de-Mayo-3.jpeg\",\"articleSection\":[\"24 de Mayo\",\"Jipijapa\",\"Noticias\"],\"inLanguage\":\"es\",\"potentialAction\":[{\"@type\":\"CommentAction\",\"name\":\"Comment\",\"target\":[\"https:\\\/\\\/www.manabi.gob.ec\\\/index.php\\\/jipijapa-y-24-de-mayo-se-integran-al-desarrollo\\\/#respond\"]}]},{\"@type\":\"WebPage\",\"@id\":\"https:\\\/\\\/www.manabi.gob.ec\\\/index.php\\\/jipijapa-y-24-de-mayo-se-integran-al-desarrollo\\\/\",\"url\":\"https:\\\/\\\/www.manabi.gob.ec\\\/index.php\\\/jipijapa-y-24-de-mayo-se-integran-al-desarrollo\\\/\",\"name\":\"Jipijapa y 24 de Mayo se integran al desarrollo - Prefectura de Manab\u00ed\",\"isPartOf\":{\"@id\":\"https:\\\/\\\/www.manabi.gob.ec\\\/#website\"},\"primaryImageOfPage\":{\"@id\":\"https:\\\/\\\/www.manabi.gob.ec\\\/index.php\\\/jipijapa-y-24-de-mayo-se-integran-al-desarrollo\\\/#primaryimage\"},\"image\":{\"@id\":\"https:\\\/\\\/www.manabi.gob.ec\\\/index.php\\\/jipijapa-y-24-de-mayo-se-integran-al-desarrollo\\\/#primaryimage\"},\"thumbnailUrl\":\"https:\\\/\\\/www.manabi.gob.ec\\\/wp-content\\\/uploads\\\/2021\\\/02\\\/Via-Jipijapa-24-de-Mayo-3.jpeg\",\"datePublished\":\"2021-02-22T15:13:14+00:00\",\"dateModified\":\"2021-02-24T16:19:40+00:00\",\"author\":{\"@id\":\"https:\\\/\\\/www.manabi.gob.ec\\\/#\\\/schema\\\/person\\\/cfc71bd68fe2703b779edcc292a49722\"},\"breadcrumb\":{\"@id\":\"https:\\\/\\\/www.manabi.gob.ec\\\/index.php\\\/jipijapa-y-24-de-mayo-se-integran-al-desarrollo\\\/#breadcrumb\"},\"inLanguage\":\"es\",\"potentialAction\":[{\"@type\":\"ReadAction\",\"target\":[\"https:\\\/\\\/www.manabi.gob.ec\\\/index.php\\\/jipijapa-y-24-de-mayo-se-integran-al-desarrollo\\\/\"]}]},{\"@type\":\"ImageObject\",\"inLanguage\":\"es\",\"@id\":\"https:\\\/\\\/www.manabi.gob.ec\\\/index.php\\\/jipijapa-y-24-de-mayo-se-integran-al-desarrollo\\\/#primaryimage\",\"url\":\"https:\\\/\\\/www.manabi.gob.ec\\\/wp-content\\\/uploads\\\/2021\\\/02\\\/Via-Jipijapa-24-de-Mayo-3.jpeg\",\"contentUrl\":\"https:\\\/\\\/www.manabi.gob.ec\\\/wp-content\\\/uploads\\\/2021\\\/02\\\/Via-Jipijapa-24-de-Mayo-3.jpeg\",\"width\":1280,\"height\":853},{\"@type\":\"BreadcrumbList\",\"@id\":\"https:\\\/\\\/www.manabi.gob.ec\\\/index.php\\\/jipijapa-y-24-de-mayo-se-integran-al-desarrollo\\\/#breadcrumb\",\"itemListElement\":[{\"@type\":\"ListItem\",\"position\":1,\"name\":\"Portada\",\"item\":\"https:\\\/\\\/www.manabi.gob.ec\\\/\"},{\"@type\":\"ListItem\",\"position\":2,\"name\":\"Jipijapa y 24 de Mayo se integran al desarrollo\"}]},{\"@type\":\"WebSite\",\"@id\":\"https:\\\/\\\/www.manabi.gob.ec\\\/#website\",\"url\":\"https:\\\/\\\/www.manabi.gob.ec\\\/\",\"name\":\"Prefectura de Manab\u00ed\",\"description\":\"P\u00e1gina web de la prefectura\",\"potentialAction\":[{\"@type\":\"SearchAction\",\"target\":{\"@type\":\"EntryPoint\",\"urlTemplate\":\"https:\\\/\\\/www.manabi.gob.ec\\\/?s={search_term_string}\"},\"query-input\":{\"@type\":\"PropertyValueSpecification\",\"valueRequired\":true,\"valueName\":\"search_term_string\"}}],\"inLanguage\":\"es\"},{\"@type\":\"Person\",\"@id\":\"https:\\\/\\\/www.manabi.gob.ec\\\/#\\\/schema\\\/person\\\/cfc71bd68fe2703b779edcc292a49722\",\"name\":\"admin\",\"image\":{\"@type\":\"ImageObject\",\"inLanguage\":\"es\",\"@id\":\"https:\\\/\\\/secure.gravatar.com\\\/avatar\\\/23e9f919492b0a2f65aa168e0d8c5c867ea853b61deffbadf08c7031e15b8d78?s=96&d=mm&r=g\",\"url\":\"https:\\\/\\\/secure.gravatar.com\\\/avatar\\\/23e9f919492b0a2f65aa168e0d8c5c867ea853b61deffbadf08c7031e15b8d78?s=96&d=mm&r=g\",\"contentUrl\":\"https:\\\/\\\/secure.gravatar.com\\\/avatar\\\/23e9f919492b0a2f65aa168e0d8c5c867ea853b61deffbadf08c7031e15b8d78?s=96&d=mm&r=g\",\"caption\":\"admin\"},\"sameAs\":[\"http:\\\/\\\/www.manabi.gob.ec\"],\"url\":\"https:\\\/\\\/www.manabi.gob.ec\\\/index.php\\\/author\\\/admin\\\/\"}]}<\/script>\n<!-- \/ Yoast SEO plugin. -->","yoast_head_json":{"title":"Jipijapa y 24 de Mayo se integran al desarrollo - Prefectura de Manab\u00ed","robots":{"index":"index","follow":"follow","max-snippet":"max-snippet:-1","max-image-preview":"max-image-preview:large","max-video-preview":"max-video-preview:-1"},"canonical":"https:\/\/www.manabi.gob.ec\/index.php\/jipijapa-y-24-de-mayo-se-integran-al-desarrollo\/","og_locale":"es_ES","og_type":"article","og_title":"Jipijapa y 24 de Mayo se integran al desarrollo - Prefectura de Manab\u00ed","og_description":"Un 77 % de avance registra la rehabilitaci\u00f3n de la v\u00eda Jipijapa &#8211; Noboa, &nbsp;eje vial de 30 km de longitud, &nbsp;que integra a los cantones Jipijapa y 24 de Mayo. Este s\u00e1bado 20 de febrero, el prefecto Leonardo Orlando, supervis\u00f3 y recorri\u00f3 junto a t\u00e9cnicos del Gobierno Provincial de Manab\u00ed, las labores realizadas hasta [&hellip;]","og_url":"https:\/\/www.manabi.gob.ec\/index.php\/jipijapa-y-24-de-mayo-se-integran-al-desarrollo\/","og_site_name":"Prefectura de Manab\u00ed","article_published_time":"2021-02-22T15:13:14+00:00","article_modified_time":"2021-02-24T16:19:40+00:00","og_image":[{"width":1280,"height":853,"url":"https:\/\/www.manabi.gob.ec\/wp-content\/uploads\/2021\/02\/Via-Jipijapa-24-de-Mayo-3.jpeg","type":"image\/jpeg"}],"author":"admin","twitter_card":"summary_large_image","twitter_misc":{"Escrito por":"admin","Tiempo de lectura":"2 minutos"},"schema":{"@context":"https:\/\/schema.org","@graph":[{"@type":"Article","@id":"https:\/\/www.manabi.gob.ec\/index.php\/jipijapa-y-24-de-mayo-se-integran-al-desarrollo\/#article","isPartOf":{"@id":"https:\/\/www.manabi.gob.ec\/index.php\/jipijapa-y-24-de-mayo-se-integran-al-desarrollo\/"},"author":{"name":"admin","@id":"https:\/\/www.manabi.gob.ec\/#\/schema\/person\/cfc71bd68fe2703b779edcc292a49722"},"headline":"Jipijapa y 24 de Mayo se integran al desarrollo","datePublished":"2021-02-22T15:13:14+00:00","dateModified":"2021-02-24T16:19:40+00:00","mainEntityOfPage":{"@id":"https:\/\/www.manabi.gob.ec\/index.php\/jipijapa-y-24-de-mayo-se-integran-al-desarrollo\/"},"wordCount":315,"commentCount":0,"image":{"@id":"https:\/\/www.manabi.gob.ec\/index.php\/jipijapa-y-24-de-mayo-se-integran-al-desarrollo\/#primaryimage"},"thumbnailUrl":"https:\/\/www.manabi.gob.ec\/wp-content\/uploads\/2021\/02\/Via-Jipijapa-24-de-Mayo-3.jpeg","articleSection":["24 de Mayo","Jipijapa","Noticias"],"inLanguage":"es","potentialAction":[{"@type":"CommentAction","name":"Comment","target":["https:\/\/www.manabi.gob.ec\/index.php\/jipijapa-y-24-de-mayo-se-integran-al-desarrollo\/#respond"]}]},{"@type":"WebPage","@id":"https:\/\/www.manabi.gob.ec\/index.php\/jipijapa-y-24-de-mayo-se-integran-al-desarrollo\/","url":"https:\/\/www.manabi.gob.ec\/index.php\/jipijapa-y-24-de-mayo-se-integran-al-desarrollo\/","name":"Jipijapa y 24 de Mayo se integran al desarrollo - Prefectura de Manab\u00ed","isPartOf":{"@id":"https:\/\/www.manabi.gob.ec\/#website"},"primaryImageOfPage":{"@id":"https:\/\/www.manabi.gob.ec\/index.php\/jipijapa-y-24-de-mayo-se-integran-al-desarrollo\/#primaryimage"},"image":{"@id":"https:\/\/www.manabi.gob.ec\/index.php\/jipijapa-y-24-de-mayo-se-integran-al-desarrollo\/#primaryimage"},"thumbnailUrl":"https:\/\/www.manabi.gob.ec\/wp-content\/uploads\/2021\/02\/Via-Jipijapa-24-de-Mayo-3.jpeg","datePublished":"2021-02-22T15:13:14+00:00","dateModified":"2021-02-24T16:19:40+00:00","author":{"@id":"https:\/\/www.manabi.gob.ec\/#\/schema\/person\/cfc71bd68fe2703b779edcc292a49722"},"breadcrumb":{"@id":"https:\/\/www.manabi.gob.ec\/index.php\/jipijapa-y-24-de-mayo-se-integran-al-desarrollo\/#breadcrumb"},"inLanguage":"es","potentialAction":[{"@type":"ReadAction","target":["https:\/\/www.manabi.gob.ec\/index.php\/jipijapa-y-24-de-mayo-se-integran-al-desarrollo\/"]}]},{"@type":"ImageObject","inLanguage":"es","@id":"https:\/\/www.manabi.gob.ec\/index.php\/jipijapa-y-24-de-mayo-se-integran-al-desarrollo\/#primaryimage","url":"https:\/\/www.manabi.gob.ec\/wp-content\/uploads\/2021\/02\/Via-Jipijapa-24-de-Mayo-3.jpeg","contentUrl":"https:\/\/www.manabi.gob.ec\/wp-content\/uploads\/2021\/02\/Via-Jipijapa-24-de-Mayo-3.jpeg","width":1280,"height":853},{"@type":"BreadcrumbList","@id":"https:\/\/www.manabi.gob.ec\/index.php\/jipijapa-y-24-de-mayo-se-integran-al-desarrollo\/#breadcrumb","itemListElement":[{"@type":"ListItem","position":1,"name":"Portada","item":"https:\/\/www.manabi.gob.ec\/"},{"@type":"ListItem","position":2,"name":"Jipijapa y 24 de Mayo se integran al desarrollo"}]},{"@type":"WebSite","@id":"https:\/\/www.manabi.gob.ec\/#website","url":"https:\/\/www.manabi.gob.ec\/","name":"Prefectura de Manab\u00ed","description":"P\u00e1gina web de la prefectura","potentialAction":[{"@type":"SearchAction","target":{"@type":"EntryPoint","urlTemplate":"https:\/\/www.manabi.gob.ec\/?s={search_term_string}"},"query-input":{"@type":"PropertyValueSpecification","valueRequired":true,"valueName":"search_term_string"}}],"inLanguage":"es"},{"@type":"Person","@id":"https:\/\/www.manabi.gob.ec\/#\/schema\/person\/cfc71bd68fe2703b779edcc292a49722","name":"admin","image":{"@type":"ImageObject","inLanguage":"es","@id":"https:\/\/secure.gravatar.com\/avatar\/23e9f919492b0a2f65aa168e0d8c5c867ea853b61deffbadf08c7031e15b8d78?s=96&d=mm&r=g","url":"https:\/\/secure.gravatar.com\/avatar\/23e9f919492b0a2f65aa168e0d8c5c867ea853b61deffbadf08c7031e15b8d78?s=96&d=mm&r=g","contentUrl":"https:\/\/secure.gravatar.com\/avatar\/23e9f919492b0a2f65aa168e0d8c5c867ea853b61deffbadf08c7031e15b8d78?s=96&d=mm&r=g","caption":"admin"},"sameAs":["http:\/\/www.manabi.gob.ec"],"url":"https:\/\/www.manabi.gob.ec\/index.php\/author\/admin\/"}]}},"jetpack_featured_media_url":"https:\/\/www.manabi.gob.ec\/wp-content\/uploads\/2021\/02\/Via-Jipijapa-24-de-Mayo-3.jpeg","_links":{"self":[{"href":"https:\/\/www.manabi.gob.ec\/index.php\/wp-json\/wp\/v2\/posts\/15879","targetHints":{"allow":["GET"]}}],"collection":[{"href":"https:\/\/www.manabi.gob.ec\/index.php\/wp-json\/wp\/v2\/posts"}],"about":[{"href":"https:\/\/www.manabi.gob.ec\/index.php\/wp-json\/wp\/v2\/types\/post"}],"author":[{"embeddable":true,"href":"https:\/\/www.manabi.gob.ec\/index.php\/wp-json\/wp\/v2\/users\/1"}],"replies":[{"embeddable":true,"href":"https:\/\/www.manabi.gob.ec\/index.php\/wp-json\/wp\/v2\/comments?post=15879"}],"version-history":[{"count":0,"href":"https:\/\/www.manabi.gob.ec\/index.php\/wp-json\/wp\/v2\/posts\/15879\/revisions"}],"wp:featuredmedia":[{"embeddable":true,"href":"https:\/\/www.manabi.gob.ec\/index.php\/wp-json\/wp\/v2\/media\/15819"}],"wp:attachment":[{"href":"https:\/\/www.manabi.gob.ec\/index.php\/wp-json\/wp\/v2\/media?parent=15879"}],"wp:term":[{"taxonomy":"category","embeddable":true,"href":"https:\/\/www.manabi.gob.ec\/index.php\/wp-json\/wp\/v2\/categories?post=15879"},{"taxonomy":"post_tag","embeddable":true,"href":"https:\/\/www.manabi.gob.ec\/index.php\/wp-json\/wp\/v2\/tags?post=15879"}],"curies":[{"name":"wp","href":"https:\/\/api.w.org\/{rel}","templated":true}]}}