{"id":15983,"date":"2021-02-26T23:59:23","date_gmt":"2021-02-26T23:59:23","guid":{"rendered":"https:\/\/www.manabi.gob.ec\/?p=15983"},"modified":"2021-02-27T00:02:14","modified_gmt":"2021-02-27T00:02:14","slug":"prefectura-limpia-y-desazolva-embalse-de-presa-santa-ana","status":"publish","type":"post","link":"https:\/\/www.manabi.gob.ec\/index.php\/prefectura-limpia-y-desazolva-embalse-de-presa-santa-ana\/","title":{"rendered":"PREFECTURA LIMPIA Y DESAZOLVA EMBALSE  DE PRESA SANTA ANA"},"content":{"rendered":"\n<p>Hugo Rivadeneira es un joven habitante de Santa Ana, quien a su corta edad se interesa por los problemas de su cant\u00f3n, y reconoci\u00f3 la decisi\u00f3n de trabajo de las autoridades del Gobierno de Manab\u00ed en la limpieza y desazolve de la presa de este cant\u00f3n.<\/p>\n\n\n\n<p>Una m\u00e1quina excavadora brazo largo realiza el desazolve y limpieza de la presa, en 300 metros lineales del margen derecho y 600 metros del margen izquierdo aguas abajo del embalse, de donde se retira lodo, basura y maleza.<\/p>\n\n\n\n<p>&nbsp;Estos trabajos se ejecutan en coordinaci\u00f3n con Gobierno de Santa Ana y la Empresa P\u00fablica del Agua (EPA).<\/p>\n\n\n\n<p>El objetivo de los trabajos es mantener limpio el vaso del embalse y con ello buscar un mejor funcionamiento y rendimiento de la presa al servicio de la comunidad manabita.<\/p>\n\n\n\n<p>\u00abEsta es una presa que no se la puede manipular mucho por ser el\u00e9ctrica-mec\u00e1nica y era urgente esta limpieza, que no se hac\u00eda en dos a\u00f1os. De aqu\u00ed derivamos agua para los dos canales que abastecen al cant\u00f3n Portoviejo y a la comunidad de Sosote de Rocafuerte, administrados por la&nbsp;&nbsp; Empresa P\u00fablica del Agua\u201d explic\u00f3 Wilson, t\u00e9cnico de la Prefectura de Manab\u00ed.<\/p>\n","protected":false},"excerpt":{"rendered":"<p>Hugo Rivadeneira es un joven habitante de Santa Ana, quien a su corta edad se interesa por los problemas de su cant\u00f3n, y reconoci\u00f3 la decisi\u00f3n de trabajo de las autoridades del Gobierno de Manab\u00ed en la limpieza y desazolve de la presa de este cant\u00f3n. Una m\u00e1quina excavadora brazo largo realiza el desazolve y [&hellip;]<\/p>\n","protected":false},"author":1,"featured_media":15985,"comment_status":"closed","ping_status":"open","sticky":false,"template":"","format":"standard","meta":{"_joinchat":[],"footnotes":""},"categories":[92,89,107,127],"tags":[99],"class_list":["post-15983","post","type-post","status-publish","format-standard","has-post-thumbnail","hentry","category-noticias-manabi","category-riego-drenaje","category-santa-ana","category-vialidad","tag-santa-ana"],"yoast_head":"<!-- This site is optimized with the Yoast SEO plugin v27.4 - https:\/\/yoast.com\/product\/yoast-seo-wordpress\/ -->\n<title>PREFECTURA LIMPIA Y DESAZOLVA EMBALSE DE PRESA SANTA ANA - Prefectura de Manab\u00ed<\/title>\n<meta name=\"robots\" content=\"index, follow, max-snippet:-1, max-image-preview:large, max-video-preview:-1\" \/>\n<link rel=\"canonical\" href=\"https:\/\/www.manabi.gob.ec\/index.php\/prefectura-limpia-y-desazolva-embalse-de-presa-santa-ana\/\" \/>\n<meta property=\"og:locale\" content=\"es_ES\" \/>\n<meta property=\"og:type\" content=\"article\" \/>\n<meta property=\"og:title\" content=\"PREFECTURA LIMPIA Y DESAZOLVA EMBALSE DE PRESA SANTA ANA - Prefectura de Manab\u00ed\" \/>\n<meta property=\"og:description\" content=\"Hugo Rivadeneira es un joven habitante de Santa Ana, quien a su corta edad se interesa por los problemas de su cant\u00f3n, y reconoci\u00f3 la decisi\u00f3n de trabajo de las autoridades del Gobierno de Manab\u00ed en la limpieza y desazolve de la presa de este cant\u00f3n. Una m\u00e1quina excavadora brazo largo realiza el desazolve y [&hellip;]\" \/>\n<meta property=\"og:url\" content=\"https:\/\/www.manabi.gob.ec\/index.php\/prefectura-limpia-y-desazolva-embalse-de-presa-santa-ana\/\" \/>\n<meta property=\"og:site_name\" content=\"Prefectura de Manab\u00ed\" \/>\n<meta property=\"article:published_time\" content=\"2021-02-26T23:59:23+00:00\" \/>\n<meta property=\"article:modified_time\" content=\"2021-02-27T00:02:14+00:00\" \/>\n<meta property=\"og:image\" content=\"https:\/\/www.manabi.gob.ec\/wp-content\/uploads\/2021\/02\/Embalse-Santa-Ana-1.jpg\" \/>\n\t<meta property=\"og:image:width\" content=\"1280\" \/>\n\t<meta property=\"og:image:height\" content=\"853\" \/>\n\t<meta property=\"og:image:type\" content=\"image\/jpeg\" \/>\n<meta name=\"author\" content=\"admin\" \/>\n<meta name=\"twitter:card\" content=\"summary_large_image\" \/>\n<meta name=\"twitter:label1\" content=\"Escrito por\" \/>\n\t<meta name=\"twitter:data1\" content=\"admin\" \/>\n\t<meta name=\"twitter:label2\" content=\"Tiempo de lectura\" \/>\n\t<meta name=\"twitter:data2\" content=\"1 minuto\" \/>\n<script type=\"application\/ld+json\" class=\"yoast-schema-graph\">{\"@context\":\"https:\\\/\\\/schema.org\",\"@graph\":[{\"@type\":\"Article\",\"@id\":\"https:\\\/\\\/www.manabi.gob.ec\\\/index.php\\\/prefectura-limpia-y-desazolva-embalse-de-presa-santa-ana\\\/#article\",\"isPartOf\":{\"@id\":\"https:\\\/\\\/www.manabi.gob.ec\\\/index.php\\\/prefectura-limpia-y-desazolva-embalse-de-presa-santa-ana\\\/\"},\"author\":{\"name\":\"admin\",\"@id\":\"https:\\\/\\\/www.manabi.gob.ec\\\/#\\\/schema\\\/person\\\/cfc71bd68fe2703b779edcc292a49722\"},\"headline\":\"PREFECTURA LIMPIA Y DESAZOLVA EMBALSE DE PRESA SANTA ANA\",\"datePublished\":\"2021-02-26T23:59:23+00:00\",\"dateModified\":\"2021-02-27T00:02:14+00:00\",\"mainEntityOfPage\":{\"@id\":\"https:\\\/\\\/www.manabi.gob.ec\\\/index.php\\\/prefectura-limpia-y-desazolva-embalse-de-presa-santa-ana\\\/\"},\"wordCount\":217,\"image\":{\"@id\":\"https:\\\/\\\/www.manabi.gob.ec\\\/index.php\\\/prefectura-limpia-y-desazolva-embalse-de-presa-santa-ana\\\/#primaryimage\"},\"thumbnailUrl\":\"https:\\\/\\\/www.manabi.gob.ec\\\/wp-content\\\/uploads\\\/2021\\\/02\\\/Embalse-Santa-Ana-1.jpg\",\"keywords\":[\"Santa Ana\"],\"articleSection\":[\"Noticias\",\"Riego y drenaje\",\"Santa ana\",\"Vialidad\"],\"inLanguage\":\"es\"},{\"@type\":\"WebPage\",\"@id\":\"https:\\\/\\\/www.manabi.gob.ec\\\/index.php\\\/prefectura-limpia-y-desazolva-embalse-de-presa-santa-ana\\\/\",\"url\":\"https:\\\/\\\/www.manabi.gob.ec\\\/index.php\\\/prefectura-limpia-y-desazolva-embalse-de-presa-santa-ana\\\/\",\"name\":\"PREFECTURA LIMPIA Y DESAZOLVA EMBALSE DE PRESA SANTA ANA - Prefectura de Manab\u00ed\",\"isPartOf\":{\"@id\":\"https:\\\/\\\/www.manabi.gob.ec\\\/#website\"},\"primaryImageOfPage\":{\"@id\":\"https:\\\/\\\/www.manabi.gob.ec\\\/index.php\\\/prefectura-limpia-y-desazolva-embalse-de-presa-santa-ana\\\/#primaryimage\"},\"image\":{\"@id\":\"https:\\\/\\\/www.manabi.gob.ec\\\/index.php\\\/prefectura-limpia-y-desazolva-embalse-de-presa-santa-ana\\\/#primaryimage\"},\"thumbnailUrl\":\"https:\\\/\\\/www.manabi.gob.ec\\\/wp-content\\\/uploads\\\/2021\\\/02\\\/Embalse-Santa-Ana-1.jpg\",\"datePublished\":\"2021-02-26T23:59:23+00:00\",\"dateModified\":\"2021-02-27T00:02:14+00:00\",\"author\":{\"@id\":\"https:\\\/\\\/www.manabi.gob.ec\\\/#\\\/schema\\\/person\\\/cfc71bd68fe2703b779edcc292a49722\"},\"breadcrumb\":{\"@id\":\"https:\\\/\\\/www.manabi.gob.ec\\\/index.php\\\/prefectura-limpia-y-desazolva-embalse-de-presa-santa-ana\\\/#breadcrumb\"},\"inLanguage\":\"es\",\"potentialAction\":[{\"@type\":\"ReadAction\",\"target\":[\"https:\\\/\\\/www.manabi.gob.ec\\\/index.php\\\/prefectura-limpia-y-desazolva-embalse-de-presa-santa-ana\\\/\"]}]},{\"@type\":\"ImageObject\",\"inLanguage\":\"es\",\"@id\":\"https:\\\/\\\/www.manabi.gob.ec\\\/index.php\\\/prefectura-limpia-y-desazolva-embalse-de-presa-santa-ana\\\/#primaryimage\",\"url\":\"https:\\\/\\\/www.manabi.gob.ec\\\/wp-content\\\/uploads\\\/2021\\\/02\\\/Embalse-Santa-Ana-1.jpg\",\"contentUrl\":\"https:\\\/\\\/www.manabi.gob.ec\\\/wp-content\\\/uploads\\\/2021\\\/02\\\/Embalse-Santa-Ana-1.jpg\",\"width\":1280,\"height\":853},{\"@type\":\"BreadcrumbList\",\"@id\":\"https:\\\/\\\/www.manabi.gob.ec\\\/index.php\\\/prefectura-limpia-y-desazolva-embalse-de-presa-santa-ana\\\/#breadcrumb\",\"itemListElement\":[{\"@type\":\"ListItem\",\"position\":1,\"name\":\"Portada\",\"item\":\"https:\\\/\\\/www.manabi.gob.ec\\\/\"},{\"@type\":\"ListItem\",\"position\":2,\"name\":\"PREFECTURA LIMPIA Y DESAZOLVA EMBALSE DE PRESA SANTA ANA\"}]},{\"@type\":\"WebSite\",\"@id\":\"https:\\\/\\\/www.manabi.gob.ec\\\/#website\",\"url\":\"https:\\\/\\\/www.manabi.gob.ec\\\/\",\"name\":\"Prefectura de Manab\u00ed\",\"description\":\"P\u00e1gina web de la prefectura\",\"potentialAction\":[{\"@type\":\"SearchAction\",\"target\":{\"@type\":\"EntryPoint\",\"urlTemplate\":\"https:\\\/\\\/www.manabi.gob.ec\\\/?s={search_term_string}\"},\"query-input\":{\"@type\":\"PropertyValueSpecification\",\"valueRequired\":true,\"valueName\":\"search_term_string\"}}],\"inLanguage\":\"es\"},{\"@type\":\"Person\",\"@id\":\"https:\\\/\\\/www.manabi.gob.ec\\\/#\\\/schema\\\/person\\\/cfc71bd68fe2703b779edcc292a49722\",\"name\":\"admin\",\"image\":{\"@type\":\"ImageObject\",\"inLanguage\":\"es\",\"@id\":\"https:\\\/\\\/secure.gravatar.com\\\/avatar\\\/23e9f919492b0a2f65aa168e0d8c5c867ea853b61deffbadf08c7031e15b8d78?s=96&d=mm&r=g\",\"url\":\"https:\\\/\\\/secure.gravatar.com\\\/avatar\\\/23e9f919492b0a2f65aa168e0d8c5c867ea853b61deffbadf08c7031e15b8d78?s=96&d=mm&r=g\",\"contentUrl\":\"https:\\\/\\\/secure.gravatar.com\\\/avatar\\\/23e9f919492b0a2f65aa168e0d8c5c867ea853b61deffbadf08c7031e15b8d78?s=96&d=mm&r=g\",\"caption\":\"admin\"},\"sameAs\":[\"http:\\\/\\\/www.manabi.gob.ec\"],\"url\":\"https:\\\/\\\/www.manabi.gob.ec\\\/index.php\\\/author\\\/admin\\\/\"}]}<\/script>\n<!-- \/ Yoast SEO plugin. -->","yoast_head_json":{"title":"PREFECTURA LIMPIA Y DESAZOLVA EMBALSE DE PRESA SANTA ANA - Prefectura de Manab\u00ed","robots":{"index":"index","follow":"follow","max-snippet":"max-snippet:-1","max-image-preview":"max-image-preview:large","max-video-preview":"max-video-preview:-1"},"canonical":"https:\/\/www.manabi.gob.ec\/index.php\/prefectura-limpia-y-desazolva-embalse-de-presa-santa-ana\/","og_locale":"es_ES","og_type":"article","og_title":"PREFECTURA LIMPIA Y DESAZOLVA EMBALSE DE PRESA SANTA ANA - Prefectura de Manab\u00ed","og_description":"Hugo Rivadeneira es un joven habitante de Santa Ana, quien a su corta edad se interesa por los problemas de su cant\u00f3n, y reconoci\u00f3 la decisi\u00f3n de trabajo de las autoridades del Gobierno de Manab\u00ed en la limpieza y desazolve de la presa de este cant\u00f3n. Una m\u00e1quina excavadora brazo largo realiza el desazolve y [&hellip;]","og_url":"https:\/\/www.manabi.gob.ec\/index.php\/prefectura-limpia-y-desazolva-embalse-de-presa-santa-ana\/","og_site_name":"Prefectura de Manab\u00ed","article_published_time":"2021-02-26T23:59:23+00:00","article_modified_time":"2021-02-27T00:02:14+00:00","og_image":[{"width":1280,"height":853,"url":"https:\/\/www.manabi.gob.ec\/wp-content\/uploads\/2021\/02\/Embalse-Santa-Ana-1.jpg","type":"image\/jpeg"}],"author":"admin","twitter_card":"summary_large_image","twitter_misc":{"Escrito por":"admin","Tiempo de lectura":"1 minuto"},"schema":{"@context":"https:\/\/schema.org","@graph":[{"@type":"Article","@id":"https:\/\/www.manabi.gob.ec\/index.php\/prefectura-limpia-y-desazolva-embalse-de-presa-santa-ana\/#article","isPartOf":{"@id":"https:\/\/www.manabi.gob.ec\/index.php\/prefectura-limpia-y-desazolva-embalse-de-presa-santa-ana\/"},"author":{"name":"admin","@id":"https:\/\/www.manabi.gob.ec\/#\/schema\/person\/cfc71bd68fe2703b779edcc292a49722"},"headline":"PREFECTURA LIMPIA Y DESAZOLVA EMBALSE DE PRESA SANTA ANA","datePublished":"2021-02-26T23:59:23+00:00","dateModified":"2021-02-27T00:02:14+00:00","mainEntityOfPage":{"@id":"https:\/\/www.manabi.gob.ec\/index.php\/prefectura-limpia-y-desazolva-embalse-de-presa-santa-ana\/"},"wordCount":217,"image":{"@id":"https:\/\/www.manabi.gob.ec\/index.php\/prefectura-limpia-y-desazolva-embalse-de-presa-santa-ana\/#primaryimage"},"thumbnailUrl":"https:\/\/www.manabi.gob.ec\/wp-content\/uploads\/2021\/02\/Embalse-Santa-Ana-1.jpg","keywords":["Santa Ana"],"articleSection":["Noticias","Riego y drenaje","Santa ana","Vialidad"],"inLanguage":"es"},{"@type":"WebPage","@id":"https:\/\/www.manabi.gob.ec\/index.php\/prefectura-limpia-y-desazolva-embalse-de-presa-santa-ana\/","url":"https:\/\/www.manabi.gob.ec\/index.php\/prefectura-limpia-y-desazolva-embalse-de-presa-santa-ana\/","name":"PREFECTURA LIMPIA Y DESAZOLVA EMBALSE DE PRESA SANTA ANA - Prefectura de Manab\u00ed","isPartOf":{"@id":"https:\/\/www.manabi.gob.ec\/#website"},"primaryImageOfPage":{"@id":"https:\/\/www.manabi.gob.ec\/index.php\/prefectura-limpia-y-desazolva-embalse-de-presa-santa-ana\/#primaryimage"},"image":{"@id":"https:\/\/www.manabi.gob.ec\/index.php\/prefectura-limpia-y-desazolva-embalse-de-presa-santa-ana\/#primaryimage"},"thumbnailUrl":"https:\/\/www.manabi.gob.ec\/wp-content\/uploads\/2021\/02\/Embalse-Santa-Ana-1.jpg","datePublished":"2021-02-26T23:59:23+00:00","dateModified":"2021-02-27T00:02:14+00:00","author":{"@id":"https:\/\/www.manabi.gob.ec\/#\/schema\/person\/cfc71bd68fe2703b779edcc292a49722"},"breadcrumb":{"@id":"https:\/\/www.manabi.gob.ec\/index.php\/prefectura-limpia-y-desazolva-embalse-de-presa-santa-ana\/#breadcrumb"},"inLanguage":"es","potentialAction":[{"@type":"ReadAction","target":["https:\/\/www.manabi.gob.ec\/index.php\/prefectura-limpia-y-desazolva-embalse-de-presa-santa-ana\/"]}]},{"@type":"ImageObject","inLanguage":"es","@id":"https:\/\/www.manabi.gob.ec\/index.php\/prefectura-limpia-y-desazolva-embalse-de-presa-santa-ana\/#primaryimage","url":"https:\/\/www.manabi.gob.ec\/wp-content\/uploads\/2021\/02\/Embalse-Santa-Ana-1.jpg","contentUrl":"https:\/\/www.manabi.gob.ec\/wp-content\/uploads\/2021\/02\/Embalse-Santa-Ana-1.jpg","width":1280,"height":853},{"@type":"BreadcrumbList","@id":"https:\/\/www.manabi.gob.ec\/index.php\/prefectura-limpia-y-desazolva-embalse-de-presa-santa-ana\/#breadcrumb","itemListElement":[{"@type":"ListItem","position":1,"name":"Portada","item":"https:\/\/www.manabi.gob.ec\/"},{"@type":"ListItem","position":2,"name":"PREFECTURA LIMPIA Y DESAZOLVA EMBALSE DE PRESA SANTA ANA"}]},{"@type":"WebSite","@id":"https:\/\/www.manabi.gob.ec\/#website","url":"https:\/\/www.manabi.gob.ec\/","name":"Prefectura de Manab\u00ed","description":"P\u00e1gina web de la prefectura","potentialAction":[{"@type":"SearchAction","target":{"@type":"EntryPoint","urlTemplate":"https:\/\/www.manabi.gob.ec\/?s={search_term_string}"},"query-input":{"@type":"PropertyValueSpecification","valueRequired":true,"valueName":"search_term_string"}}],"inLanguage":"es"},{"@type":"Person","@id":"https:\/\/www.manabi.gob.ec\/#\/schema\/person\/cfc71bd68fe2703b779edcc292a49722","name":"admin","image":{"@type":"ImageObject","inLanguage":"es","@id":"https:\/\/secure.gravatar.com\/avatar\/23e9f919492b0a2f65aa168e0d8c5c867ea853b61deffbadf08c7031e15b8d78?s=96&d=mm&r=g","url":"https:\/\/secure.gravatar.com\/avatar\/23e9f919492b0a2f65aa168e0d8c5c867ea853b61deffbadf08c7031e15b8d78?s=96&d=mm&r=g","contentUrl":"https:\/\/secure.gravatar.com\/avatar\/23e9f919492b0a2f65aa168e0d8c5c867ea853b61deffbadf08c7031e15b8d78?s=96&d=mm&r=g","caption":"admin"},"sameAs":["http:\/\/www.manabi.gob.ec"],"url":"https:\/\/www.manabi.gob.ec\/index.php\/author\/admin\/"}]}},"jetpack_featured_media_url":"https:\/\/www.manabi.gob.ec\/wp-content\/uploads\/2021\/02\/Embalse-Santa-Ana-1.jpg","_links":{"self":[{"href":"https:\/\/www.manabi.gob.ec\/index.php\/wp-json\/wp\/v2\/posts\/15983","targetHints":{"allow":["GET"]}}],"collection":[{"href":"https:\/\/www.manabi.gob.ec\/index.php\/wp-json\/wp\/v2\/posts"}],"about":[{"href":"https:\/\/www.manabi.gob.ec\/index.php\/wp-json\/wp\/v2\/types\/post"}],"author":[{"embeddable":true,"href":"https:\/\/www.manabi.gob.ec\/index.php\/wp-json\/wp\/v2\/users\/1"}],"replies":[{"embeddable":true,"href":"https:\/\/www.manabi.gob.ec\/index.php\/wp-json\/wp\/v2\/comments?post=15983"}],"version-history":[{"count":0,"href":"https:\/\/www.manabi.gob.ec\/index.php\/wp-json\/wp\/v2\/posts\/15983\/revisions"}],"wp:featuredmedia":[{"embeddable":true,"href":"https:\/\/www.manabi.gob.ec\/index.php\/wp-json\/wp\/v2\/media\/15985"}],"wp:attachment":[{"href":"https:\/\/www.manabi.gob.ec\/index.php\/wp-json\/wp\/v2\/media?parent=15983"}],"wp:term":[{"taxonomy":"category","embeddable":true,"href":"https:\/\/www.manabi.gob.ec\/index.php\/wp-json\/wp\/v2\/categories?post=15983"},{"taxonomy":"post_tag","embeddable":true,"href":"https:\/\/www.manabi.gob.ec\/index.php\/wp-json\/wp\/v2\/tags?post=15983"}],"curies":[{"name":"wp","href":"https:\/\/api.w.org\/{rel}","templated":true}]}}