{"id":16020,"date":"2021-02-27T21:28:43","date_gmt":"2021-02-27T21:28:43","guid":{"rendered":"https:\/\/www.manabi.gob.ec\/?p=16020"},"modified":"2021-02-27T21:28:44","modified_gmt":"2021-02-27T21:28:44","slug":"prefectura-entrega-personeria-juridica-a-dos-asociaciones-de-comerciantes-de-sucre","status":"publish","type":"post","link":"https:\/\/www.manabi.gob.ec\/index.php\/prefectura-entrega-personeria-juridica-a-dos-asociaciones-de-comerciantes-de-sucre\/","title":{"rendered":"PREFECTURA ENTREGA PERSONER\u00cdA JUR\u00cdDICA A DOS ASOCIACIONES DE COMERCIANTES DE SUCRE"},"content":{"rendered":"\n<p>45 comerciantes de dos asociaciones de comercializaci\u00f3n de productos primarios del cant\u00f3n Sucre contar\u00e1n con acompa\u00f1amiento t\u00e9cnico del Gobierno de Manab\u00ed para impulsar sus actividades.<\/p>\n\n\n\n<p>Esto lo anunci\u00f3 el prefecto Leonardo Orlando, durante la entrega simb\u00f3lica de la personer\u00eda jur\u00eddica de las dos asociaciones que los agrupa: \u00abSucrenses Activos\u00bb y \u00abLos Sobrevivientes\u00bb.<\/p>\n\n\n\n<p>\u00abEsta vida jur\u00eddica la hemos obtenido gracias al apoyo de la Prefectura y el Municipio de Sucre. Ahora tenemos que explotar todos sus beneficios, porque tenemos la apertura para postular a cr\u00e9ditos, presentar proyectos de ayuda, y podremos participar de las ferias inclusivas\u00bb, manifest\u00f3 Juan Bustamante, dirigente de los beneficiarios.<\/p>\n","protected":false},"excerpt":{"rendered":"<p>45 comerciantes de dos asociaciones de comercializaci\u00f3n de productos primarios del cant\u00f3n Sucre contar\u00e1n con acompa\u00f1amiento t\u00e9cnico del Gobierno de Manab\u00ed para impulsar sus actividades. Esto lo anunci\u00f3 el prefecto Leonardo Orlando, durante la entrega simb\u00f3lica de la personer\u00eda jur\u00eddica de las dos asociaciones que los agrupa: \u00abSucrenses Activos\u00bb y \u00abLos Sobrevivientes\u00bb. \u00abEsta vida jur\u00eddica [&hellip;]<\/p>\n","protected":false},"author":1,"featured_media":16021,"comment_status":"closed","ping_status":"open","sticky":false,"template":"","format":"standard","meta":{"_joinchat":[],"footnotes":""},"categories":[92,140,160,91],"tags":[199],"class_list":["post-16020","post","type-post","status-publish","format-standard","has-post-thumbnail","hentry","category-noticias-manabi","category-produccion","category-sucre","category-todas","tag-asociaciones-de"],"yoast_head":"<!-- This site is optimized with the Yoast SEO plugin v27.4 - https:\/\/yoast.com\/product\/yoast-seo-wordpress\/ -->\n<title>PREFECTURA ENTREGA PERSONER\u00cdA JUR\u00cdDICA A DOS ASO DE COMERCIANTES DE SUCRE<\/title>\n<meta name=\"description\" content=\"45 comerciantes de dos asociaciones de comercializaci\u00f3n de productos primarios del cant\u00f3n Sucre contar\u00e1n con acompa\u00f1amiento t\u00e9cnico del Gobierno de Manab\u00ed para impulsar sus actividades. Esto lo anunci\u00f3 el prefecto Leonardo Orlando, durante la entrega simb\u00f3lica de la personer\u00eda jur\u00eddica de las dos asociaciones que los agrupa: &quot;Sucrenses Activos&quot; y &quot;Los Sobrevivientes&quot;. &quot;Esta vida jur\u00eddica la hemos obtenido gracias al apoyo de la Prefectura y el Municipio de Sucre. Ahora tenemos que explotar todos sus beneficios, porque tenemos la apertura para postular a cr\u00e9ditos, presentar proyectos de ayuda, y podremos participar de las ferias inclusivas&quot;, manifest\u00f3 Juan Bustamante, dirigente de los beneficiarios.\" \/>\n<meta name=\"robots\" content=\"index, follow, max-snippet:-1, max-image-preview:large, max-video-preview:-1\" \/>\n<link rel=\"canonical\" href=\"https:\/\/www.manabi.gob.ec\/index.php\/prefectura-entrega-personeria-juridica-a-dos-asociaciones-de-comerciantes-de-sucre\/\" \/>\n<meta property=\"og:locale\" content=\"es_ES\" \/>\n<meta property=\"og:type\" content=\"article\" \/>\n<meta property=\"og:title\" content=\"PREFECTURA ENTREGA PERSONER\u00cdA JUR\u00cdDICA A DOS ASO DE COMERCIANTES DE SUCRE\" \/>\n<meta property=\"og:description\" content=\"45 comerciantes de dos asociaciones de comercializaci\u00f3n de productos primarios del cant\u00f3n Sucre contar\u00e1n con acompa\u00f1amiento t\u00e9cnico del Gobierno de Manab\u00ed para impulsar sus actividades. Esto lo anunci\u00f3 el prefecto Leonardo Orlando, durante la entrega simb\u00f3lica de la personer\u00eda jur\u00eddica de las dos asociaciones que los agrupa: &quot;Sucrenses Activos&quot; y &quot;Los Sobrevivientes&quot;. &quot;Esta vida jur\u00eddica la hemos obtenido gracias al apoyo de la Prefectura y el Municipio de Sucre. Ahora tenemos que explotar todos sus beneficios, porque tenemos la apertura para postular a cr\u00e9ditos, presentar proyectos de ayuda, y podremos participar de las ferias inclusivas&quot;, manifest\u00f3 Juan Bustamante, dirigente de los beneficiarios.\" \/>\n<meta property=\"og:url\" content=\"https:\/\/www.manabi.gob.ec\/index.php\/prefectura-entrega-personeria-juridica-a-dos-asociaciones-de-comerciantes-de-sucre\/\" \/>\n<meta property=\"og:site_name\" content=\"Prefectura de Manab\u00ed\" \/>\n<meta property=\"article:published_time\" content=\"2021-02-27T21:28:43+00:00\" \/>\n<meta property=\"article:modified_time\" content=\"2021-02-27T21:28:44+00:00\" \/>\n<meta property=\"og:image\" content=\"https:\/\/www.manabi.gob.ec\/wp-content\/uploads\/2021\/02\/entrega-devida-juridica-a-ASo-Sucre-1.jpeg\" \/>\n\t<meta property=\"og:image:width\" content=\"1280\" \/>\n\t<meta property=\"og:image:height\" content=\"853\" \/>\n\t<meta property=\"og:image:type\" content=\"image\/jpeg\" \/>\n<meta name=\"author\" content=\"admin\" \/>\n<meta name=\"twitter:card\" content=\"summary_large_image\" \/>\n<meta name=\"twitter:label1\" content=\"Escrito por\" \/>\n\t<meta name=\"twitter:data1\" content=\"admin\" \/>\n\t<meta name=\"twitter:label2\" content=\"Tiempo de lectura\" \/>\n\t<meta name=\"twitter:data2\" content=\"1 minuto\" \/>\n<script type=\"application\/ld+json\" class=\"yoast-schema-graph\">{\"@context\":\"https:\\\/\\\/schema.org\",\"@graph\":[{\"@type\":\"Article\",\"@id\":\"https:\\\/\\\/www.manabi.gob.ec\\\/index.php\\\/prefectura-entrega-personeria-juridica-a-dos-asociaciones-de-comerciantes-de-sucre\\\/#article\",\"isPartOf\":{\"@id\":\"https:\\\/\\\/www.manabi.gob.ec\\\/index.php\\\/prefectura-entrega-personeria-juridica-a-dos-asociaciones-de-comerciantes-de-sucre\\\/\"},\"author\":{\"name\":\"admin\",\"@id\":\"https:\\\/\\\/www.manabi.gob.ec\\\/#\\\/schema\\\/person\\\/cfc71bd68fe2703b779edcc292a49722\"},\"headline\":\"PREFECTURA ENTREGA PERSONER\u00cdA JUR\u00cdDICA A DOS ASOCIACIONES DE COMERCIANTES DE SUCRE\",\"datePublished\":\"2021-02-27T21:28:43+00:00\",\"dateModified\":\"2021-02-27T21:28:44+00:00\",\"mainEntityOfPage\":{\"@id\":\"https:\\\/\\\/www.manabi.gob.ec\\\/index.php\\\/prefectura-entrega-personeria-juridica-a-dos-asociaciones-de-comerciantes-de-sucre\\\/\"},\"wordCount\":124,\"image\":{\"@id\":\"https:\\\/\\\/www.manabi.gob.ec\\\/index.php\\\/prefectura-entrega-personeria-juridica-a-dos-asociaciones-de-comerciantes-de-sucre\\\/#primaryimage\"},\"thumbnailUrl\":\"https:\\\/\\\/www.manabi.gob.ec\\\/wp-content\\\/uploads\\\/2021\\\/02\\\/entrega-devida-juridica-a-ASo-Sucre-1.jpeg\",\"keywords\":[\"Asociaciones de\"],\"articleSection\":[\"Noticias\",\"Producci\u00f3n\",\"Sucre\",\"Todas\"],\"inLanguage\":\"es\"},{\"@type\":\"WebPage\",\"@id\":\"https:\\\/\\\/www.manabi.gob.ec\\\/index.php\\\/prefectura-entrega-personeria-juridica-a-dos-asociaciones-de-comerciantes-de-sucre\\\/\",\"url\":\"https:\\\/\\\/www.manabi.gob.ec\\\/index.php\\\/prefectura-entrega-personeria-juridica-a-dos-asociaciones-de-comerciantes-de-sucre\\\/\",\"name\":\"PREFECTURA ENTREGA PERSONER\u00cdA JUR\u00cdDICA A DOS ASO DE COMERCIANTES DE SUCRE\",\"isPartOf\":{\"@id\":\"https:\\\/\\\/www.manabi.gob.ec\\\/#website\"},\"primaryImageOfPage\":{\"@id\":\"https:\\\/\\\/www.manabi.gob.ec\\\/index.php\\\/prefectura-entrega-personeria-juridica-a-dos-asociaciones-de-comerciantes-de-sucre\\\/#primaryimage\"},\"image\":{\"@id\":\"https:\\\/\\\/www.manabi.gob.ec\\\/index.php\\\/prefectura-entrega-personeria-juridica-a-dos-asociaciones-de-comerciantes-de-sucre\\\/#primaryimage\"},\"thumbnailUrl\":\"https:\\\/\\\/www.manabi.gob.ec\\\/wp-content\\\/uploads\\\/2021\\\/02\\\/entrega-devida-juridica-a-ASo-Sucre-1.jpeg\",\"datePublished\":\"2021-02-27T21:28:43+00:00\",\"dateModified\":\"2021-02-27T21:28:44+00:00\",\"author\":{\"@id\":\"https:\\\/\\\/www.manabi.gob.ec\\\/#\\\/schema\\\/person\\\/cfc71bd68fe2703b779edcc292a49722\"},\"description\":\"45 comerciantes de dos asociaciones de comercializaci\u00f3n de productos primarios del cant\u00f3n Sucre contar\u00e1n con acompa\u00f1amiento t\u00e9cnico del Gobierno de Manab\u00ed para impulsar sus actividades. Esto lo anunci\u00f3 el prefecto Leonardo Orlando, durante la entrega simb\u00f3lica de la personer\u00eda jur\u00eddica de las dos asociaciones que los agrupa: \\\"Sucrenses Activos\\\" y \\\"Los Sobrevivientes\\\". \\\"Esta vida jur\u00eddica la hemos obtenido gracias al apoyo de la Prefectura y el Municipio de Sucre. Ahora tenemos que explotar todos sus beneficios, porque tenemos la apertura para postular a cr\u00e9ditos, presentar proyectos de ayuda, y podremos participar de las ferias inclusivas\\\", manifest\u00f3 Juan Bustamante, dirigente de los beneficiarios.\",\"breadcrumb\":{\"@id\":\"https:\\\/\\\/www.manabi.gob.ec\\\/index.php\\\/prefectura-entrega-personeria-juridica-a-dos-asociaciones-de-comerciantes-de-sucre\\\/#breadcrumb\"},\"inLanguage\":\"es\",\"potentialAction\":[{\"@type\":\"ReadAction\",\"target\":[\"https:\\\/\\\/www.manabi.gob.ec\\\/index.php\\\/prefectura-entrega-personeria-juridica-a-dos-asociaciones-de-comerciantes-de-sucre\\\/\"]}]},{\"@type\":\"ImageObject\",\"inLanguage\":\"es\",\"@id\":\"https:\\\/\\\/www.manabi.gob.ec\\\/index.php\\\/prefectura-entrega-personeria-juridica-a-dos-asociaciones-de-comerciantes-de-sucre\\\/#primaryimage\",\"url\":\"https:\\\/\\\/www.manabi.gob.ec\\\/wp-content\\\/uploads\\\/2021\\\/02\\\/entrega-devida-juridica-a-ASo-Sucre-1.jpeg\",\"contentUrl\":\"https:\\\/\\\/www.manabi.gob.ec\\\/wp-content\\\/uploads\\\/2021\\\/02\\\/entrega-devida-juridica-a-ASo-Sucre-1.jpeg\",\"width\":1280,\"height\":853},{\"@type\":\"BreadcrumbList\",\"@id\":\"https:\\\/\\\/www.manabi.gob.ec\\\/index.php\\\/prefectura-entrega-personeria-juridica-a-dos-asociaciones-de-comerciantes-de-sucre\\\/#breadcrumb\",\"itemListElement\":[{\"@type\":\"ListItem\",\"position\":1,\"name\":\"Portada\",\"item\":\"https:\\\/\\\/www.manabi.gob.ec\\\/\"},{\"@type\":\"ListItem\",\"position\":2,\"name\":\"PREFECTURA ENTREGA PERSONER\u00cdA JUR\u00cdDICA A DOS ASOCIACIONES DE COMERCIANTES DE SUCRE\"}]},{\"@type\":\"WebSite\",\"@id\":\"https:\\\/\\\/www.manabi.gob.ec\\\/#website\",\"url\":\"https:\\\/\\\/www.manabi.gob.ec\\\/\",\"name\":\"Prefectura de Manab\u00ed\",\"description\":\"P\u00e1gina web de la prefectura\",\"potentialAction\":[{\"@type\":\"SearchAction\",\"target\":{\"@type\":\"EntryPoint\",\"urlTemplate\":\"https:\\\/\\\/www.manabi.gob.ec\\\/?s={search_term_string}\"},\"query-input\":{\"@type\":\"PropertyValueSpecification\",\"valueRequired\":true,\"valueName\":\"search_term_string\"}}],\"inLanguage\":\"es\"},{\"@type\":\"Person\",\"@id\":\"https:\\\/\\\/www.manabi.gob.ec\\\/#\\\/schema\\\/person\\\/cfc71bd68fe2703b779edcc292a49722\",\"name\":\"admin\",\"image\":{\"@type\":\"ImageObject\",\"inLanguage\":\"es\",\"@id\":\"https:\\\/\\\/secure.gravatar.com\\\/avatar\\\/23e9f919492b0a2f65aa168e0d8c5c867ea853b61deffbadf08c7031e15b8d78?s=96&d=mm&r=g\",\"url\":\"https:\\\/\\\/secure.gravatar.com\\\/avatar\\\/23e9f919492b0a2f65aa168e0d8c5c867ea853b61deffbadf08c7031e15b8d78?s=96&d=mm&r=g\",\"contentUrl\":\"https:\\\/\\\/secure.gravatar.com\\\/avatar\\\/23e9f919492b0a2f65aa168e0d8c5c867ea853b61deffbadf08c7031e15b8d78?s=96&d=mm&r=g\",\"caption\":\"admin\"},\"sameAs\":[\"http:\\\/\\\/www.manabi.gob.ec\"],\"url\":\"https:\\\/\\\/www.manabi.gob.ec\\\/index.php\\\/author\\\/admin\\\/\"}]}<\/script>\n<!-- \/ Yoast SEO plugin. -->","yoast_head_json":{"title":"PREFECTURA ENTREGA PERSONER\u00cdA JUR\u00cdDICA A DOS ASO DE COMERCIANTES DE SUCRE","description":"45 comerciantes de dos asociaciones de comercializaci\u00f3n de productos primarios del cant\u00f3n Sucre contar\u00e1n con acompa\u00f1amiento t\u00e9cnico del Gobierno de Manab\u00ed para impulsar sus actividades. Esto lo anunci\u00f3 el prefecto Leonardo Orlando, durante la entrega simb\u00f3lica de la personer\u00eda jur\u00eddica de las dos asociaciones que los agrupa: \"Sucrenses Activos\" y \"Los Sobrevivientes\". \"Esta vida jur\u00eddica la hemos obtenido gracias al apoyo de la Prefectura y el Municipio de Sucre. Ahora tenemos que explotar todos sus beneficios, porque tenemos la apertura para postular a cr\u00e9ditos, presentar proyectos de ayuda, y podremos participar de las ferias inclusivas\", manifest\u00f3 Juan Bustamante, dirigente de los beneficiarios.","robots":{"index":"index","follow":"follow","max-snippet":"max-snippet:-1","max-image-preview":"max-image-preview:large","max-video-preview":"max-video-preview:-1"},"canonical":"https:\/\/www.manabi.gob.ec\/index.php\/prefectura-entrega-personeria-juridica-a-dos-asociaciones-de-comerciantes-de-sucre\/","og_locale":"es_ES","og_type":"article","og_title":"PREFECTURA ENTREGA PERSONER\u00cdA JUR\u00cdDICA A DOS ASO DE COMERCIANTES DE SUCRE","og_description":"45 comerciantes de dos asociaciones de comercializaci\u00f3n de productos primarios del cant\u00f3n Sucre contar\u00e1n con acompa\u00f1amiento t\u00e9cnico del Gobierno de Manab\u00ed para impulsar sus actividades. Esto lo anunci\u00f3 el prefecto Leonardo Orlando, durante la entrega simb\u00f3lica de la personer\u00eda jur\u00eddica de las dos asociaciones que los agrupa: \"Sucrenses Activos\" y \"Los Sobrevivientes\". \"Esta vida jur\u00eddica la hemos obtenido gracias al apoyo de la Prefectura y el Municipio de Sucre. Ahora tenemos que explotar todos sus beneficios, porque tenemos la apertura para postular a cr\u00e9ditos, presentar proyectos de ayuda, y podremos participar de las ferias inclusivas\", manifest\u00f3 Juan Bustamante, dirigente de los beneficiarios.","og_url":"https:\/\/www.manabi.gob.ec\/index.php\/prefectura-entrega-personeria-juridica-a-dos-asociaciones-de-comerciantes-de-sucre\/","og_site_name":"Prefectura de Manab\u00ed","article_published_time":"2021-02-27T21:28:43+00:00","article_modified_time":"2021-02-27T21:28:44+00:00","og_image":[{"width":1280,"height":853,"url":"https:\/\/www.manabi.gob.ec\/wp-content\/uploads\/2021\/02\/entrega-devida-juridica-a-ASo-Sucre-1.jpeg","type":"image\/jpeg"}],"author":"admin","twitter_card":"summary_large_image","twitter_misc":{"Escrito por":"admin","Tiempo de lectura":"1 minuto"},"schema":{"@context":"https:\/\/schema.org","@graph":[{"@type":"Article","@id":"https:\/\/www.manabi.gob.ec\/index.php\/prefectura-entrega-personeria-juridica-a-dos-asociaciones-de-comerciantes-de-sucre\/#article","isPartOf":{"@id":"https:\/\/www.manabi.gob.ec\/index.php\/prefectura-entrega-personeria-juridica-a-dos-asociaciones-de-comerciantes-de-sucre\/"},"author":{"name":"admin","@id":"https:\/\/www.manabi.gob.ec\/#\/schema\/person\/cfc71bd68fe2703b779edcc292a49722"},"headline":"PREFECTURA ENTREGA PERSONER\u00cdA JUR\u00cdDICA A DOS ASOCIACIONES DE COMERCIANTES DE SUCRE","datePublished":"2021-02-27T21:28:43+00:00","dateModified":"2021-02-27T21:28:44+00:00","mainEntityOfPage":{"@id":"https:\/\/www.manabi.gob.ec\/index.php\/prefectura-entrega-personeria-juridica-a-dos-asociaciones-de-comerciantes-de-sucre\/"},"wordCount":124,"image":{"@id":"https:\/\/www.manabi.gob.ec\/index.php\/prefectura-entrega-personeria-juridica-a-dos-asociaciones-de-comerciantes-de-sucre\/#primaryimage"},"thumbnailUrl":"https:\/\/www.manabi.gob.ec\/wp-content\/uploads\/2021\/02\/entrega-devida-juridica-a-ASo-Sucre-1.jpeg","keywords":["Asociaciones de"],"articleSection":["Noticias","Producci\u00f3n","Sucre","Todas"],"inLanguage":"es"},{"@type":"WebPage","@id":"https:\/\/www.manabi.gob.ec\/index.php\/prefectura-entrega-personeria-juridica-a-dos-asociaciones-de-comerciantes-de-sucre\/","url":"https:\/\/www.manabi.gob.ec\/index.php\/prefectura-entrega-personeria-juridica-a-dos-asociaciones-de-comerciantes-de-sucre\/","name":"PREFECTURA ENTREGA PERSONER\u00cdA JUR\u00cdDICA A DOS ASO DE COMERCIANTES DE SUCRE","isPartOf":{"@id":"https:\/\/www.manabi.gob.ec\/#website"},"primaryImageOfPage":{"@id":"https:\/\/www.manabi.gob.ec\/index.php\/prefectura-entrega-personeria-juridica-a-dos-asociaciones-de-comerciantes-de-sucre\/#primaryimage"},"image":{"@id":"https:\/\/www.manabi.gob.ec\/index.php\/prefectura-entrega-personeria-juridica-a-dos-asociaciones-de-comerciantes-de-sucre\/#primaryimage"},"thumbnailUrl":"https:\/\/www.manabi.gob.ec\/wp-content\/uploads\/2021\/02\/entrega-devida-juridica-a-ASo-Sucre-1.jpeg","datePublished":"2021-02-27T21:28:43+00:00","dateModified":"2021-02-27T21:28:44+00:00","author":{"@id":"https:\/\/www.manabi.gob.ec\/#\/schema\/person\/cfc71bd68fe2703b779edcc292a49722"},"description":"45 comerciantes de dos asociaciones de comercializaci\u00f3n de productos primarios del cant\u00f3n Sucre contar\u00e1n con acompa\u00f1amiento t\u00e9cnico del Gobierno de Manab\u00ed para impulsar sus actividades. Esto lo anunci\u00f3 el prefecto Leonardo Orlando, durante la entrega simb\u00f3lica de la personer\u00eda jur\u00eddica de las dos asociaciones que los agrupa: \"Sucrenses Activos\" y \"Los Sobrevivientes\". \"Esta vida jur\u00eddica la hemos obtenido gracias al apoyo de la Prefectura y el Municipio de Sucre. Ahora tenemos que explotar todos sus beneficios, porque tenemos la apertura para postular a cr\u00e9ditos, presentar proyectos de ayuda, y podremos participar de las ferias inclusivas\", manifest\u00f3 Juan Bustamante, dirigente de los beneficiarios.","breadcrumb":{"@id":"https:\/\/www.manabi.gob.ec\/index.php\/prefectura-entrega-personeria-juridica-a-dos-asociaciones-de-comerciantes-de-sucre\/#breadcrumb"},"inLanguage":"es","potentialAction":[{"@type":"ReadAction","target":["https:\/\/www.manabi.gob.ec\/index.php\/prefectura-entrega-personeria-juridica-a-dos-asociaciones-de-comerciantes-de-sucre\/"]}]},{"@type":"ImageObject","inLanguage":"es","@id":"https:\/\/www.manabi.gob.ec\/index.php\/prefectura-entrega-personeria-juridica-a-dos-asociaciones-de-comerciantes-de-sucre\/#primaryimage","url":"https:\/\/www.manabi.gob.ec\/wp-content\/uploads\/2021\/02\/entrega-devida-juridica-a-ASo-Sucre-1.jpeg","contentUrl":"https:\/\/www.manabi.gob.ec\/wp-content\/uploads\/2021\/02\/entrega-devida-juridica-a-ASo-Sucre-1.jpeg","width":1280,"height":853},{"@type":"BreadcrumbList","@id":"https:\/\/www.manabi.gob.ec\/index.php\/prefectura-entrega-personeria-juridica-a-dos-asociaciones-de-comerciantes-de-sucre\/#breadcrumb","itemListElement":[{"@type":"ListItem","position":1,"name":"Portada","item":"https:\/\/www.manabi.gob.ec\/"},{"@type":"ListItem","position":2,"name":"PREFECTURA ENTREGA PERSONER\u00cdA JUR\u00cdDICA A DOS ASOCIACIONES DE COMERCIANTES DE SUCRE"}]},{"@type":"WebSite","@id":"https:\/\/www.manabi.gob.ec\/#website","url":"https:\/\/www.manabi.gob.ec\/","name":"Prefectura de Manab\u00ed","description":"P\u00e1gina web de la prefectura","potentialAction":[{"@type":"SearchAction","target":{"@type":"EntryPoint","urlTemplate":"https:\/\/www.manabi.gob.ec\/?s={search_term_string}"},"query-input":{"@type":"PropertyValueSpecification","valueRequired":true,"valueName":"search_term_string"}}],"inLanguage":"es"},{"@type":"Person","@id":"https:\/\/www.manabi.gob.ec\/#\/schema\/person\/cfc71bd68fe2703b779edcc292a49722","name":"admin","image":{"@type":"ImageObject","inLanguage":"es","@id":"https:\/\/secure.gravatar.com\/avatar\/23e9f919492b0a2f65aa168e0d8c5c867ea853b61deffbadf08c7031e15b8d78?s=96&d=mm&r=g","url":"https:\/\/secure.gravatar.com\/avatar\/23e9f919492b0a2f65aa168e0d8c5c867ea853b61deffbadf08c7031e15b8d78?s=96&d=mm&r=g","contentUrl":"https:\/\/secure.gravatar.com\/avatar\/23e9f919492b0a2f65aa168e0d8c5c867ea853b61deffbadf08c7031e15b8d78?s=96&d=mm&r=g","caption":"admin"},"sameAs":["http:\/\/www.manabi.gob.ec"],"url":"https:\/\/www.manabi.gob.ec\/index.php\/author\/admin\/"}]}},"jetpack_featured_media_url":"https:\/\/www.manabi.gob.ec\/wp-content\/uploads\/2021\/02\/entrega-devida-juridica-a-ASo-Sucre-1.jpeg","_links":{"self":[{"href":"https:\/\/www.manabi.gob.ec\/index.php\/wp-json\/wp\/v2\/posts\/16020","targetHints":{"allow":["GET"]}}],"collection":[{"href":"https:\/\/www.manabi.gob.ec\/index.php\/wp-json\/wp\/v2\/posts"}],"about":[{"href":"https:\/\/www.manabi.gob.ec\/index.php\/wp-json\/wp\/v2\/types\/post"}],"author":[{"embeddable":true,"href":"https:\/\/www.manabi.gob.ec\/index.php\/wp-json\/wp\/v2\/users\/1"}],"replies":[{"embeddable":true,"href":"https:\/\/www.manabi.gob.ec\/index.php\/wp-json\/wp\/v2\/comments?post=16020"}],"version-history":[{"count":0,"href":"https:\/\/www.manabi.gob.ec\/index.php\/wp-json\/wp\/v2\/posts\/16020\/revisions"}],"wp:featuredmedia":[{"embeddable":true,"href":"https:\/\/www.manabi.gob.ec\/index.php\/wp-json\/wp\/v2\/media\/16021"}],"wp:attachment":[{"href":"https:\/\/www.manabi.gob.ec\/index.php\/wp-json\/wp\/v2\/media?parent=16020"}],"wp:term":[{"taxonomy":"category","embeddable":true,"href":"https:\/\/www.manabi.gob.ec\/index.php\/wp-json\/wp\/v2\/categories?post=16020"},{"taxonomy":"post_tag","embeddable":true,"href":"https:\/\/www.manabi.gob.ec\/index.php\/wp-json\/wp\/v2\/tags?post=16020"}],"curies":[{"name":"wp","href":"https:\/\/api.w.org\/{rel}","templated":true}]}}