{"id":16200,"date":"2021-03-06T17:20:44","date_gmt":"2021-03-06T17:20:44","guid":{"rendered":"https:\/\/www.manabi.gob.ec\/?p=16200"},"modified":"2021-03-06T17:20:46","modified_gmt":"2021-03-06T17:20:46","slug":"las-mujeres-continuamos-construyendo-nuestros-derechos","status":"publish","type":"post","link":"https:\/\/www.manabi.gob.ec\/index.php\/las-mujeres-continuamos-construyendo-nuestros-derechos\/","title":{"rendered":"\u00abLas mujeres continuamos construyendo nuestros derechos\u00bb"},"content":{"rendered":"\n<p>El Gobierno de Manab\u00ed y la Asociaci\u00f3n de Mujeres Santa Marta, en el marco de los d\u00edas de activismo, programados con motivo de la celebraci\u00f3n del D\u00eda Internacional de la Mujer, desarrollaron una jornada de sensibilizaci\u00f3n&nbsp;denominada \u00abLas mujeres continuamos construyendo nuestros derechos\u00bb.<\/p>\n\n\n\n<p>Se entregaron stickers que buscan concienciar a la poblaci\u00f3n en materia de igualdad de g\u00e9nero y resaltar la importancia de las mujeres en el desarrollo de diversos campos en la provincia, pol\u00edticos, econ\u00f3micos, culturales y sociales.<\/p>\n","protected":false},"excerpt":{"rendered":"<p>El Gobierno de Manab\u00ed y la Asociaci\u00f3n de Mujeres Santa Marta, en el marco de los d\u00edas de activismo, programados con motivo de la celebraci\u00f3n del D\u00eda Internacional de la Mujer, desarrollaron una jornada de sensibilizaci\u00f3n&nbsp;denominada \u00abLas mujeres continuamos construyendo nuestros derechos\u00bb. Se entregaron stickers que buscan concienciar a la poblaci\u00f3n en materia de igualdad [&hellip;]<\/p>\n","protected":false},"author":1,"featured_media":16202,"comment_status":"closed","ping_status":"open","sticky":false,"template":"","format":"standard","meta":{"_joinchat":[],"footnotes":""},"categories":[142,156,92,193,91],"tags":[201],"class_list":["post-16200","post","type-post","status-publish","format-standard","has-post-thumbnail","hentry","category-desarrollo-social","category-manta","category-noticias-manabi","category-participacion-ciudadana","category-todas","tag-mujeres"],"yoast_head":"<!-- This site is optimized with the Yoast SEO plugin v27.4 - https:\/\/yoast.com\/product\/yoast-seo-wordpress\/ -->\n<title>&quot;Las mujeres continuamos construyendo nuestros derechos&quot;<\/title>\n<meta name=\"description\" content=\"El Gobierno de Manab\u00ed y la Asociaci\u00f3n de Mujeres Santa Marta, en el marco de los d\u00edas de activismo, programados con motivo de la celebraci\u00f3n del D\u00eda Internacional de la Mujer, desarrollaron una jornada de sensibilizaci\u00f3n denominada &quot;Las mujeres continuamos construyendo nuestros derechos&quot;. Se entregaron stickers que buscan concienciar a la poblaci\u00f3n en materia de igualdad de g\u00e9nero y resaltar la importancia de las mujeres en el desarrollo de diversos campos en la provincia, pol\u00edticos, econ\u00f3micos, culturales y sociales.\" \/>\n<meta name=\"robots\" content=\"index, follow, max-snippet:-1, max-image-preview:large, max-video-preview:-1\" \/>\n<link rel=\"canonical\" href=\"https:\/\/www.manabi.gob.ec\/index.php\/las-mujeres-continuamos-construyendo-nuestros-derechos\/\" \/>\n<meta property=\"og:locale\" content=\"es_ES\" \/>\n<meta property=\"og:type\" content=\"article\" \/>\n<meta property=\"og:title\" content=\"&quot;Las mujeres continuamos construyendo nuestros derechos&quot;\" \/>\n<meta property=\"og:description\" content=\"El Gobierno de Manab\u00ed y la Asociaci\u00f3n de Mujeres Santa Marta, en el marco de los d\u00edas de activismo, programados con motivo de la celebraci\u00f3n del D\u00eda Internacional de la Mujer, desarrollaron una jornada de sensibilizaci\u00f3n denominada &quot;Las mujeres continuamos construyendo nuestros derechos&quot;. Se entregaron stickers que buscan concienciar a la poblaci\u00f3n en materia de igualdad de g\u00e9nero y resaltar la importancia de las mujeres en el desarrollo de diversos campos en la provincia, pol\u00edticos, econ\u00f3micos, culturales y sociales.\" \/>\n<meta property=\"og:url\" content=\"https:\/\/www.manabi.gob.ec\/index.php\/las-mujeres-continuamos-construyendo-nuestros-derechos\/\" \/>\n<meta property=\"og:site_name\" content=\"Prefectura de Manab\u00ed\" \/>\n<meta property=\"article:published_time\" content=\"2021-03-06T17:20:44+00:00\" \/>\n<meta property=\"article:modified_time\" content=\"2021-03-06T17:20:46+00:00\" \/>\n<meta property=\"og:image\" content=\"https:\/\/www.manabi.gob.ec\/wp-content\/uploads\/2021\/03\/Construyendo-nuestros-derechos-2.jpeg\" \/>\n\t<meta property=\"og:image:width\" content=\"1280\" \/>\n\t<meta property=\"og:image:height\" content=\"958\" \/>\n\t<meta property=\"og:image:type\" content=\"image\/jpeg\" \/>\n<meta name=\"author\" content=\"admin\" \/>\n<meta name=\"twitter:card\" content=\"summary_large_image\" \/>\n<meta name=\"twitter:label1\" content=\"Escrito por\" \/>\n\t<meta name=\"twitter:data1\" content=\"admin\" \/>\n\t<meta name=\"twitter:label2\" content=\"Tiempo de lectura\" \/>\n\t<meta name=\"twitter:data2\" content=\"1 minuto\" \/>\n<script type=\"application\/ld+json\" class=\"yoast-schema-graph\">{\"@context\":\"https:\\\/\\\/schema.org\",\"@graph\":[{\"@type\":\"Article\",\"@id\":\"https:\\\/\\\/www.manabi.gob.ec\\\/index.php\\\/las-mujeres-continuamos-construyendo-nuestros-derechos\\\/#article\",\"isPartOf\":{\"@id\":\"https:\\\/\\\/www.manabi.gob.ec\\\/index.php\\\/las-mujeres-continuamos-construyendo-nuestros-derechos\\\/\"},\"author\":{\"name\":\"admin\",\"@id\":\"https:\\\/\\\/www.manabi.gob.ec\\\/#\\\/schema\\\/person\\\/cfc71bd68fe2703b779edcc292a49722\"},\"headline\":\"\u00abLas mujeres continuamos construyendo nuestros derechos\u00bb\",\"datePublished\":\"2021-03-06T17:20:44+00:00\",\"dateModified\":\"2021-03-06T17:20:46+00:00\",\"mainEntityOfPage\":{\"@id\":\"https:\\\/\\\/www.manabi.gob.ec\\\/index.php\\\/las-mujeres-continuamos-construyendo-nuestros-derechos\\\/\"},\"wordCount\":95,\"image\":{\"@id\":\"https:\\\/\\\/www.manabi.gob.ec\\\/index.php\\\/las-mujeres-continuamos-construyendo-nuestros-derechos\\\/#primaryimage\"},\"thumbnailUrl\":\"https:\\\/\\\/www.manabi.gob.ec\\\/wp-content\\\/uploads\\\/2021\\\/03\\\/Construyendo-nuestros-derechos-2.jpeg\",\"keywords\":[\"mujeres\"],\"articleSection\":[\"Desarrollo Social\",\"Manta\",\"Noticias\",\"Participaci\u00f3n ciudadana\",\"Todas\"],\"inLanguage\":\"es\"},{\"@type\":\"WebPage\",\"@id\":\"https:\\\/\\\/www.manabi.gob.ec\\\/index.php\\\/las-mujeres-continuamos-construyendo-nuestros-derechos\\\/\",\"url\":\"https:\\\/\\\/www.manabi.gob.ec\\\/index.php\\\/las-mujeres-continuamos-construyendo-nuestros-derechos\\\/\",\"name\":\"\\\"Las mujeres continuamos construyendo nuestros derechos\\\"\",\"isPartOf\":{\"@id\":\"https:\\\/\\\/www.manabi.gob.ec\\\/#website\"},\"primaryImageOfPage\":{\"@id\":\"https:\\\/\\\/www.manabi.gob.ec\\\/index.php\\\/las-mujeres-continuamos-construyendo-nuestros-derechos\\\/#primaryimage\"},\"image\":{\"@id\":\"https:\\\/\\\/www.manabi.gob.ec\\\/index.php\\\/las-mujeres-continuamos-construyendo-nuestros-derechos\\\/#primaryimage\"},\"thumbnailUrl\":\"https:\\\/\\\/www.manabi.gob.ec\\\/wp-content\\\/uploads\\\/2021\\\/03\\\/Construyendo-nuestros-derechos-2.jpeg\",\"datePublished\":\"2021-03-06T17:20:44+00:00\",\"dateModified\":\"2021-03-06T17:20:46+00:00\",\"author\":{\"@id\":\"https:\\\/\\\/www.manabi.gob.ec\\\/#\\\/schema\\\/person\\\/cfc71bd68fe2703b779edcc292a49722\"},\"description\":\"El Gobierno de Manab\u00ed y la Asociaci\u00f3n de Mujeres Santa Marta, en el marco de los d\u00edas de activismo, programados con motivo de la celebraci\u00f3n del D\u00eda Internacional de la Mujer, desarrollaron una jornada de sensibilizaci\u00f3n denominada \\\"Las mujeres continuamos construyendo nuestros derechos\\\". Se entregaron stickers que buscan concienciar a la poblaci\u00f3n en materia de igualdad de g\u00e9nero y resaltar la importancia de las mujeres en el desarrollo de diversos campos en la provincia, pol\u00edticos, econ\u00f3micos, culturales y sociales.\",\"breadcrumb\":{\"@id\":\"https:\\\/\\\/www.manabi.gob.ec\\\/index.php\\\/las-mujeres-continuamos-construyendo-nuestros-derechos\\\/#breadcrumb\"},\"inLanguage\":\"es\",\"potentialAction\":[{\"@type\":\"ReadAction\",\"target\":[\"https:\\\/\\\/www.manabi.gob.ec\\\/index.php\\\/las-mujeres-continuamos-construyendo-nuestros-derechos\\\/\"]}]},{\"@type\":\"ImageObject\",\"inLanguage\":\"es\",\"@id\":\"https:\\\/\\\/www.manabi.gob.ec\\\/index.php\\\/las-mujeres-continuamos-construyendo-nuestros-derechos\\\/#primaryimage\",\"url\":\"https:\\\/\\\/www.manabi.gob.ec\\\/wp-content\\\/uploads\\\/2021\\\/03\\\/Construyendo-nuestros-derechos-2.jpeg\",\"contentUrl\":\"https:\\\/\\\/www.manabi.gob.ec\\\/wp-content\\\/uploads\\\/2021\\\/03\\\/Construyendo-nuestros-derechos-2.jpeg\",\"width\":1280,\"height\":958},{\"@type\":\"BreadcrumbList\",\"@id\":\"https:\\\/\\\/www.manabi.gob.ec\\\/index.php\\\/las-mujeres-continuamos-construyendo-nuestros-derechos\\\/#breadcrumb\",\"itemListElement\":[{\"@type\":\"ListItem\",\"position\":1,\"name\":\"Portada\",\"item\":\"https:\\\/\\\/www.manabi.gob.ec\\\/\"},{\"@type\":\"ListItem\",\"position\":2,\"name\":\"\u00abLas mujeres continuamos construyendo nuestros derechos\u00bb\"}]},{\"@type\":\"WebSite\",\"@id\":\"https:\\\/\\\/www.manabi.gob.ec\\\/#website\",\"url\":\"https:\\\/\\\/www.manabi.gob.ec\\\/\",\"name\":\"Prefectura de Manab\u00ed\",\"description\":\"P\u00e1gina web de la prefectura\",\"potentialAction\":[{\"@type\":\"SearchAction\",\"target\":{\"@type\":\"EntryPoint\",\"urlTemplate\":\"https:\\\/\\\/www.manabi.gob.ec\\\/?s={search_term_string}\"},\"query-input\":{\"@type\":\"PropertyValueSpecification\",\"valueRequired\":true,\"valueName\":\"search_term_string\"}}],\"inLanguage\":\"es\"},{\"@type\":\"Person\",\"@id\":\"https:\\\/\\\/www.manabi.gob.ec\\\/#\\\/schema\\\/person\\\/cfc71bd68fe2703b779edcc292a49722\",\"name\":\"admin\",\"image\":{\"@type\":\"ImageObject\",\"inLanguage\":\"es\",\"@id\":\"https:\\\/\\\/secure.gravatar.com\\\/avatar\\\/23e9f919492b0a2f65aa168e0d8c5c867ea853b61deffbadf08c7031e15b8d78?s=96&d=mm&r=g\",\"url\":\"https:\\\/\\\/secure.gravatar.com\\\/avatar\\\/23e9f919492b0a2f65aa168e0d8c5c867ea853b61deffbadf08c7031e15b8d78?s=96&d=mm&r=g\",\"contentUrl\":\"https:\\\/\\\/secure.gravatar.com\\\/avatar\\\/23e9f919492b0a2f65aa168e0d8c5c867ea853b61deffbadf08c7031e15b8d78?s=96&d=mm&r=g\",\"caption\":\"admin\"},\"sameAs\":[\"http:\\\/\\\/www.manabi.gob.ec\"],\"url\":\"https:\\\/\\\/www.manabi.gob.ec\\\/index.php\\\/author\\\/admin\\\/\"}]}<\/script>\n<!-- \/ Yoast SEO plugin. -->","yoast_head_json":{"title":"\"Las mujeres continuamos construyendo nuestros derechos\"","description":"El Gobierno de Manab\u00ed y la Asociaci\u00f3n de Mujeres Santa Marta, en el marco de los d\u00edas de activismo, programados con motivo de la celebraci\u00f3n del D\u00eda Internacional de la Mujer, desarrollaron una jornada de sensibilizaci\u00f3n denominada \"Las mujeres continuamos construyendo nuestros derechos\". Se entregaron stickers que buscan concienciar a la poblaci\u00f3n en materia de igualdad de g\u00e9nero y resaltar la importancia de las mujeres en el desarrollo de diversos campos en la provincia, pol\u00edticos, econ\u00f3micos, culturales y sociales.","robots":{"index":"index","follow":"follow","max-snippet":"max-snippet:-1","max-image-preview":"max-image-preview:large","max-video-preview":"max-video-preview:-1"},"canonical":"https:\/\/www.manabi.gob.ec\/index.php\/las-mujeres-continuamos-construyendo-nuestros-derechos\/","og_locale":"es_ES","og_type":"article","og_title":"\"Las mujeres continuamos construyendo nuestros derechos\"","og_description":"El Gobierno de Manab\u00ed y la Asociaci\u00f3n de Mujeres Santa Marta, en el marco de los d\u00edas de activismo, programados con motivo de la celebraci\u00f3n del D\u00eda Internacional de la Mujer, desarrollaron una jornada de sensibilizaci\u00f3n denominada \"Las mujeres continuamos construyendo nuestros derechos\". Se entregaron stickers que buscan concienciar a la poblaci\u00f3n en materia de igualdad de g\u00e9nero y resaltar la importancia de las mujeres en el desarrollo de diversos campos en la provincia, pol\u00edticos, econ\u00f3micos, culturales y sociales.","og_url":"https:\/\/www.manabi.gob.ec\/index.php\/las-mujeres-continuamos-construyendo-nuestros-derechos\/","og_site_name":"Prefectura de Manab\u00ed","article_published_time":"2021-03-06T17:20:44+00:00","article_modified_time":"2021-03-06T17:20:46+00:00","og_image":[{"width":1280,"height":958,"url":"https:\/\/www.manabi.gob.ec\/wp-content\/uploads\/2021\/03\/Construyendo-nuestros-derechos-2.jpeg","type":"image\/jpeg"}],"author":"admin","twitter_card":"summary_large_image","twitter_misc":{"Escrito por":"admin","Tiempo de lectura":"1 minuto"},"schema":{"@context":"https:\/\/schema.org","@graph":[{"@type":"Article","@id":"https:\/\/www.manabi.gob.ec\/index.php\/las-mujeres-continuamos-construyendo-nuestros-derechos\/#article","isPartOf":{"@id":"https:\/\/www.manabi.gob.ec\/index.php\/las-mujeres-continuamos-construyendo-nuestros-derechos\/"},"author":{"name":"admin","@id":"https:\/\/www.manabi.gob.ec\/#\/schema\/person\/cfc71bd68fe2703b779edcc292a49722"},"headline":"\u00abLas mujeres continuamos construyendo nuestros derechos\u00bb","datePublished":"2021-03-06T17:20:44+00:00","dateModified":"2021-03-06T17:20:46+00:00","mainEntityOfPage":{"@id":"https:\/\/www.manabi.gob.ec\/index.php\/las-mujeres-continuamos-construyendo-nuestros-derechos\/"},"wordCount":95,"image":{"@id":"https:\/\/www.manabi.gob.ec\/index.php\/las-mujeres-continuamos-construyendo-nuestros-derechos\/#primaryimage"},"thumbnailUrl":"https:\/\/www.manabi.gob.ec\/wp-content\/uploads\/2021\/03\/Construyendo-nuestros-derechos-2.jpeg","keywords":["mujeres"],"articleSection":["Desarrollo Social","Manta","Noticias","Participaci\u00f3n ciudadana","Todas"],"inLanguage":"es"},{"@type":"WebPage","@id":"https:\/\/www.manabi.gob.ec\/index.php\/las-mujeres-continuamos-construyendo-nuestros-derechos\/","url":"https:\/\/www.manabi.gob.ec\/index.php\/las-mujeres-continuamos-construyendo-nuestros-derechos\/","name":"\"Las mujeres continuamos construyendo nuestros derechos\"","isPartOf":{"@id":"https:\/\/www.manabi.gob.ec\/#website"},"primaryImageOfPage":{"@id":"https:\/\/www.manabi.gob.ec\/index.php\/las-mujeres-continuamos-construyendo-nuestros-derechos\/#primaryimage"},"image":{"@id":"https:\/\/www.manabi.gob.ec\/index.php\/las-mujeres-continuamos-construyendo-nuestros-derechos\/#primaryimage"},"thumbnailUrl":"https:\/\/www.manabi.gob.ec\/wp-content\/uploads\/2021\/03\/Construyendo-nuestros-derechos-2.jpeg","datePublished":"2021-03-06T17:20:44+00:00","dateModified":"2021-03-06T17:20:46+00:00","author":{"@id":"https:\/\/www.manabi.gob.ec\/#\/schema\/person\/cfc71bd68fe2703b779edcc292a49722"},"description":"El Gobierno de Manab\u00ed y la Asociaci\u00f3n de Mujeres Santa Marta, en el marco de los d\u00edas de activismo, programados con motivo de la celebraci\u00f3n del D\u00eda Internacional de la Mujer, desarrollaron una jornada de sensibilizaci\u00f3n denominada \"Las mujeres continuamos construyendo nuestros derechos\". Se entregaron stickers que buscan concienciar a la poblaci\u00f3n en materia de igualdad de g\u00e9nero y resaltar la importancia de las mujeres en el desarrollo de diversos campos en la provincia, pol\u00edticos, econ\u00f3micos, culturales y sociales.","breadcrumb":{"@id":"https:\/\/www.manabi.gob.ec\/index.php\/las-mujeres-continuamos-construyendo-nuestros-derechos\/#breadcrumb"},"inLanguage":"es","potentialAction":[{"@type":"ReadAction","target":["https:\/\/www.manabi.gob.ec\/index.php\/las-mujeres-continuamos-construyendo-nuestros-derechos\/"]}]},{"@type":"ImageObject","inLanguage":"es","@id":"https:\/\/www.manabi.gob.ec\/index.php\/las-mujeres-continuamos-construyendo-nuestros-derechos\/#primaryimage","url":"https:\/\/www.manabi.gob.ec\/wp-content\/uploads\/2021\/03\/Construyendo-nuestros-derechos-2.jpeg","contentUrl":"https:\/\/www.manabi.gob.ec\/wp-content\/uploads\/2021\/03\/Construyendo-nuestros-derechos-2.jpeg","width":1280,"height":958},{"@type":"BreadcrumbList","@id":"https:\/\/www.manabi.gob.ec\/index.php\/las-mujeres-continuamos-construyendo-nuestros-derechos\/#breadcrumb","itemListElement":[{"@type":"ListItem","position":1,"name":"Portada","item":"https:\/\/www.manabi.gob.ec\/"},{"@type":"ListItem","position":2,"name":"\u00abLas mujeres continuamos construyendo nuestros derechos\u00bb"}]},{"@type":"WebSite","@id":"https:\/\/www.manabi.gob.ec\/#website","url":"https:\/\/www.manabi.gob.ec\/","name":"Prefectura de Manab\u00ed","description":"P\u00e1gina web de la prefectura","potentialAction":[{"@type":"SearchAction","target":{"@type":"EntryPoint","urlTemplate":"https:\/\/www.manabi.gob.ec\/?s={search_term_string}"},"query-input":{"@type":"PropertyValueSpecification","valueRequired":true,"valueName":"search_term_string"}}],"inLanguage":"es"},{"@type":"Person","@id":"https:\/\/www.manabi.gob.ec\/#\/schema\/person\/cfc71bd68fe2703b779edcc292a49722","name":"admin","image":{"@type":"ImageObject","inLanguage":"es","@id":"https:\/\/secure.gravatar.com\/avatar\/23e9f919492b0a2f65aa168e0d8c5c867ea853b61deffbadf08c7031e15b8d78?s=96&d=mm&r=g","url":"https:\/\/secure.gravatar.com\/avatar\/23e9f919492b0a2f65aa168e0d8c5c867ea853b61deffbadf08c7031e15b8d78?s=96&d=mm&r=g","contentUrl":"https:\/\/secure.gravatar.com\/avatar\/23e9f919492b0a2f65aa168e0d8c5c867ea853b61deffbadf08c7031e15b8d78?s=96&d=mm&r=g","caption":"admin"},"sameAs":["http:\/\/www.manabi.gob.ec"],"url":"https:\/\/www.manabi.gob.ec\/index.php\/author\/admin\/"}]}},"jetpack_featured_media_url":"https:\/\/www.manabi.gob.ec\/wp-content\/uploads\/2021\/03\/Construyendo-nuestros-derechos-2.jpeg","_links":{"self":[{"href":"https:\/\/www.manabi.gob.ec\/index.php\/wp-json\/wp\/v2\/posts\/16200","targetHints":{"allow":["GET"]}}],"collection":[{"href":"https:\/\/www.manabi.gob.ec\/index.php\/wp-json\/wp\/v2\/posts"}],"about":[{"href":"https:\/\/www.manabi.gob.ec\/index.php\/wp-json\/wp\/v2\/types\/post"}],"author":[{"embeddable":true,"href":"https:\/\/www.manabi.gob.ec\/index.php\/wp-json\/wp\/v2\/users\/1"}],"replies":[{"embeddable":true,"href":"https:\/\/www.manabi.gob.ec\/index.php\/wp-json\/wp\/v2\/comments?post=16200"}],"version-history":[{"count":0,"href":"https:\/\/www.manabi.gob.ec\/index.php\/wp-json\/wp\/v2\/posts\/16200\/revisions"}],"wp:featuredmedia":[{"embeddable":true,"href":"https:\/\/www.manabi.gob.ec\/index.php\/wp-json\/wp\/v2\/media\/16202"}],"wp:attachment":[{"href":"https:\/\/www.manabi.gob.ec\/index.php\/wp-json\/wp\/v2\/media?parent=16200"}],"wp:term":[{"taxonomy":"category","embeddable":true,"href":"https:\/\/www.manabi.gob.ec\/index.php\/wp-json\/wp\/v2\/categories?post=16200"},{"taxonomy":"post_tag","embeddable":true,"href":"https:\/\/www.manabi.gob.ec\/index.php\/wp-json\/wp\/v2\/tags?post=16200"}],"curies":[{"name":"wp","href":"https:\/\/api.w.org\/{rel}","templated":true}]}}